{"id":577,"global_id":"redaccionjuvenil.es?id=577","global_id_lineage":["redaccionjuvenil.es?id=577"],"author":"20","status":"publish","date":"2026-03-24 13:13:22","date_utc":"2026-03-24 13:13:22","modified":"2026-03-26 13:18:31","modified_utc":"2026-03-26 13:18:31","url":"https:\/\/redaccionjuvenil.es\/?tribe_events=la-xxxiii-edicion-de-el-candilazo","rest_url":"https:\/\/redaccionjuvenil.es\/index.php?rest_route=\/tribe\/events\/v1\/events\/577","title":"La XXXIII edici\u00f3n de El Candilazo","description":"<p>La <strong>Asociaci\u00f3n Cultural El Candil organiza la XXXIII<\/strong> edici\u00f3n del Candilazo en la <strong>Casa de Juventud Aleste<\/strong>. Se celebrar\u00e1 este pr\u00f3ximo 28 de marzo a las 18:00 por un precio de 2 euros por entrada que se podr\u00e1 adquirir en el mismo lugar. El dinero ir\u00e1 destinado al proyecto solidario en Zarate (Argentina) para el centro socio educativo y comunitario Don Bosco.<\/p>\n<p>El Candilazo incluir\u00e1 diferentes actuaciones organizado por la Asociaci\u00f3n Cultural El Candil como bailes en l\u00ednea, mon\u00f3logos o danzas, entre otras. Al finalizar el evento se ofrecer\u00e1 una chocolatada.<\/p>\n<p>Adem\u00e1s, este evento est\u00e1 enmarcado en un mercadillo solidario que se celebrar\u00e1 en el propio centro, con objetos de comercio justo y tambi\u00e9n elaborados tanto por j\u00f3venes como adultos de la Casa Aleste.<\/p>","excerpt":"","slug":"la-xxxiii-edicion-de-el-candilazo","image":{"url":"https:\/\/redaccionjuvenil.es\/wp-content\/uploads\/2026\/03\/El-Candilzao-Asociacion-de-Adultos-el-Candil.png","id":579,"extension":"png","width":1536,"height":1024,"filesize":2095106,"sizes":{"medium":{"width":300,"height":200,"mime-type":"image\/png","filesize":85985,"url":"https:\/\/redaccionjuvenil.es\/wp-content\/uploads\/2026\/03\/El-Candilzao-Asociacion-de-Adultos-el-Candil-300x200.png"},"large":{"width":1024,"height":683,"mime-type":"image\/png","filesize":757185,"url":"https:\/\/redaccionjuvenil.es\/wp-content\/uploads\/2026\/03\/El-Candilzao-Asociacion-de-Adultos-el-Candil-1024x683.png"},"thumbnail":{"width":150,"height":150,"mime-type":"image\/png","filesize":37020,"url":"https:\/\/redaccionjuvenil.es\/wp-content\/uploads\/2026\/03\/El-Candilzao-Asociacion-de-Adultos-el-Candil-150x150.png"},"medium_large":{"width":768,"height":512,"mime-type":"image\/png","filesize":445944,"url":"https:\/\/redaccionjuvenil.es\/wp-content\/uploads\/2026\/03\/El-Candilzao-Asociacion-de-Adultos-el-Candil-768x512.png"},"newsmatic-featured":{"width":820,"height":545,"mime-type":"image\/png","filesize":506030,"url":"https:\/\/redaccionjuvenil.es\/wp-content\/uploads\/2026\/03\/El-Candilzao-Asociacion-de-Adultos-el-Candil-820x545.png"},"newsmatic-list":{"width":600,"height":400,"mime-type":"image\/png","filesize":289502,"url":"https:\/\/redaccionjuvenil.es\/wp-content\/uploads\/2026\/03\/El-Candilzao-Asociacion-de-Adultos-el-Candil-600x400.png"},"newsmatic-thumb":{"width":300,"height":200,"mime-type":"image\/png","filesize":85985,"url":"https:\/\/redaccionjuvenil.es\/wp-content\/uploads\/2026\/03\/El-Candilzao-Asociacion-de-Adultos-el-Candil-300x200.png"},"newsmatic-small":{"width":150,"height":95,"mime-type":"image\/png","filesize":24562,"url":"https:\/\/redaccionjuvenil.es\/wp-content\/uploads\/2026\/03\/El-Candilzao-Asociacion-de-Adultos-el-Candil-150x95.png"},"newsmatic-grid":{"width":400,"height":250,"mime-type":"image\/png","filesize":136625,"url":"https:\/\/redaccionjuvenil.es\/wp-content\/uploads\/2026\/03\/El-Candilzao-Asociacion-de-Adultos-el-Candil-400x250.png"}}},"all_day":false,"start_date":"2026-03-28 18:00:00","start_date_details":{"year":"2026","month":"03","day":"28","hour":"18","minutes":"00","seconds":"00"},"end_date":"2026-03-28 23:00:00","end_date_details":{"year":"2026","month":"03","day":"28","hour":"23","minutes":"00","seconds":"00"},"utc_start_date":"2026-03-28 18:00:00","utc_start_date_details":{"year":"2026","month":"03","day":"28","hour":"18","minutes":"00","seconds":"00"},"utc_end_date":"2026-03-28 23:00:00","utc_end_date_details":{"year":"2026","month":"03","day":"28","hour":"23","minutes":"00","seconds":"00"},"timezone":"UTC+0","timezone_abbr":"UTC+0","cost":"\u20ac2","cost_details":{"currency_symbol":"\u20ac","currency_code":"EUR","currency_position":"prefix","values":["2"]},"website":"","show_map":true,"show_map_link":true,"hide_from_listings":false,"sticky":false,"featured":false,"categories":[{"name":"Encuentro asociativo","slug":"encuentro-asociativo","term_group":0,"term_taxonomy_id":24,"taxonomy":"tribe_events_cat","description":"","parent":0,"count":1,"filter":"raw","id":24,"urls":{"self":"https:\/\/redaccionjuvenil.es\/index.php?rest_route=\/tribe\/events\/v1\/categories\/24","collection":"https:\/\/redaccionjuvenil.es\/index.php?rest_route=\/tribe\/events\/v1\/categories"}}],"tags":[{"name":"#valladolid","slug":"valladolid","term_group":0,"term_taxonomy_id":48,"taxonomy":"post_tag","description":"","parent":0,"count":5,"filter":"raw","id":48,"urls":{"self":"https:\/\/redaccionjuvenil.es\/index.php?rest_route=\/tribe\/events\/v1\/tags\/48","collection":"https:\/\/redaccionjuvenil.es\/index.php?rest_route=\/tribe\/events\/v1\/tags"}},{"name":"28 de marzo","slug":"28-de-marzo","term_group":0,"term_taxonomy_id":62,"taxonomy":"post_tag","description":"","parent":0,"count":2,"filter":"raw","id":62,"urls":{"self":"https:\/\/redaccionjuvenil.es\/index.php?rest_route=\/tribe\/events\/v1\/tags\/62","collection":"https:\/\/redaccionjuvenil.es\/index.php?rest_route=\/tribe\/events\/v1\/tags"}},{"name":"Asociaci\u00f3n Cultural El Candil","slug":"asociacion-cultural-el-candil","term_group":0,"term_taxonomy_id":60,"taxonomy":"post_tag","description":"","parent":0,"count":2,"filter":"raw","id":60,"urls":{"self":"https:\/\/redaccionjuvenil.es\/index.php?rest_route=\/tribe\/events\/v1\/tags\/60","collection":"https:\/\/redaccionjuvenil.es\/index.php?rest_route=\/tribe\/events\/v1\/tags"}},{"name":"Casa de Juventud Aleste","slug":"casa-de-juventud-aleste","term_group":0,"term_taxonomy_id":58,"taxonomy":"post_tag","description":"","parent":0,"count":1,"filter":"raw","id":58,"urls":{"self":"https:\/\/redaccionjuvenil.es\/index.php?rest_route=\/tribe\/events\/v1\/tags\/58","collection":"https:\/\/redaccionjuvenil.es\/index.php?rest_route=\/tribe\/events\/v1\/tags"}},{"name":"El Candilazo","slug":"el-candilazo","term_group":0,"term_taxonomy_id":57,"taxonomy":"post_tag","description":"","parent":0,"count":2,"filter":"raw","id":57,"urls":{"self":"https:\/\/redaccionjuvenil.es\/index.php?rest_route=\/tribe\/events\/v1\/tags\/57","collection":"https:\/\/redaccionjuvenil.es\/index.php?rest_route=\/tribe\/events\/v1\/tags"}},{"name":"Federaci\u00f3n Don Bosco","slug":"federacion-don-bosco","term_group":0,"term_taxonomy_id":59,"taxonomy":"post_tag","description":"","parent":0,"count":1,"filter":"raw","id":59,"urls":{"self":"https:\/\/redaccionjuvenil.es\/index.php?rest_route=\/tribe\/events\/v1\/tags\/59","collection":"https:\/\/redaccionjuvenil.es\/index.php?rest_route=\/tribe\/events\/v1\/tags"}},{"name":"Solidario","slug":"solidario","term_group":0,"term_taxonomy_id":61,"taxonomy":"post_tag","description":"","parent":0,"count":2,"filter":"raw","id":61,"urls":{"self":"https:\/\/redaccionjuvenil.es\/index.php?rest_route=\/tribe\/events\/v1\/tags\/61","collection":"https:\/\/redaccionjuvenil.es\/index.php?rest_route=\/tribe\/events\/v1\/tags"}}],"venue":{"id":586,"author":"20","status":"publish","date":"2026-03-24 13:02:38","date_utc":"0000-00-00 00:00:00","modified":"2026-03-24 13:02:38","modified_utc":"0000-00-00 00:00:00","url":"https:\/\/redaccionjuvenil.es\/?tribe_venue=casa-de-juventud-aleste","venue":"Casa de Juventud Aleste","slug":"casa-de-juventud-aleste","address":"Calle Pajarillos, 1","city":"Valladolid","country":"Spain","province":"Valladolid","zip":"47012","phone":"608 877 878","website":"https:\/\/www.alestecasaj.org\/","stateprovince":"Valladolid","json_ld":{"@type":"Place","name":"Casa de Juventud Aleste","description":"","url":"","address":{"@type":"PostalAddress","streetAddress":"Calle Pajarillos, 1","addressLocality":"Valladolid","addressRegion":"Valladolid","postalCode":"47012","addressCountry":"Spain"},"telephone":"608 877 878","sameAs":"https:\/\/www.alestecasaj.org\/"},"show_map":true,"show_map_link":true,"global_id":"redaccionjuvenil.es?id=586","global_id_lineage":["redaccionjuvenil.es?id=586"]},"organizer":[{"id":633,"author":"20","status":"publish","date":"2026-03-26 13:18:23","date_utc":"2026-03-26 13:18:23","modified":"2026-03-26 13:18:23","modified_utc":"2026-03-26 13:18:23","url":"https:\/\/redaccionjuvenil.es\/?tribe_organizer=asociacion-cultural-el-candil","organizer":"Asociaci\u00f3n Cultural El Candil","slug":"asociacion-cultural-el-candil","phone":"983 302 823","website":"https:\/\/www.valladolid.es\/participa\/es\/asociaciones\/registro-asociaciones\/asociacion-adultos-candil","email":"elcandil@alestecasaj.org","json_ld":{"@type":"Person","name":"Asociaci\u00f3n Cultural El Candil","description":"","url":"https:\/\/www.valladolid.es\/participa\/es\/asociaciones\/registro-asociaciones\/asociacion-adultos-candil","telephone":"983 302 823","email":"elc&#97;nd&#105;l&#64;&#97;&#108;&#101;&#115;tec&#97;s&#97;j&#46;&#111;&#114;&#103;","sameAs":"https:\/\/www.valladolid.es\/participa\/es\/asociaciones\/registro-asociaciones\/asociacion-adultos-candil"},"global_id":"redaccionjuvenil.es?id=633","global_id_lineage":["redaccionjuvenil.es?id=633"]}],"custom_fields":[],"json_ld":{"@context":"http:\/\/schema.org","@type":"Event","name":"La XXXIII edici\u00f3n de El Candilazo","description":"&lt;p&gt;La Asociaci\u00f3n Cultural El Candil organiza la XXXIII edici\u00f3n del Candilazo en la Casa de Juventud Aleste. Se celebrar\u00e1 este pr\u00f3ximo 28 de marzo a las 18:00 por un precio...&lt;\/p&gt;\\n","image":"https:\/\/redaccionjuvenil.es\/wp-content\/uploads\/2026\/03\/El-Candilzao-Asociacion-de-Adultos-el-Candil.png","url":"https:\/\/redaccionjuvenil.es\/?tribe_events=la-xxxiii-edicion-de-el-candilazo","eventAttendanceMode":"https:\/\/schema.org\/OfflineEventAttendanceMode","eventStatus":"https:\/\/schema.org\/EventScheduled","startDate":"2026-03-28T18:00:00+00:00","endDate":"2026-03-28T23:00:00+00:00","location":{"@type":"Place","name":"Casa de Juventud Aleste","description":"","url":"","address":{"@type":"PostalAddress","streetAddress":"Calle Pajarillos, 1","addressLocality":"Valladolid","addressRegion":"Valladolid","postalCode":"47012","addressCountry":"Spain"},"telephone":"608 877 878","sameAs":"https:\/\/www.alestecasaj.org\/"},"organizer":{"@type":"Person","name":"Asociaci\u00f3n Cultural El Candil","description":"","url":"https:\/\/www.valladolid.es\/participa\/es\/asociaciones\/registro-asociaciones\/asociacion-adultos-candil","telephone":"983 302 823","email":"el&#99;&#97;&#110;&#100;&#105;l&#64;a&#108;&#101;&#115;t&#101;&#99;&#97;s&#97;j&#46;o&#114;&#103;","sameAs":"https:\/\/www.valladolid.es\/participa\/es\/asociaciones\/registro-asociaciones\/asociacion-adultos-candil"},"offers":{"@type":"Offer","price":"2","priceCurrency":"EUR","url":"https:\/\/redaccionjuvenil.es\/?tribe_events=la-xxxiii-edicion-de-el-candilazo","category":"primary","availability":"inStock","validFrom":"1970-01-01T00:00:00+00:00"},"performer":"Organization"}}