{"id":790,"global_id":"redaccionjuvenil.es?id=790","global_id_lineage":["redaccionjuvenil.es?id=790"],"author":"15","status":"publish","date":"2026-04-08 15:47:52","date_utc":"2026-04-08 15:47:52","modified":"2026-04-08 15:47:52","modified_utc":"2026-04-08 15:47:52","url":"https:\/\/redaccionjuvenil.es\/?tribe_events=salud-mental-en-los-jovenes-ymca","rest_url":"https:\/\/redaccionjuvenil.es\/index.php?rest_route=\/tribe\/events\/v1\/events\/790","title":"Salud mental en los j\u00f3venes &#8211; YMCA","description":"<p>La Asociaci\u00f3n El Puente Salud Mental se une a YMCA para realizar una jornada dirigida a j\u00f3venes de secundaria con el objetivo de tratar la importancia que tiene la salud mental.<\/p>","excerpt":"","slug":"salud-mental-en-los-jovenes-ymca","image":false,"all_day":false,"start_date":"2026-04-17 16:00:00","start_date_details":{"year":"2026","month":"04","day":"17","hour":"16","minutes":"00","seconds":"00"},"end_date":"2026-04-17 18:00:00","end_date_details":{"year":"2026","month":"04","day":"17","hour":"18","minutes":"00","seconds":"00"},"utc_start_date":"2026-04-17 16:00:00","utc_start_date_details":{"year":"2026","month":"04","day":"17","hour":"16","minutes":"00","seconds":"00"},"utc_end_date":"2026-04-17 18:00:00","utc_end_date_details":{"year":"2026","month":"04","day":"17","hour":"18","minutes":"00","seconds":"00"},"timezone":"UTC+0","timezone_abbr":"UTC+0","cost":"","cost_details":{"currency_symbol":"$","currency_code":"USD","currency_position":"prefix","values":[]},"website":"","show_map":true,"show_map_link":true,"hide_from_listings":false,"sticky":false,"featured":false,"categories":[],"tags":[],"venue":[],"organizer":[],"custom_fields":[],"json_ld":{"@context":"http:\/\/schema.org","@type":"Event","name":"Salud mental en los j\u00f3venes &#8211; YMCA","description":"&lt;p&gt;La Asociaci\u00f3n El Puente Salud Mental se une a YMCA para realizar una jornada dirigida a j\u00f3venes de secundaria con el objetivo de tratar la importancia que tiene la salud...&lt;\/p&gt;\\n","url":"https:\/\/redaccionjuvenil.es\/?tribe_events=salud-mental-en-los-jovenes-ymca","eventAttendanceMode":"https:\/\/schema.org\/OfflineEventAttendanceMode","eventStatus":"https:\/\/schema.org\/EventScheduled","startDate":"2026-04-17T16:00:00+00:00","endDate":"2026-04-17T18:00:00+00:00","performer":"Organization"}}