{"id":793,"global_id":"redaccionjuvenil.es?id=793","global_id_lineage":["redaccionjuvenil.es?id=793"],"author":"9","status":"publish","date":"2026-04-08 15:47:39","date_utc":"2026-04-08 15:47:39","modified":"2026-04-08 15:47:39","modified_utc":"2026-04-08 15:47:39","url":"https:\/\/redaccionjuvenil.es\/?tribe_events=celebracion-dia-de-la-tierra","rest_url":"https:\/\/redaccionjuvenil.es\/index.php?rest_route=\/tribe\/events\/v1\/events\/793","title":"Celebraci\u00f3n D\u00eda de la Tierra","description":"<p><img loading=\"lazy\" decoding=\"async\" class=\"alignnone size-medium wp-image-795\" src=\"https:\/\/redaccionjuvenil.es\/wp-content\/uploads\/2026\/04\/makalu-colombia-4881384_1280-300x200.jpg\" alt=\"Paisaje verde con monta\u00f1as\" width=\"300\" height=\"200\" srcset=\"https:\/\/redaccionjuvenil.es\/wp-content\/uploads\/2026\/04\/makalu-colombia-4881384_1280-300x200.jpg 300w, https:\/\/redaccionjuvenil.es\/wp-content\/uploads\/2026\/04\/makalu-colombia-4881384_1280-1024x682.jpg 1024w, https:\/\/redaccionjuvenil.es\/wp-content\/uploads\/2026\/04\/makalu-colombia-4881384_1280-768x512.jpg 768w, https:\/\/redaccionjuvenil.es\/wp-content\/uploads\/2026\/04\/makalu-colombia-4881384_1280-820x545.jpg 820w, https:\/\/redaccionjuvenil.es\/wp-content\/uploads\/2026\/04\/makalu-colombia-4881384_1280-600x400.jpg 600w, https:\/\/redaccionjuvenil.es\/wp-content\/uploads\/2026\/04\/makalu-colombia-4881384_1280.jpg 1280w\" sizes=\"auto, (max-width: 300px) 100vw, 300px\" \/><\/p>\n<p>El pr\u00f3ximo 29 de abril ASPAYM Juventud celebrar\u00e1 el D\u00eda de la Tierra. La actividad ser\u00e1 de 18.00 a 20.00 horas. El lugar queda por determinar. Para m\u00e1s informaci\u00f3n, consulta las redes sociales de ASPAYM Juventud.<\/p>","excerpt":"","slug":"celebracion-dia-de-la-tierra","image":false,"all_day":false,"start_date":"2026-04-29 18:00:00","start_date_details":{"year":"2026","month":"04","day":"29","hour":"18","minutes":"00","seconds":"00"},"end_date":"2026-04-29 20:00:00","end_date_details":{"year":"2026","month":"04","day":"29","hour":"20","minutes":"00","seconds":"00"},"utc_start_date":"2026-04-29 18:00:00","utc_start_date_details":{"year":"2026","month":"04","day":"29","hour":"18","minutes":"00","seconds":"00"},"utc_end_date":"2026-04-29 20:00:00","utc_end_date_details":{"year":"2026","month":"04","day":"29","hour":"20","minutes":"00","seconds":"00"},"timezone":"UTC+0","timezone_abbr":"UTC+0","cost":"","cost_details":{"currency_symbol":"$","currency_code":"USD","currency_position":"prefix","values":[]},"website":"","show_map":false,"show_map_link":false,"hide_from_listings":false,"sticky":false,"featured":false,"categories":[],"tags":[],"venue":[],"organizer":[{"id":778,"author":"9","status":"publish","date":"2026-04-08 15:01:30","date_utc":"0000-00-00 00:00:00","modified":"2026-04-08 15:01:30","modified_utc":"0000-00-00 00:00:00","url":"https:\/\/redaccionjuvenil.es\/?tribe_organizer=aspaym-juventud","organizer":"ASPAYM Juventud","slug":"aspaym-juventud","phone":"983140088","website":"https:\/\/juventud.aspaymcyl.org","json_ld":{"@type":"Person","name":"ASPAYM Juventud","description":"","url":"https:\/\/juventud.aspaymcyl.org","telephone":"983140088","email":"","sameAs":"https:\/\/juventud.aspaymcyl.org"},"global_id":"redaccionjuvenil.es?id=778","global_id_lineage":["redaccionjuvenil.es?id=778"]}],"custom_fields":[],"json_ld":{"@context":"http:\/\/schema.org","@type":"Event","name":"Celebraci\u00f3n D\u00eda de la Tierra","description":"&lt;p&gt;El pr\u00f3ximo 29 de abril ASPAYM Juventud celebrar\u00e1 el D\u00eda de la Tierra. La actividad ser\u00e1 de 18.00 a 20.00 horas. El lugar queda por determinar. Para m\u00e1s informaci\u00f3n, consulta...&lt;\/p&gt;\\n","url":"https:\/\/redaccionjuvenil.es\/?tribe_events=celebracion-dia-de-la-tierra","eventAttendanceMode":"https:\/\/schema.org\/OfflineEventAttendanceMode","eventStatus":"https:\/\/schema.org\/EventScheduled","startDate":"2026-04-29T18:00:00+00:00","endDate":"2026-04-29T20:00:00+00:00","organizer":{"@type":"Person","name":"ASPAYM Juventud","description":"","url":"https:\/\/juventud.aspaymcyl.org","telephone":"983140088","email":"","sameAs":"https:\/\/juventud.aspaymcyl.org"},"performer":"Organization"}}