{"id":796,"global_id":"redaccionjuvenil.es?id=796","global_id_lineage":["redaccionjuvenil.es?id=796"],"author":"3","status":"publish","date":"2026-04-08 15:48:41","date_utc":"2026-04-08 15:48:41","modified":"2026-04-08 15:48:41","modified_utc":"2026-04-08 15:48:41","url":"https:\/\/redaccionjuvenil.es\/?tribe_events=sesiones-de-difusion-de-pausa-y-reconecta-en-valladolid-2","rest_url":"https:\/\/redaccionjuvenil.es\/index.php?rest_route=\/tribe\/events\/v1\/events\/796","title":"Sesiones de Difusi\u00f3n de Pausa y Reconecta en Valladolid","description":"<p>Pausa y Reconecta, en su labor de concienciaci\u00f3n contra el uso problem\u00e1tico de las pantallas, realiza varias reuniones y charlas\u00a0 a lo largo del a\u00f1o para informar a los j\u00f3venes. En este caso se reunir\u00e1n en el\u00a0<strong>10 de mayo en el Parque de las Norias de Sta. Victoria <\/strong>\u00a0en una sesi\u00f3n, de 12.30-13.30<\/p>\n<p>En ellas se contar\u00e1 con la participaci\u00f3n de los influencers asociados al programa. En este caso podr\u00e1s ver a <strong>Borja Zamorano<\/strong>\u00a0y a\u00a0<strong>Manuel Alonso<\/strong>.<\/p>","excerpt":"","slug":"sesiones-de-difusion-de-pausa-y-reconecta-en-valladolid-2","image":{"url":"https:\/\/redaccionjuvenil.es\/wp-content\/uploads\/2026\/04\/difusion-3.jpeg","id":785,"extension":"jpeg","width":2048,"height":1230,"filesize":446634,"sizes":{"medium":{"width":300,"height":180,"mime-type":"image\/jpeg","filesize":16377,"url":"https:\/\/redaccionjuvenil.es\/wp-content\/uploads\/2026\/04\/difusion-3-300x180.jpeg"},"large":{"width":1024,"height":615,"mime-type":"image\/jpeg","filesize":110687,"url":"https:\/\/redaccionjuvenil.es\/wp-content\/uploads\/2026\/04\/difusion-3-1024x615.jpeg"},"thumbnail":{"width":150,"height":150,"mime-type":"image\/jpeg","filesize":7799,"url":"https:\/\/redaccionjuvenil.es\/wp-content\/uploads\/2026\/04\/difusion-3-150x150.jpeg"},"medium_large":{"width":768,"height":461,"mime-type":"image\/jpeg","filesize":71029,"url":"https:\/\/redaccionjuvenil.es\/wp-content\/uploads\/2026\/04\/difusion-3-768x461.jpeg"},"1536x1536":{"width":1536,"height":923,"mime-type":"image\/jpeg","filesize":221710,"url":"https:\/\/redaccionjuvenil.es\/wp-content\/uploads\/2026\/04\/difusion-3-1536x923.jpeg"},"newsmatic-featured":{"width":820,"height":545,"mime-type":"image\/jpeg","filesize":86799,"url":"https:\/\/redaccionjuvenil.es\/wp-content\/uploads\/2026\/04\/difusion-3-820x545.jpeg"},"newsmatic-list":{"width":600,"height":400,"mime-type":"image\/jpeg","filesize":52331,"url":"https:\/\/redaccionjuvenil.es\/wp-content\/uploads\/2026\/04\/difusion-3-600x400.jpeg"},"newsmatic-thumb":{"width":300,"height":200,"mime-type":"image\/jpeg","filesize":17710,"url":"https:\/\/redaccionjuvenil.es\/wp-content\/uploads\/2026\/04\/difusion-3-300x200.jpeg"},"newsmatic-small":{"width":150,"height":95,"mime-type":"image\/jpeg","filesize":6062,"url":"https:\/\/redaccionjuvenil.es\/wp-content\/uploads\/2026\/04\/difusion-3-150x95.jpeg"},"newsmatic-grid":{"width":400,"height":250,"mime-type":"image\/jpeg","filesize":26356,"url":"https:\/\/redaccionjuvenil.es\/wp-content\/uploads\/2026\/04\/difusion-3-400x250.jpeg"}}},"all_day":true,"start_date":"2026-05-10 00:00:00","start_date_details":{"year":"2026","month":"05","day":"10","hour":"00","minutes":"00","seconds":"00"},"end_date":"2026-05-10 23:59:59","end_date_details":{"year":"2026","month":"05","day":"10","hour":"23","minutes":"59","seconds":"59"},"utc_start_date":"2026-05-10 00:00:00","utc_start_date_details":{"year":"2026","month":"05","day":"10","hour":"00","minutes":"00","seconds":"00"},"utc_end_date":"2026-05-10 23:59:59","utc_end_date_details":{"year":"2026","month":"05","day":"10","hour":"23","minutes":"59","seconds":"59"},"timezone":"UTC+0","timezone_abbr":"UTC+0","cost":"","cost_details":{"currency_symbol":"$","currency_code":"USD","currency_position":"prefix","values":[]},"website":"","show_map":true,"show_map_link":true,"hide_from_listings":false,"sticky":true,"featured":false,"categories":[],"tags":[],"venue":[],"organizer":[],"custom_fields":[],"json_ld":{"@context":"http:\/\/schema.org","@type":"Event","name":"Sesiones de Difusi\u00f3n de Pausa y Reconecta en Valladolid","description":"&lt;p&gt;Pausa y Reconecta, en su labor de concienciaci\u00f3n contra el uso problem\u00e1tico de las pantallas, realiza varias reuniones y charlas\u00a0 a lo largo del a\u00f1o para informar a los j\u00f3venes....&lt;\/p&gt;\\n","image":"https:\/\/redaccionjuvenil.es\/wp-content\/uploads\/2026\/04\/difusion-3.jpeg","url":"https:\/\/redaccionjuvenil.es\/?tribe_events=sesiones-de-difusion-de-pausa-y-reconecta-en-valladolid-2","eventAttendanceMode":"https:\/\/schema.org\/OfflineEventAttendanceMode","eventStatus":"https:\/\/schema.org\/EventScheduled","startDate":"2026-05-10T00:00:00+00:00","endDate":"2026-05-10T23:59:59+00:00","performer":"Organization"}}