{"id":514,"date":"2026-03-21T18:01:00","date_gmt":"2026-03-21T18:01:00","guid":{"rendered":"https:\/\/redaccionjuvenil.es\/?p=514"},"modified":"2026-04-08T14:21:46","modified_gmt":"2026-04-08T14:21:46","slug":"no-soy-yo-eres-tu","status":"publish","type":"post","link":"https:\/\/redaccionjuvenil.es\/?p=514","title":{"rendered":"NO SOY YO, ERES T\u00da"},"content":{"rendered":"\n<p>Este es el lema de la campa\u00f1a de Down CyL contra los perjuicios sociales hacia las personas con S\u00edndrome de Down<\/p>\n\n\n\n<p>Con motivo de la celebraci\u00f3n del <strong>D\u00eda Mundial de S\u00edndrome de Down<\/strong>, Downcyl se une a la <a href=\"https:\/\/www.sindromedown.org\/dia-mundial-del-sindrome-down\/\" target=\"_blank\" rel=\"noreferrer noopener\">campa\u00f1a <\/a>de Down Espa\u00f1a. A trav\u00e9s del lema <em><strong>NoSoyYoEresT\u00fa<\/strong><\/em> y de cuatro v\u00eddeos pretenden visibilizar las barreras que impone la sociedad a las personas con esta discapacidad.<\/p>\n\n\n\n<p><a href=\"https:\/\/www.youtube.com\/watch?v=qvOiRkGPTwk\" target=\"_blank\" rel=\"noreferrer noopener\">Sara <\/a>es tratada como una ni\u00f1a peque\u00f1a al acudir a una cita con su m\u00e9dico de familia. Y a pesar de tener dificultades para entender ciertas cosas, \u2018<strong>tener s\u00edndrome de Down no es una dificultad<\/strong>\u2019.<\/p>\n\n\n\n<p><a href=\"https:\/\/www.youtube.com\/watch?v=yHSoDWh49BU\" target=\"_blank\" rel=\"noreferrer noopener\">Ana <\/a>presenta m\u00e1s limitaciones f\u00edsicas que sus compa\u00f1eros de clase para conseguir un papel en la obra de teatro del colegio que no sea el <em>\u00c1rbol<\/em>, pero \u00ab<strong>tener s\u00edndrome de Down no es una limitaci\u00f3n<\/strong>\u00ab.<\/p>\n\n\n\n<p>Las <strong>mujeres <\/strong>que conviven con esta discapacidad tienen que enfrentarse a una <strong><a href=\"https:\/\/www.sindromedown.org\/las-mujeres-con-sindrome-de-down-en-desventaja-con-respecto-a-los-varones\/\" target=\"_blank\" rel=\"noreferrer noopener\">doble discriminaci\u00f3n<\/a><\/strong>: por tener S\u00edndrome de Down y por ser mujer. Cuentan con una <strong>menor inserci\u00f3n laboral<\/strong> a partir de los 30 a\u00f1os, y sus familias, por sobreprotecci\u00f3n, no les deja disfrutar de actividades culturales o de ocio.<\/p>\n\n\n\n<p>Aunque para sobreprotecci\u00f3n, la de <a href=\"https:\/\/www.youtube.com\/watch?v=7sQY5_NJFn8\" target=\"_blank\" rel=\"noreferrer noopener\">Mart\u00edn<\/a>, que no puede ir con su novia solo al cine. En su relaci\u00f3n de dos, son seis. A su madre que le pregunta si le est\u00e1 gustando la pel\u00edcula le dir\u00eda que \u00ab<strong>tener s\u00edndrome de Down no es un problema<\/strong>\u00ab.<\/p>\n\n\n\n<p>O tambi\u00e9n est\u00e1 el caso de <a href=\"https:\/\/www.youtube.com\/watch?v=LRQuJXQfzM8\" target=\"_blank\" rel=\"noreferrer noopener\">Carlos<\/a>, quien en su trabajo tiene un solo papel: el de fotocopiar. \u00c9l tambi\u00e9n le dir\u00eda a su jefe que \u00ab<strong>Tener s\u00edndrome de Down no es un impedimento<\/strong>\u00ab.<\/p>\n\n\n\n<p>Ellos han de luchar contra perjuicios y estereotipos, o con la falta de apoyo acad\u00e9mico o de las empresas donde son contratados.<\/p>\n\n\n\n<p>Asociaciones como <strong>grupo social ONCE<\/strong> o <strong>Down Espa\u00f1a <\/strong>buscan velar por las <a href=\"https:\/\/gruposocialonce.com\/b\/inclusion-laboral-sindrome-down\" target=\"_blank\" rel=\"noreferrer noopener\">libertades de las personas con s\u00edndrome de Down<\/a>. Que tengan las habilidades de poder vivir una vida sin discapacidad. A pesar de ello, y como demuestra la campa\u00f1a, es la <strong>sociedad la que pone barreras y limitaciones<\/strong>.<\/p>\n\n\n\n<p>Cosas como garantizar su derecho a un empleo digno, a una educaci\u00f3n de calidad, que sean capaces de participar en la sociedad o que cuenten con el m\u00e1ximo respeto posible pretenden ser visibilizadas con esta campa\u00f1a.<\/p>\n\n\n\n<p>No son ellos, eres t\u00fa. Porque es la sociedad la que les compromete a estar bajo una incapacidad permanente que va m\u00e1s all\u00e1 del s\u00edndrome de Down.<\/p>\n\n\n\n<p>Porque \u00abtener s\u00edndrome de Down no es un problema. El problema lo tienes t\u00fa si piensas lo contrario\u00bb.<\/p>\n","protected":false},"excerpt":{"rendered":"<p>Este es el lema de la campa\u00f1a de Down CyL contra los perjuicios sociales hacia las personas con S\u00edndrome de Down Con motivo de la celebraci\u00f3n del D\u00eda Mundial de&#8230;<\/p>\n","protected":false},"author":8,"featured_media":517,"comment_status":"open","ping_status":"open","sticky":false,"template":"","format":"standard","meta":{"_kadence_starter_templates_imported_post":false,"footnotes":""},"categories":[22,1,23,2,16],"tags":[27,26,25],"class_list":["post-514","post","type-post","status-publish","format-standard","has-post-thumbnail","hentry","category-activismo","category-actualidad","category-destacado","category-noticias","category-te-interesa","tag-activismo","tag-down-cyl","tag-sindrome-de-down"],"yoast_head":"<!-- This site is optimized with the Yoast SEO plugin v27.1.1 - https:\/\/yoast.com\/product\/yoast-seo-wordpress\/ -->\n<title>NO SOY YO, ERES T\u00da - RED-ACCI\u00d3N JUVENIL<\/title>\n<meta name=\"description\" content=\"En el D\u00eda Mundial de S\u00edndrome de Down, con NoSoyYoEresT\u00fa y cuatro v\u00eddeos Down Espa\u00f1a pretende visibilizar las barreras de estas personas.\" \/>\n<meta name=\"robots\" content=\"index, follow, max-snippet:-1, max-image-preview:large, max-video-preview:-1\" \/>\n<link rel=\"canonical\" href=\"https:\/\/redaccionjuvenil.es\/?p=514\" \/>\n<meta property=\"og:locale\" content=\"es_ES\" \/>\n<meta property=\"og:type\" content=\"article\" \/>\n<meta property=\"og:title\" content=\"NO SOY YO, ERES T\u00da - RED-ACCI\u00d3N JUVENIL\" \/>\n<meta property=\"og:description\" content=\"En el D\u00eda Mundial de S\u00edndrome de Down, con NoSoyYoEresT\u00fa y cuatro v\u00eddeos Down Espa\u00f1a pretende visibilizar las barreras de estas personas.\" \/>\n<meta property=\"og:url\" content=\"https:\/\/redaccionjuvenil.es\/?p=514\" \/>\n<meta property=\"og:site_name\" content=\"RED-ACCI\u00d3N JUVENIL\" \/>\n<meta property=\"article:published_time\" content=\"2026-03-21T18:01:00+00:00\" \/>\n<meta property=\"article:modified_time\" content=\"2026-04-08T14:21:46+00:00\" \/>\n<meta property=\"og:image\" content=\"https:\/\/redaccionjuvenil.es\/wp-content\/uploads\/2026\/03\/pexels-mikhail-nilov-7698287-scaled.jpg\" \/>\n\t<meta property=\"og:image:width\" content=\"2560\" \/>\n\t<meta property=\"og:image:height\" content=\"1707\" \/>\n\t<meta property=\"og:image:type\" content=\"image\/jpeg\" \/>\n<meta name=\"author\" content=\"Maria del Carmen Dur\u00e1n\" \/>\n<meta name=\"twitter:card\" content=\"summary_large_image\" \/>\n<meta name=\"twitter:label1\" content=\"Escrito por\" \/>\n\t<meta name=\"twitter:data1\" content=\"Maria del Carmen Dur\u00e1n\" \/>\n\t<meta name=\"twitter:label2\" content=\"Tiempo de lectura\" \/>\n\t<meta name=\"twitter:data2\" content=\"3 minutos\" \/>\n<script type=\"application\/ld+json\" class=\"yoast-schema-graph\">{\"@context\":\"https:\/\/schema.org\",\"@graph\":[{\"@type\":\"Article\",\"@id\":\"https:\/\/redaccionjuvenil.es\/?p=514#article\",\"isPartOf\":{\"@id\":\"https:\/\/redaccionjuvenil.es\/?p=514\"},\"author\":{\"name\":\"Maria del Carmen Dur\u00e1n\",\"@id\":\"https:\/\/redaccionjuvenil.es\/#\/schema\/person\/b66bff3c65adb9a1c055297fadce53d4\"},\"headline\":\"NO SOY YO, ERES T\u00da\",\"datePublished\":\"2026-03-21T18:01:00+00:00\",\"dateModified\":\"2026-04-08T14:21:46+00:00\",\"mainEntityOfPage\":{\"@id\":\"https:\/\/redaccionjuvenil.es\/?p=514\"},\"wordCount\":464,\"commentCount\":0,\"publisher\":{\"@id\":\"https:\/\/redaccionjuvenil.es\/#organization\"},\"image\":{\"@id\":\"https:\/\/redaccionjuvenil.es\/?p=514#primaryimage\"},\"thumbnailUrl\":\"https:\/\/redaccionjuvenil.es\/wp-content\/uploads\/2026\/03\/pexels-mikhail-nilov-7698287-scaled.jpg\",\"keywords\":[\"Activismo\",\"Down Cyl\",\"Sindrome de Down\"],\"articleSection\":[\"Activismo\",\"Actualidad\",\"Destacado\",\"Noticias\",\"Te interesa\"],\"inLanguage\":\"es\",\"potentialAction\":[{\"@type\":\"CommentAction\",\"name\":\"Comment\",\"target\":[\"https:\/\/redaccionjuvenil.es\/?p=514#respond\"]}]},{\"@type\":\"WebPage\",\"@id\":\"https:\/\/redaccionjuvenil.es\/?p=514\",\"url\":\"https:\/\/redaccionjuvenil.es\/?p=514\",\"name\":\"NO SOY YO, ERES T\u00da - RED-ACCI\u00d3N JUVENIL\",\"isPartOf\":{\"@id\":\"https:\/\/redaccionjuvenil.es\/#website\"},\"primaryImageOfPage\":{\"@id\":\"https:\/\/redaccionjuvenil.es\/?p=514#primaryimage\"},\"image\":{\"@id\":\"https:\/\/redaccionjuvenil.es\/?p=514#primaryimage\"},\"thumbnailUrl\":\"https:\/\/redaccionjuvenil.es\/wp-content\/uploads\/2026\/03\/pexels-mikhail-nilov-7698287-scaled.jpg\",\"datePublished\":\"2026-03-21T18:01:00+00:00\",\"dateModified\":\"2026-04-08T14:21:46+00:00\",\"description\":\"En el D\u00eda Mundial de S\u00edndrome de Down, con NoSoyYoEresT\u00fa y cuatro v\u00eddeos Down Espa\u00f1a pretende visibilizar las barreras de estas personas.\",\"breadcrumb\":{\"@id\":\"https:\/\/redaccionjuvenil.es\/?p=514#breadcrumb\"},\"inLanguage\":\"es\",\"potentialAction\":[{\"@type\":\"ReadAction\",\"target\":[\"https:\/\/redaccionjuvenil.es\/?p=514\"]}]},{\"@type\":\"ImageObject\",\"inLanguage\":\"es\",\"@id\":\"https:\/\/redaccionjuvenil.es\/?p=514#primaryimage\",\"url\":\"https:\/\/redaccionjuvenil.es\/wp-content\/uploads\/2026\/03\/pexels-mikhail-nilov-7698287-scaled.jpg\",\"contentUrl\":\"https:\/\/redaccionjuvenil.es\/wp-content\/uploads\/2026\/03\/pexels-mikhail-nilov-7698287-scaled.jpg\",\"width\":2560,\"height\":1707,\"caption\":\"Hombre con s\u00edndrome de Down trabajando\"},{\"@type\":\"BreadcrumbList\",\"@id\":\"https:\/\/redaccionjuvenil.es\/?p=514#breadcrumb\",\"itemListElement\":[{\"@type\":\"ListItem\",\"position\":1,\"name\":\"Portada\",\"item\":\"https:\/\/redaccionjuvenil.es\/\"},{\"@type\":\"ListItem\",\"position\":2,\"name\":\"NO SOY YO, ERES T\u00da\"}]},{\"@type\":\"WebSite\",\"@id\":\"https:\/\/redaccionjuvenil.es\/#website\",\"url\":\"https:\/\/redaccionjuvenil.es\/\",\"name\":\"RED-ACCI\u00d3N JUVENIL\",\"description\":\"DONDE LA JUVENTUD INFORMA Y TRANSFORMA\",\"publisher\":{\"@id\":\"https:\/\/redaccionjuvenil.es\/#organization\"},\"potentialAction\":[{\"@type\":\"SearchAction\",\"target\":{\"@type\":\"EntryPoint\",\"urlTemplate\":\"https:\/\/redaccionjuvenil.es\/?s={search_term_string}\"},\"query-input\":{\"@type\":\"PropertyValueSpecification\",\"valueRequired\":true,\"valueName\":\"search_term_string\"}}],\"inLanguage\":\"es\"},{\"@type\":\"Organization\",\"@id\":\"https:\/\/redaccionjuvenil.es\/#organization\",\"name\":\"RED-ACCI\u00d3N JUVENIL\",\"url\":\"https:\/\/redaccionjuvenil.es\/\",\"logo\":{\"@type\":\"ImageObject\",\"inLanguage\":\"es\",\"@id\":\"https:\/\/redaccionjuvenil.es\/#\/schema\/logo\/image\/\",\"url\":\"https:\/\/redaccionjuvenil.es\/wp-content\/uploads\/2026\/03\/cropped-cropped-logo_redaccion_juvenil_primer_propuesta-1.png\",\"contentUrl\":\"https:\/\/redaccionjuvenil.es\/wp-content\/uploads\/2026\/03\/cropped-cropped-logo_redaccion_juvenil_primer_propuesta-1.png\",\"width\":723,\"height\":723,\"caption\":\"RED-ACCI\u00d3N JUVENIL\"},\"image\":{\"@id\":\"https:\/\/redaccionjuvenil.es\/#\/schema\/logo\/image\/\"}},{\"@type\":\"Person\",\"@id\":\"https:\/\/redaccionjuvenil.es\/#\/schema\/person\/b66bff3c65adb9a1c055297fadce53d4\",\"name\":\"Maria del Carmen Dur\u00e1n\",\"image\":{\"@type\":\"ImageObject\",\"inLanguage\":\"es\",\"@id\":\"https:\/\/redaccionjuvenil.es\/#\/schema\/person\/image\/\",\"url\":\"https:\/\/secure.gravatar.com\/avatar\/79c1305f119b1d2dac4c06bccb1f41fad47441a1906f7b862af715c861eb7f71?s=96&d=mm&r=g\",\"contentUrl\":\"https:\/\/secure.gravatar.com\/avatar\/79c1305f119b1d2dac4c06bccb1f41fad47441a1906f7b862af715c861eb7f71?s=96&d=mm&r=g\",\"caption\":\"Maria del Carmen Dur\u00e1n\"},\"url\":\"https:\/\/redaccionjuvenil.es\/?author=8\"}]}<\/script>\n<!-- \/ Yoast SEO plugin. -->","yoast_head_json":{"title":"NO SOY YO, ERES T\u00da - RED-ACCI\u00d3N JUVENIL","description":"En el D\u00eda Mundial de S\u00edndrome de Down, con NoSoyYoEresT\u00fa y cuatro v\u00eddeos Down Espa\u00f1a pretende visibilizar las barreras de estas personas.","robots":{"index":"index","follow":"follow","max-snippet":"max-snippet:-1","max-image-preview":"max-image-preview:large","max-video-preview":"max-video-preview:-1"},"canonical":"https:\/\/redaccionjuvenil.es\/?p=514","og_locale":"es_ES","og_type":"article","og_title":"NO SOY YO, ERES T\u00da - RED-ACCI\u00d3N JUVENIL","og_description":"En el D\u00eda Mundial de S\u00edndrome de Down, con NoSoyYoEresT\u00fa y cuatro v\u00eddeos Down Espa\u00f1a pretende visibilizar las barreras de estas personas.","og_url":"https:\/\/redaccionjuvenil.es\/?p=514","og_site_name":"RED-ACCI\u00d3N JUVENIL","article_published_time":"2026-03-21T18:01:00+00:00","article_modified_time":"2026-04-08T14:21:46+00:00","og_image":[{"width":2560,"height":1707,"url":"https:\/\/redaccionjuvenil.es\/wp-content\/uploads\/2026\/03\/pexels-mikhail-nilov-7698287-scaled.jpg","type":"image\/jpeg"}],"author":"Maria del Carmen Dur\u00e1n","twitter_card":"summary_large_image","twitter_misc":{"Escrito por":"Maria del Carmen Dur\u00e1n","Tiempo de lectura":"3 minutos"},"schema":{"@context":"https:\/\/schema.org","@graph":[{"@type":"Article","@id":"https:\/\/redaccionjuvenil.es\/?p=514#article","isPartOf":{"@id":"https:\/\/redaccionjuvenil.es\/?p=514"},"author":{"name":"Maria del Carmen Dur\u00e1n","@id":"https:\/\/redaccionjuvenil.es\/#\/schema\/person\/b66bff3c65adb9a1c055297fadce53d4"},"headline":"NO SOY YO, ERES T\u00da","datePublished":"2026-03-21T18:01:00+00:00","dateModified":"2026-04-08T14:21:46+00:00","mainEntityOfPage":{"@id":"https:\/\/redaccionjuvenil.es\/?p=514"},"wordCount":464,"commentCount":0,"publisher":{"@id":"https:\/\/redaccionjuvenil.es\/#organization"},"image":{"@id":"https:\/\/redaccionjuvenil.es\/?p=514#primaryimage"},"thumbnailUrl":"https:\/\/redaccionjuvenil.es\/wp-content\/uploads\/2026\/03\/pexels-mikhail-nilov-7698287-scaled.jpg","keywords":["Activismo","Down Cyl","Sindrome de Down"],"articleSection":["Activismo","Actualidad","Destacado","Noticias","Te interesa"],"inLanguage":"es","potentialAction":[{"@type":"CommentAction","name":"Comment","target":["https:\/\/redaccionjuvenil.es\/?p=514#respond"]}]},{"@type":"WebPage","@id":"https:\/\/redaccionjuvenil.es\/?p=514","url":"https:\/\/redaccionjuvenil.es\/?p=514","name":"NO SOY YO, ERES T\u00da - RED-ACCI\u00d3N JUVENIL","isPartOf":{"@id":"https:\/\/redaccionjuvenil.es\/#website"},"primaryImageOfPage":{"@id":"https:\/\/redaccionjuvenil.es\/?p=514#primaryimage"},"image":{"@id":"https:\/\/redaccionjuvenil.es\/?p=514#primaryimage"},"thumbnailUrl":"https:\/\/redaccionjuvenil.es\/wp-content\/uploads\/2026\/03\/pexels-mikhail-nilov-7698287-scaled.jpg","datePublished":"2026-03-21T18:01:00+00:00","dateModified":"2026-04-08T14:21:46+00:00","description":"En el D\u00eda Mundial de S\u00edndrome de Down, con NoSoyYoEresT\u00fa y cuatro v\u00eddeos Down Espa\u00f1a pretende visibilizar las barreras de estas personas.","breadcrumb":{"@id":"https:\/\/redaccionjuvenil.es\/?p=514#breadcrumb"},"inLanguage":"es","potentialAction":[{"@type":"ReadAction","target":["https:\/\/redaccionjuvenil.es\/?p=514"]}]},{"@type":"ImageObject","inLanguage":"es","@id":"https:\/\/redaccionjuvenil.es\/?p=514#primaryimage","url":"https:\/\/redaccionjuvenil.es\/wp-content\/uploads\/2026\/03\/pexels-mikhail-nilov-7698287-scaled.jpg","contentUrl":"https:\/\/redaccionjuvenil.es\/wp-content\/uploads\/2026\/03\/pexels-mikhail-nilov-7698287-scaled.jpg","width":2560,"height":1707,"caption":"Hombre con s\u00edndrome de Down trabajando"},{"@type":"BreadcrumbList","@id":"https:\/\/redaccionjuvenil.es\/?p=514#breadcrumb","itemListElement":[{"@type":"ListItem","position":1,"name":"Portada","item":"https:\/\/redaccionjuvenil.es\/"},{"@type":"ListItem","position":2,"name":"NO SOY YO, ERES T\u00da"}]},{"@type":"WebSite","@id":"https:\/\/redaccionjuvenil.es\/#website","url":"https:\/\/redaccionjuvenil.es\/","name":"RED-ACCI\u00d3N JUVENIL","description":"DONDE LA JUVENTUD INFORMA Y TRANSFORMA","publisher":{"@id":"https:\/\/redaccionjuvenil.es\/#organization"},"potentialAction":[{"@type":"SearchAction","target":{"@type":"EntryPoint","urlTemplate":"https:\/\/redaccionjuvenil.es\/?s={search_term_string}"},"query-input":{"@type":"PropertyValueSpecification","valueRequired":true,"valueName":"search_term_string"}}],"inLanguage":"es"},{"@type":"Organization","@id":"https:\/\/redaccionjuvenil.es\/#organization","name":"RED-ACCI\u00d3N JUVENIL","url":"https:\/\/redaccionjuvenil.es\/","logo":{"@type":"ImageObject","inLanguage":"es","@id":"https:\/\/redaccionjuvenil.es\/#\/schema\/logo\/image\/","url":"https:\/\/redaccionjuvenil.es\/wp-content\/uploads\/2026\/03\/cropped-cropped-logo_redaccion_juvenil_primer_propuesta-1.png","contentUrl":"https:\/\/redaccionjuvenil.es\/wp-content\/uploads\/2026\/03\/cropped-cropped-logo_redaccion_juvenil_primer_propuesta-1.png","width":723,"height":723,"caption":"RED-ACCI\u00d3N JUVENIL"},"image":{"@id":"https:\/\/redaccionjuvenil.es\/#\/schema\/logo\/image\/"}},{"@type":"Person","@id":"https:\/\/redaccionjuvenil.es\/#\/schema\/person\/b66bff3c65adb9a1c055297fadce53d4","name":"Maria del Carmen Dur\u00e1n","image":{"@type":"ImageObject","inLanguage":"es","@id":"https:\/\/redaccionjuvenil.es\/#\/schema\/person\/image\/","url":"https:\/\/secure.gravatar.com\/avatar\/79c1305f119b1d2dac4c06bccb1f41fad47441a1906f7b862af715c861eb7f71?s=96&d=mm&r=g","contentUrl":"https:\/\/secure.gravatar.com\/avatar\/79c1305f119b1d2dac4c06bccb1f41fad47441a1906f7b862af715c861eb7f71?s=96&d=mm&r=g","caption":"Maria del Carmen Dur\u00e1n"},"url":"https:\/\/redaccionjuvenil.es\/?author=8"}]}},"_links":{"self":[{"href":"https:\/\/redaccionjuvenil.es\/index.php?rest_route=\/wp\/v2\/posts\/514","targetHints":{"allow":["GET"]}}],"collection":[{"href":"https:\/\/redaccionjuvenil.es\/index.php?rest_route=\/wp\/v2\/posts"}],"about":[{"href":"https:\/\/redaccionjuvenil.es\/index.php?rest_route=\/wp\/v2\/types\/post"}],"author":[{"embeddable":true,"href":"https:\/\/redaccionjuvenil.es\/index.php?rest_route=\/wp\/v2\/users\/8"}],"replies":[{"embeddable":true,"href":"https:\/\/redaccionjuvenil.es\/index.php?rest_route=%2Fwp%2Fv2%2Fcomments&post=514"}],"version-history":[{"count":1,"href":"https:\/\/redaccionjuvenil.es\/index.php?rest_route=\/wp\/v2\/posts\/514\/revisions"}],"predecessor-version":[{"id":515,"href":"https:\/\/redaccionjuvenil.es\/index.php?rest_route=\/wp\/v2\/posts\/514\/revisions\/515"}],"wp:featuredmedia":[{"embeddable":true,"href":"https:\/\/redaccionjuvenil.es\/index.php?rest_route=\/wp\/v2\/media\/517"}],"wp:attachment":[{"href":"https:\/\/redaccionjuvenil.es\/index.php?rest_route=%2Fwp%2Fv2%2Fmedia&parent=514"}],"wp:term":[{"taxonomy":"category","embeddable":true,"href":"https:\/\/redaccionjuvenil.es\/index.php?rest_route=%2Fwp%2Fv2%2Fcategories&post=514"},{"taxonomy":"post_tag","embeddable":true,"href":"https:\/\/redaccionjuvenil.es\/index.php?rest_route=%2Fwp%2Fv2%2Ftags&post=514"}],"curies":[{"name":"wp","href":"https:\/\/api.w.org\/{rel}","templated":true}]}}