{"id":519,"date":"2026-03-23T17:56:53","date_gmt":"2026-03-23T17:56:53","guid":{"rendered":"https:\/\/redaccionjuvenil.es\/?p=519"},"modified":"2026-03-25T15:17:14","modified_gmt":"2026-03-25T15:17:14","slug":"los-jovenes-normalizan-mas-el-uso-de-vapeadores","status":"publish","type":"post","link":"https:\/\/redaccionjuvenil.es\/?p=519","title":{"rendered":"Los j\u00f3venes normalizan m\u00e1s el uso de vapeadores\u00a0"},"content":{"rendered":"\n<p>El porcentaje de j\u00f3venes de 14 a 24 a\u00f1os que fuman a diario ha aumentado un 10%, seg\u00fan&nbsp;estimaciones del&nbsp;Observatorio&nbsp;del C\u00e1ncer de la Asociaci\u00f3n&nbsp;Espa\u00f1ola&nbsp;Contra&nbsp;el C\u00e1ncer&nbsp;<\/p>\n\n\n\n<p class=\"has-medium-font-size\">Durante los \u00faltimos a\u00f1os se ha visto la normalizaci\u00f3n de los j\u00f3venes sobre el uso de cigarrillos electr\u00f3nicos. Estos dispositivos se&nbsp;presentan como elementos <strong>menos nocivos&nbsp;y m\u00e1s modernos y tecnol\u00f3gicos<\/strong>, provocando que los j\u00f3venes normalicen el uso. Tambi\u00e9n influye la gran exposici\u00f3n en espacios de ocio y de encuentro de los&nbsp;j\u00f3venes ha&nbsp;influido&nbsp;en este aumento y normalizaci\u00f3n.&nbsp;<strong>El 80% de los casos de tabaquismo empiezan antes de los 18 a\u00f1os<\/strong>, edad en la que se determinan muchas conductas de la salud.&nbsp;<\/p>\n\n\n\n<p class=\"has-medium-font-size\">La Organizaci\u00f3n Mundial de la Salud (OMS) ha lanzado una&nbsp;advertencia&nbsp;diciendo que los j\u00f3venes que&nbsp;empiezan&nbsp;con un cigarrillo electr\u00f3nico tienen <strong>hasta tres veces m\u00e1s de probabilidades de fumar tabaco <\/strong>en un futuro.&nbsp;Estos productos (tabaco calentado, cachimbas, vapeadores) <strong>aparecen con bastante regularidad en contenido de \u201cinfluencers\u201d,<\/strong> que son figuras a las que los j\u00f3venes miran mucho.&nbsp;&nbsp;<\/p>\n\n\n\n<figure class=\"wp-block-embed aligncenter is-type-rich is-provider-twitter wp-block-embed-twitter\"><div class=\"wp-block-embed__wrapper\">\n<blockquote class=\"twitter-tweet\" data-width=\"550\" data-dnt=\"true\"><p lang=\"es\" dir=\"ltr\">Los cigarrillos elecrtr\u00f3nicos no son un m\u00e9todo para dejar el tabaco convencional<br>\ud83d\udc47<br>La OMS advierte sobre los &quot;falsos reclamos&quot; del cigarrillo electr\u00f3nico y pide su regulaci\u00f3n <a href=\"https:\/\/t.co\/Am6hLPzF5S\">https:\/\/t.co\/Am6hLPzF5S<\/a><a href=\"https:\/\/twitter.com\/WHO?ref_src=twsrc%5Etfw\">@WHO<\/a> <a href=\"https:\/\/twitter.com\/hashtag\/quenotevendanhumo?src=hash&amp;ref_src=twsrc%5Etfw\">#quenotevendanhumo<\/a> <a href=\"https:\/\/t.co\/FVobUP8yew\">pic.twitter.com\/FVobUP8yew<\/a><\/p>&mdash; Asociaci\u00f3n Espa\u00f1ola Contra el C\u00e1ncer (@ContraCancerEs) <a href=\"https:\/\/twitter.com\/ContraCancerEs\/status\/1989234376945914219?ref_src=twsrc%5Etfw\">November 14, 2025<\/a><\/blockquote><script async src=\"https:\/\/platform.twitter.com\/widgets.js\" charset=\"utf-8\"><\/script>\n<\/div><\/figure>\n\n\n\n<p class=\"has-medium-font-size\">\u201cEl <strong><a href=\"https:\/\/www.instagram.com\/reel\/DWE8d7BApa_\/?utm_source=ig_web_copy_link&amp;igsh=MzRlODBiNWFlZA==\" id=\"https:\/\/www.instagram.com\/reel\/DWE8d7BApa_\/?utm_source=ig_web_copy_link&amp;igsh=MzRlODBiNWFlZA==\">cigarrillo electr\u00f3nico<\/a><\/strong> est\u00e1 formado por un cartucho recargado con l\u00edquido,&nbsp;con o sin nicotina,&nbsp;y cuando su&nbsp;bater\u00eda&nbsp;calienta, transforma luego&nbsp;todo eso&nbsp;en <strong>sustancias&nbsp;nocivas<\/strong>\u201d dice el <strong>doctor Santos Asensio<\/strong>, neum\u00f3logo y responsable de la Unidad de Tabaquismo del Hospital General Universitario Dr. Balmis Alicante.&nbsp;<\/p>\n\n\n\n<h2 class=\"wp-block-heading has-medium-font-size\">Mundo online<\/h2>\n\n\n\n<p class=\"has-medium-font-size\">Hay bastantes de&nbsp;estos creadores de contenido&nbsp;muestran el dispositivo de <strong>forma positiva<\/strong> y, as\u00ed, facilitan su consumo, normalizando la&nbsp;pr\u00e1ctica.&nbsp;\u201cTodo esto es una&nbsp;<strong>estrategia de la industria&nbsp;sobre la&nbsp;reducci\u00f3n de da\u00f1o<\/strong>,&nbsp;ya que&nbsp;quieren mostrar que supuestamente es menos da\u00f1ino todo\u201d, dice el doctor Santos Asensio.&nbsp;Otra v\u00eda utilizada por las empresas de tabaco es <strong>la captaci\u00f3n de j\u00f3venes<\/strong> en el&nbsp;patrocinio&nbsp;de los festivales, conciertos y dem\u00e1s eventos culturales.&nbsp;&nbsp;<\/p>\n\n\n<div class=\"wp-block-image\">\n<figure class=\"aligncenter size-full is-resized\"><img loading=\"lazy\" decoding=\"async\" width=\"700\" height=\"875\" src=\"https:\/\/redaccionjuvenil.es\/wp-content\/uploads\/2026\/03\/MAD-COOL-2024.jpeg\" alt=\"\" class=\"wp-image-527\" style=\"width:202px;height:auto\" srcset=\"https:\/\/redaccionjuvenil.es\/wp-content\/uploads\/2026\/03\/MAD-COOL-2024.jpeg 700w, https:\/\/redaccionjuvenil.es\/wp-content\/uploads\/2026\/03\/MAD-COOL-2024-240x300.jpeg 240w\" sizes=\"auto, (max-width: 700px) 100vw, 700px\" \/><\/figure>\n<\/div>\n\n\n<p class=\"has-medium-font-size\">En 2023, 4 de los 15 festivales con mayor p\u00fablico de Espa\u00f1a estaban patrocinado&nbsp;por&nbsp;dispositivos&nbsp;de tabaco como&nbsp;<strong>Mad&nbsp;Cool<\/strong>&nbsp;(Iqos&nbsp;y&nbsp;Blu) o <strong>Primavera&nbsp;Sound<\/strong>&nbsp;(Iqos).&nbsp;De esta forma, los eventos permiten una <strong>visibilidad directa<\/strong> de estos productos hacia los j\u00f3venes.&nbsp;&nbsp;<\/p>\n\n\n\n<p class=\"has-medium-font-size\">En el \u00e1mbito digital, las tiendas online&nbsp;y f\u00edsicas utilizan <strong>descuentos y sorteos, con campa\u00f1as<\/strong> y marketing en las redes sociales.&nbsp;\u201cLa mitad de los <strong>j\u00f3venes<\/strong>, seg\u00fan estudios&nbsp;como EDADES&nbsp;o ESTUDES,&nbsp;dicen que lo han <strong>probado <\/strong>porque <strong>lo ven atractivo<\/strong> y ese es el problema porque no lo consideran nocivo\u201d,&nbsp;reclama&nbsp;el doctor Asensio.&nbsp;<\/p>\n\n\n<div class=\"wp-block-image\">\n<figure class=\"aligncenter size-large is-resized\"><img loading=\"lazy\" decoding=\"async\" width=\"819\" height=\"1024\" src=\"https:\/\/redaccionjuvenil.es\/wp-content\/uploads\/2026\/03\/cartel-aecc-819x1024.png\" alt=\"\" class=\"wp-image-522\" style=\"aspect-ratio:0.7998182231311066;width:243px;height:auto\" srcset=\"https:\/\/redaccionjuvenil.es\/wp-content\/uploads\/2026\/03\/cartel-aecc-819x1024.png 819w, https:\/\/redaccionjuvenil.es\/wp-content\/uploads\/2026\/03\/cartel-aecc-240x300.png 240w, https:\/\/redaccionjuvenil.es\/wp-content\/uploads\/2026\/03\/cartel-aecc-768x960.png 768w, https:\/\/redaccionjuvenil.es\/wp-content\/uploads\/2026\/03\/cartel-aecc.png 1080w\" sizes=\"auto, (max-width: 819px) 100vw, 819px\" \/><\/figure>\n<\/div>\n\n\n<h2 class=\"wp-block-heading has-medium-font-size\">Soluciones<\/h2>\n\n\n\n<p class=\"has-medium-font-size\"><strong>Iniciativas <\/strong>como las de la Asociaci\u00f3n Espa\u00f1ola Contra el C\u00e1ncer&nbsp;(AECC)&nbsp;o las de&nbsp;distintos&nbsp;hospitales&nbsp;intentan <strong>reducir este consumo precoz<\/strong> y, tambi\u00e9n, ayudar a dejar de consumir. La&nbsp;AECC ha lanzado una campa\u00f1a para desenmascarar el marketing llamada <strong><a href=\"https:\/\/x.com\/ContraCancerEs\/status\/1930875307566800975?s=20\" id=\"https:\/\/x.com\/ContraCancerEs\/status\/1930875307566800975?s=20\">Real&nbsp;Fest<\/a><\/strong>, en la que&nbsp;se simulan un festival para <strong>visibilizar efectos<\/strong> y nuevas formas de consumo.&nbsp;&nbsp;<\/p>\n\n\n\n<p class=\"has-medium-font-size\">En lugar de artistas, los carteles <strong>presentan los riesgos reales<\/strong> (enfermedades, adicci\u00f3n, muerte) y&nbsp;tendr\u00e1n presencia f\u00edsica en ciudades y publicaciones en redes sociales.&nbsp;Desde el&nbsp;Hospital General, el doctor Santos Asensio comenta que ellos <strong>no tienen iniciativas concretas, sino que suelen salir de Salud&nbsp;P\u00fablica.<\/strong> \u201cEl d\u00eda de la Ciencia fueron alumnos de los colegios de&nbsp;alrededor&nbsp;y les dimos <strong>charlas para concienciar <\/strong>sobre las consecuencias nocivas del tabaco\u201d.&nbsp;<\/p>\n\n\n\n<h2 class=\"wp-block-heading has-medium-font-size\">Transparencia<\/h2>\n\n\n\n<p class=\"has-medium-font-size\">La Asociaci\u00f3n Espa\u00f1ola Contra el C\u00e1ncer proporciona todos estos datos en su p\u00e1gina web, basados en estudios propios y en externos. Por otra parte, el doctor Santos Asensio, neum\u00f3logo y responsable de la Unidad de Tabaquismo del Hospital General&nbsp;Universitario Dr. Balmis Alicante, ha estudiado las&nbsp;consecuencias&nbsp;de estos dispositivos y ha elaborado campa\u00f1as en su comunidad.&nbsp;Los datos en los que se basan parte de sus resultados salen de estudios realizados por el Gobierno, como&nbsp;la&nbsp;Encuesta sobre uso de drogas en Ense\u00f1anzas Secundarias en Espa\u00f1a (ESTUDES) o la Encuesta sobre alcohol y otras drogas en Espa\u00f1a&nbsp;(EDADES).&nbsp;<\/p>\n","protected":false},"excerpt":{"rendered":"<p>El porcentaje de j\u00f3venes de 14 a 24 a\u00f1os que fuman a diario ha aumentado un 10%, seg\u00fan&nbsp;estimaciones del&nbsp;Observatorio&nbsp;del C\u00e1ncer de la Asociaci\u00f3n&nbsp;Espa\u00f1ola&nbsp;Contra&nbsp;el C\u00e1ncer&nbsp; Durante los \u00faltimos a\u00f1os se ha&#8230;<\/p>\n","protected":false},"author":3,"featured_media":525,"comment_status":"open","ping_status":"open","sticky":false,"template":"","format":"standard","meta":{"_kadence_starter_templates_imported_post":false,"footnotes":""},"categories":[1,8,11,23,2,14],"tags":[31,29,30,35,34,36,28],"class_list":["post-519","post","type-post","status-publish","format-standard","has-post-thumbnail","hentry","category-actualidad","category-asociacionismo","category-cjcyl","category-destacado","category-noticias","category-pausa-y-reconecta","tag-asociacion-espanola-contra-el-cancer","tag-cigarrillo-electronico","tag-cigarro","tag-hospital-general-universitario-dr-balmis-alicante","tag-organizacion-mundial-de-la-salud","tag-santos-asensio","tag-vapeadores"],"yoast_head":"<!-- This site is optimized with the Yoast SEO plugin v27.1.1 - https:\/\/yoast.com\/product\/yoast-seo-wordpress\/ -->\n<title>Los j\u00f3venes normalizan m\u00e1s el uso de vapeadores\u00a0 - RED-ACCI\u00d3N JUVENIL<\/title>\n<meta name=\"description\" content=\"El porcentaje de j\u00f3venes que fuman a diario ha aumentado un 10%, seg\u00fan\u00a0estimaciones de la Asociaci\u00f3n\u00a0Espa\u00f1ola\u00a0Contra\u00a0el C\u00e1ncer\u00a0\" \/>\n<meta name=\"robots\" content=\"index, follow, max-snippet:-1, max-image-preview:large, max-video-preview:-1\" \/>\n<link rel=\"canonical\" href=\"https:\/\/redaccionjuvenil.es\/?p=519\" \/>\n<meta property=\"og:locale\" content=\"es_ES\" \/>\n<meta property=\"og:type\" content=\"article\" \/>\n<meta property=\"og:title\" content=\"Los j\u00f3venes normalizan m\u00e1s el uso de vapeadores\u00a0 - RED-ACCI\u00d3N JUVENIL\" \/>\n<meta property=\"og:description\" content=\"El porcentaje de j\u00f3venes que fuman a diario ha aumentado un 10%, seg\u00fan\u00a0estimaciones de la Asociaci\u00f3n\u00a0Espa\u00f1ola\u00a0Contra\u00a0el C\u00e1ncer\u00a0\" \/>\n<meta property=\"og:url\" content=\"https:\/\/redaccionjuvenil.es\/?p=519\" \/>\n<meta property=\"og:site_name\" content=\"RED-ACCI\u00d3N JUVENIL\" \/>\n<meta property=\"article:published_time\" content=\"2026-03-23T17:56:53+00:00\" \/>\n<meta property=\"article:modified_time\" content=\"2026-03-25T15:17:14+00:00\" \/>\n<meta property=\"og:image\" content=\"https:\/\/redaccionjuvenil.es\/wp-content\/uploads\/2026\/03\/10354161_4438936.jpg\" \/>\n\t<meta property=\"og:image:width\" content=\"2000\" \/>\n\t<meta property=\"og:image:height\" content=\"2000\" \/>\n\t<meta property=\"og:image:type\" content=\"image\/jpeg\" \/>\n<meta name=\"author\" content=\"Rebeca Asensio Vega\" \/>\n<meta name=\"twitter:card\" content=\"summary_large_image\" \/>\n<meta name=\"twitter:label1\" content=\"Escrito por\" \/>\n\t<meta name=\"twitter:data1\" content=\"Rebeca Asensio Vega\" \/>\n\t<meta name=\"twitter:label2\" content=\"Tiempo de lectura\" \/>\n\t<meta name=\"twitter:data2\" content=\"4 minutos\" \/>\n<script type=\"application\/ld+json\" class=\"yoast-schema-graph\">{\"@context\":\"https:\/\/schema.org\",\"@graph\":[{\"@type\":\"Article\",\"@id\":\"https:\/\/redaccionjuvenil.es\/?p=519#article\",\"isPartOf\":{\"@id\":\"https:\/\/redaccionjuvenil.es\/?p=519\"},\"author\":{\"name\":\"Rebeca Asensio Vega\",\"@id\":\"https:\/\/redaccionjuvenil.es\/#\/schema\/person\/0a408191f7bf246b8258bd0220fbc97b\"},\"headline\":\"Los j\u00f3venes normalizan m\u00e1s el uso de vapeadores\u00a0\",\"datePublished\":\"2026-03-23T17:56:53+00:00\",\"dateModified\":\"2026-03-25T15:17:14+00:00\",\"mainEntityOfPage\":{\"@id\":\"https:\/\/redaccionjuvenil.es\/?p=519\"},\"wordCount\":778,\"commentCount\":0,\"publisher\":{\"@id\":\"https:\/\/redaccionjuvenil.es\/#organization\"},\"image\":{\"@id\":\"https:\/\/redaccionjuvenil.es\/?p=519#primaryimage\"},\"thumbnailUrl\":\"https:\/\/redaccionjuvenil.es\/wp-content\/uploads\/2026\/03\/10354161_4438936.jpg\",\"keywords\":[\"Asociaci\u00f3n Espa\u00f1ola Contra el C\u00e1ncer\",\"Cigarrillo electr\u00f3nico\",\"Cigarro\",\"Hospital General Universitario Dr. Balmis Alicante\",\"Organizaci\u00f3n Mundial de la Salud\",\"Santos Asensio\",\"Vapeadores\"],\"articleSection\":[\"Actualidad\",\"Asociacionismo\",\"CJCYL\",\"Destacado\",\"Noticias\",\"Pausa y Reconecta\"],\"inLanguage\":\"es\",\"potentialAction\":[{\"@type\":\"CommentAction\",\"name\":\"Comment\",\"target\":[\"https:\/\/redaccionjuvenil.es\/?p=519#respond\"]}]},{\"@type\":\"WebPage\",\"@id\":\"https:\/\/redaccionjuvenil.es\/?p=519\",\"url\":\"https:\/\/redaccionjuvenil.es\/?p=519\",\"name\":\"Los j\u00f3venes normalizan m\u00e1s el uso de vapeadores\u00a0 - RED-ACCI\u00d3N JUVENIL\",\"isPartOf\":{\"@id\":\"https:\/\/redaccionjuvenil.es\/#website\"},\"primaryImageOfPage\":{\"@id\":\"https:\/\/redaccionjuvenil.es\/?p=519#primaryimage\"},\"image\":{\"@id\":\"https:\/\/redaccionjuvenil.es\/?p=519#primaryimage\"},\"thumbnailUrl\":\"https:\/\/redaccionjuvenil.es\/wp-content\/uploads\/2026\/03\/10354161_4438936.jpg\",\"datePublished\":\"2026-03-23T17:56:53+00:00\",\"dateModified\":\"2026-03-25T15:17:14+00:00\",\"description\":\"El porcentaje de j\u00f3venes que fuman a diario ha aumentado un 10%, seg\u00fan\u00a0estimaciones de la Asociaci\u00f3n\u00a0Espa\u00f1ola\u00a0Contra\u00a0el C\u00e1ncer\u00a0\",\"breadcrumb\":{\"@id\":\"https:\/\/redaccionjuvenil.es\/?p=519#breadcrumb\"},\"inLanguage\":\"es\",\"potentialAction\":[{\"@type\":\"ReadAction\",\"target\":[\"https:\/\/redaccionjuvenil.es\/?p=519\"]}]},{\"@type\":\"ImageObject\",\"inLanguage\":\"es\",\"@id\":\"https:\/\/redaccionjuvenil.es\/?p=519#primaryimage\",\"url\":\"https:\/\/redaccionjuvenil.es\/wp-content\/uploads\/2026\/03\/10354161_4438936.jpg\",\"contentUrl\":\"https:\/\/redaccionjuvenil.es\/wp-content\/uploads\/2026\/03\/10354161_4438936.jpg\",\"width\":2000,\"height\":2000,\"caption\":\"Vector de una mujer diciendo: \\\"\u00a1Parar de fumar!\"},{\"@type\":\"BreadcrumbList\",\"@id\":\"https:\/\/redaccionjuvenil.es\/?p=519#breadcrumb\",\"itemListElement\":[{\"@type\":\"ListItem\",\"position\":1,\"name\":\"Portada\",\"item\":\"https:\/\/redaccionjuvenil.es\/\"},{\"@type\":\"ListItem\",\"position\":2,\"name\":\"Los j\u00f3venes normalizan m\u00e1s el uso de vapeadores\u00a0\"}]},{\"@type\":\"WebSite\",\"@id\":\"https:\/\/redaccionjuvenil.es\/#website\",\"url\":\"https:\/\/redaccionjuvenil.es\/\",\"name\":\"RED-ACCI\u00d3N JUVENIL\",\"description\":\"DONDE LA JUVENTUD INFORMA Y TRANSFORMA\",\"publisher\":{\"@id\":\"https:\/\/redaccionjuvenil.es\/#organization\"},\"potentialAction\":[{\"@type\":\"SearchAction\",\"target\":{\"@type\":\"EntryPoint\",\"urlTemplate\":\"https:\/\/redaccionjuvenil.es\/?s={search_term_string}\"},\"query-input\":{\"@type\":\"PropertyValueSpecification\",\"valueRequired\":true,\"valueName\":\"search_term_string\"}}],\"inLanguage\":\"es\"},{\"@type\":\"Organization\",\"@id\":\"https:\/\/redaccionjuvenil.es\/#organization\",\"name\":\"RED-ACCI\u00d3N JUVENIL\",\"url\":\"https:\/\/redaccionjuvenil.es\/\",\"logo\":{\"@type\":\"ImageObject\",\"inLanguage\":\"es\",\"@id\":\"https:\/\/redaccionjuvenil.es\/#\/schema\/logo\/image\/\",\"url\":\"https:\/\/redaccionjuvenil.es\/wp-content\/uploads\/2026\/03\/cropped-cropped-logo_redaccion_juvenil_primer_propuesta-1.png\",\"contentUrl\":\"https:\/\/redaccionjuvenil.es\/wp-content\/uploads\/2026\/03\/cropped-cropped-logo_redaccion_juvenil_primer_propuesta-1.png\",\"width\":723,\"height\":723,\"caption\":\"RED-ACCI\u00d3N JUVENIL\"},\"image\":{\"@id\":\"https:\/\/redaccionjuvenil.es\/#\/schema\/logo\/image\/\"}},{\"@type\":\"Person\",\"@id\":\"https:\/\/redaccionjuvenil.es\/#\/schema\/person\/0a408191f7bf246b8258bd0220fbc97b\",\"name\":\"Rebeca Asensio Vega\",\"image\":{\"@type\":\"ImageObject\",\"inLanguage\":\"es\",\"@id\":\"https:\/\/redaccionjuvenil.es\/#\/schema\/person\/image\/\",\"url\":\"https:\/\/secure.gravatar.com\/avatar\/b5499c88eba3379f7cd3ba783af32f57876b5f0e2313674fb16e8c9cbeecbc2f?s=96&d=mm&r=g\",\"contentUrl\":\"https:\/\/secure.gravatar.com\/avatar\/b5499c88eba3379f7cd3ba783af32f57876b5f0e2313674fb16e8c9cbeecbc2f?s=96&d=mm&r=g\",\"caption\":\"Rebeca Asensio Vega\"},\"url\":\"https:\/\/redaccionjuvenil.es\/?author=3\"}]}<\/script>\n<!-- \/ Yoast SEO plugin. -->","yoast_head_json":{"title":"Los j\u00f3venes normalizan m\u00e1s el uso de vapeadores\u00a0 - RED-ACCI\u00d3N JUVENIL","description":"El porcentaje de j\u00f3venes que fuman a diario ha aumentado un 10%, seg\u00fan\u00a0estimaciones de la Asociaci\u00f3n\u00a0Espa\u00f1ola\u00a0Contra\u00a0el C\u00e1ncer\u00a0","robots":{"index":"index","follow":"follow","max-snippet":"max-snippet:-1","max-image-preview":"max-image-preview:large","max-video-preview":"max-video-preview:-1"},"canonical":"https:\/\/redaccionjuvenil.es\/?p=519","og_locale":"es_ES","og_type":"article","og_title":"Los j\u00f3venes normalizan m\u00e1s el uso de vapeadores\u00a0 - RED-ACCI\u00d3N JUVENIL","og_description":"El porcentaje de j\u00f3venes que fuman a diario ha aumentado un 10%, seg\u00fan\u00a0estimaciones de la Asociaci\u00f3n\u00a0Espa\u00f1ola\u00a0Contra\u00a0el C\u00e1ncer\u00a0","og_url":"https:\/\/redaccionjuvenil.es\/?p=519","og_site_name":"RED-ACCI\u00d3N JUVENIL","article_published_time":"2026-03-23T17:56:53+00:00","article_modified_time":"2026-03-25T15:17:14+00:00","og_image":[{"width":2000,"height":2000,"url":"https:\/\/redaccionjuvenil.es\/wp-content\/uploads\/2026\/03\/10354161_4438936.jpg","type":"image\/jpeg"}],"author":"Rebeca Asensio Vega","twitter_card":"summary_large_image","twitter_misc":{"Escrito por":"Rebeca Asensio Vega","Tiempo de lectura":"4 minutos"},"schema":{"@context":"https:\/\/schema.org","@graph":[{"@type":"Article","@id":"https:\/\/redaccionjuvenil.es\/?p=519#article","isPartOf":{"@id":"https:\/\/redaccionjuvenil.es\/?p=519"},"author":{"name":"Rebeca Asensio Vega","@id":"https:\/\/redaccionjuvenil.es\/#\/schema\/person\/0a408191f7bf246b8258bd0220fbc97b"},"headline":"Los j\u00f3venes normalizan m\u00e1s el uso de vapeadores\u00a0","datePublished":"2026-03-23T17:56:53+00:00","dateModified":"2026-03-25T15:17:14+00:00","mainEntityOfPage":{"@id":"https:\/\/redaccionjuvenil.es\/?p=519"},"wordCount":778,"commentCount":0,"publisher":{"@id":"https:\/\/redaccionjuvenil.es\/#organization"},"image":{"@id":"https:\/\/redaccionjuvenil.es\/?p=519#primaryimage"},"thumbnailUrl":"https:\/\/redaccionjuvenil.es\/wp-content\/uploads\/2026\/03\/10354161_4438936.jpg","keywords":["Asociaci\u00f3n Espa\u00f1ola Contra el C\u00e1ncer","Cigarrillo electr\u00f3nico","Cigarro","Hospital General Universitario Dr. Balmis Alicante","Organizaci\u00f3n Mundial de la Salud","Santos Asensio","Vapeadores"],"articleSection":["Actualidad","Asociacionismo","CJCYL","Destacado","Noticias","Pausa y Reconecta"],"inLanguage":"es","potentialAction":[{"@type":"CommentAction","name":"Comment","target":["https:\/\/redaccionjuvenil.es\/?p=519#respond"]}]},{"@type":"WebPage","@id":"https:\/\/redaccionjuvenil.es\/?p=519","url":"https:\/\/redaccionjuvenil.es\/?p=519","name":"Los j\u00f3venes normalizan m\u00e1s el uso de vapeadores\u00a0 - RED-ACCI\u00d3N JUVENIL","isPartOf":{"@id":"https:\/\/redaccionjuvenil.es\/#website"},"primaryImageOfPage":{"@id":"https:\/\/redaccionjuvenil.es\/?p=519#primaryimage"},"image":{"@id":"https:\/\/redaccionjuvenil.es\/?p=519#primaryimage"},"thumbnailUrl":"https:\/\/redaccionjuvenil.es\/wp-content\/uploads\/2026\/03\/10354161_4438936.jpg","datePublished":"2026-03-23T17:56:53+00:00","dateModified":"2026-03-25T15:17:14+00:00","description":"El porcentaje de j\u00f3venes que fuman a diario ha aumentado un 10%, seg\u00fan\u00a0estimaciones de la Asociaci\u00f3n\u00a0Espa\u00f1ola\u00a0Contra\u00a0el C\u00e1ncer\u00a0","breadcrumb":{"@id":"https:\/\/redaccionjuvenil.es\/?p=519#breadcrumb"},"inLanguage":"es","potentialAction":[{"@type":"ReadAction","target":["https:\/\/redaccionjuvenil.es\/?p=519"]}]},{"@type":"ImageObject","inLanguage":"es","@id":"https:\/\/redaccionjuvenil.es\/?p=519#primaryimage","url":"https:\/\/redaccionjuvenil.es\/wp-content\/uploads\/2026\/03\/10354161_4438936.jpg","contentUrl":"https:\/\/redaccionjuvenil.es\/wp-content\/uploads\/2026\/03\/10354161_4438936.jpg","width":2000,"height":2000,"caption":"Vector de una mujer diciendo: \"\u00a1Parar de fumar!"},{"@type":"BreadcrumbList","@id":"https:\/\/redaccionjuvenil.es\/?p=519#breadcrumb","itemListElement":[{"@type":"ListItem","position":1,"name":"Portada","item":"https:\/\/redaccionjuvenil.es\/"},{"@type":"ListItem","position":2,"name":"Los j\u00f3venes normalizan m\u00e1s el uso de vapeadores\u00a0"}]},{"@type":"WebSite","@id":"https:\/\/redaccionjuvenil.es\/#website","url":"https:\/\/redaccionjuvenil.es\/","name":"RED-ACCI\u00d3N JUVENIL","description":"DONDE LA JUVENTUD INFORMA Y TRANSFORMA","publisher":{"@id":"https:\/\/redaccionjuvenil.es\/#organization"},"potentialAction":[{"@type":"SearchAction","target":{"@type":"EntryPoint","urlTemplate":"https:\/\/redaccionjuvenil.es\/?s={search_term_string}"},"query-input":{"@type":"PropertyValueSpecification","valueRequired":true,"valueName":"search_term_string"}}],"inLanguage":"es"},{"@type":"Organization","@id":"https:\/\/redaccionjuvenil.es\/#organization","name":"RED-ACCI\u00d3N JUVENIL","url":"https:\/\/redaccionjuvenil.es\/","logo":{"@type":"ImageObject","inLanguage":"es","@id":"https:\/\/redaccionjuvenil.es\/#\/schema\/logo\/image\/","url":"https:\/\/redaccionjuvenil.es\/wp-content\/uploads\/2026\/03\/cropped-cropped-logo_redaccion_juvenil_primer_propuesta-1.png","contentUrl":"https:\/\/redaccionjuvenil.es\/wp-content\/uploads\/2026\/03\/cropped-cropped-logo_redaccion_juvenil_primer_propuesta-1.png","width":723,"height":723,"caption":"RED-ACCI\u00d3N JUVENIL"},"image":{"@id":"https:\/\/redaccionjuvenil.es\/#\/schema\/logo\/image\/"}},{"@type":"Person","@id":"https:\/\/redaccionjuvenil.es\/#\/schema\/person\/0a408191f7bf246b8258bd0220fbc97b","name":"Rebeca Asensio Vega","image":{"@type":"ImageObject","inLanguage":"es","@id":"https:\/\/redaccionjuvenil.es\/#\/schema\/person\/image\/","url":"https:\/\/secure.gravatar.com\/avatar\/b5499c88eba3379f7cd3ba783af32f57876b5f0e2313674fb16e8c9cbeecbc2f?s=96&d=mm&r=g","contentUrl":"https:\/\/secure.gravatar.com\/avatar\/b5499c88eba3379f7cd3ba783af32f57876b5f0e2313674fb16e8c9cbeecbc2f?s=96&d=mm&r=g","caption":"Rebeca Asensio Vega"},"url":"https:\/\/redaccionjuvenil.es\/?author=3"}]}},"_links":{"self":[{"href":"https:\/\/redaccionjuvenil.es\/index.php?rest_route=\/wp\/v2\/posts\/519","targetHints":{"allow":["GET"]}}],"collection":[{"href":"https:\/\/redaccionjuvenil.es\/index.php?rest_route=\/wp\/v2\/posts"}],"about":[{"href":"https:\/\/redaccionjuvenil.es\/index.php?rest_route=\/wp\/v2\/types\/post"}],"author":[{"embeddable":true,"href":"https:\/\/redaccionjuvenil.es\/index.php?rest_route=\/wp\/v2\/users\/3"}],"replies":[{"embeddable":true,"href":"https:\/\/redaccionjuvenil.es\/index.php?rest_route=%2Fwp%2Fv2%2Fcomments&post=519"}],"version-history":[{"count":8,"href":"https:\/\/redaccionjuvenil.es\/index.php?rest_route=\/wp\/v2\/posts\/519\/revisions"}],"predecessor-version":[{"id":566,"href":"https:\/\/redaccionjuvenil.es\/index.php?rest_route=\/wp\/v2\/posts\/519\/revisions\/566"}],"wp:featuredmedia":[{"embeddable":true,"href":"https:\/\/redaccionjuvenil.es\/index.php?rest_route=\/wp\/v2\/media\/525"}],"wp:attachment":[{"href":"https:\/\/redaccionjuvenil.es\/index.php?rest_route=%2Fwp%2Fv2%2Fmedia&parent=519"}],"wp:term":[{"taxonomy":"category","embeddable":true,"href":"https:\/\/redaccionjuvenil.es\/index.php?rest_route=%2Fwp%2Fv2%2Fcategories&post=519"},{"taxonomy":"post_tag","embeddable":true,"href":"https:\/\/redaccionjuvenil.es\/index.php?rest_route=%2Fwp%2Fv2%2Ftags&post=519"}],"curies":[{"name":"wp","href":"https:\/\/api.w.org\/{rel}","templated":true}]}}