{"id":532,"date":"2026-03-23T20:38:41","date_gmt":"2026-03-23T20:38:41","guid":{"rendered":"https:\/\/redaccionjuvenil.es\/?p=532"},"modified":"2026-04-08T14:23:46","modified_gmt":"2026-04-08T14:23:46","slug":"seguridad-y-proteccion-en-msc-scouts","status":"publish","type":"post","link":"https:\/\/redaccionjuvenil.es\/?p=532","title":{"rendered":"Seguridad y protecci\u00f3n en MSC Scouts"},"content":{"rendered":"\n<p>La <strong>violencia en j\u00f3venes<\/strong> es la que sucede entre personas de <strong>10 a 29 a\u00f1os<\/strong>, que no son parientes y que pueden o no conocerse, adem\u00e1s de que suelen ocurrir fuera del hogar, seg\u00fan la <a href=\"https:\/\/www.who.int\/es\/news-room\/fact-sheets\/detail\/youth-violence\" target=\"_blank\" rel=\"noreferrer noopener\"><strong>OMS<\/strong><\/a>.<\/p>\n\n\n\n<p>La violencia juvenil puede presentarse de muchos tipos, siendo los m\u00e1s comunes:<\/p>\n\n\n\n<ul class=\"wp-block-list\">\n<li>La <strong>forma f\u00edsica<\/strong> (homicidios, lesiones, acoso, agresiones sexuales, etc.).<\/li>\n\n\n\n<li>La forma <strong>psicol\u00f3gica<\/strong> (bullying, cyberbullying, etc.).<\/li>\n<\/ul>\n\n\n\n<p>Normalmente la violencia juvenil deriva en <strong>problemas para la salud<\/strong> de las personas que lo sufren, como lesiones, discapacidades, enfermedades cr\u00f3nicas o incluso la muerte.<\/p>\n\n\n\n<h2 class=\"wp-block-heading\">Factores de riesgo<\/h2>\n\n\n\n<p>Seg\u00fan la OMS, los <strong>factores de riesgo<\/strong> se dividen en 3:<\/p>\n\n\n\n<ul class=\"wp-block-list\">\n<li>Los que est\u00e1n ligados al <strong>individuo<\/strong>, como el contacto temprano con alcohol, drogas y tabaco, la implicaci\u00f3n en delitos o la exposici\u00f3n a la violencia en el n\u00facleo familiar, entre otros.<\/li>\n\n\n\n<li>Los ligados a las <strong>personas cercanas<\/strong>, como puede ser una depresi\u00f3n de los padres, bajos ingresos de la familia o asociarse con compa\u00f1eros delincuentes o directamente a una banda criminal, entre otros.<\/li>\n\n\n\n<li>Los ligados a la c<strong>omunidad o sociedad en general<\/strong>, siendo ejemplos el acceso a armas de fuego y mal uso de ellas, suministro local de drogas il\u00edcitas o la calidad del gobierno del pa\u00eds.<\/li>\n<\/ul>\n\n\n\n<p>Gracias a la OMS y sus asociados, esta violencia se ha visto <strong>reducida<\/strong> en general gracias a los sistemas de prevenci\u00f3n que han llevado a cabo desde hace unos a\u00f1os (contin\u00faan elaborando acciones).<\/p>\n\n\n\n<p>Algunas de las acciones son:<\/p>\n\n\n\n<ul class=\"wp-block-list\">\n<li>Fortalecer los programas escolares de prevenci\u00f3n de la violencia.<\/li>\n\n\n\n<li>Llamar la atenci\u00f3n sobre la magnitud de la violencia juvenil.<\/li>\n\n\n\n<li>Reunir y mostrar evidencias sobre que sus sistemas funcionan.<\/li>\n<\/ul>\n\n\n\n<h2 class=\"wp-block-heading\">MSC Scouts<\/h2>\n\n\n\n<p><a href=\"https:\/\/scoutscyl.org\/\" target=\"_blank\" rel=\"noreferrer noopener\">Desde <strong>MSC Scouts de Castilla y Le\u00f3n<\/strong><\/a>, \u201cla protecci\u00f3n y el bienestar de la infancia y la juventud son la base de la labor educativa\u201d, por lo que tienen implementado un programa llamado <em><a href=\"https:\/\/scouts.es\/entorno-seguro\/\" target=\"_blank\" rel=\"noreferrer noopener\"><strong>Entorno Seguro<\/strong><\/a><\/em>, en el que tratan, sobre todo, de prevenir cualquier actividad que pueda derivar en situaciones violentas para los j\u00f3venes scouts.<\/p>\n\n\n\n<p>Para asegurar el cumplimiento de los principios antes mencionados, tambi\u00e9n cuentan con un <strong><em><a href=\"https:\/\/www.sofidya.com\/canal-etico.php?id=b661ea38eab48b47f4051626300c3fa5d62cfc999185bbc5e1bf5e8d42071faf\" target=\"_blank\" rel=\"noreferrer noopener\">Canal \u00c9tico de Denuncias<\/a><\/em> oficial<\/strong>, desde el que cualquier organizaci\u00f3n o persona pueda comunicar cualquier conducta inapropiada que est\u00e9 siguiendo una persona que forme parte o interact\u00fae en general con la asociaci\u00f3n.<\/p>\n\n\n\n<figure class=\"wp-block-image size-large is-resized\"><img loading=\"lazy\" decoding=\"async\" width=\"1024\" height=\"543\" src=\"https:\/\/redaccionjuvenil.es\/wp-content\/uploads\/2026\/03\/Captura-de-pantalla-2026-03-22-202010-1024x543.png\" alt=\"Pantallazo del Canal \u00c9tico de Denuncias oficial\" class=\"wp-image-533\" style=\"aspect-ratio:1.885852597607605;width:621px;height:auto\" srcset=\"https:\/\/redaccionjuvenil.es\/wp-content\/uploads\/2026\/03\/Captura-de-pantalla-2026-03-22-202010-1024x543.png 1024w, https:\/\/redaccionjuvenil.es\/wp-content\/uploads\/2026\/03\/Captura-de-pantalla-2026-03-22-202010-300x159.png 300w, https:\/\/redaccionjuvenil.es\/wp-content\/uploads\/2026\/03\/Captura-de-pantalla-2026-03-22-202010-768x407.png 768w, https:\/\/redaccionjuvenil.es\/wp-content\/uploads\/2026\/03\/Captura-de-pantalla-2026-03-22-202010-1536x815.png 1536w, https:\/\/redaccionjuvenil.es\/wp-content\/uploads\/2026\/03\/Captura-de-pantalla-2026-03-22-202010.png 1587w\" sizes=\"auto, (max-width: 1024px) 100vw, 1024px\" \/><figcaption class=\"wp-element-caption\">Pantallazo del <em>Canal \u00c9tico de Denuncias <\/em>oficial.<\/figcaption><\/figure>\n\n\n\n<p>Gracias a asociaciones como MSC Scouts y programas como <em>Entorno Seguro<\/em>, la <strong>violencia juvenil<\/strong> <strong>disminuye <\/strong>en gran medida en este tipo de entornos, por lo que participar en ellos como voluntario (u otro tipo de rol), ayuda a <strong>mejorar la convivencia<\/strong> entre j\u00f3venes y a generar v\u00ednculos y valores \u00fanicos.<\/p>\n","protected":false},"excerpt":{"rendered":"<p>La violencia en j\u00f3venes es la que sucede entre personas de 10 a 29 a\u00f1os, que no son parientes y que pueden o no conocerse, adem\u00e1s de que suelen ocurrir&#8230;<\/p>\n","protected":false},"author":11,"featured_media":534,"comment_status":"open","ping_status":"open","sticky":false,"template":"","format":"standard","meta":{"_kadence_starter_templates_imported_post":false,"footnotes":""},"categories":[22,1,8,23,13,2,16],"tags":[41,37,33,39],"class_list":["post-532","post","type-post","status-publish","format-standard","has-post-thumbnail","hentry","category-activismo","category-actualidad","category-asociacionismo","category-destacado","category-msc-scouts","category-noticias","category-te-interesa","tag-entorno-seguro","tag-msc-scouts","tag-oms","tag-violencia-juvenil"],"yoast_head":"<!-- This site is optimized with the Yoast SEO plugin v27.1.1 - https:\/\/yoast.com\/product\/yoast-seo-wordpress\/ -->\n<title>Seguridad y protecci\u00f3n en MSC Scouts - RED-ACCI\u00d3N JUVENIL<\/title>\n<meta name=\"robots\" content=\"index, follow, max-snippet:-1, max-image-preview:large, max-video-preview:-1\" \/>\n<link rel=\"canonical\" href=\"https:\/\/redaccionjuvenil.es\/?p=532\" \/>\n<meta property=\"og:locale\" content=\"es_ES\" \/>\n<meta property=\"og:type\" content=\"article\" \/>\n<meta property=\"og:title\" content=\"Seguridad y protecci\u00f3n en MSC Scouts - RED-ACCI\u00d3N JUVENIL\" \/>\n<meta property=\"og:description\" content=\"La violencia en j\u00f3venes es la que sucede entre personas de 10 a 29 a\u00f1os, que no son parientes y que pueden o no conocerse, adem\u00e1s de que suelen ocurrir...\" \/>\n<meta property=\"og:url\" content=\"https:\/\/redaccionjuvenil.es\/?p=532\" \/>\n<meta property=\"og:site_name\" content=\"RED-ACCI\u00d3N JUVENIL\" \/>\n<meta property=\"article:published_time\" content=\"2026-03-23T20:38:41+00:00\" \/>\n<meta property=\"article:modified_time\" content=\"2026-04-08T14:23:46+00:00\" \/>\n<meta property=\"og:image\" content=\"https:\/\/redaccionjuvenil.es\/wp-content\/uploads\/2026\/03\/entorno-seguro-scouts-cyl.webp\" \/>\n\t<meta property=\"og:image:width\" content=\"601\" \/>\n\t<meta property=\"og:image:height\" content=\"395\" \/>\n\t<meta property=\"og:image:type\" content=\"image\/webp\" \/>\n<meta name=\"author\" content=\"Rodrigo Hern\u00e1ndez\" \/>\n<meta name=\"twitter:card\" content=\"summary_large_image\" \/>\n<meta name=\"twitter:label1\" content=\"Escrito por\" \/>\n\t<meta name=\"twitter:data1\" content=\"Rodrigo Hern\u00e1ndez\" \/>\n\t<meta name=\"twitter:label2\" content=\"Tiempo de lectura\" \/>\n\t<meta name=\"twitter:data2\" content=\"3 minutos\" \/>\n<script type=\"application\/ld+json\" class=\"yoast-schema-graph\">{\"@context\":\"https:\/\/schema.org\",\"@graph\":[{\"@type\":\"Article\",\"@id\":\"https:\/\/redaccionjuvenil.es\/?p=532#article\",\"isPartOf\":{\"@id\":\"https:\/\/redaccionjuvenil.es\/?p=532\"},\"author\":{\"name\":\"Rodrigo Hern\u00e1ndez\",\"@id\":\"https:\/\/redaccionjuvenil.es\/#\/schema\/person\/f78175a2dc065b27ee9932d61c42a1a3\"},\"headline\":\"Seguridad y protecci\u00f3n en MSC Scouts\",\"datePublished\":\"2026-03-23T20:38:41+00:00\",\"dateModified\":\"2026-04-08T14:23:46+00:00\",\"mainEntityOfPage\":{\"@id\":\"https:\/\/redaccionjuvenil.es\/?p=532\"},\"wordCount\":459,\"commentCount\":0,\"publisher\":{\"@id\":\"https:\/\/redaccionjuvenil.es\/#organization\"},\"image\":{\"@id\":\"https:\/\/redaccionjuvenil.es\/?p=532#primaryimage\"},\"thumbnailUrl\":\"https:\/\/redaccionjuvenil.es\/wp-content\/uploads\/2026\/03\/entorno-seguro-scouts-cyl.webp\",\"keywords\":[\"Entorno Seguro\",\"MSC Scouts\",\"OMS\",\"Violencia juvenil\"],\"articleSection\":[\"Activismo\",\"Actualidad\",\"Asociacionismo\",\"Destacado\",\"MSC Scouts\",\"Noticias\",\"Te interesa\"],\"inLanguage\":\"es\",\"potentialAction\":[{\"@type\":\"CommentAction\",\"name\":\"Comment\",\"target\":[\"https:\/\/redaccionjuvenil.es\/?p=532#respond\"]}]},{\"@type\":\"WebPage\",\"@id\":\"https:\/\/redaccionjuvenil.es\/?p=532\",\"url\":\"https:\/\/redaccionjuvenil.es\/?p=532\",\"name\":\"Seguridad y protecci\u00f3n en MSC Scouts - RED-ACCI\u00d3N JUVENIL\",\"isPartOf\":{\"@id\":\"https:\/\/redaccionjuvenil.es\/#website\"},\"primaryImageOfPage\":{\"@id\":\"https:\/\/redaccionjuvenil.es\/?p=532#primaryimage\"},\"image\":{\"@id\":\"https:\/\/redaccionjuvenil.es\/?p=532#primaryimage\"},\"thumbnailUrl\":\"https:\/\/redaccionjuvenil.es\/wp-content\/uploads\/2026\/03\/entorno-seguro-scouts-cyl.webp\",\"datePublished\":\"2026-03-23T20:38:41+00:00\",\"dateModified\":\"2026-04-08T14:23:46+00:00\",\"breadcrumb\":{\"@id\":\"https:\/\/redaccionjuvenil.es\/?p=532#breadcrumb\"},\"inLanguage\":\"es\",\"potentialAction\":[{\"@type\":\"ReadAction\",\"target\":[\"https:\/\/redaccionjuvenil.es\/?p=532\"]}]},{\"@type\":\"ImageObject\",\"inLanguage\":\"es\",\"@id\":\"https:\/\/redaccionjuvenil.es\/?p=532#primaryimage\",\"url\":\"https:\/\/redaccionjuvenil.es\/wp-content\/uploads\/2026\/03\/entorno-seguro-scouts-cyl.webp\",\"contentUrl\":\"https:\/\/redaccionjuvenil.es\/wp-content\/uploads\/2026\/03\/entorno-seguro-scouts-cyl.webp\",\"width\":601,\"height\":395},{\"@type\":\"BreadcrumbList\",\"@id\":\"https:\/\/redaccionjuvenil.es\/?p=532#breadcrumb\",\"itemListElement\":[{\"@type\":\"ListItem\",\"position\":1,\"name\":\"Portada\",\"item\":\"https:\/\/redaccionjuvenil.es\/\"},{\"@type\":\"ListItem\",\"position\":2,\"name\":\"Seguridad y protecci\u00f3n en MSC Scouts\"}]},{\"@type\":\"WebSite\",\"@id\":\"https:\/\/redaccionjuvenil.es\/#website\",\"url\":\"https:\/\/redaccionjuvenil.es\/\",\"name\":\"RED-ACCI\u00d3N JUVENIL\",\"description\":\"DONDE LA JUVENTUD INFORMA Y TRANSFORMA\",\"publisher\":{\"@id\":\"https:\/\/redaccionjuvenil.es\/#organization\"},\"potentialAction\":[{\"@type\":\"SearchAction\",\"target\":{\"@type\":\"EntryPoint\",\"urlTemplate\":\"https:\/\/redaccionjuvenil.es\/?s={search_term_string}\"},\"query-input\":{\"@type\":\"PropertyValueSpecification\",\"valueRequired\":true,\"valueName\":\"search_term_string\"}}],\"inLanguage\":\"es\"},{\"@type\":\"Organization\",\"@id\":\"https:\/\/redaccionjuvenil.es\/#organization\",\"name\":\"RED-ACCI\u00d3N JUVENIL\",\"url\":\"https:\/\/redaccionjuvenil.es\/\",\"logo\":{\"@type\":\"ImageObject\",\"inLanguage\":\"es\",\"@id\":\"https:\/\/redaccionjuvenil.es\/#\/schema\/logo\/image\/\",\"url\":\"https:\/\/redaccionjuvenil.es\/wp-content\/uploads\/2026\/03\/cropped-cropped-logo_redaccion_juvenil_primer_propuesta-1.png\",\"contentUrl\":\"https:\/\/redaccionjuvenil.es\/wp-content\/uploads\/2026\/03\/cropped-cropped-logo_redaccion_juvenil_primer_propuesta-1.png\",\"width\":723,\"height\":723,\"caption\":\"RED-ACCI\u00d3N JUVENIL\"},\"image\":{\"@id\":\"https:\/\/redaccionjuvenil.es\/#\/schema\/logo\/image\/\"}},{\"@type\":\"Person\",\"@id\":\"https:\/\/redaccionjuvenil.es\/#\/schema\/person\/f78175a2dc065b27ee9932d61c42a1a3\",\"name\":\"Rodrigo Hern\u00e1ndez\",\"image\":{\"@type\":\"ImageObject\",\"inLanguage\":\"es\",\"@id\":\"https:\/\/redaccionjuvenil.es\/#\/schema\/person\/image\/\",\"url\":\"https:\/\/secure.gravatar.com\/avatar\/0024b9f224595a4cd8efe1f861a1aa3b22462402bd9e9d0be437803a6ea13d9f?s=96&d=mm&r=g\",\"contentUrl\":\"https:\/\/secure.gravatar.com\/avatar\/0024b9f224595a4cd8efe1f861a1aa3b22462402bd9e9d0be437803a6ea13d9f?s=96&d=mm&r=g\",\"caption\":\"Rodrigo Hern\u00e1ndez\"},\"sameAs\":[\"http:\/\/RedaccionJ2026!\"],\"url\":\"https:\/\/redaccionjuvenil.es\/?author=11\"}]}<\/script>\n<!-- \/ Yoast SEO plugin. -->","yoast_head_json":{"title":"Seguridad y protecci\u00f3n en MSC Scouts - RED-ACCI\u00d3N JUVENIL","robots":{"index":"index","follow":"follow","max-snippet":"max-snippet:-1","max-image-preview":"max-image-preview:large","max-video-preview":"max-video-preview:-1"},"canonical":"https:\/\/redaccionjuvenil.es\/?p=532","og_locale":"es_ES","og_type":"article","og_title":"Seguridad y protecci\u00f3n en MSC Scouts - RED-ACCI\u00d3N JUVENIL","og_description":"La violencia en j\u00f3venes es la que sucede entre personas de 10 a 29 a\u00f1os, que no son parientes y que pueden o no conocerse, adem\u00e1s de que suelen ocurrir...","og_url":"https:\/\/redaccionjuvenil.es\/?p=532","og_site_name":"RED-ACCI\u00d3N JUVENIL","article_published_time":"2026-03-23T20:38:41+00:00","article_modified_time":"2026-04-08T14:23:46+00:00","og_image":[{"width":601,"height":395,"url":"https:\/\/redaccionjuvenil.es\/wp-content\/uploads\/2026\/03\/entorno-seguro-scouts-cyl.webp","type":"image\/webp"}],"author":"Rodrigo Hern\u00e1ndez","twitter_card":"summary_large_image","twitter_misc":{"Escrito por":"Rodrigo Hern\u00e1ndez","Tiempo de lectura":"3 minutos"},"schema":{"@context":"https:\/\/schema.org","@graph":[{"@type":"Article","@id":"https:\/\/redaccionjuvenil.es\/?p=532#article","isPartOf":{"@id":"https:\/\/redaccionjuvenil.es\/?p=532"},"author":{"name":"Rodrigo Hern\u00e1ndez","@id":"https:\/\/redaccionjuvenil.es\/#\/schema\/person\/f78175a2dc065b27ee9932d61c42a1a3"},"headline":"Seguridad y protecci\u00f3n en MSC Scouts","datePublished":"2026-03-23T20:38:41+00:00","dateModified":"2026-04-08T14:23:46+00:00","mainEntityOfPage":{"@id":"https:\/\/redaccionjuvenil.es\/?p=532"},"wordCount":459,"commentCount":0,"publisher":{"@id":"https:\/\/redaccionjuvenil.es\/#organization"},"image":{"@id":"https:\/\/redaccionjuvenil.es\/?p=532#primaryimage"},"thumbnailUrl":"https:\/\/redaccionjuvenil.es\/wp-content\/uploads\/2026\/03\/entorno-seguro-scouts-cyl.webp","keywords":["Entorno Seguro","MSC Scouts","OMS","Violencia juvenil"],"articleSection":["Activismo","Actualidad","Asociacionismo","Destacado","MSC Scouts","Noticias","Te interesa"],"inLanguage":"es","potentialAction":[{"@type":"CommentAction","name":"Comment","target":["https:\/\/redaccionjuvenil.es\/?p=532#respond"]}]},{"@type":"WebPage","@id":"https:\/\/redaccionjuvenil.es\/?p=532","url":"https:\/\/redaccionjuvenil.es\/?p=532","name":"Seguridad y protecci\u00f3n en MSC Scouts - RED-ACCI\u00d3N JUVENIL","isPartOf":{"@id":"https:\/\/redaccionjuvenil.es\/#website"},"primaryImageOfPage":{"@id":"https:\/\/redaccionjuvenil.es\/?p=532#primaryimage"},"image":{"@id":"https:\/\/redaccionjuvenil.es\/?p=532#primaryimage"},"thumbnailUrl":"https:\/\/redaccionjuvenil.es\/wp-content\/uploads\/2026\/03\/entorno-seguro-scouts-cyl.webp","datePublished":"2026-03-23T20:38:41+00:00","dateModified":"2026-04-08T14:23:46+00:00","breadcrumb":{"@id":"https:\/\/redaccionjuvenil.es\/?p=532#breadcrumb"},"inLanguage":"es","potentialAction":[{"@type":"ReadAction","target":["https:\/\/redaccionjuvenil.es\/?p=532"]}]},{"@type":"ImageObject","inLanguage":"es","@id":"https:\/\/redaccionjuvenil.es\/?p=532#primaryimage","url":"https:\/\/redaccionjuvenil.es\/wp-content\/uploads\/2026\/03\/entorno-seguro-scouts-cyl.webp","contentUrl":"https:\/\/redaccionjuvenil.es\/wp-content\/uploads\/2026\/03\/entorno-seguro-scouts-cyl.webp","width":601,"height":395},{"@type":"BreadcrumbList","@id":"https:\/\/redaccionjuvenil.es\/?p=532#breadcrumb","itemListElement":[{"@type":"ListItem","position":1,"name":"Portada","item":"https:\/\/redaccionjuvenil.es\/"},{"@type":"ListItem","position":2,"name":"Seguridad y protecci\u00f3n en MSC Scouts"}]},{"@type":"WebSite","@id":"https:\/\/redaccionjuvenil.es\/#website","url":"https:\/\/redaccionjuvenil.es\/","name":"RED-ACCI\u00d3N JUVENIL","description":"DONDE LA JUVENTUD INFORMA Y TRANSFORMA","publisher":{"@id":"https:\/\/redaccionjuvenil.es\/#organization"},"potentialAction":[{"@type":"SearchAction","target":{"@type":"EntryPoint","urlTemplate":"https:\/\/redaccionjuvenil.es\/?s={search_term_string}"},"query-input":{"@type":"PropertyValueSpecification","valueRequired":true,"valueName":"search_term_string"}}],"inLanguage":"es"},{"@type":"Organization","@id":"https:\/\/redaccionjuvenil.es\/#organization","name":"RED-ACCI\u00d3N JUVENIL","url":"https:\/\/redaccionjuvenil.es\/","logo":{"@type":"ImageObject","inLanguage":"es","@id":"https:\/\/redaccionjuvenil.es\/#\/schema\/logo\/image\/","url":"https:\/\/redaccionjuvenil.es\/wp-content\/uploads\/2026\/03\/cropped-cropped-logo_redaccion_juvenil_primer_propuesta-1.png","contentUrl":"https:\/\/redaccionjuvenil.es\/wp-content\/uploads\/2026\/03\/cropped-cropped-logo_redaccion_juvenil_primer_propuesta-1.png","width":723,"height":723,"caption":"RED-ACCI\u00d3N JUVENIL"},"image":{"@id":"https:\/\/redaccionjuvenil.es\/#\/schema\/logo\/image\/"}},{"@type":"Person","@id":"https:\/\/redaccionjuvenil.es\/#\/schema\/person\/f78175a2dc065b27ee9932d61c42a1a3","name":"Rodrigo Hern\u00e1ndez","image":{"@type":"ImageObject","inLanguage":"es","@id":"https:\/\/redaccionjuvenil.es\/#\/schema\/person\/image\/","url":"https:\/\/secure.gravatar.com\/avatar\/0024b9f224595a4cd8efe1f861a1aa3b22462402bd9e9d0be437803a6ea13d9f?s=96&d=mm&r=g","contentUrl":"https:\/\/secure.gravatar.com\/avatar\/0024b9f224595a4cd8efe1f861a1aa3b22462402bd9e9d0be437803a6ea13d9f?s=96&d=mm&r=g","caption":"Rodrigo Hern\u00e1ndez"},"sameAs":["http:\/\/RedaccionJ2026!"],"url":"https:\/\/redaccionjuvenil.es\/?author=11"}]}},"_links":{"self":[{"href":"https:\/\/redaccionjuvenil.es\/index.php?rest_route=\/wp\/v2\/posts\/532","targetHints":{"allow":["GET"]}}],"collection":[{"href":"https:\/\/redaccionjuvenil.es\/index.php?rest_route=\/wp\/v2\/posts"}],"about":[{"href":"https:\/\/redaccionjuvenil.es\/index.php?rest_route=\/wp\/v2\/types\/post"}],"author":[{"embeddable":true,"href":"https:\/\/redaccionjuvenil.es\/index.php?rest_route=\/wp\/v2\/users\/11"}],"replies":[{"embeddable":true,"href":"https:\/\/redaccionjuvenil.es\/index.php?rest_route=%2Fwp%2Fv2%2Fcomments&post=532"}],"version-history":[{"count":4,"href":"https:\/\/redaccionjuvenil.es\/index.php?rest_route=\/wp\/v2\/posts\/532\/revisions"}],"predecessor-version":[{"id":567,"href":"https:\/\/redaccionjuvenil.es\/index.php?rest_route=\/wp\/v2\/posts\/532\/revisions\/567"}],"wp:featuredmedia":[{"embeddable":true,"href":"https:\/\/redaccionjuvenil.es\/index.php?rest_route=\/wp\/v2\/media\/534"}],"wp:attachment":[{"href":"https:\/\/redaccionjuvenil.es\/index.php?rest_route=%2Fwp%2Fv2%2Fmedia&parent=532"}],"wp:term":[{"taxonomy":"category","embeddable":true,"href":"https:\/\/redaccionjuvenil.es\/index.php?rest_route=%2Fwp%2Fv2%2Fcategories&post=532"},{"taxonomy":"post_tag","embeddable":true,"href":"https:\/\/redaccionjuvenil.es\/index.php?rest_route=%2Fwp%2Fv2%2Ftags&post=532"}],"curies":[{"name":"wp","href":"https:\/\/api.w.org\/{rel}","templated":true}]}}