{"id":540,"date":"2026-03-23T17:33:28","date_gmt":"2026-03-23T17:33:28","guid":{"rendered":"https:\/\/redaccionjuvenil.es\/?p=540"},"modified":"2026-03-23T17:33:31","modified_gmt":"2026-03-23T17:33:31","slug":"don-bosco-celebra-su-encuentro-ief-2026","status":"publish","type":"post","link":"https:\/\/redaccionjuvenil.es\/?p=540","title":{"rendered":"Don Bosco celebra su &#8216;Encuentro IEF 2026&#8217;"},"content":{"rendered":"<div class=\"has-link-color wp-elements-6a63b6a2e7b991562253a93884ae95c0 wp-block-post-author-name has-text-color has-cyan-bluish-gray-color has-small-font-size\">Alba Hernandez<\/div>\n\n\n<p>La <a href=\"https:\/\/www.federboscocyl.org\/\" target=\"_blank\" rel=\"noreferrer noopener\">Federaci\u00f3n de Centros Juveniles Don Bosco<\/a> celebra su <strong>Encuentro IEF 2026<\/strong>. Las asociaciones de Valladolid, Villamuriel, Avil\u00e9s y Le\u00f3n se re\u00fanen en esta \u00faltima ciudad para disfrutar de reencuentros, juegos y actividades.<\/p>\n\n\n\n<p>Desde las 11 de la ma\u00f1ana del <strong>s\u00e1bado 21 de marzo<\/strong>, los ni\u00f1os y j\u00f3venes han pasado un d\u00eda \u00fanico en el <strong>Centro Don Bosco de Le\u00f3n<\/strong>. La primavera se hac\u00eda ver para que todo superara las expectativas de la diversi\u00f3n. \u00abSaltimbanquis\u00bb, \u00abADS\u00bb, \u00abAndainas\u00bb y \u00abAdos\u00bb son los grupos que se formaron seg\u00fan la edad de los ni\u00f1os, de menor a mayor.<\/p>\n\n\n\n<p>Esta edici\u00f3n, en concreto, es m\u00e1s especial a\u00fan, pues Don Bosco cumple 50 a\u00f1os, y la formaci\u00f3n de sus Centro Juveniles 30. Esta organizaci\u00f3n salesiana educa en los <a href=\"https:\/\/www.federboscocyl.org\/conocenos\/#mision\" target=\"_blank\" rel=\"noreferrer noopener\">valores cristianos<\/a>, con reuniones en las respectivas ciudades para conocerse y pasar un rato agradable.<\/p>\n\n\n\n<p><\/p>\n\n\n\n<p>Cada grupo ten\u00eda un prop\u00f3sito distinto:<\/p>\n\n\n\n<div class=\"wp-block-cover\"><img loading=\"lazy\" decoding=\"async\" width=\"577\" height=\"350\" class=\"wp-block-cover__image-background wp-image-555\" alt=\"\" src=\"https:\/\/redaccionjuvenil.es\/wp-content\/uploads\/2026\/03\/image-10.png\" data-object-fit=\"cover\" srcset=\"https:\/\/redaccionjuvenil.es\/wp-content\/uploads\/2026\/03\/image-10.png 577w, https:\/\/redaccionjuvenil.es\/wp-content\/uploads\/2026\/03\/image-10-300x182.png 300w\" sizes=\"auto, (max-width: 577px) 100vw, 577px\" \/><span aria-hidden=\"true\" class=\"wp-block-cover__background has-background-dim\"><\/span><div class=\"wp-block-cover__inner-container is-layout-flow wp-block-cover-is-layout-flow\">\n<p class=\"has-text-align-center has-medium-font-size\">Los m\u00e1s peque\u00f1os (\u00abSaltimbanquis\u00bb) experimentaron unas olimpiadas de la Antigua Grecia, con sus monitores vestidos para la ocasi\u00f3n.<\/p>\n<\/div><\/div>\n\n\n\n<div class=\"wp-block-cover\"><img loading=\"lazy\" decoding=\"async\" width=\"568\" height=\"426\" class=\"wp-block-cover__image-background wp-image-554\" alt=\"\" src=\"https:\/\/redaccionjuvenil.es\/wp-content\/uploads\/2026\/03\/image-9.png\" data-object-fit=\"cover\" srcset=\"https:\/\/redaccionjuvenil.es\/wp-content\/uploads\/2026\/03\/image-9.png 568w, https:\/\/redaccionjuvenil.es\/wp-content\/uploads\/2026\/03\/image-9-300x225.png 300w\" sizes=\"auto, (max-width: 568px) 100vw, 568px\" \/><span aria-hidden=\"true\" class=\"wp-block-cover__background has-background-dim\"><\/span><div class=\"wp-block-cover__inner-container is-layout-flow wp-block-cover-is-layout-flow\">\n<p class=\"has-text-align-center has-medium-font-size\">El grupo \u00abADS\u00bb, el de los preadolescentes, se dedic\u00f3 a conocer y convivir con chicos y chicas de su misma edad y con situaciones parecidas.<\/p>\n<\/div><\/div>\n\n\n\n<div class=\"wp-block-cover\"><img loading=\"lazy\" decoding=\"async\" width=\"567\" height=\"425\" class=\"wp-block-cover__image-background wp-image-551\" alt=\"\" src=\"https:\/\/redaccionjuvenil.es\/wp-content\/uploads\/2026\/03\/image-6.png\" data-object-fit=\"cover\" srcset=\"https:\/\/redaccionjuvenil.es\/wp-content\/uploads\/2026\/03\/image-6.png 567w, https:\/\/redaccionjuvenil.es\/wp-content\/uploads\/2026\/03\/image-6-300x225.png 300w\" sizes=\"auto, (max-width: 567px) 100vw, 567px\" \/><span aria-hidden=\"true\" class=\"wp-block-cover__background has-background-dim\"><\/span><div class=\"wp-block-cover__inner-container is-layout-flow wp-block-cover-is-layout-flow\">\n<p class=\"has-text-align-center has-medium-font-size\">\u00abAndainas\u00bb, con el pa\u00f1uelo amarillo, tuvieron de protagonista a David el Gnomo.<\/p>\n<\/div><\/div>\n\n\n\n<div class=\"wp-block-cover\"><img loading=\"lazy\" decoding=\"async\" width=\"567\" height=\"563\" class=\"wp-block-cover__image-background wp-image-553\" alt=\"\" src=\"https:\/\/redaccionjuvenil.es\/wp-content\/uploads\/2026\/03\/image-8.png\" data-object-fit=\"cover\" srcset=\"https:\/\/redaccionjuvenil.es\/wp-content\/uploads\/2026\/03\/image-8.png 567w, https:\/\/redaccionjuvenil.es\/wp-content\/uploads\/2026\/03\/image-8-300x298.png 300w, https:\/\/redaccionjuvenil.es\/wp-content\/uploads\/2026\/03\/image-8-150x150.png 150w\" sizes=\"auto, (max-width: 567px) 100vw, 567px\" \/><span aria-hidden=\"true\" class=\"wp-block-cover__background has-background-dim\"><\/span><div class=\"wp-block-cover__inner-container is-layout-flow wp-block-cover-is-layout-flow\">\n<p class=\"has-text-align-center has-medium-font-size\">Y, por \u00faltimo, los m\u00e1s mayores aprendieron la importancia de reciclar y xerografiaron bolsos con el logo de Europa Circular.<\/p>\n<\/div><\/div>\n\n\n\n<p><\/p>\n","protected":false},"excerpt":{"rendered":"<p>La Federaci\u00f3n de Centros Juveniles Don Bosco celebra su Encuentro IEF 2026. Las asociaciones de Valladolid, Villamuriel, Avil\u00e9s y Le\u00f3n se re\u00fanen en esta \u00faltima ciudad para disfrutar de reencuentros,&#8230;<\/p>\n","protected":false},"author":10,"featured_media":561,"comment_status":"open","ping_status":"open","sticky":false,"template":"","format":"standard","meta":{"_kadence_starter_templates_imported_post":false,"footnotes":""},"categories":[1,12,2,20],"tags":[54,53,50,44,46,48],"class_list":["post-540","post","type-post","status-publish","format-standard","has-post-thumbnail","hentry","category-actualidad","category-don-bosco","category-noticias","category-ocio","tag-asociacionismo","tag-asociacionismojuvenil","tag-aviles","tag-donbosco","tag-salesianos","tag-valladolid"],"yoast_head":"<!-- This site is optimized with the Yoast SEO plugin v27.1.1 - https:\/\/yoast.com\/product\/yoast-seo-wordpress\/ -->\n<title>Don Bosco celebra su &#039;Encuentro IEF 2026&#039; - RED-ACCI\u00d3N JUVENIL<\/title>\n<meta name=\"robots\" content=\"index, follow, max-snippet:-1, max-image-preview:large, max-video-preview:-1\" \/>\n<link rel=\"canonical\" href=\"https:\/\/redaccionjuvenil.es\/?p=540\" \/>\n<meta property=\"og:locale\" content=\"es_ES\" \/>\n<meta property=\"og:type\" content=\"article\" \/>\n<meta property=\"og:title\" content=\"Don Bosco celebra su &#039;Encuentro IEF 2026&#039; - RED-ACCI\u00d3N JUVENIL\" \/>\n<meta property=\"og:description\" content=\"La Federaci\u00f3n de Centros Juveniles Don Bosco celebra su Encuentro IEF 2026. Las asociaciones de Valladolid, Villamuriel, Avil\u00e9s y Le\u00f3n se re\u00fanen en esta \u00faltima ciudad para disfrutar de reencuentros,...\" \/>\n<meta property=\"og:url\" content=\"https:\/\/redaccionjuvenil.es\/?p=540\" \/>\n<meta property=\"og:site_name\" content=\"RED-ACCI\u00d3N JUVENIL\" \/>\n<meta property=\"article:published_time\" content=\"2026-03-23T17:33:28+00:00\" \/>\n<meta property=\"article:modified_time\" content=\"2026-03-23T17:33:31+00:00\" \/>\n<meta property=\"og:image\" content=\"https:\/\/redaccionjuvenil.es\/wp-content\/uploads\/2026\/03\/IMG-20260312-WA0108-1.jpg\" \/>\n\t<meta property=\"og:image:width\" content=\"1131\" \/>\n\t<meta property=\"og:image:height\" content=\"1024\" \/>\n\t<meta property=\"og:image:type\" content=\"image\/jpeg\" \/>\n<meta name=\"author\" content=\"Alba Hernandez\" \/>\n<meta name=\"twitter:card\" content=\"summary_large_image\" \/>\n<meta name=\"twitter:label1\" content=\"Escrito por\" \/>\n\t<meta name=\"twitter:data1\" content=\"Alba Hernandez\" \/>\n\t<meta name=\"twitter:label2\" content=\"Tiempo de lectura\" \/>\n\t<meta name=\"twitter:data2\" content=\"3 minutos\" \/>\n<script type=\"application\/ld+json\" class=\"yoast-schema-graph\">{\"@context\":\"https:\/\/schema.org\",\"@graph\":[{\"@type\":\"Article\",\"@id\":\"https:\/\/redaccionjuvenil.es\/?p=540#article\",\"isPartOf\":{\"@id\":\"https:\/\/redaccionjuvenil.es\/?p=540\"},\"author\":{\"name\":\"Alba Hernandez\",\"@id\":\"https:\/\/redaccionjuvenil.es\/#\/schema\/person\/73489cbede5d15c400594d976afa0a8f\"},\"headline\":\"Don Bosco celebra su &#8216;Encuentro IEF 2026&#8217;\",\"datePublished\":\"2026-03-23T17:33:28+00:00\",\"dateModified\":\"2026-03-23T17:33:31+00:00\",\"mainEntityOfPage\":{\"@id\":\"https:\/\/redaccionjuvenil.es\/?p=540\"},\"wordCount\":247,\"commentCount\":0,\"publisher\":{\"@id\":\"https:\/\/redaccionjuvenil.es\/#organization\"},\"image\":{\"@id\":\"https:\/\/redaccionjuvenil.es\/?p=540#primaryimage\"},\"thumbnailUrl\":\"https:\/\/redaccionjuvenil.es\/wp-content\/uploads\/2026\/03\/IMG-20260312-WA0108-1.jpg\",\"keywords\":[\"#asociacionismo\",\"#asociacionismojuvenil\",\"#avil\u00e9s\",\"#donbosco\",\"#salesianos\",\"#valladolid\"],\"articleSection\":[\"Actualidad\",\"Don Bosco\",\"Noticias\",\"Ocio\"],\"inLanguage\":\"es\",\"potentialAction\":[{\"@type\":\"CommentAction\",\"name\":\"Comment\",\"target\":[\"https:\/\/redaccionjuvenil.es\/?p=540#respond\"]}]},{\"@type\":\"WebPage\",\"@id\":\"https:\/\/redaccionjuvenil.es\/?p=540\",\"url\":\"https:\/\/redaccionjuvenil.es\/?p=540\",\"name\":\"Don Bosco celebra su 'Encuentro IEF 2026' - RED-ACCI\u00d3N JUVENIL\",\"isPartOf\":{\"@id\":\"https:\/\/redaccionjuvenil.es\/#website\"},\"primaryImageOfPage\":{\"@id\":\"https:\/\/redaccionjuvenil.es\/?p=540#primaryimage\"},\"image\":{\"@id\":\"https:\/\/redaccionjuvenil.es\/?p=540#primaryimage\"},\"thumbnailUrl\":\"https:\/\/redaccionjuvenil.es\/wp-content\/uploads\/2026\/03\/IMG-20260312-WA0108-1.jpg\",\"datePublished\":\"2026-03-23T17:33:28+00:00\",\"dateModified\":\"2026-03-23T17:33:31+00:00\",\"breadcrumb\":{\"@id\":\"https:\/\/redaccionjuvenil.es\/?p=540#breadcrumb\"},\"inLanguage\":\"es\",\"potentialAction\":[{\"@type\":\"ReadAction\",\"target\":[\"https:\/\/redaccionjuvenil.es\/?p=540\"]}]},{\"@type\":\"ImageObject\",\"inLanguage\":\"es\",\"@id\":\"https:\/\/redaccionjuvenil.es\/?p=540#primaryimage\",\"url\":\"https:\/\/redaccionjuvenil.es\/wp-content\/uploads\/2026\/03\/IMG-20260312-WA0108-1.jpg\",\"contentUrl\":\"https:\/\/redaccionjuvenil.es\/wp-content\/uploads\/2026\/03\/IMG-20260312-WA0108-1.jpg\",\"width\":1131,\"height\":1024},{\"@type\":\"BreadcrumbList\",\"@id\":\"https:\/\/redaccionjuvenil.es\/?p=540#breadcrumb\",\"itemListElement\":[{\"@type\":\"ListItem\",\"position\":1,\"name\":\"Portada\",\"item\":\"https:\/\/redaccionjuvenil.es\/\"},{\"@type\":\"ListItem\",\"position\":2,\"name\":\"Don Bosco celebra su &#8216;Encuentro IEF 2026&#8217;\"}]},{\"@type\":\"WebSite\",\"@id\":\"https:\/\/redaccionjuvenil.es\/#website\",\"url\":\"https:\/\/redaccionjuvenil.es\/\",\"name\":\"RED-ACCI\u00d3N JUVENIL\",\"description\":\"DONDE LA JUVENTUD INFORMA Y TRANSFORMA\",\"publisher\":{\"@id\":\"https:\/\/redaccionjuvenil.es\/#organization\"},\"potentialAction\":[{\"@type\":\"SearchAction\",\"target\":{\"@type\":\"EntryPoint\",\"urlTemplate\":\"https:\/\/redaccionjuvenil.es\/?s={search_term_string}\"},\"query-input\":{\"@type\":\"PropertyValueSpecification\",\"valueRequired\":true,\"valueName\":\"search_term_string\"}}],\"inLanguage\":\"es\"},{\"@type\":\"Organization\",\"@id\":\"https:\/\/redaccionjuvenil.es\/#organization\",\"name\":\"RED-ACCI\u00d3N JUVENIL\",\"url\":\"https:\/\/redaccionjuvenil.es\/\",\"logo\":{\"@type\":\"ImageObject\",\"inLanguage\":\"es\",\"@id\":\"https:\/\/redaccionjuvenil.es\/#\/schema\/logo\/image\/\",\"url\":\"https:\/\/redaccionjuvenil.es\/wp-content\/uploads\/2026\/03\/cropped-cropped-logo_redaccion_juvenil_primer_propuesta-1.png\",\"contentUrl\":\"https:\/\/redaccionjuvenil.es\/wp-content\/uploads\/2026\/03\/cropped-cropped-logo_redaccion_juvenil_primer_propuesta-1.png\",\"width\":723,\"height\":723,\"caption\":\"RED-ACCI\u00d3N JUVENIL\"},\"image\":{\"@id\":\"https:\/\/redaccionjuvenil.es\/#\/schema\/logo\/image\/\"}},{\"@type\":\"Person\",\"@id\":\"https:\/\/redaccionjuvenil.es\/#\/schema\/person\/73489cbede5d15c400594d976afa0a8f\",\"name\":\"Alba Hernandez\",\"image\":{\"@type\":\"ImageObject\",\"inLanguage\":\"es\",\"@id\":\"https:\/\/redaccionjuvenil.es\/#\/schema\/person\/image\/\",\"url\":\"https:\/\/secure.gravatar.com\/avatar\/10aa79a9c7f2f97eb66b566f6a2d07fdc6099d28d57703af3df855ef49561955?s=96&d=mm&r=g\",\"contentUrl\":\"https:\/\/secure.gravatar.com\/avatar\/10aa79a9c7f2f97eb66b566f6a2d07fdc6099d28d57703af3df855ef49561955?s=96&d=mm&r=g\",\"caption\":\"Alba Hernandez\"},\"sameAs\":[\"http:\/\/RedaccionJ2026!\"],\"url\":\"https:\/\/redaccionjuvenil.es\/?author=10\"}]}<\/script>\n<!-- \/ Yoast SEO plugin. -->","yoast_head_json":{"title":"Don Bosco celebra su 'Encuentro IEF 2026' - RED-ACCI\u00d3N JUVENIL","robots":{"index":"index","follow":"follow","max-snippet":"max-snippet:-1","max-image-preview":"max-image-preview:large","max-video-preview":"max-video-preview:-1"},"canonical":"https:\/\/redaccionjuvenil.es\/?p=540","og_locale":"es_ES","og_type":"article","og_title":"Don Bosco celebra su 'Encuentro IEF 2026' - RED-ACCI\u00d3N JUVENIL","og_description":"La Federaci\u00f3n de Centros Juveniles Don Bosco celebra su Encuentro IEF 2026. Las asociaciones de Valladolid, Villamuriel, Avil\u00e9s y Le\u00f3n se re\u00fanen en esta \u00faltima ciudad para disfrutar de reencuentros,...","og_url":"https:\/\/redaccionjuvenil.es\/?p=540","og_site_name":"RED-ACCI\u00d3N JUVENIL","article_published_time":"2026-03-23T17:33:28+00:00","article_modified_time":"2026-03-23T17:33:31+00:00","og_image":[{"width":1131,"height":1024,"url":"https:\/\/redaccionjuvenil.es\/wp-content\/uploads\/2026\/03\/IMG-20260312-WA0108-1.jpg","type":"image\/jpeg"}],"author":"Alba Hernandez","twitter_card":"summary_large_image","twitter_misc":{"Escrito por":"Alba Hernandez","Tiempo de lectura":"3 minutos"},"schema":{"@context":"https:\/\/schema.org","@graph":[{"@type":"Article","@id":"https:\/\/redaccionjuvenil.es\/?p=540#article","isPartOf":{"@id":"https:\/\/redaccionjuvenil.es\/?p=540"},"author":{"name":"Alba Hernandez","@id":"https:\/\/redaccionjuvenil.es\/#\/schema\/person\/73489cbede5d15c400594d976afa0a8f"},"headline":"Don Bosco celebra su &#8216;Encuentro IEF 2026&#8217;","datePublished":"2026-03-23T17:33:28+00:00","dateModified":"2026-03-23T17:33:31+00:00","mainEntityOfPage":{"@id":"https:\/\/redaccionjuvenil.es\/?p=540"},"wordCount":247,"commentCount":0,"publisher":{"@id":"https:\/\/redaccionjuvenil.es\/#organization"},"image":{"@id":"https:\/\/redaccionjuvenil.es\/?p=540#primaryimage"},"thumbnailUrl":"https:\/\/redaccionjuvenil.es\/wp-content\/uploads\/2026\/03\/IMG-20260312-WA0108-1.jpg","keywords":["#asociacionismo","#asociacionismojuvenil","#avil\u00e9s","#donbosco","#salesianos","#valladolid"],"articleSection":["Actualidad","Don Bosco","Noticias","Ocio"],"inLanguage":"es","potentialAction":[{"@type":"CommentAction","name":"Comment","target":["https:\/\/redaccionjuvenil.es\/?p=540#respond"]}]},{"@type":"WebPage","@id":"https:\/\/redaccionjuvenil.es\/?p=540","url":"https:\/\/redaccionjuvenil.es\/?p=540","name":"Don Bosco celebra su 'Encuentro IEF 2026' - RED-ACCI\u00d3N JUVENIL","isPartOf":{"@id":"https:\/\/redaccionjuvenil.es\/#website"},"primaryImageOfPage":{"@id":"https:\/\/redaccionjuvenil.es\/?p=540#primaryimage"},"image":{"@id":"https:\/\/redaccionjuvenil.es\/?p=540#primaryimage"},"thumbnailUrl":"https:\/\/redaccionjuvenil.es\/wp-content\/uploads\/2026\/03\/IMG-20260312-WA0108-1.jpg","datePublished":"2026-03-23T17:33:28+00:00","dateModified":"2026-03-23T17:33:31+00:00","breadcrumb":{"@id":"https:\/\/redaccionjuvenil.es\/?p=540#breadcrumb"},"inLanguage":"es","potentialAction":[{"@type":"ReadAction","target":["https:\/\/redaccionjuvenil.es\/?p=540"]}]},{"@type":"ImageObject","inLanguage":"es","@id":"https:\/\/redaccionjuvenil.es\/?p=540#primaryimage","url":"https:\/\/redaccionjuvenil.es\/wp-content\/uploads\/2026\/03\/IMG-20260312-WA0108-1.jpg","contentUrl":"https:\/\/redaccionjuvenil.es\/wp-content\/uploads\/2026\/03\/IMG-20260312-WA0108-1.jpg","width":1131,"height":1024},{"@type":"BreadcrumbList","@id":"https:\/\/redaccionjuvenil.es\/?p=540#breadcrumb","itemListElement":[{"@type":"ListItem","position":1,"name":"Portada","item":"https:\/\/redaccionjuvenil.es\/"},{"@type":"ListItem","position":2,"name":"Don Bosco celebra su &#8216;Encuentro IEF 2026&#8217;"}]},{"@type":"WebSite","@id":"https:\/\/redaccionjuvenil.es\/#website","url":"https:\/\/redaccionjuvenil.es\/","name":"RED-ACCI\u00d3N JUVENIL","description":"DONDE LA JUVENTUD INFORMA Y TRANSFORMA","publisher":{"@id":"https:\/\/redaccionjuvenil.es\/#organization"},"potentialAction":[{"@type":"SearchAction","target":{"@type":"EntryPoint","urlTemplate":"https:\/\/redaccionjuvenil.es\/?s={search_term_string}"},"query-input":{"@type":"PropertyValueSpecification","valueRequired":true,"valueName":"search_term_string"}}],"inLanguage":"es"},{"@type":"Organization","@id":"https:\/\/redaccionjuvenil.es\/#organization","name":"RED-ACCI\u00d3N JUVENIL","url":"https:\/\/redaccionjuvenil.es\/","logo":{"@type":"ImageObject","inLanguage":"es","@id":"https:\/\/redaccionjuvenil.es\/#\/schema\/logo\/image\/","url":"https:\/\/redaccionjuvenil.es\/wp-content\/uploads\/2026\/03\/cropped-cropped-logo_redaccion_juvenil_primer_propuesta-1.png","contentUrl":"https:\/\/redaccionjuvenil.es\/wp-content\/uploads\/2026\/03\/cropped-cropped-logo_redaccion_juvenil_primer_propuesta-1.png","width":723,"height":723,"caption":"RED-ACCI\u00d3N JUVENIL"},"image":{"@id":"https:\/\/redaccionjuvenil.es\/#\/schema\/logo\/image\/"}},{"@type":"Person","@id":"https:\/\/redaccionjuvenil.es\/#\/schema\/person\/73489cbede5d15c400594d976afa0a8f","name":"Alba Hernandez","image":{"@type":"ImageObject","inLanguage":"es","@id":"https:\/\/redaccionjuvenil.es\/#\/schema\/person\/image\/","url":"https:\/\/secure.gravatar.com\/avatar\/10aa79a9c7f2f97eb66b566f6a2d07fdc6099d28d57703af3df855ef49561955?s=96&d=mm&r=g","contentUrl":"https:\/\/secure.gravatar.com\/avatar\/10aa79a9c7f2f97eb66b566f6a2d07fdc6099d28d57703af3df855ef49561955?s=96&d=mm&r=g","caption":"Alba Hernandez"},"sameAs":["http:\/\/RedaccionJ2026!"],"url":"https:\/\/redaccionjuvenil.es\/?author=10"}]}},"_links":{"self":[{"href":"https:\/\/redaccionjuvenil.es\/index.php?rest_route=\/wp\/v2\/posts\/540","targetHints":{"allow":["GET"]}}],"collection":[{"href":"https:\/\/redaccionjuvenil.es\/index.php?rest_route=\/wp\/v2\/posts"}],"about":[{"href":"https:\/\/redaccionjuvenil.es\/index.php?rest_route=\/wp\/v2\/types\/post"}],"author":[{"embeddable":true,"href":"https:\/\/redaccionjuvenil.es\/index.php?rest_route=\/wp\/v2\/users\/10"}],"replies":[{"embeddable":true,"href":"https:\/\/redaccionjuvenil.es\/index.php?rest_route=%2Fwp%2Fv2%2Fcomments&post=540"}],"version-history":[{"count":8,"href":"https:\/\/redaccionjuvenil.es\/index.php?rest_route=\/wp\/v2\/posts\/540\/revisions"}],"predecessor-version":[{"id":563,"href":"https:\/\/redaccionjuvenil.es\/index.php?rest_route=\/wp\/v2\/posts\/540\/revisions\/563"}],"wp:featuredmedia":[{"embeddable":true,"href":"https:\/\/redaccionjuvenil.es\/index.php?rest_route=\/wp\/v2\/media\/561"}],"wp:attachment":[{"href":"https:\/\/redaccionjuvenil.es\/index.php?rest_route=%2Fwp%2Fv2%2Fmedia&parent=540"}],"wp:term":[{"taxonomy":"category","embeddable":true,"href":"https:\/\/redaccionjuvenil.es\/index.php?rest_route=%2Fwp%2Fv2%2Fcategories&post=540"},{"taxonomy":"post_tag","embeddable":true,"href":"https:\/\/redaccionjuvenil.es\/index.php?rest_route=%2Fwp%2Fv2%2Ftags&post=540"}],"curies":[{"name":"wp","href":"https:\/\/api.w.org\/{rel}","templated":true}]}}