{"id":560,"date":"2026-03-24T13:10:36","date_gmt":"2026-03-24T13:10:36","guid":{"rendered":"https:\/\/redaccionjuvenil.es\/?p=560"},"modified":"2026-03-25T15:14:53","modified_gmt":"2026-03-25T15:14:53","slug":"laliga-mas-genuina-del-mundo","status":"publish","type":"post","link":"https:\/\/redaccionjuvenil.es\/?p=560","title":{"rendered":"LaLiga m\u00e1s &#8216;genuina&#8217; del mundo"},"content":{"rendered":"\n<p>LaLiga Genuine Moeve alcanza ya la recta final de su octava edici\u00f3n con m\u00e1s participaci\u00f3n que nunca<\/p>\n\n\n\n<p><strong>LaLiga Genuine<\/strong> surge de una propuesta de <strong>dos aficionados del N\u00e0stic de Tarragona a LaLiga <\/strong>en la que proponen crear una <strong>competici\u00f3n para personas con discapacidad intelectual (DI)<\/strong> de m\u00e1s del 33%. La idea gust\u00f3 tanto a la organizaci\u00f3n y al propio Javier Tebas, que quisieron llevar ese mismo a\u00f1o unos partidos a cabo mediante <a href=\"https:\/\/www.laliga.com\/fundacion\" target=\"_blank\" rel=\"noreferrer noopener\">FUNDACI\u00d3N LaLiga<\/a> y un a\u00f1o m\u00e1s tarde de esta propuesta nacer\u00eda la competici\u00f3n que hoy conocemos. En esta competici\u00f3n todos los partidos duran un total de 40 minutos, 10 por cada parte, para un total de cuatro tiempos (como el baloncesto) con descanso entre cada intermedio.<\/p>\n\n\n\n<figure class=\"wp-block-image size-large is-style-default\"><img loading=\"lazy\" decoding=\"async\" width=\"1024\" height=\"384\" src=\"https:\/\/redaccionjuvenil.es\/wp-content\/uploads\/2026\/03\/image-11-1024x384.png\" alt=\"Logo de LaLiga Genuine Moeve.\" class=\"wp-image-575\" srcset=\"https:\/\/redaccionjuvenil.es\/wp-content\/uploads\/2026\/03\/image-11-1024x384.png 1024w, https:\/\/redaccionjuvenil.es\/wp-content\/uploads\/2026\/03\/image-11-300x113.png 300w, https:\/\/redaccionjuvenil.es\/wp-content\/uploads\/2026\/03\/image-11-768x288.png 768w, https:\/\/redaccionjuvenil.es\/wp-content\/uploads\/2026\/03\/image-11.png 1228w\" sizes=\"auto, (max-width: 1024px) 100vw, 1024px\" \/><figcaption class=\"wp-element-caption\"><em>Logo de LaLiga Genuine Moeve de &#8216;FotosLaLiga&#8217; v\u00eda Wikimedia Commons CC-BY-SA-4.0<\/em>.<\/figcaption><\/figure>\n\n\n\n<p>La competici\u00f3n la formaron inicialmente <strong>18 clubes en la temporada 2017\/2018<\/strong>:<\/p>\n\n\n\n<ul class=\"wp-block-list\">\n<li>Athletic Club<\/li>\n\n\n\n<li>RCD Espanyol<\/li>\n\n\n\n<li>Club Atl\u00e9tico de Madrid<\/li>\n\n\n\n<li>RC Deportivo de La Coru\u00f1a<\/li>\n\n\n\n<li>Real Sociedad<\/li>\n\n\n\n<li>Valencia CF<\/li>\n\n\n\n<li>CA Osasuna<\/li>\n\n\n\n<li>Villarreal CF<\/li>\n\n\n\n<li>RC Celta de Vigo<\/li>\n\n\n\n<li>UD Las Palmas<\/li>\n\n\n\n<li>Levante UD<\/li>\n\n\n\n<li>CF Reus<\/li>\n\n\n\n<li>N\u00e0stic de Tarragona<\/li>\n\n\n\n<li>RCD Mallorca<\/li>\n\n\n\n<li>Girona FC<\/li>\n\n\n\n<li>C\u00f3rdoba CF<\/li>\n\n\n\n<li>SD Huesca<\/li>\n\n\n\n<li>Rayo Vallecano<\/li>\n<\/ul>\n\n\n\n<p>Ahora mismo <strong><a href=\"https:\/\/www.laliga.com\/laliga-genuine\" target=\"_blank\" rel=\"noreferrer noopener\">LaLiga Genuine Moeve<\/a> la componen un total de 50 equipos <\/strong>distribuidos en tres grupos llamados Deportividad, Respeto y Compa\u00f1erismo que juegan F\u00fatbol 8. Cada grupo a final de temporada tendr\u00e1 varios campeones en base a <strong>dos criterios de clasificaci\u00f3n: partidos ganados y el &#8216;<em>fair play<\/em>&#8216;<\/strong>.<\/p>\n\n\n\n<p>Cada parte ganada suma un punto en el marcador, para mantener un equilibrio de resultados, y en caso de empate en alguna de las partes ning\u00fan equipo suma puntos para que la diferencia m\u00e1xima en un partido sea un 4-0. El sistema de puntuaci\u00f3n es <strong>3 puntos por partido ganado, 2 para cada uno si hay es que hay empate y 1 punto en caso de derrota.<\/strong><\/p>\n\n\n\n<p>La otra clasificaci\u00f3n por &#8216;<em>fair play<\/em>&#8216; <strong>se cuenta cada partido<\/strong>, al final del mismo el \u00e1rbitro determinar\u00e1 una puntuaci\u00f3n entre 0 y 40 en base al comportamiento del cuerpo t\u00e9cnico respecto a los componentes del partido, de los suplentes de cada equipo y de los titulares de los mismos.<\/p>\n\n\n\n<p>A su vez, tambi\u00e9n se pueden restar puntos de este <strong>PFP (Puntos de &#8216;<em>fair play<\/em>&#8216;)<\/strong> por faltas cometidas, amonestaciones, expulsiones, amonestaciones al cuerpo t\u00e9cnico y expulsiones al cuerpo t\u00e9cnico, lo que puede ser algo contraproducente para muchos equipos que no sepan saber estar en el campo. La posici\u00f3n de cada uno de los equipos participantes en el &#8216;<em>fair play<\/em>&#8216; de cada temporada se obtendr\u00e1 teniendo en cuenta el <strong>sumatorio de la puntuaci\u00f3n final de cada uno de los partidos<\/strong>. Todo esto seg\u00fan el <a href=\"https:\/\/assets.laliga.com\/assets\/2025\/11\/05\/originals\/040268db93ed772afd470b911033611f.pdf\" target=\"_blank\" rel=\"noreferrer noopener\">reglamento<\/a> de esta temporada.<\/p>\n\n\n\n<p>Hasta ahora todos los campeones han sido:<\/p>\n\n\n\n<figure class=\"wp-block-table aligncenter\"><table class=\"has-fixed-layout\"><thead><tr><th>Temporada<\/th><th>Campe\u00f3n<\/th><th class=\"has-text-align-center\" data-align=\"center\">Grupo<\/th><th class=\"has-text-align-center\" data-align=\"center\">Tipo de campe\u00f3n<\/th><\/tr><\/thead><tbody><tr><td><strong>2017\/2018<\/strong><\/td><td>RCD Espanyol<\/td><td class=\"has-text-align-center\" data-align=\"center\">&#8211;<\/td><td class=\"has-text-align-center\" data-align=\"center\">Deportivo<\/td><\/tr><tr><td><\/td><td>Athletic Club Fundazioa<\/td><td class=\"has-text-align-center\" data-align=\"center\">&#8211;<\/td><td class=\"has-text-align-center\" data-align=\"center\">&#8216;<em>Fair Play<\/em>&#8216;<\/td><\/tr><tr><td><strong>2018\/2019<\/strong><\/td><td>Fundaci\u00f3n Celta Integra<\/td><td class=\"has-text-align-center\" data-align=\"center\">Deportividad<\/td><td class=\"has-text-align-center\" data-align=\"center\">Deportivo<\/td><\/tr><tr><td><\/td><td>M\u00e1laga CF EDI<\/td><td class=\"has-text-align-center\" data-align=\"center\">Compa\u00f1erismo<\/td><td class=\"has-text-align-center\" data-align=\"center\">Deportivo<\/td><\/tr><tr><td><\/td><td>Athletic Club Fundazioa<\/td><td class=\"has-text-align-center\" data-align=\"center\">&#8211;<\/td><td class=\"has-text-align-center\" data-align=\"center\">&#8216;<em>Fair Play<\/em>&#8216;<\/td><\/tr><tr><td><strong>2019\/2021<\/strong><\/td><td>C\u00f3rdoba CF<\/td><td class=\"has-text-align-center\" data-align=\"center\">Compa\u00f1erismo<\/td><td class=\"has-text-align-center\" data-align=\"center\">Deportivo<\/td><\/tr><tr><td><\/td><td>Fundaci\u00f3n Rayo Vallecano<\/td><td class=\"has-text-align-center\" data-align=\"center\">Deportividad<\/td><td class=\"has-text-align-center\" data-align=\"center\">Deportivo<\/td><\/tr><tr><td><\/td><td>Athletic Club Fundazioa<\/td><td class=\"has-text-align-center\" data-align=\"center\">&#8211;<\/td><td class=\"has-text-align-center\" data-align=\"center\">&#8216;<em>Fair Play<\/em>&#8216;<\/td><\/tr><tr><td><strong>2021\/2022<\/strong><\/td><td>Burgos CF<\/td><td class=\"has-text-align-center\" data-align=\"center\">Respeto<\/td><td class=\"has-text-align-center\" data-align=\"center\">Deportivo<\/td><\/tr><tr><td><\/td><td>C\u00e1diz CF<\/td><td class=\"has-text-align-center\" data-align=\"center\">Deportividad<\/td><td class=\"has-text-align-center\" data-align=\"center\">Deportivo<\/td><\/tr><tr><td><\/td><td>Fundaci\u00f3 Bar\u00e7a<\/td><td class=\"has-text-align-center\" data-align=\"center\">Compa\u00f1erismo<\/td><td class=\"has-text-align-center\" data-align=\"center\">Deportivo<\/td><\/tr><tr><td><\/td><td>Athletic Club Fundazioa<\/td><td class=\"has-text-align-center\" data-align=\"center\">&#8211;<\/td><td class=\"has-text-align-center\" data-align=\"center\">&#8216;<em>Fair Play<\/em>&#8216;<\/td><\/tr><tr><td><strong>2022\/2023<\/strong><\/td><td>RCD Espanyol<\/td><td class=\"has-text-align-center\" data-align=\"center\">Deportividad<\/td><td class=\"has-text-align-center\" data-align=\"center\">Deportivo<\/td><\/tr><tr><td><\/td><td>RCD Mallorca<\/td><td class=\"has-text-align-center\" data-align=\"center\">Compa\u00f1erismo<\/td><td class=\"has-text-align-center\" data-align=\"center\">Deportivo<\/td><\/tr><tr><td><\/td><td>CA Osasuna<\/td><td class=\"has-text-align-center\" data-align=\"center\">Respeto<\/td><td class=\"has-text-align-center\" data-align=\"center\">Deportivo<\/td><\/tr><tr><td><\/td><td>Fundaci\u00f3n Celta Integra<\/td><td class=\"has-text-align-center\" data-align=\"center\">Deportividad<\/td><td class=\"has-text-align-center\" data-align=\"center\">&#8216;<em>Fair Play<\/em>&#8216;<\/td><\/tr><tr><td><\/td><td>N\u00e0stic de Tarragona<\/td><td class=\"has-text-align-center\" data-align=\"center\">Compa\u00f1erismo<\/td><td class=\"has-text-align-center\" data-align=\"center\">&#8216;<em>Fair Play<\/em>&#8216;<\/td><\/tr><tr><td><\/td><td>Athletic Club Fundazioa<\/td><td class=\"has-text-align-center\" data-align=\"center\">Respeto<\/td><td class=\"has-text-align-center\" data-align=\"center\">&#8216;<em>Fair Play<\/em>&#8216;<\/td><\/tr><tr><td><strong>2023\/2024<\/strong><\/td><td>RCD Espanyol<\/td><td class=\"has-text-align-center\" data-align=\"center\">Inclusi\u00f3n<\/td><td class=\"has-text-align-center\" data-align=\"center\">Deportivo<\/td><\/tr><tr><td><\/td><td>Real Oviedo<\/td><td class=\"has-text-align-center\" data-align=\"center\">Superaci\u00f3n<\/td><td class=\"has-text-align-center\" data-align=\"center\">Deportivo<\/td><\/tr><tr><td><\/td><td>C\u00f3rdoba CF<\/td><td class=\"has-text-align-center\" data-align=\"center\">Inclusi\u00f3n<\/td><td class=\"has-text-align-center\" data-align=\"center\">&#8216;<em>Fair Play<\/em>&#8216;<\/td><\/tr><tr><td><\/td><td>Burgos CF<\/td><td class=\"has-text-align-center\" data-align=\"center\">Superaci\u00f3n<\/td><td class=\"has-text-align-center\" data-align=\"center\">&#8216;<em>Fair Play<\/em>&#8216;<\/td><\/tr><tr><td><strong>2024\/2025<\/strong><\/td><td>Villarreal CF<\/td><td class=\"has-text-align-center\" data-align=\"center\">Compa\u00f1erismo<\/td><td class=\"has-text-align-center\" data-align=\"center\">Deportivo<\/td><\/tr><tr><td><\/td><td>Fundaci\u00f3 Bar\u00e7a<\/td><td class=\"has-text-align-center\" data-align=\"center\">Respeto<\/td><td class=\"has-text-align-center\" data-align=\"center\">Deportivo<\/td><\/tr><tr><td><\/td><td>M\u00e1laga CF<\/td><td class=\"has-text-align-center\" data-align=\"center\">Compa\u00f1erismo<\/td><td class=\"has-text-align-center\" data-align=\"center\">&#8216;<em>Fair Play<\/em>&#8216;<\/td><\/tr><tr><td><\/td><td>Burgos CF<\/td><td class=\"has-text-align-center\" data-align=\"center\">Respeto<\/td><td class=\"has-text-align-center\" data-align=\"center\">&#8216;<em>Fair Play<\/em>&#8216;<\/td><\/tr><\/tbody><\/table><figcaption class=\"wp-element-caption\"><em>La temporada 2019\/2020 se alarg\u00f3 a 2021 a causa del COVID-19.<\/em><\/figcaption><\/figure>\n\n\n\n<p>En esta temporada 2025\/2026 la cosa vuelve a cambiar con la <strong>ampliaci\u00f3n a tres grupos<\/strong> y con ello vendr\u00e1n otros seis campeones nuevos esta temporada, aunque esto <strong>no es lo m\u00e1s importante<\/strong>. Durante estos siete a\u00f1os de &#8216;competici\u00f3n&#8217; lo m\u00e1s importante no ha sido el ganar,<strong> \u00abse trata de compartir antes que competir\u00bb<\/strong> es uno de los lemas de su web.<\/p>\n\n\n\n<figure class=\"wp-block-embed aligncenter is-type-rich is-provider-twitter wp-block-embed-twitter\"><div class=\"wp-block-embed__wrapper\">\n<blockquote class=\"twitter-tweet\" data-width=\"550\" data-dnt=\"true\"><p lang=\"es\" dir=\"ltr\">\ud83e\udd70 Nuestro <a href=\"https:\/\/twitter.com\/hashtag\/SportingGenuine?src=hash&amp;ref_src=twsrc%5Etfw\">#SportingGenuine<\/a> y sus infinitas capacidades\u2026 \u2728\ud83d\udfe5\u2b1c\ufe0f<br><br>\ud83e\udd1d\ud83c\udffb <a href=\"https:\/\/twitter.com\/FundacionLaLiga?ref_src=twsrc%5Etfw\">@FundacionLaLiga<\/a>.<a href=\"https:\/\/twitter.com\/hashtag\/D%C3%ADaMundialDelS%C3%ADndromeDeDown?src=hash&amp;ref_src=twsrc%5Etfw\">#D\u00edaMundialDelS\u00edndromeDeDown<\/a> | <a href=\"https:\/\/twitter.com\/hashtag\/MareaRojiblanca?src=hash&amp;ref_src=twsrc%5Etfw\">#MareaRojiblanca<\/a> | <a href=\"https:\/\/twitter.com\/hashtag\/GanarSirviendo?src=hash&amp;ref_src=twsrc%5Etfw\">#GanarSirviendo<\/a> <a href=\"https:\/\/t.co\/a49xPgZmK1\">pic.twitter.com\/a49xPgZmK1<\/a><\/p>&mdash; Real Sporting (@RealSporting) <a href=\"https:\/\/twitter.com\/RealSporting\/status\/2035294439732543762?ref_src=twsrc%5Etfw\">March 21, 2026<\/a><\/blockquote><script async src=\"https:\/\/platform.twitter.com\/widgets.js\" charset=\"utf-8\"><\/script>\n<\/div><\/figure>\n\n\n\n<p>Hasta ahora se han disputado ya dos fases completas en Tarragona, C\u00e1diz y Gij\u00f3n como sedes del evento. Los equipos tienen en mente ya las <strong>pr\u00f3ximas citas en Granada (25 y 26 de abril) y Burgos (30 y 31 de mayo)<\/strong> que finalizar\u00e1n la Fase 3 y dar\u00e1n comienzo a la <strong>cita final en Las Rozas (19, 20 y 21 de junio)<\/strong> que cerrar\u00e1 otra temporada llena de inclusi\u00f3n, deportividad y respeto.<\/p>\n","protected":false},"excerpt":{"rendered":"<p>LaLiga m\u00e1s &#8216;genuina&#8217; del mundo surge de una propuesta de dos aficionados a LaLiga para crear una competici\u00f3n para personas con discapacidad.<\/p>\n","protected":false},"author":5,"featured_media":587,"comment_status":"open","ping_status":"open","sticky":false,"template":"","format":"standard","meta":{"_kadence_starter_templates_imported_post":false,"footnotes":""},"categories":[1,21,23,2,16],"tags":[55,56,43],"class_list":["post-560","post","type-post","status-publish","format-standard","has-post-thumbnail","hentry","category-actualidad","category-deporte","category-destacado","category-noticias","category-te-interesa","tag-deporte","tag-futbol","tag-laliga-genuine"],"yoast_head":"<!-- This site is optimized with the Yoast SEO plugin v27.1.1 - https:\/\/yoast.com\/product\/yoast-seo-wordpress\/ -->\n<title>LaLiga m\u00e1s &#039;genuina&#039; del mundo - RED-ACCI\u00d3N JUVENIL<\/title>\n<meta name=\"description\" content=\"LaLiga m\u00e1s &#039;genuina&#039; del mundo surge de una propuesta de dos aficionados a LaLiga para crear una competici\u00f3n para personas con discapacidad.\" \/>\n<meta name=\"robots\" content=\"index, follow, max-snippet:-1, max-image-preview:large, max-video-preview:-1\" \/>\n<link rel=\"canonical\" href=\"https:\/\/redaccionjuvenil.es\/?p=560\" \/>\n<meta property=\"og:locale\" content=\"es_ES\" \/>\n<meta property=\"og:type\" content=\"article\" \/>\n<meta property=\"og:title\" content=\"LaLiga m\u00e1s &#039;genuina&#039; del mundo - RED-ACCI\u00d3N JUVENIL\" \/>\n<meta property=\"og:description\" content=\"LaLiga m\u00e1s &#039;genuina&#039; del mundo surge de una propuesta de dos aficionados a LaLiga para crear una competici\u00f3n para personas con discapacidad.\" \/>\n<meta property=\"og:url\" content=\"https:\/\/redaccionjuvenil.es\/?p=560\" \/>\n<meta property=\"og:site_name\" content=\"RED-ACCI\u00d3N JUVENIL\" \/>\n<meta property=\"article:published_time\" content=\"2026-03-24T13:10:36+00:00\" \/>\n<meta property=\"article:modified_time\" content=\"2026-03-25T15:14:53+00:00\" \/>\n<meta property=\"og:image\" content=\"https:\/\/redaccionjuvenil.es\/wp-content\/uploads\/2026\/03\/planet_fox-balls-8049598_1920.jpg\" \/>\n\t<meta property=\"og:image:width\" content=\"1920\" \/>\n\t<meta property=\"og:image:height\" content=\"1280\" \/>\n\t<meta property=\"og:image:type\" content=\"image\/jpeg\" \/>\n<meta name=\"author\" content=\"Ruben Beneite\" \/>\n<meta name=\"twitter:card\" content=\"summary_large_image\" \/>\n<meta name=\"twitter:label1\" content=\"Escrito por\" \/>\n\t<meta name=\"twitter:data1\" content=\"Ruben Beneite\" \/>\n\t<meta name=\"twitter:label2\" content=\"Tiempo de lectura\" \/>\n\t<meta name=\"twitter:data2\" content=\"4 minutos\" \/>\n<script type=\"application\/ld+json\" class=\"yoast-schema-graph\">{\"@context\":\"https:\/\/schema.org\",\"@graph\":[{\"@type\":\"Article\",\"@id\":\"https:\/\/redaccionjuvenil.es\/?p=560#article\",\"isPartOf\":{\"@id\":\"https:\/\/redaccionjuvenil.es\/?p=560\"},\"author\":{\"name\":\"Ruben Beneite\",\"@id\":\"https:\/\/redaccionjuvenil.es\/#\/schema\/person\/500657725e84c7e8b26a8eebff8bceb4\"},\"headline\":\"LaLiga m\u00e1s &#8216;genuina&#8217; del mundo\",\"datePublished\":\"2026-03-24T13:10:36+00:00\",\"dateModified\":\"2026-03-25T15:14:53+00:00\",\"mainEntityOfPage\":{\"@id\":\"https:\/\/redaccionjuvenil.es\/?p=560\"},\"wordCount\":776,\"commentCount\":0,\"publisher\":{\"@id\":\"https:\/\/redaccionjuvenil.es\/#organization\"},\"image\":{\"@id\":\"https:\/\/redaccionjuvenil.es\/?p=560#primaryimage\"},\"thumbnailUrl\":\"https:\/\/redaccionjuvenil.es\/wp-content\/uploads\/2026\/03\/planet_fox-balls-8049598_1920.jpg\",\"keywords\":[\"Deporte\",\"F\u00fatbol\",\"LaLiga Genuine\"],\"articleSection\":[\"Actualidad\",\"Deporte\",\"Destacado\",\"Noticias\",\"Te interesa\"],\"inLanguage\":\"es\",\"potentialAction\":[{\"@type\":\"CommentAction\",\"name\":\"Comment\",\"target\":[\"https:\/\/redaccionjuvenil.es\/?p=560#respond\"]}]},{\"@type\":\"WebPage\",\"@id\":\"https:\/\/redaccionjuvenil.es\/?p=560\",\"url\":\"https:\/\/redaccionjuvenil.es\/?p=560\",\"name\":\"LaLiga m\u00e1s 'genuina' del mundo - RED-ACCI\u00d3N JUVENIL\",\"isPartOf\":{\"@id\":\"https:\/\/redaccionjuvenil.es\/#website\"},\"primaryImageOfPage\":{\"@id\":\"https:\/\/redaccionjuvenil.es\/?p=560#primaryimage\"},\"image\":{\"@id\":\"https:\/\/redaccionjuvenil.es\/?p=560#primaryimage\"},\"thumbnailUrl\":\"https:\/\/redaccionjuvenil.es\/wp-content\/uploads\/2026\/03\/planet_fox-balls-8049598_1920.jpg\",\"datePublished\":\"2026-03-24T13:10:36+00:00\",\"dateModified\":\"2026-03-25T15:14:53+00:00\",\"description\":\"LaLiga m\u00e1s 'genuina' del mundo surge de una propuesta de dos aficionados a LaLiga para crear una competici\u00f3n para personas con discapacidad.\",\"breadcrumb\":{\"@id\":\"https:\/\/redaccionjuvenil.es\/?p=560#breadcrumb\"},\"inLanguage\":\"es\",\"potentialAction\":[{\"@type\":\"ReadAction\",\"target\":[\"https:\/\/redaccionjuvenil.es\/?p=560\"]}]},{\"@type\":\"ImageObject\",\"inLanguage\":\"es\",\"@id\":\"https:\/\/redaccionjuvenil.es\/?p=560#primaryimage\",\"url\":\"https:\/\/redaccionjuvenil.es\/wp-content\/uploads\/2026\/03\/planet_fox-balls-8049598_1920.jpg\",\"contentUrl\":\"https:\/\/redaccionjuvenil.es\/wp-content\/uploads\/2026\/03\/planet_fox-balls-8049598_1920.jpg\",\"width\":1920,\"height\":1280,\"caption\":\"LaLiga m\u00e1s 'genuina' del mundo\"},{\"@type\":\"BreadcrumbList\",\"@id\":\"https:\/\/redaccionjuvenil.es\/?p=560#breadcrumb\",\"itemListElement\":[{\"@type\":\"ListItem\",\"position\":1,\"name\":\"Portada\",\"item\":\"https:\/\/redaccionjuvenil.es\/\"},{\"@type\":\"ListItem\",\"position\":2,\"name\":\"LaLiga m\u00e1s &#8216;genuina&#8217; del mundo\"}]},{\"@type\":\"WebSite\",\"@id\":\"https:\/\/redaccionjuvenil.es\/#website\",\"url\":\"https:\/\/redaccionjuvenil.es\/\",\"name\":\"RED-ACCI\u00d3N JUVENIL\",\"description\":\"DONDE LA JUVENTUD INFORMA Y TRANSFORMA\",\"publisher\":{\"@id\":\"https:\/\/redaccionjuvenil.es\/#organization\"},\"potentialAction\":[{\"@type\":\"SearchAction\",\"target\":{\"@type\":\"EntryPoint\",\"urlTemplate\":\"https:\/\/redaccionjuvenil.es\/?s={search_term_string}\"},\"query-input\":{\"@type\":\"PropertyValueSpecification\",\"valueRequired\":true,\"valueName\":\"search_term_string\"}}],\"inLanguage\":\"es\"},{\"@type\":\"Organization\",\"@id\":\"https:\/\/redaccionjuvenil.es\/#organization\",\"name\":\"RED-ACCI\u00d3N JUVENIL\",\"url\":\"https:\/\/redaccionjuvenil.es\/\",\"logo\":{\"@type\":\"ImageObject\",\"inLanguage\":\"es\",\"@id\":\"https:\/\/redaccionjuvenil.es\/#\/schema\/logo\/image\/\",\"url\":\"https:\/\/redaccionjuvenil.es\/wp-content\/uploads\/2026\/03\/cropped-cropped-logo_redaccion_juvenil_primer_propuesta-1.png\",\"contentUrl\":\"https:\/\/redaccionjuvenil.es\/wp-content\/uploads\/2026\/03\/cropped-cropped-logo_redaccion_juvenil_primer_propuesta-1.png\",\"width\":723,\"height\":723,\"caption\":\"RED-ACCI\u00d3N JUVENIL\"},\"image\":{\"@id\":\"https:\/\/redaccionjuvenil.es\/#\/schema\/logo\/image\/\"}},{\"@type\":\"Person\",\"@id\":\"https:\/\/redaccionjuvenil.es\/#\/schema\/person\/500657725e84c7e8b26a8eebff8bceb4\",\"name\":\"Ruben Beneite\",\"image\":{\"@type\":\"ImageObject\",\"inLanguage\":\"es\",\"@id\":\"https:\/\/redaccionjuvenil.es\/#\/schema\/person\/image\/\",\"url\":\"https:\/\/secure.gravatar.com\/avatar\/f48cefcce9e444b931fcd0a211834ea53f7eefa25c55a75a42de67015262cd82?s=96&d=mm&r=g\",\"contentUrl\":\"https:\/\/secure.gravatar.com\/avatar\/f48cefcce9e444b931fcd0a211834ea53f7eefa25c55a75a42de67015262cd82?s=96&d=mm&r=g\",\"caption\":\"Ruben Beneite\"},\"url\":\"https:\/\/redaccionjuvenil.es\/?author=5\"}]}<\/script>\n<!-- \/ Yoast SEO plugin. -->","yoast_head_json":{"title":"LaLiga m\u00e1s 'genuina' del mundo - RED-ACCI\u00d3N JUVENIL","description":"LaLiga m\u00e1s 'genuina' del mundo surge de una propuesta de dos aficionados a LaLiga para crear una competici\u00f3n para personas con discapacidad.","robots":{"index":"index","follow":"follow","max-snippet":"max-snippet:-1","max-image-preview":"max-image-preview:large","max-video-preview":"max-video-preview:-1"},"canonical":"https:\/\/redaccionjuvenil.es\/?p=560","og_locale":"es_ES","og_type":"article","og_title":"LaLiga m\u00e1s 'genuina' del mundo - RED-ACCI\u00d3N JUVENIL","og_description":"LaLiga m\u00e1s 'genuina' del mundo surge de una propuesta de dos aficionados a LaLiga para crear una competici\u00f3n para personas con discapacidad.","og_url":"https:\/\/redaccionjuvenil.es\/?p=560","og_site_name":"RED-ACCI\u00d3N JUVENIL","article_published_time":"2026-03-24T13:10:36+00:00","article_modified_time":"2026-03-25T15:14:53+00:00","og_image":[{"width":1920,"height":1280,"url":"https:\/\/redaccionjuvenil.es\/wp-content\/uploads\/2026\/03\/planet_fox-balls-8049598_1920.jpg","type":"image\/jpeg"}],"author":"Ruben Beneite","twitter_card":"summary_large_image","twitter_misc":{"Escrito por":"Ruben Beneite","Tiempo de lectura":"4 minutos"},"schema":{"@context":"https:\/\/schema.org","@graph":[{"@type":"Article","@id":"https:\/\/redaccionjuvenil.es\/?p=560#article","isPartOf":{"@id":"https:\/\/redaccionjuvenil.es\/?p=560"},"author":{"name":"Ruben Beneite","@id":"https:\/\/redaccionjuvenil.es\/#\/schema\/person\/500657725e84c7e8b26a8eebff8bceb4"},"headline":"LaLiga m\u00e1s &#8216;genuina&#8217; del mundo","datePublished":"2026-03-24T13:10:36+00:00","dateModified":"2026-03-25T15:14:53+00:00","mainEntityOfPage":{"@id":"https:\/\/redaccionjuvenil.es\/?p=560"},"wordCount":776,"commentCount":0,"publisher":{"@id":"https:\/\/redaccionjuvenil.es\/#organization"},"image":{"@id":"https:\/\/redaccionjuvenil.es\/?p=560#primaryimage"},"thumbnailUrl":"https:\/\/redaccionjuvenil.es\/wp-content\/uploads\/2026\/03\/planet_fox-balls-8049598_1920.jpg","keywords":["Deporte","F\u00fatbol","LaLiga Genuine"],"articleSection":["Actualidad","Deporte","Destacado","Noticias","Te interesa"],"inLanguage":"es","potentialAction":[{"@type":"CommentAction","name":"Comment","target":["https:\/\/redaccionjuvenil.es\/?p=560#respond"]}]},{"@type":"WebPage","@id":"https:\/\/redaccionjuvenil.es\/?p=560","url":"https:\/\/redaccionjuvenil.es\/?p=560","name":"LaLiga m\u00e1s 'genuina' del mundo - RED-ACCI\u00d3N JUVENIL","isPartOf":{"@id":"https:\/\/redaccionjuvenil.es\/#website"},"primaryImageOfPage":{"@id":"https:\/\/redaccionjuvenil.es\/?p=560#primaryimage"},"image":{"@id":"https:\/\/redaccionjuvenil.es\/?p=560#primaryimage"},"thumbnailUrl":"https:\/\/redaccionjuvenil.es\/wp-content\/uploads\/2026\/03\/planet_fox-balls-8049598_1920.jpg","datePublished":"2026-03-24T13:10:36+00:00","dateModified":"2026-03-25T15:14:53+00:00","description":"LaLiga m\u00e1s 'genuina' del mundo surge de una propuesta de dos aficionados a LaLiga para crear una competici\u00f3n para personas con discapacidad.","breadcrumb":{"@id":"https:\/\/redaccionjuvenil.es\/?p=560#breadcrumb"},"inLanguage":"es","potentialAction":[{"@type":"ReadAction","target":["https:\/\/redaccionjuvenil.es\/?p=560"]}]},{"@type":"ImageObject","inLanguage":"es","@id":"https:\/\/redaccionjuvenil.es\/?p=560#primaryimage","url":"https:\/\/redaccionjuvenil.es\/wp-content\/uploads\/2026\/03\/planet_fox-balls-8049598_1920.jpg","contentUrl":"https:\/\/redaccionjuvenil.es\/wp-content\/uploads\/2026\/03\/planet_fox-balls-8049598_1920.jpg","width":1920,"height":1280,"caption":"LaLiga m\u00e1s 'genuina' del mundo"},{"@type":"BreadcrumbList","@id":"https:\/\/redaccionjuvenil.es\/?p=560#breadcrumb","itemListElement":[{"@type":"ListItem","position":1,"name":"Portada","item":"https:\/\/redaccionjuvenil.es\/"},{"@type":"ListItem","position":2,"name":"LaLiga m\u00e1s &#8216;genuina&#8217; del mundo"}]},{"@type":"WebSite","@id":"https:\/\/redaccionjuvenil.es\/#website","url":"https:\/\/redaccionjuvenil.es\/","name":"RED-ACCI\u00d3N JUVENIL","description":"DONDE LA JUVENTUD INFORMA Y TRANSFORMA","publisher":{"@id":"https:\/\/redaccionjuvenil.es\/#organization"},"potentialAction":[{"@type":"SearchAction","target":{"@type":"EntryPoint","urlTemplate":"https:\/\/redaccionjuvenil.es\/?s={search_term_string}"},"query-input":{"@type":"PropertyValueSpecification","valueRequired":true,"valueName":"search_term_string"}}],"inLanguage":"es"},{"@type":"Organization","@id":"https:\/\/redaccionjuvenil.es\/#organization","name":"RED-ACCI\u00d3N JUVENIL","url":"https:\/\/redaccionjuvenil.es\/","logo":{"@type":"ImageObject","inLanguage":"es","@id":"https:\/\/redaccionjuvenil.es\/#\/schema\/logo\/image\/","url":"https:\/\/redaccionjuvenil.es\/wp-content\/uploads\/2026\/03\/cropped-cropped-logo_redaccion_juvenil_primer_propuesta-1.png","contentUrl":"https:\/\/redaccionjuvenil.es\/wp-content\/uploads\/2026\/03\/cropped-cropped-logo_redaccion_juvenil_primer_propuesta-1.png","width":723,"height":723,"caption":"RED-ACCI\u00d3N JUVENIL"},"image":{"@id":"https:\/\/redaccionjuvenil.es\/#\/schema\/logo\/image\/"}},{"@type":"Person","@id":"https:\/\/redaccionjuvenil.es\/#\/schema\/person\/500657725e84c7e8b26a8eebff8bceb4","name":"Ruben Beneite","image":{"@type":"ImageObject","inLanguage":"es","@id":"https:\/\/redaccionjuvenil.es\/#\/schema\/person\/image\/","url":"https:\/\/secure.gravatar.com\/avatar\/f48cefcce9e444b931fcd0a211834ea53f7eefa25c55a75a42de67015262cd82?s=96&d=mm&r=g","contentUrl":"https:\/\/secure.gravatar.com\/avatar\/f48cefcce9e444b931fcd0a211834ea53f7eefa25c55a75a42de67015262cd82?s=96&d=mm&r=g","caption":"Ruben Beneite"},"url":"https:\/\/redaccionjuvenil.es\/?author=5"}]}},"_links":{"self":[{"href":"https:\/\/redaccionjuvenil.es\/index.php?rest_route=\/wp\/v2\/posts\/560","targetHints":{"allow":["GET"]}}],"collection":[{"href":"https:\/\/redaccionjuvenil.es\/index.php?rest_route=\/wp\/v2\/posts"}],"about":[{"href":"https:\/\/redaccionjuvenil.es\/index.php?rest_route=\/wp\/v2\/types\/post"}],"author":[{"embeddable":true,"href":"https:\/\/redaccionjuvenil.es\/index.php?rest_route=\/wp\/v2\/users\/5"}],"replies":[{"embeddable":true,"href":"https:\/\/redaccionjuvenil.es\/index.php?rest_route=%2Fwp%2Fv2%2Fcomments&post=560"}],"version-history":[{"count":8,"href":"https:\/\/redaccionjuvenil.es\/index.php?rest_route=\/wp\/v2\/posts\/560\/revisions"}],"predecessor-version":[{"id":576,"href":"https:\/\/redaccionjuvenil.es\/index.php?rest_route=\/wp\/v2\/posts\/560\/revisions\/576"}],"wp:featuredmedia":[{"embeddable":true,"href":"https:\/\/redaccionjuvenil.es\/index.php?rest_route=\/wp\/v2\/media\/587"}],"wp:attachment":[{"href":"https:\/\/redaccionjuvenil.es\/index.php?rest_route=%2Fwp%2Fv2%2Fmedia&parent=560"}],"wp:term":[{"taxonomy":"category","embeddable":true,"href":"https:\/\/redaccionjuvenil.es\/index.php?rest_route=%2Fwp%2Fv2%2Fcategories&post=560"},{"taxonomy":"post_tag","embeddable":true,"href":"https:\/\/redaccionjuvenil.es\/index.php?rest_route=%2Fwp%2Fv2%2Ftags&post=560"}],"curies":[{"name":"wp","href":"https:\/\/api.w.org\/{rel}","templated":true}]}}