{"id":582,"date":"2026-03-24T13:38:13","date_gmt":"2026-03-24T13:38:13","guid":{"rendered":"https:\/\/redaccionjuvenil.es\/?p=582"},"modified":"2026-03-25T15:14:57","modified_gmt":"2026-03-25T15:14:57","slug":"break-the-fake-para-acabar-con-la-desinformacion-juvenil","status":"publish","type":"post","link":"https:\/\/redaccionjuvenil.es\/?p=582","title":{"rendered":"Break The Fake para acabar con la desinformaci\u00f3n juvenil"},"content":{"rendered":"\n<p>YMCA promueve la campa\u00f1a #BreaktheFake para combatir los bulos en redes sociales y fomentar una actitud cr\u00edtica entre j\u00f3venes ante la creciente desinformaci\u00f3n en el entorno digital<\/p>\n\n\n\n<p>En la era digital, el consumo masivo de informaci\u00f3n en Internet ha convertido<strong> los bulos y la desinformaci\u00f3n en uno de los principales riesgos para la juventud.<\/strong> Crecen con las redes sociales al alcance de la mano y la \u00fanica formaci\u00f3n que tienen es la propia, a medida que identifican patrones intentan comprender si lo que ven es real o no.<\/p>\n\n\n\n<p>La juventud es nativa digital pero no conlleva haber tenido una educaci\u00f3n espec\u00edfica para serlo. <strong>La campa\u00f1a <a href=\"https:\/\/www.ymca.es\/programas\/programas-de-prevencion-y-sensibilizacion\/\">#<em>BreaktheFake<\/em><\/a> \u2014rompe el enga\u00f1o\u2014<\/strong> pone el foco en la responsabilidad individual y colectiva en la creaci\u00f3n o transmisi\u00f3n de contenidos en l\u00ednea. Entre sus objetivos destaca promover una actitud cr\u00edtica y frenar la difusi\u00f3n de informaci\u00f3n no verificada.<\/p>\n\n\n\n<figure class=\"wp-block-embed is-type-video is-provider-youtube wp-block-embed-youtube wp-embed-aspect-16-9 wp-has-aspect-ratio\"><div class=\"wp-block-embed__wrapper\">\n<iframe loading=\"lazy\" title=\"BREAK THE FAKE\" width=\"640\" height=\"360\" src=\"https:\/\/www.youtube.com\/embed\/cXa7pNljEtw?feature=oembed\" frameborder=\"0\" allow=\"accelerometer; autoplay; clipboard-write; encrypted-media; gyroscope; picture-in-picture; web-share\" referrerpolicy=\"strict-origin-when-cross-origin\" allowfullscreen><\/iframe>\n<\/div><figcaption class=\"wp-element-caption\"><em>Fuente: Campa\u00f1a #BreakTheFake \/ Youtube YMCA ESPA\u00d1A <\/em><\/figcaption><\/figure>\n\n\n\n<p>Seg\u00fan advierte YMCA, los j\u00f3venes se exponen a la informaci\u00f3n en Internet desde edades tempranas, sin embargo,<strong> no los \u00abhace inmediatamente expertos\u00bb.<\/strong> La asociaci\u00f3n, que trabaja desde la infancia y la juventud, considera esencial acompa\u00f1ar a los m\u00e1s peque\u00f1os en sus primeros pasos en todo tipo de educaci\u00f3n, incluso en la digital, la m\u00e1s importante en estos tiempos.<\/p>\n\n\n\n<p>A trav\u00e9s de campa\u00f1as de sensibilizaci\u00f3n, la iniciativa busca dotar a los j\u00f3venes de herramientas pr\u00e1cticas para continuar su andadura por el entorno digital. <strong>Identificar fuentes fiables, contrastar informaci\u00f3n o reconocer titulares enga\u00f1osos<\/strong> son algunas de las competencias que desde YMCA se quieren trabajar. Su fin es reducir el impacto de los bulos y fomentar el consumo informativo m\u00e1s consciente y cr\u00edtico.<\/p>\n\n\n\n<h2 class=\"wp-block-heading\">Desinformaci\u00f3n en los j\u00f3venes<\/h2>\n\n\n\n<p>La caracter\u00edstica principal de Internet es la rapidez. Los contenidos circulan en redes sociales de forma r\u00e1pida, lo que <strong>dificulta realizar un <em>fact-checking <\/em>y favorece la propagaci\u00f3n de noticias falsas<\/strong> con mayor facilidad, especialmente cuando apelan a las emociones.<\/p>\n\n\n\n<p>Seg\u00fan el estudio <a href=\"https:\/\/laboratoriodeperiodismo.org\/la-desinformacion-deteriora-el-bienestar-emocional-y-la-confianza-civica-de-la-juventud-espanola-segun-el-estudio-cuanto-cuesta-una-mentira\/?\">\u201c\u00bfCu\u00e1nto cuesta una mentira?\u00bb, elaborado por Evercom<\/a>, ocho de cada diez j\u00f3venes aseguran encontrarse desinformaci\u00f3n con frecuencia en redes sociales. Siete de cada diez reconocen haber cre\u00eddo una noticia falsa. Incluso un 25% admite haber compartido informaci\u00f3n err\u00f3nea porque la verificaci\u00f3n no es un h\u00e1bito establecido en la actualidad. <\/p>\n\n\n\n<p>Iniciativas como esta reflejan la importancia de educar, de sensibilizar para proteger no solo en el uso de la tecnolog\u00eda, sino en su comprensi\u00f3n. La alfabetizaci\u00f3n medi\u00e1tica es una necesidad urgente para garantizar una sociedad m\u00e1s informada y menos vulnerable a los bulos.<\/p>\n\n\n\n<p><strong>Y t\u00fa, \u00bfsabr\u00edas identificar una <em>fakenew<\/em>?<\/strong><\/p>\n","protected":false},"excerpt":{"rendered":"<p>Campa\u00f1a BreakTheFake YMCA<\/p>\n","protected":false},"author":17,"featured_media":583,"comment_status":"open","ping_status":"open","sticky":false,"template":"","format":"standard","meta":{"_kadence_starter_templates_imported_post":false,"footnotes":""},"categories":[22,1,23,2,16,15],"tags":[54,53,69,68,64,67,66,70],"class_list":["post-582","post","type-post","status-publish","format-standard","has-post-thumbnail","hentry","category-activismo","category-actualidad","category-destacado","category-noticias","category-te-interesa","category-ymca","tag-asociacionismo","tag-asociacionismojuvenil","tag-breakthefake","tag-bulos","tag-desinformacion","tag-eradigital","tag-juventud","tag-redessociales"],"yoast_head":"<!-- This site is optimized with the Yoast SEO plugin v27.1.1 - https:\/\/yoast.com\/product\/yoast-seo-wordpress\/ -->\n<title>Break The Fake para acabar con la desinformaci\u00f3n juvenil - RED-ACCI\u00d3N JUVENIL<\/title>\n<meta name=\"robots\" content=\"index, follow, max-snippet:-1, max-image-preview:large, max-video-preview:-1\" \/>\n<link rel=\"canonical\" href=\"https:\/\/redaccionjuvenil.es\/?p=582\" \/>\n<meta property=\"og:locale\" content=\"es_ES\" \/>\n<meta property=\"og:type\" content=\"article\" \/>\n<meta property=\"og:title\" content=\"Break The Fake para acabar con la desinformaci\u00f3n juvenil - RED-ACCI\u00d3N JUVENIL\" \/>\n<meta property=\"og:description\" content=\"Campa\u00f1a BreakTheFake YMCA\" \/>\n<meta property=\"og:url\" content=\"https:\/\/redaccionjuvenil.es\/?p=582\" \/>\n<meta property=\"og:site_name\" content=\"RED-ACCI\u00d3N JUVENIL\" \/>\n<meta property=\"article:published_time\" content=\"2026-03-24T13:38:13+00:00\" \/>\n<meta property=\"article:modified_time\" content=\"2026-03-25T15:14:57+00:00\" \/>\n<meta property=\"og:image\" content=\"https:\/\/redaccionjuvenil.es\/wp-content\/uploads\/2026\/03\/8.png\" \/>\n\t<meta property=\"og:image:width\" content=\"449\" \/>\n\t<meta property=\"og:image:height\" content=\"234\" \/>\n\t<meta property=\"og:image:type\" content=\"image\/png\" \/>\n<meta name=\"author\" content=\"Samar Palenzuela\" \/>\n<meta name=\"twitter:card\" content=\"summary_large_image\" \/>\n<meta name=\"twitter:label1\" content=\"Escrito por\" \/>\n\t<meta name=\"twitter:data1\" content=\"Samar Palenzuela\" \/>\n\t<meta name=\"twitter:label2\" content=\"Tiempo de lectura\" \/>\n\t<meta name=\"twitter:data2\" content=\"3 minutos\" \/>\n<script type=\"application\/ld+json\" class=\"yoast-schema-graph\">{\"@context\":\"https:\/\/schema.org\",\"@graph\":[{\"@type\":\"Article\",\"@id\":\"https:\/\/redaccionjuvenil.es\/?p=582#article\",\"isPartOf\":{\"@id\":\"https:\/\/redaccionjuvenil.es\/?p=582\"},\"author\":{\"name\":\"Samar Palenzuela\",\"@id\":\"https:\/\/redaccionjuvenil.es\/#\/schema\/person\/5cb6968af3387013829800b3cce4c2af\"},\"headline\":\"Break The Fake para acabar con la desinformaci\u00f3n juvenil\",\"datePublished\":\"2026-03-24T13:38:13+00:00\",\"dateModified\":\"2026-03-25T15:14:57+00:00\",\"mainEntityOfPage\":{\"@id\":\"https:\/\/redaccionjuvenil.es\/?p=582\"},\"wordCount\":484,\"commentCount\":0,\"publisher\":{\"@id\":\"https:\/\/redaccionjuvenil.es\/#organization\"},\"image\":{\"@id\":\"https:\/\/redaccionjuvenil.es\/?p=582#primaryimage\"},\"thumbnailUrl\":\"https:\/\/redaccionjuvenil.es\/wp-content\/uploads\/2026\/03\/8.png\",\"keywords\":[\"#asociacionismo\",\"#asociacionismojuvenil\",\"#breakthefake\",\"#bulos\",\"#desinformaci\u00f3n\",\"#eradigital\",\"#juventud\",\"#redessociales\"],\"articleSection\":[\"Activismo\",\"Actualidad\",\"Destacado\",\"Noticias\",\"Te interesa\",\"YMCA\"],\"inLanguage\":\"es\",\"potentialAction\":[{\"@type\":\"CommentAction\",\"name\":\"Comment\",\"target\":[\"https:\/\/redaccionjuvenil.es\/?p=582#respond\"]}]},{\"@type\":\"WebPage\",\"@id\":\"https:\/\/redaccionjuvenil.es\/?p=582\",\"url\":\"https:\/\/redaccionjuvenil.es\/?p=582\",\"name\":\"Break The Fake para acabar con la desinformaci\u00f3n juvenil - RED-ACCI\u00d3N JUVENIL\",\"isPartOf\":{\"@id\":\"https:\/\/redaccionjuvenil.es\/#website\"},\"primaryImageOfPage\":{\"@id\":\"https:\/\/redaccionjuvenil.es\/?p=582#primaryimage\"},\"image\":{\"@id\":\"https:\/\/redaccionjuvenil.es\/?p=582#primaryimage\"},\"thumbnailUrl\":\"https:\/\/redaccionjuvenil.es\/wp-content\/uploads\/2026\/03\/8.png\",\"datePublished\":\"2026-03-24T13:38:13+00:00\",\"dateModified\":\"2026-03-25T15:14:57+00:00\",\"breadcrumb\":{\"@id\":\"https:\/\/redaccionjuvenil.es\/?p=582#breadcrumb\"},\"inLanguage\":\"es\",\"potentialAction\":[{\"@type\":\"ReadAction\",\"target\":[\"https:\/\/redaccionjuvenil.es\/?p=582\"]}]},{\"@type\":\"ImageObject\",\"inLanguage\":\"es\",\"@id\":\"https:\/\/redaccionjuvenil.es\/?p=582#primaryimage\",\"url\":\"https:\/\/redaccionjuvenil.es\/wp-content\/uploads\/2026\/03\/8.png\",\"contentUrl\":\"https:\/\/redaccionjuvenil.es\/wp-content\/uploads\/2026\/03\/8.png\",\"width\":449,\"height\":234,\"caption\":\"Campa\u00f1a Breakthefake YMCA\"},{\"@type\":\"BreadcrumbList\",\"@id\":\"https:\/\/redaccionjuvenil.es\/?p=582#breadcrumb\",\"itemListElement\":[{\"@type\":\"ListItem\",\"position\":1,\"name\":\"Portada\",\"item\":\"https:\/\/redaccionjuvenil.es\/\"},{\"@type\":\"ListItem\",\"position\":2,\"name\":\"Break The Fake para acabar con la desinformaci\u00f3n juvenil\"}]},{\"@type\":\"WebSite\",\"@id\":\"https:\/\/redaccionjuvenil.es\/#website\",\"url\":\"https:\/\/redaccionjuvenil.es\/\",\"name\":\"RED-ACCI\u00d3N JUVENIL\",\"description\":\"DONDE LA JUVENTUD INFORMA Y TRANSFORMA\",\"publisher\":{\"@id\":\"https:\/\/redaccionjuvenil.es\/#organization\"},\"potentialAction\":[{\"@type\":\"SearchAction\",\"target\":{\"@type\":\"EntryPoint\",\"urlTemplate\":\"https:\/\/redaccionjuvenil.es\/?s={search_term_string}\"},\"query-input\":{\"@type\":\"PropertyValueSpecification\",\"valueRequired\":true,\"valueName\":\"search_term_string\"}}],\"inLanguage\":\"es\"},{\"@type\":\"Organization\",\"@id\":\"https:\/\/redaccionjuvenil.es\/#organization\",\"name\":\"RED-ACCI\u00d3N JUVENIL\",\"url\":\"https:\/\/redaccionjuvenil.es\/\",\"logo\":{\"@type\":\"ImageObject\",\"inLanguage\":\"es\",\"@id\":\"https:\/\/redaccionjuvenil.es\/#\/schema\/logo\/image\/\",\"url\":\"https:\/\/redaccionjuvenil.es\/wp-content\/uploads\/2026\/03\/cropped-cropped-logo_redaccion_juvenil_primer_propuesta-1.png\",\"contentUrl\":\"https:\/\/redaccionjuvenil.es\/wp-content\/uploads\/2026\/03\/cropped-cropped-logo_redaccion_juvenil_primer_propuesta-1.png\",\"width\":723,\"height\":723,\"caption\":\"RED-ACCI\u00d3N JUVENIL\"},\"image\":{\"@id\":\"https:\/\/redaccionjuvenil.es\/#\/schema\/logo\/image\/\"}},{\"@type\":\"Person\",\"@id\":\"https:\/\/redaccionjuvenil.es\/#\/schema\/person\/5cb6968af3387013829800b3cce4c2af\",\"name\":\"Samar Palenzuela\",\"image\":{\"@type\":\"ImageObject\",\"inLanguage\":\"es\",\"@id\":\"https:\/\/redaccionjuvenil.es\/#\/schema\/person\/image\/\",\"url\":\"https:\/\/secure.gravatar.com\/avatar\/4bf6a486e57d2ea8f80a38ba0b9f6b26c8b80b2247890949bf277b13f6336c16?s=96&d=mm&r=g\",\"contentUrl\":\"https:\/\/secure.gravatar.com\/avatar\/4bf6a486e57d2ea8f80a38ba0b9f6b26c8b80b2247890949bf277b13f6336c16?s=96&d=mm&r=g\",\"caption\":\"Samar Palenzuela\"},\"url\":\"https:\/\/redaccionjuvenil.es\/?author=17\"}]}<\/script>\n<!-- \/ Yoast SEO plugin. -->","yoast_head_json":{"title":"Break The Fake para acabar con la desinformaci\u00f3n juvenil - RED-ACCI\u00d3N JUVENIL","robots":{"index":"index","follow":"follow","max-snippet":"max-snippet:-1","max-image-preview":"max-image-preview:large","max-video-preview":"max-video-preview:-1"},"canonical":"https:\/\/redaccionjuvenil.es\/?p=582","og_locale":"es_ES","og_type":"article","og_title":"Break The Fake para acabar con la desinformaci\u00f3n juvenil - RED-ACCI\u00d3N JUVENIL","og_description":"Campa\u00f1a BreakTheFake YMCA","og_url":"https:\/\/redaccionjuvenil.es\/?p=582","og_site_name":"RED-ACCI\u00d3N JUVENIL","article_published_time":"2026-03-24T13:38:13+00:00","article_modified_time":"2026-03-25T15:14:57+00:00","og_image":[{"width":449,"height":234,"url":"https:\/\/redaccionjuvenil.es\/wp-content\/uploads\/2026\/03\/8.png","type":"image\/png"}],"author":"Samar Palenzuela","twitter_card":"summary_large_image","twitter_misc":{"Escrito por":"Samar Palenzuela","Tiempo de lectura":"3 minutos"},"schema":{"@context":"https:\/\/schema.org","@graph":[{"@type":"Article","@id":"https:\/\/redaccionjuvenil.es\/?p=582#article","isPartOf":{"@id":"https:\/\/redaccionjuvenil.es\/?p=582"},"author":{"name":"Samar Palenzuela","@id":"https:\/\/redaccionjuvenil.es\/#\/schema\/person\/5cb6968af3387013829800b3cce4c2af"},"headline":"Break The Fake para acabar con la desinformaci\u00f3n juvenil","datePublished":"2026-03-24T13:38:13+00:00","dateModified":"2026-03-25T15:14:57+00:00","mainEntityOfPage":{"@id":"https:\/\/redaccionjuvenil.es\/?p=582"},"wordCount":484,"commentCount":0,"publisher":{"@id":"https:\/\/redaccionjuvenil.es\/#organization"},"image":{"@id":"https:\/\/redaccionjuvenil.es\/?p=582#primaryimage"},"thumbnailUrl":"https:\/\/redaccionjuvenil.es\/wp-content\/uploads\/2026\/03\/8.png","keywords":["#asociacionismo","#asociacionismojuvenil","#breakthefake","#bulos","#desinformaci\u00f3n","#eradigital","#juventud","#redessociales"],"articleSection":["Activismo","Actualidad","Destacado","Noticias","Te interesa","YMCA"],"inLanguage":"es","potentialAction":[{"@type":"CommentAction","name":"Comment","target":["https:\/\/redaccionjuvenil.es\/?p=582#respond"]}]},{"@type":"WebPage","@id":"https:\/\/redaccionjuvenil.es\/?p=582","url":"https:\/\/redaccionjuvenil.es\/?p=582","name":"Break The Fake para acabar con la desinformaci\u00f3n juvenil - RED-ACCI\u00d3N JUVENIL","isPartOf":{"@id":"https:\/\/redaccionjuvenil.es\/#website"},"primaryImageOfPage":{"@id":"https:\/\/redaccionjuvenil.es\/?p=582#primaryimage"},"image":{"@id":"https:\/\/redaccionjuvenil.es\/?p=582#primaryimage"},"thumbnailUrl":"https:\/\/redaccionjuvenil.es\/wp-content\/uploads\/2026\/03\/8.png","datePublished":"2026-03-24T13:38:13+00:00","dateModified":"2026-03-25T15:14:57+00:00","breadcrumb":{"@id":"https:\/\/redaccionjuvenil.es\/?p=582#breadcrumb"},"inLanguage":"es","potentialAction":[{"@type":"ReadAction","target":["https:\/\/redaccionjuvenil.es\/?p=582"]}]},{"@type":"ImageObject","inLanguage":"es","@id":"https:\/\/redaccionjuvenil.es\/?p=582#primaryimage","url":"https:\/\/redaccionjuvenil.es\/wp-content\/uploads\/2026\/03\/8.png","contentUrl":"https:\/\/redaccionjuvenil.es\/wp-content\/uploads\/2026\/03\/8.png","width":449,"height":234,"caption":"Campa\u00f1a Breakthefake YMCA"},{"@type":"BreadcrumbList","@id":"https:\/\/redaccionjuvenil.es\/?p=582#breadcrumb","itemListElement":[{"@type":"ListItem","position":1,"name":"Portada","item":"https:\/\/redaccionjuvenil.es\/"},{"@type":"ListItem","position":2,"name":"Break The Fake para acabar con la desinformaci\u00f3n juvenil"}]},{"@type":"WebSite","@id":"https:\/\/redaccionjuvenil.es\/#website","url":"https:\/\/redaccionjuvenil.es\/","name":"RED-ACCI\u00d3N JUVENIL","description":"DONDE LA JUVENTUD INFORMA Y TRANSFORMA","publisher":{"@id":"https:\/\/redaccionjuvenil.es\/#organization"},"potentialAction":[{"@type":"SearchAction","target":{"@type":"EntryPoint","urlTemplate":"https:\/\/redaccionjuvenil.es\/?s={search_term_string}"},"query-input":{"@type":"PropertyValueSpecification","valueRequired":true,"valueName":"search_term_string"}}],"inLanguage":"es"},{"@type":"Organization","@id":"https:\/\/redaccionjuvenil.es\/#organization","name":"RED-ACCI\u00d3N JUVENIL","url":"https:\/\/redaccionjuvenil.es\/","logo":{"@type":"ImageObject","inLanguage":"es","@id":"https:\/\/redaccionjuvenil.es\/#\/schema\/logo\/image\/","url":"https:\/\/redaccionjuvenil.es\/wp-content\/uploads\/2026\/03\/cropped-cropped-logo_redaccion_juvenil_primer_propuesta-1.png","contentUrl":"https:\/\/redaccionjuvenil.es\/wp-content\/uploads\/2026\/03\/cropped-cropped-logo_redaccion_juvenil_primer_propuesta-1.png","width":723,"height":723,"caption":"RED-ACCI\u00d3N JUVENIL"},"image":{"@id":"https:\/\/redaccionjuvenil.es\/#\/schema\/logo\/image\/"}},{"@type":"Person","@id":"https:\/\/redaccionjuvenil.es\/#\/schema\/person\/5cb6968af3387013829800b3cce4c2af","name":"Samar Palenzuela","image":{"@type":"ImageObject","inLanguage":"es","@id":"https:\/\/redaccionjuvenil.es\/#\/schema\/person\/image\/","url":"https:\/\/secure.gravatar.com\/avatar\/4bf6a486e57d2ea8f80a38ba0b9f6b26c8b80b2247890949bf277b13f6336c16?s=96&d=mm&r=g","contentUrl":"https:\/\/secure.gravatar.com\/avatar\/4bf6a486e57d2ea8f80a38ba0b9f6b26c8b80b2247890949bf277b13f6336c16?s=96&d=mm&r=g","caption":"Samar Palenzuela"},"url":"https:\/\/redaccionjuvenil.es\/?author=17"}]}},"_links":{"self":[{"href":"https:\/\/redaccionjuvenil.es\/index.php?rest_route=\/wp\/v2\/posts\/582","targetHints":{"allow":["GET"]}}],"collection":[{"href":"https:\/\/redaccionjuvenil.es\/index.php?rest_route=\/wp\/v2\/posts"}],"about":[{"href":"https:\/\/redaccionjuvenil.es\/index.php?rest_route=\/wp\/v2\/types\/post"}],"author":[{"embeddable":true,"href":"https:\/\/redaccionjuvenil.es\/index.php?rest_route=\/wp\/v2\/users\/17"}],"replies":[{"embeddable":true,"href":"https:\/\/redaccionjuvenil.es\/index.php?rest_route=%2Fwp%2Fv2%2Fcomments&post=582"}],"version-history":[{"count":4,"href":"https:\/\/redaccionjuvenil.es\/index.php?rest_route=\/wp\/v2\/posts\/582\/revisions"}],"predecessor-version":[{"id":596,"href":"https:\/\/redaccionjuvenil.es\/index.php?rest_route=\/wp\/v2\/posts\/582\/revisions\/596"}],"wp:featuredmedia":[{"embeddable":true,"href":"https:\/\/redaccionjuvenil.es\/index.php?rest_route=\/wp\/v2\/media\/583"}],"wp:attachment":[{"href":"https:\/\/redaccionjuvenil.es\/index.php?rest_route=%2Fwp%2Fv2%2Fmedia&parent=582"}],"wp:term":[{"taxonomy":"category","embeddable":true,"href":"https:\/\/redaccionjuvenil.es\/index.php?rest_route=%2Fwp%2Fv2%2Fcategories&post=582"},{"taxonomy":"post_tag","embeddable":true,"href":"https:\/\/redaccionjuvenil.es\/index.php?rest_route=%2Fwp%2Fv2%2Ftags&post=582"}],"curies":[{"name":"wp","href":"https:\/\/api.w.org\/{rel}","templated":true}]}}