{"id":599,"date":"2026-03-24T17:30:25","date_gmt":"2026-03-24T17:30:25","guid":{"rendered":"https:\/\/redaccionjuvenil.es\/?p=599"},"modified":"2026-03-25T15:18:30","modified_gmt":"2026-03-25T15:18:30","slug":"ni-comunicadores-ni-influencers-los-perfiles-juveniles-que-la-tecnologia-no-esta-transformando","status":"publish","type":"post","link":"https:\/\/redaccionjuvenil.es\/?p=599","title":{"rendered":"Ni comunicadores ni influencers: los perfiles juveniles que la tecnolog\u00eda no est\u00e1 transformando"},"content":{"rendered":"\n<p><strong>C<\/strong>on la llegada de las nuevas tecnolog\u00edas y el desarrollo tan avanzado de las redes sociales, no sorprende el decir que personas de avanzada edad se est\u00e1n quedando anticuadas y, en muchos de los casos, el pasotismo ante esta digitalizaci\u00f3n es abismal.<\/p>\n\n\n\n<p>Sin embargo, gran parte de nuestra juventud se encuentra tambi\u00e9n se\u00f1alada y marcada por esta serie de movimientos. Seg\u00fan el Instituto Nacional de Estad\u00edstica (INE), <strong><a href=\"ne.es\/ss\/Satellite?L=es_ES&amp;c=INESeccion_C&amp;cid=1259925463174&amp;p=%5C&amp;pagename=ProductosYServicios%2FPYSLayout&amp;param1=PYSDetalle&amp;param3=&amp;utm_\">Espa\u00f1a&nbsp; lidera la tasa de paro juvenil m\u00e1s alta de todos los pa\u00edses que conforman la Uni\u00f3n Europea<\/a><\/strong>.<\/p>\n\n\n\n<p>Ante esta grave situaci\u00f3n, numerosos sectores ya se han empezado a mover y a buscarse un lugar porque, aunque la tasa de paro gen\u00e9rica en nuestro pa\u00eds <a href=\"https:\/\/www.ine.es\/dyngs\/INEbase\/es\/operacion.htm?c=Estadistica_C&amp;cid=1254736176918&amp;idp=1254735976595&amp;menu=ultiDatos&amp;utm_source=\">haya sido reducida<\/a>, y la digitalizaci\u00f3n aporte una inmensa cantidad de beneficios en muchos sectores, deja fuera a quienes no optan por seguir ese camino.<\/p>\n\n\n\n<h2 class=\"wp-block-heading\">Perfiles no transformados<\/h2>\n\n\n\n<p>Uno de ellos es el <a href=\"https:\/\/scoutscyl.org\/\">Grupo de Scouts de Castilla y Le\u00f3n<\/a>, centrado en una formaci\u00f3n no tan formal de ni\u00f1os y j\u00f3venes, basada en un sistema de aprendizajes pr\u00e1cticos y una vida en grupo marcada por el compromiso social. A trav\u00e9s de din\u00e1micas como campamentos, actividades al aire libre y muchos otros proyectos que fomentan el trabajo en equipo. Su metodolog\u00eda, basada en <strong><em>\u201caprender haciendo\u201d <\/em><\/strong>permite a los j\u00f3venes obtener una serie de aptitudes que marcan a sus integrantes para el resto de sus vidas.<\/p>\n\n\n\n<p>Adem\u00e1s, la organizaci\u00f3n apuesta por la formaci\u00f3n espec\u00edfica&nbsp; en el \u00e1mbito del ocio educativo mediante su <a href=\"https:\/\/scoutscyl.org\/formacion\/\">escuela de animaci\u00f3n juvenil<\/a>, donde se imparten titulaciones oficiales como monitor y coordinador de actividades de tiempo libre. Estos cursos apuestan por dejar m\u00e1s de lado el papel y boli tradicional y se centran en la experiencia pr\u00e1ctica que te dan las actividades reales, que son las que verdaderamente preparan a esta serie de j\u00f3venes para trabajar en esta serie de programaciones no tan hiladas al contexto educativo tradicional.<\/p>\n\n\n\n<p>De este modo, los scouts no solo ofrecen un espacio de crecimiento a nivel personal, sino que tambi\u00e9n plasman una alternativa real y cercana dentro de un mercado laboral que se encuentra cada vez m\u00e1s sectorizado. En un contexto donde la tecnolog\u00eda parece dirigir el ritmo y las oportunidades laborales que nos llegan a d\u00eda de hoy. Iniciativas como estas demuestran que siguen existiendo caminos profesionales vinculados a lo social y al lado humano. Lejos de ser menos, estos perfiles siguen mostrando su valor en una sociedad que, pese a digitalizarse, sigue necesitando personas capaces de educar, ense\u00f1ar y crear v\u00ednculos sociales.<\/p>\n","protected":false},"excerpt":{"rendered":"<p>Con la llegada de las nuevas tecnolog\u00edas y el desarrollo tan avanzado de las redes sociales, no sorprende el decir que personas de avanzada edad se est\u00e1n quedando anticuadas y,&#8230;<\/p>\n","protected":false},"author":14,"featured_media":600,"comment_status":"open","ping_status":"open","sticky":false,"template":"","format":"standard","meta":{"_kadence_starter_templates_imported_post":false,"footnotes":""},"categories":[22,1,8,19,23,13,2,20,16,5],"tags":[76,75,74,71,72,77],"class_list":["post-599","post","type-post","status-publish","format-standard","has-post-thumbnail","hentry","category-activismo","category-actualidad","category-asociacionismo","category-cultura","category-destacado","category-msc-scouts","category-noticias","category-ocio","category-te-interesa","category-voluntariado","tag-castilla-y-leon","tag-digitalizacion","tag-empleo","tag-juvenutd","tag-paro","tag-scouts"],"yoast_head":"<!-- This site is optimized with the Yoast SEO plugin v27.1.1 - https:\/\/yoast.com\/product\/yoast-seo-wordpress\/ -->\n<title>Ni comunicadores ni influencers: los perfiles juveniles que la tecnolog\u00eda no est\u00e1 transformando - RED-ACCI\u00d3N JUVENIL<\/title>\n<meta name=\"robots\" content=\"index, follow, max-snippet:-1, max-image-preview:large, max-video-preview:-1\" \/>\n<link rel=\"canonical\" href=\"https:\/\/redaccionjuvenil.es\/?p=599\" \/>\n<meta property=\"og:locale\" content=\"es_ES\" \/>\n<meta property=\"og:type\" content=\"article\" \/>\n<meta property=\"og:title\" content=\"Ni comunicadores ni influencers: los perfiles juveniles que la tecnolog\u00eda no est\u00e1 transformando - RED-ACCI\u00d3N JUVENIL\" \/>\n<meta property=\"og:description\" content=\"Con la llegada de las nuevas tecnolog\u00edas y el desarrollo tan avanzado de las redes sociales, no sorprende el decir que personas de avanzada edad se est\u00e1n quedando anticuadas y,...\" \/>\n<meta property=\"og:url\" content=\"https:\/\/redaccionjuvenil.es\/?p=599\" \/>\n<meta property=\"og:site_name\" content=\"RED-ACCI\u00d3N JUVENIL\" \/>\n<meta property=\"article:published_time\" content=\"2026-03-24T17:30:25+00:00\" \/>\n<meta property=\"article:modified_time\" content=\"2026-03-25T15:18:30+00:00\" \/>\n<meta property=\"og:image\" content=\"https:\/\/redaccionjuvenil.es\/wp-content\/uploads\/2026\/03\/scouts-cyl-escuela-de-animacion-juvenil-1-1.webp\" \/>\n\t<meta property=\"og:image:width\" content=\"601\" \/>\n\t<meta property=\"og:image:height\" content=\"395\" \/>\n\t<meta property=\"og:image:type\" content=\"image\/webp\" \/>\n<meta name=\"author\" content=\"Xabier L\u00f3pez\" \/>\n<meta name=\"twitter:card\" content=\"summary_large_image\" \/>\n<meta name=\"twitter:label1\" content=\"Escrito por\" \/>\n\t<meta name=\"twitter:data1\" content=\"Xabier L\u00f3pez\" \/>\n\t<meta name=\"twitter:label2\" content=\"Tiempo de lectura\" \/>\n\t<meta name=\"twitter:data2\" content=\"3 minutos\" \/>\n<script type=\"application\/ld+json\" class=\"yoast-schema-graph\">{\"@context\":\"https:\/\/schema.org\",\"@graph\":[{\"@type\":\"Article\",\"@id\":\"https:\/\/redaccionjuvenil.es\/?p=599#article\",\"isPartOf\":{\"@id\":\"https:\/\/redaccionjuvenil.es\/?p=599\"},\"author\":{\"name\":\"Xabier L\u00f3pez\",\"@id\":\"https:\/\/redaccionjuvenil.es\/#\/schema\/person\/8d4091c9f9e8f7b57dd2515a294852a5\"},\"headline\":\"Ni comunicadores ni influencers: los perfiles juveniles que la tecnolog\u00eda no est\u00e1 transformando\",\"datePublished\":\"2026-03-24T17:30:25+00:00\",\"dateModified\":\"2026-03-25T15:18:30+00:00\",\"mainEntityOfPage\":{\"@id\":\"https:\/\/redaccionjuvenil.es\/?p=599\"},\"wordCount\":467,\"commentCount\":0,\"publisher\":{\"@id\":\"https:\/\/redaccionjuvenil.es\/#organization\"},\"image\":{\"@id\":\"https:\/\/redaccionjuvenil.es\/?p=599#primaryimage\"},\"thumbnailUrl\":\"https:\/\/redaccionjuvenil.es\/wp-content\/uploads\/2026\/03\/scouts-cyl-escuela-de-animacion-juvenil-1-1.webp\",\"keywords\":[\"castilla y le\u00f3n\",\"digitalizaci\u00f3n\",\"empleo\",\"juvenutd\",\"paro\",\"scouts\"],\"articleSection\":[\"Activismo\",\"Actualidad\",\"Asociacionismo\",\"Cultura\",\"Destacado\",\"MSC Scouts\",\"Noticias\",\"Ocio\",\"Te interesa\",\"Voluntariado\"],\"inLanguage\":\"es\",\"potentialAction\":[{\"@type\":\"CommentAction\",\"name\":\"Comment\",\"target\":[\"https:\/\/redaccionjuvenil.es\/?p=599#respond\"]}]},{\"@type\":\"WebPage\",\"@id\":\"https:\/\/redaccionjuvenil.es\/?p=599\",\"url\":\"https:\/\/redaccionjuvenil.es\/?p=599\",\"name\":\"Ni comunicadores ni influencers: los perfiles juveniles que la tecnolog\u00eda no est\u00e1 transformando - RED-ACCI\u00d3N JUVENIL\",\"isPartOf\":{\"@id\":\"https:\/\/redaccionjuvenil.es\/#website\"},\"primaryImageOfPage\":{\"@id\":\"https:\/\/redaccionjuvenil.es\/?p=599#primaryimage\"},\"image\":{\"@id\":\"https:\/\/redaccionjuvenil.es\/?p=599#primaryimage\"},\"thumbnailUrl\":\"https:\/\/redaccionjuvenil.es\/wp-content\/uploads\/2026\/03\/scouts-cyl-escuela-de-animacion-juvenil-1-1.webp\",\"datePublished\":\"2026-03-24T17:30:25+00:00\",\"dateModified\":\"2026-03-25T15:18:30+00:00\",\"breadcrumb\":{\"@id\":\"https:\/\/redaccionjuvenil.es\/?p=599#breadcrumb\"},\"inLanguage\":\"es\",\"potentialAction\":[{\"@type\":\"ReadAction\",\"target\":[\"https:\/\/redaccionjuvenil.es\/?p=599\"]}]},{\"@type\":\"ImageObject\",\"inLanguage\":\"es\",\"@id\":\"https:\/\/redaccionjuvenil.es\/?p=599#primaryimage\",\"url\":\"https:\/\/redaccionjuvenil.es\/wp-content\/uploads\/2026\/03\/scouts-cyl-escuela-de-animacion-juvenil-1-1.webp\",\"contentUrl\":\"https:\/\/redaccionjuvenil.es\/wp-content\/uploads\/2026\/03\/scouts-cyl-escuela-de-animacion-juvenil-1-1.webp\",\"width\":601,\"height\":395},{\"@type\":\"BreadcrumbList\",\"@id\":\"https:\/\/redaccionjuvenil.es\/?p=599#breadcrumb\",\"itemListElement\":[{\"@type\":\"ListItem\",\"position\":1,\"name\":\"Portada\",\"item\":\"https:\/\/redaccionjuvenil.es\/\"},{\"@type\":\"ListItem\",\"position\":2,\"name\":\"Ni comunicadores ni influencers: los perfiles juveniles que la tecnolog\u00eda no est\u00e1 transformando\"}]},{\"@type\":\"WebSite\",\"@id\":\"https:\/\/redaccionjuvenil.es\/#website\",\"url\":\"https:\/\/redaccionjuvenil.es\/\",\"name\":\"RED-ACCI\u00d3N JUVENIL\",\"description\":\"DONDE LA JUVENTUD INFORMA Y TRANSFORMA\",\"publisher\":{\"@id\":\"https:\/\/redaccionjuvenil.es\/#organization\"},\"potentialAction\":[{\"@type\":\"SearchAction\",\"target\":{\"@type\":\"EntryPoint\",\"urlTemplate\":\"https:\/\/redaccionjuvenil.es\/?s={search_term_string}\"},\"query-input\":{\"@type\":\"PropertyValueSpecification\",\"valueRequired\":true,\"valueName\":\"search_term_string\"}}],\"inLanguage\":\"es\"},{\"@type\":\"Organization\",\"@id\":\"https:\/\/redaccionjuvenil.es\/#organization\",\"name\":\"RED-ACCI\u00d3N JUVENIL\",\"url\":\"https:\/\/redaccionjuvenil.es\/\",\"logo\":{\"@type\":\"ImageObject\",\"inLanguage\":\"es\",\"@id\":\"https:\/\/redaccionjuvenil.es\/#\/schema\/logo\/image\/\",\"url\":\"https:\/\/redaccionjuvenil.es\/wp-content\/uploads\/2026\/03\/cropped-cropped-logo_redaccion_juvenil_primer_propuesta-1.png\",\"contentUrl\":\"https:\/\/redaccionjuvenil.es\/wp-content\/uploads\/2026\/03\/cropped-cropped-logo_redaccion_juvenil_primer_propuesta-1.png\",\"width\":723,\"height\":723,\"caption\":\"RED-ACCI\u00d3N JUVENIL\"},\"image\":{\"@id\":\"https:\/\/redaccionjuvenil.es\/#\/schema\/logo\/image\/\"}},{\"@type\":\"Person\",\"@id\":\"https:\/\/redaccionjuvenil.es\/#\/schema\/person\/8d4091c9f9e8f7b57dd2515a294852a5\",\"name\":\"Xabier L\u00f3pez\",\"image\":{\"@type\":\"ImageObject\",\"inLanguage\":\"es\",\"@id\":\"https:\/\/redaccionjuvenil.es\/#\/schema\/person\/image\/\",\"url\":\"https:\/\/secure.gravatar.com\/avatar\/d5b789c9df484d85abbacdfd327365ead4aecc4bbba98886fee7448e06037771?s=96&d=mm&r=g\",\"contentUrl\":\"https:\/\/secure.gravatar.com\/avatar\/d5b789c9df484d85abbacdfd327365ead4aecc4bbba98886fee7448e06037771?s=96&d=mm&r=g\",\"caption\":\"Xabier L\u00f3pez\"},\"url\":\"https:\/\/redaccionjuvenil.es\/?author=14\"}]}<\/script>\n<!-- \/ Yoast SEO plugin. -->","yoast_head_json":{"title":"Ni comunicadores ni influencers: los perfiles juveniles que la tecnolog\u00eda no est\u00e1 transformando - RED-ACCI\u00d3N JUVENIL","robots":{"index":"index","follow":"follow","max-snippet":"max-snippet:-1","max-image-preview":"max-image-preview:large","max-video-preview":"max-video-preview:-1"},"canonical":"https:\/\/redaccionjuvenil.es\/?p=599","og_locale":"es_ES","og_type":"article","og_title":"Ni comunicadores ni influencers: los perfiles juveniles que la tecnolog\u00eda no est\u00e1 transformando - RED-ACCI\u00d3N JUVENIL","og_description":"Con la llegada de las nuevas tecnolog\u00edas y el desarrollo tan avanzado de las redes sociales, no sorprende el decir que personas de avanzada edad se est\u00e1n quedando anticuadas y,...","og_url":"https:\/\/redaccionjuvenil.es\/?p=599","og_site_name":"RED-ACCI\u00d3N JUVENIL","article_published_time":"2026-03-24T17:30:25+00:00","article_modified_time":"2026-03-25T15:18:30+00:00","og_image":[{"width":601,"height":395,"url":"https:\/\/redaccionjuvenil.es\/wp-content\/uploads\/2026\/03\/scouts-cyl-escuela-de-animacion-juvenil-1-1.webp","type":"image\/webp"}],"author":"Xabier L\u00f3pez","twitter_card":"summary_large_image","twitter_misc":{"Escrito por":"Xabier L\u00f3pez","Tiempo de lectura":"3 minutos"},"schema":{"@context":"https:\/\/schema.org","@graph":[{"@type":"Article","@id":"https:\/\/redaccionjuvenil.es\/?p=599#article","isPartOf":{"@id":"https:\/\/redaccionjuvenil.es\/?p=599"},"author":{"name":"Xabier L\u00f3pez","@id":"https:\/\/redaccionjuvenil.es\/#\/schema\/person\/8d4091c9f9e8f7b57dd2515a294852a5"},"headline":"Ni comunicadores ni influencers: los perfiles juveniles que la tecnolog\u00eda no est\u00e1 transformando","datePublished":"2026-03-24T17:30:25+00:00","dateModified":"2026-03-25T15:18:30+00:00","mainEntityOfPage":{"@id":"https:\/\/redaccionjuvenil.es\/?p=599"},"wordCount":467,"commentCount":0,"publisher":{"@id":"https:\/\/redaccionjuvenil.es\/#organization"},"image":{"@id":"https:\/\/redaccionjuvenil.es\/?p=599#primaryimage"},"thumbnailUrl":"https:\/\/redaccionjuvenil.es\/wp-content\/uploads\/2026\/03\/scouts-cyl-escuela-de-animacion-juvenil-1-1.webp","keywords":["castilla y le\u00f3n","digitalizaci\u00f3n","empleo","juvenutd","paro","scouts"],"articleSection":["Activismo","Actualidad","Asociacionismo","Cultura","Destacado","MSC Scouts","Noticias","Ocio","Te interesa","Voluntariado"],"inLanguage":"es","potentialAction":[{"@type":"CommentAction","name":"Comment","target":["https:\/\/redaccionjuvenil.es\/?p=599#respond"]}]},{"@type":"WebPage","@id":"https:\/\/redaccionjuvenil.es\/?p=599","url":"https:\/\/redaccionjuvenil.es\/?p=599","name":"Ni comunicadores ni influencers: los perfiles juveniles que la tecnolog\u00eda no est\u00e1 transformando - RED-ACCI\u00d3N JUVENIL","isPartOf":{"@id":"https:\/\/redaccionjuvenil.es\/#website"},"primaryImageOfPage":{"@id":"https:\/\/redaccionjuvenil.es\/?p=599#primaryimage"},"image":{"@id":"https:\/\/redaccionjuvenil.es\/?p=599#primaryimage"},"thumbnailUrl":"https:\/\/redaccionjuvenil.es\/wp-content\/uploads\/2026\/03\/scouts-cyl-escuela-de-animacion-juvenil-1-1.webp","datePublished":"2026-03-24T17:30:25+00:00","dateModified":"2026-03-25T15:18:30+00:00","breadcrumb":{"@id":"https:\/\/redaccionjuvenil.es\/?p=599#breadcrumb"},"inLanguage":"es","potentialAction":[{"@type":"ReadAction","target":["https:\/\/redaccionjuvenil.es\/?p=599"]}]},{"@type":"ImageObject","inLanguage":"es","@id":"https:\/\/redaccionjuvenil.es\/?p=599#primaryimage","url":"https:\/\/redaccionjuvenil.es\/wp-content\/uploads\/2026\/03\/scouts-cyl-escuela-de-animacion-juvenil-1-1.webp","contentUrl":"https:\/\/redaccionjuvenil.es\/wp-content\/uploads\/2026\/03\/scouts-cyl-escuela-de-animacion-juvenil-1-1.webp","width":601,"height":395},{"@type":"BreadcrumbList","@id":"https:\/\/redaccionjuvenil.es\/?p=599#breadcrumb","itemListElement":[{"@type":"ListItem","position":1,"name":"Portada","item":"https:\/\/redaccionjuvenil.es\/"},{"@type":"ListItem","position":2,"name":"Ni comunicadores ni influencers: los perfiles juveniles que la tecnolog\u00eda no est\u00e1 transformando"}]},{"@type":"WebSite","@id":"https:\/\/redaccionjuvenil.es\/#website","url":"https:\/\/redaccionjuvenil.es\/","name":"RED-ACCI\u00d3N JUVENIL","description":"DONDE LA JUVENTUD INFORMA Y TRANSFORMA","publisher":{"@id":"https:\/\/redaccionjuvenil.es\/#organization"},"potentialAction":[{"@type":"SearchAction","target":{"@type":"EntryPoint","urlTemplate":"https:\/\/redaccionjuvenil.es\/?s={search_term_string}"},"query-input":{"@type":"PropertyValueSpecification","valueRequired":true,"valueName":"search_term_string"}}],"inLanguage":"es"},{"@type":"Organization","@id":"https:\/\/redaccionjuvenil.es\/#organization","name":"RED-ACCI\u00d3N JUVENIL","url":"https:\/\/redaccionjuvenil.es\/","logo":{"@type":"ImageObject","inLanguage":"es","@id":"https:\/\/redaccionjuvenil.es\/#\/schema\/logo\/image\/","url":"https:\/\/redaccionjuvenil.es\/wp-content\/uploads\/2026\/03\/cropped-cropped-logo_redaccion_juvenil_primer_propuesta-1.png","contentUrl":"https:\/\/redaccionjuvenil.es\/wp-content\/uploads\/2026\/03\/cropped-cropped-logo_redaccion_juvenil_primer_propuesta-1.png","width":723,"height":723,"caption":"RED-ACCI\u00d3N JUVENIL"},"image":{"@id":"https:\/\/redaccionjuvenil.es\/#\/schema\/logo\/image\/"}},{"@type":"Person","@id":"https:\/\/redaccionjuvenil.es\/#\/schema\/person\/8d4091c9f9e8f7b57dd2515a294852a5","name":"Xabier L\u00f3pez","image":{"@type":"ImageObject","inLanguage":"es","@id":"https:\/\/redaccionjuvenil.es\/#\/schema\/person\/image\/","url":"https:\/\/secure.gravatar.com\/avatar\/d5b789c9df484d85abbacdfd327365ead4aecc4bbba98886fee7448e06037771?s=96&d=mm&r=g","contentUrl":"https:\/\/secure.gravatar.com\/avatar\/d5b789c9df484d85abbacdfd327365ead4aecc4bbba98886fee7448e06037771?s=96&d=mm&r=g","caption":"Xabier L\u00f3pez"},"url":"https:\/\/redaccionjuvenil.es\/?author=14"}]}},"_links":{"self":[{"href":"https:\/\/redaccionjuvenil.es\/index.php?rest_route=\/wp\/v2\/posts\/599","targetHints":{"allow":["GET"]}}],"collection":[{"href":"https:\/\/redaccionjuvenil.es\/index.php?rest_route=\/wp\/v2\/posts"}],"about":[{"href":"https:\/\/redaccionjuvenil.es\/index.php?rest_route=\/wp\/v2\/types\/post"}],"author":[{"embeddable":true,"href":"https:\/\/redaccionjuvenil.es\/index.php?rest_route=\/wp\/v2\/users\/14"}],"replies":[{"embeddable":true,"href":"https:\/\/redaccionjuvenil.es\/index.php?rest_route=%2Fwp%2Fv2%2Fcomments&post=599"}],"version-history":[{"count":2,"href":"https:\/\/redaccionjuvenil.es\/index.php?rest_route=\/wp\/v2\/posts\/599\/revisions"}],"predecessor-version":[{"id":618,"href":"https:\/\/redaccionjuvenil.es\/index.php?rest_route=\/wp\/v2\/posts\/599\/revisions\/618"}],"wp:featuredmedia":[{"embeddable":true,"href":"https:\/\/redaccionjuvenil.es\/index.php?rest_route=\/wp\/v2\/media\/600"}],"wp:attachment":[{"href":"https:\/\/redaccionjuvenil.es\/index.php?rest_route=%2Fwp%2Fv2%2Fmedia&parent=599"}],"wp:term":[{"taxonomy":"category","embeddable":true,"href":"https:\/\/redaccionjuvenil.es\/index.php?rest_route=%2Fwp%2Fv2%2Fcategories&post=599"},{"taxonomy":"post_tag","embeddable":true,"href":"https:\/\/redaccionjuvenil.es\/index.php?rest_route=%2Fwp%2Fv2%2Ftags&post=599"}],"curies":[{"name":"wp","href":"https:\/\/api.w.org\/{rel}","templated":true}]}}