{"id":604,"date":"2026-03-30T11:55:18","date_gmt":"2026-03-30T11:55:18","guid":{"rendered":"https:\/\/redaccionjuvenil.es\/?p=604"},"modified":"2026-03-30T12:44:32","modified_gmt":"2026-03-30T12:44:32","slug":"una-jornada-con-mucha-musica-union-y-danza","status":"publish","type":"post","link":"https:\/\/redaccionjuvenil.es\/?p=604","title":{"rendered":"Una jornada con mucha m\u00fasica, uni\u00f3n y danza"},"content":{"rendered":"\n<h3 class=\"wp-block-heading\"><strong>La Casa Aleste celebr\u00f3 el pasado s\u00e1bado 28 de marzo, la XXXII edici\u00f3n de El Candilazo, en una semana definida por la labor solidaria y la colaboraci\u00f3n de asociaciones m\u00e1s adultas junto con los m\u00e1s j\u00f3venes<\/strong><\/h3>\n\n\n\n<p>La <a href=\"https:\/\/www.alestecasaj.org\/asociaciones\/#El_Candil\" target=\"_blank\" rel=\"noreferrer noopener\"><strong>Asociaci\u00f3n Cultural El Candi<\/strong>l <\/a>celebr\u00f3 el pasado s\u00e1bado la trig\u00e9sima segunda edici\u00f3n de El Candilazo en colaboraci\u00f3n con la Fundaci\u00f3n Municipal de Cultura de Valladolid. Comenz\u00f3 a las <strong>18:00 horas <\/strong>y estuvo marcado por distintas actuaciones para todos los p\u00fablicos en el sal\u00f3n de actos de la Casa de Juventud Aleste.<\/p>\n\n\n\n<p>Dentro de esta gran variedad de actuaciones, el p\u00fablico pudo disfrutar de danzas, bailes en l\u00edneas, sevillanas o mon\u00f3logos, entre otros, del propio grupo que lo organiz\u00f3. As\u00ed mismo, al finalizar el evento, se ofreci\u00f3 una chocolatada a los asistentes. El evento se enmarca dentro de una <strong>semana solidaria<\/strong>, adem\u00e1s de que todo lo recaudado, como los 2 euros del precio de cada entrada, que va destinado al proyecto Don Bosco en la ciudad argentina de Z\u00e1rate.<\/p>\n\n\n\n<p>No solo esa fue la \u00fanica actividad, sino que el evento estuvo acompa\u00f1ado de un <strong>mercadillo solidario<\/strong> que abri\u00f3 con cada actividad celebrada durante el mes de marzo. Cont\u00f3 con productos de comercio justo y elaboraciones hechas tanto por j\u00f3venes como adultos de la Casa Aleste.<\/p>\n\n\n\n<h2 class=\"wp-block-heading\">\u00bfQu\u00e9 es la Asociaci\u00f3n Cultural El Candil?<\/h2>\n\n\n\n<p>Es una asociaci\u00f3n de adultos fundada en 1990 por un grupo de<strong> padres y madres,<\/strong> y as\u00ed poder tener un espacio de participaci\u00f3n dentro de un lugar como la Casa Aleste, que principalmente esta formada por organizaciones juveniles. El Candil establece una serie de talleres entre semana, adem\u00e1s de visitas culturales y excursiones entre otras para un p\u00fablico no tan joven. <\/p>\n\n\n<div class=\"wp-block-image\">\n<figure class=\"aligncenter size-full is-resized\"><img loading=\"lazy\" decoding=\"async\" width=\"472\" height=\"354\" src=\"https:\/\/redaccionjuvenil.es\/wp-content\/uploads\/2026\/03\/ElCandil.png\" alt=\"\" class=\"wp-image-758\" style=\"aspect-ratio:1.3333480467887884;width:280px;height:auto\" srcset=\"https:\/\/redaccionjuvenil.es\/wp-content\/uploads\/2026\/03\/ElCandil.png 472w, https:\/\/redaccionjuvenil.es\/wp-content\/uploads\/2026\/03\/ElCandil-300x225.png 300w\" sizes=\"auto, (max-width: 472px) 100vw, 472px\" \/><figcaption class=\"wp-element-caption\">Logo de la Asociaci\u00f3n de Adultos El Candil<\/figcaption><\/figure>\n<\/div>\n\n\n<h2 class=\"wp-block-heading\">Colaboraci\u00f3n e unidad<\/h2>\n\n\n\n<p>La importancia de esta actividad, aparte de sus fines solidarios, es la labor que lleva una asociaci\u00f3n como es El Candil, formada principalmente por <strong>adultos<\/strong>, dentro de una estructura que en su mayor\u00eda es m\u00e1s juvenil. <\/p>\n\n\n\n<p>Este tipo de organizaciones son fundamentales, ya que aportan unas determinadas fortalezas a los grupos m\u00e1s j\u00f3venes, como pueden ser la experiencia, la organizaci\u00f3n e incluso la coordinaci\u00f3n, para favorecer un correcto desarrollo de las actividades y una participaci\u00f3n eficiente de todos los participantes.<\/p>\n\n\n\n<p>Estas actividades forman el d\u00eda a d\u00eda del centro, donde la participaci\u00f3n de todos los grupos, desde los m\u00e1s peque\u00f1os hasta los adultos, permite desarrollar <strong>nuevas iniciativas<\/strong>. De este modo, El Candilazo y otras muchas actividades, demuestran que la implicaci\u00f3n y la colaboraci\u00f3n entre diferentes <strong>generaciones <\/strong>son muy necesarias para mantener la estabilidad del centro.<\/p>\n\n\n\n<p>Dentro de este entorno, las personas pueden desarrollar habilidades o incluso compartir experiencias dentro de los distintos grupos de edad. Asi mismo, contribuye a <strong>mantener la identidad<\/strong>, definir valores como la solidaridad, todo ello dentro de una asociaci\u00f3n juvenil que permite a todos los miembros de distintas edades un espacio de unidad y colaboraci\u00f3n social.<\/p>\n","protected":false},"excerpt":{"rendered":"<p>La Casa Aleste celebr\u00f3 el pasado s\u00e1bado 28 de marzo, la XXXII edici\u00f3n de El Candilazo, en una semana definida por la labor solidaria y la colaboraci\u00f3n de asociaciones m\u00e1s&#8230;<\/p>\n","protected":false},"author":20,"featured_media":763,"comment_status":"open","ping_status":"open","sticky":false,"template":"","format":"standard","meta":{"_kadence_starter_templates_imported_post":false,"footnotes":""},"categories":[1,8,19,12],"tags":[54,62,60,78,57,82,80,61,79],"class_list":["post-604","post","type-post","status-publish","format-standard","has-post-thumbnail","hentry","category-actualidad","category-asociacionismo","category-cultura","category-don-bosco","tag-asociacionismo","tag-28-de-marzo","tag-asociacion-cultural-el-candil","tag-don-bosco","tag-el-candilazo","tag-jovenes-y-adultos","tag-mercadillo","tag-solidario","tag-valladolid-2"],"yoast_head":"<!-- This site is optimized with the Yoast SEO plugin v27.1.1 - https:\/\/yoast.com\/product\/yoast-seo-wordpress\/ -->\n<title>Una jornada con mucha m\u00fasica, uni\u00f3n y danza - RED-ACCI\u00d3N JUVENIL<\/title>\n<meta name=\"description\" content=\"La Asociaci\u00f3n Cultural El Candil volvi\u00f3 a celebrar este evento en colaboraci\u00f3n con la Fundaci\u00f3n Municipal de Cultura de Valladolid\" \/>\n<meta name=\"robots\" content=\"index, follow, max-snippet:-1, max-image-preview:large, max-video-preview:-1\" \/>\n<link rel=\"canonical\" href=\"https:\/\/redaccionjuvenil.es\/?p=604\" \/>\n<meta property=\"og:locale\" content=\"es_ES\" \/>\n<meta property=\"og:type\" content=\"article\" \/>\n<meta property=\"og:title\" content=\"Una jornada con mucha m\u00fasica, uni\u00f3n y danza - RED-ACCI\u00d3N JUVENIL\" \/>\n<meta property=\"og:description\" content=\"La Asociaci\u00f3n Cultural El Candil volvi\u00f3 a celebrar este evento en colaboraci\u00f3n con la Fundaci\u00f3n Municipal de Cultura de Valladolid\" \/>\n<meta property=\"og:url\" content=\"https:\/\/redaccionjuvenil.es\/?p=604\" \/>\n<meta property=\"og:site_name\" content=\"RED-ACCI\u00d3N JUVENIL\" \/>\n<meta property=\"article:published_time\" content=\"2026-03-30T11:55:18+00:00\" \/>\n<meta property=\"article:modified_time\" content=\"2026-03-30T12:44:32+00:00\" \/>\n<meta property=\"og:image\" content=\"https:\/\/redaccionjuvenil.es\/wp-content\/uploads\/2026\/03\/NOTICIA-RJ_Nero_AI_Image_Upscaler_Photo_Face-1-scaled.jpeg\" \/>\n\t<meta property=\"og:image:width\" content=\"2560\" \/>\n\t<meta property=\"og:image:height\" content=\"1440\" \/>\n\t<meta property=\"og:image:type\" content=\"image\/jpeg\" \/>\n<meta name=\"author\" content=\"Lara Mar\u00eda Prieto\" \/>\n<meta name=\"twitter:card\" content=\"summary_large_image\" \/>\n<meta name=\"twitter:label1\" content=\"Escrito por\" \/>\n\t<meta name=\"twitter:data1\" content=\"Lara Mar\u00eda Prieto\" \/>\n\t<meta name=\"twitter:label2\" content=\"Tiempo de lectura\" \/>\n\t<meta name=\"twitter:data2\" content=\"3 minutos\" \/>\n<script type=\"application\/ld+json\" class=\"yoast-schema-graph\">{\"@context\":\"https:\/\/schema.org\",\"@graph\":[{\"@type\":\"Article\",\"@id\":\"https:\/\/redaccionjuvenil.es\/?p=604#article\",\"isPartOf\":{\"@id\":\"https:\/\/redaccionjuvenil.es\/?p=604\"},\"author\":{\"name\":\"Lara Mar\u00eda Prieto\",\"@id\":\"https:\/\/redaccionjuvenil.es\/#\/schema\/person\/4c01330987c04093df51b25076aa4af4\"},\"headline\":\"Una jornada con mucha m\u00fasica, uni\u00f3n y danza\",\"datePublished\":\"2026-03-30T11:55:18+00:00\",\"dateModified\":\"2026-03-30T12:44:32+00:00\",\"mainEntityOfPage\":{\"@id\":\"https:\/\/redaccionjuvenil.es\/?p=604\"},\"wordCount\":531,\"commentCount\":0,\"publisher\":{\"@id\":\"https:\/\/redaccionjuvenil.es\/#organization\"},\"image\":{\"@id\":\"https:\/\/redaccionjuvenil.es\/?p=604#primaryimage\"},\"thumbnailUrl\":\"https:\/\/redaccionjuvenil.es\/wp-content\/uploads\/2026\/03\/NOTICIA-RJ_Nero_AI_Image_Upscaler_Photo_Face-1-scaled.jpeg\",\"keywords\":[\"#asociacionismo\",\"28 de marzo\",\"Asociaci\u00f3n Cultural El Candil\",\"Don Bosco\",\"El Candilazo\",\"J\u00f3venes y adultos\",\"Mercadillo\",\"Solidario\",\"Valladolid\"],\"articleSection\":[\"Actualidad\",\"Asociacionismo\",\"Cultura\",\"Don Bosco\"],\"inLanguage\":\"es\",\"potentialAction\":[{\"@type\":\"CommentAction\",\"name\":\"Comment\",\"target\":[\"https:\/\/redaccionjuvenil.es\/?p=604#respond\"]}]},{\"@type\":\"WebPage\",\"@id\":\"https:\/\/redaccionjuvenil.es\/?p=604\",\"url\":\"https:\/\/redaccionjuvenil.es\/?p=604\",\"name\":\"Una jornada con mucha m\u00fasica, uni\u00f3n y danza - RED-ACCI\u00d3N JUVENIL\",\"isPartOf\":{\"@id\":\"https:\/\/redaccionjuvenil.es\/#website\"},\"primaryImageOfPage\":{\"@id\":\"https:\/\/redaccionjuvenil.es\/?p=604#primaryimage\"},\"image\":{\"@id\":\"https:\/\/redaccionjuvenil.es\/?p=604#primaryimage\"},\"thumbnailUrl\":\"https:\/\/redaccionjuvenil.es\/wp-content\/uploads\/2026\/03\/NOTICIA-RJ_Nero_AI_Image_Upscaler_Photo_Face-1-scaled.jpeg\",\"datePublished\":\"2026-03-30T11:55:18+00:00\",\"dateModified\":\"2026-03-30T12:44:32+00:00\",\"description\":\"La Asociaci\u00f3n Cultural El Candil volvi\u00f3 a celebrar este evento en colaboraci\u00f3n con la Fundaci\u00f3n Municipal de Cultura de Valladolid\",\"breadcrumb\":{\"@id\":\"https:\/\/redaccionjuvenil.es\/?p=604#breadcrumb\"},\"inLanguage\":\"es\",\"potentialAction\":[{\"@type\":\"ReadAction\",\"target\":[\"https:\/\/redaccionjuvenil.es\/?p=604\"]}]},{\"@type\":\"ImageObject\",\"inLanguage\":\"es\",\"@id\":\"https:\/\/redaccionjuvenil.es\/?p=604#primaryimage\",\"url\":\"https:\/\/redaccionjuvenil.es\/wp-content\/uploads\/2026\/03\/NOTICIA-RJ_Nero_AI_Image_Upscaler_Photo_Face-1-scaled.jpeg\",\"contentUrl\":\"https:\/\/redaccionjuvenil.es\/wp-content\/uploads\/2026\/03\/NOTICIA-RJ_Nero_AI_Image_Upscaler_Photo_Face-1-scaled.jpeg\",\"width\":2560,\"height\":1440},{\"@type\":\"BreadcrumbList\",\"@id\":\"https:\/\/redaccionjuvenil.es\/?p=604#breadcrumb\",\"itemListElement\":[{\"@type\":\"ListItem\",\"position\":1,\"name\":\"Portada\",\"item\":\"https:\/\/redaccionjuvenil.es\/\"},{\"@type\":\"ListItem\",\"position\":2,\"name\":\"Una jornada con mucha m\u00fasica, uni\u00f3n y danza\"}]},{\"@type\":\"WebSite\",\"@id\":\"https:\/\/redaccionjuvenil.es\/#website\",\"url\":\"https:\/\/redaccionjuvenil.es\/\",\"name\":\"RED-ACCI\u00d3N JUVENIL\",\"description\":\"DONDE LA JUVENTUD INFORMA Y TRANSFORMA\",\"publisher\":{\"@id\":\"https:\/\/redaccionjuvenil.es\/#organization\"},\"potentialAction\":[{\"@type\":\"SearchAction\",\"target\":{\"@type\":\"EntryPoint\",\"urlTemplate\":\"https:\/\/redaccionjuvenil.es\/?s={search_term_string}\"},\"query-input\":{\"@type\":\"PropertyValueSpecification\",\"valueRequired\":true,\"valueName\":\"search_term_string\"}}],\"inLanguage\":\"es\"},{\"@type\":\"Organization\",\"@id\":\"https:\/\/redaccionjuvenil.es\/#organization\",\"name\":\"RED-ACCI\u00d3N JUVENIL\",\"url\":\"https:\/\/redaccionjuvenil.es\/\",\"logo\":{\"@type\":\"ImageObject\",\"inLanguage\":\"es\",\"@id\":\"https:\/\/redaccionjuvenil.es\/#\/schema\/logo\/image\/\",\"url\":\"https:\/\/redaccionjuvenil.es\/wp-content\/uploads\/2026\/03\/cropped-cropped-logo_redaccion_juvenil_primer_propuesta-1.png\",\"contentUrl\":\"https:\/\/redaccionjuvenil.es\/wp-content\/uploads\/2026\/03\/cropped-cropped-logo_redaccion_juvenil_primer_propuesta-1.png\",\"width\":723,\"height\":723,\"caption\":\"RED-ACCI\u00d3N JUVENIL\"},\"image\":{\"@id\":\"https:\/\/redaccionjuvenil.es\/#\/schema\/logo\/image\/\"}},{\"@type\":\"Person\",\"@id\":\"https:\/\/redaccionjuvenil.es\/#\/schema\/person\/4c01330987c04093df51b25076aa4af4\",\"name\":\"Lara Mar\u00eda Prieto\",\"image\":{\"@type\":\"ImageObject\",\"inLanguage\":\"es\",\"@id\":\"https:\/\/redaccionjuvenil.es\/#\/schema\/person\/image\/\",\"url\":\"https:\/\/secure.gravatar.com\/avatar\/52ed77e099055cf2384e4a666515c8522e9caf2039a897e85c0c38e12d4c533f?s=96&d=mm&r=g\",\"contentUrl\":\"https:\/\/secure.gravatar.com\/avatar\/52ed77e099055cf2384e4a666515c8522e9caf2039a897e85c0c38e12d4c533f?s=96&d=mm&r=g\",\"caption\":\"Lara Mar\u00eda Prieto\"},\"url\":\"https:\/\/redaccionjuvenil.es\/?author=20\"}]}<\/script>\n<!-- \/ Yoast SEO plugin. -->","yoast_head_json":{"title":"Una jornada con mucha m\u00fasica, uni\u00f3n y danza - RED-ACCI\u00d3N JUVENIL","description":"La Asociaci\u00f3n Cultural El Candil volvi\u00f3 a celebrar este evento en colaboraci\u00f3n con la Fundaci\u00f3n Municipal de Cultura de Valladolid","robots":{"index":"index","follow":"follow","max-snippet":"max-snippet:-1","max-image-preview":"max-image-preview:large","max-video-preview":"max-video-preview:-1"},"canonical":"https:\/\/redaccionjuvenil.es\/?p=604","og_locale":"es_ES","og_type":"article","og_title":"Una jornada con mucha m\u00fasica, uni\u00f3n y danza - RED-ACCI\u00d3N JUVENIL","og_description":"La Asociaci\u00f3n Cultural El Candil volvi\u00f3 a celebrar este evento en colaboraci\u00f3n con la Fundaci\u00f3n Municipal de Cultura de Valladolid","og_url":"https:\/\/redaccionjuvenil.es\/?p=604","og_site_name":"RED-ACCI\u00d3N JUVENIL","article_published_time":"2026-03-30T11:55:18+00:00","article_modified_time":"2026-03-30T12:44:32+00:00","og_image":[{"width":2560,"height":1440,"url":"https:\/\/redaccionjuvenil.es\/wp-content\/uploads\/2026\/03\/NOTICIA-RJ_Nero_AI_Image_Upscaler_Photo_Face-1-scaled.jpeg","type":"image\/jpeg"}],"author":"Lara Mar\u00eda Prieto","twitter_card":"summary_large_image","twitter_misc":{"Escrito por":"Lara Mar\u00eda Prieto","Tiempo de lectura":"3 minutos"},"schema":{"@context":"https:\/\/schema.org","@graph":[{"@type":"Article","@id":"https:\/\/redaccionjuvenil.es\/?p=604#article","isPartOf":{"@id":"https:\/\/redaccionjuvenil.es\/?p=604"},"author":{"name":"Lara Mar\u00eda Prieto","@id":"https:\/\/redaccionjuvenil.es\/#\/schema\/person\/4c01330987c04093df51b25076aa4af4"},"headline":"Una jornada con mucha m\u00fasica, uni\u00f3n y danza","datePublished":"2026-03-30T11:55:18+00:00","dateModified":"2026-03-30T12:44:32+00:00","mainEntityOfPage":{"@id":"https:\/\/redaccionjuvenil.es\/?p=604"},"wordCount":531,"commentCount":0,"publisher":{"@id":"https:\/\/redaccionjuvenil.es\/#organization"},"image":{"@id":"https:\/\/redaccionjuvenil.es\/?p=604#primaryimage"},"thumbnailUrl":"https:\/\/redaccionjuvenil.es\/wp-content\/uploads\/2026\/03\/NOTICIA-RJ_Nero_AI_Image_Upscaler_Photo_Face-1-scaled.jpeg","keywords":["#asociacionismo","28 de marzo","Asociaci\u00f3n Cultural El Candil","Don Bosco","El Candilazo","J\u00f3venes y adultos","Mercadillo","Solidario","Valladolid"],"articleSection":["Actualidad","Asociacionismo","Cultura","Don Bosco"],"inLanguage":"es","potentialAction":[{"@type":"CommentAction","name":"Comment","target":["https:\/\/redaccionjuvenil.es\/?p=604#respond"]}]},{"@type":"WebPage","@id":"https:\/\/redaccionjuvenil.es\/?p=604","url":"https:\/\/redaccionjuvenil.es\/?p=604","name":"Una jornada con mucha m\u00fasica, uni\u00f3n y danza - RED-ACCI\u00d3N JUVENIL","isPartOf":{"@id":"https:\/\/redaccionjuvenil.es\/#website"},"primaryImageOfPage":{"@id":"https:\/\/redaccionjuvenil.es\/?p=604#primaryimage"},"image":{"@id":"https:\/\/redaccionjuvenil.es\/?p=604#primaryimage"},"thumbnailUrl":"https:\/\/redaccionjuvenil.es\/wp-content\/uploads\/2026\/03\/NOTICIA-RJ_Nero_AI_Image_Upscaler_Photo_Face-1-scaled.jpeg","datePublished":"2026-03-30T11:55:18+00:00","dateModified":"2026-03-30T12:44:32+00:00","description":"La Asociaci\u00f3n Cultural El Candil volvi\u00f3 a celebrar este evento en colaboraci\u00f3n con la Fundaci\u00f3n Municipal de Cultura de Valladolid","breadcrumb":{"@id":"https:\/\/redaccionjuvenil.es\/?p=604#breadcrumb"},"inLanguage":"es","potentialAction":[{"@type":"ReadAction","target":["https:\/\/redaccionjuvenil.es\/?p=604"]}]},{"@type":"ImageObject","inLanguage":"es","@id":"https:\/\/redaccionjuvenil.es\/?p=604#primaryimage","url":"https:\/\/redaccionjuvenil.es\/wp-content\/uploads\/2026\/03\/NOTICIA-RJ_Nero_AI_Image_Upscaler_Photo_Face-1-scaled.jpeg","contentUrl":"https:\/\/redaccionjuvenil.es\/wp-content\/uploads\/2026\/03\/NOTICIA-RJ_Nero_AI_Image_Upscaler_Photo_Face-1-scaled.jpeg","width":2560,"height":1440},{"@type":"BreadcrumbList","@id":"https:\/\/redaccionjuvenil.es\/?p=604#breadcrumb","itemListElement":[{"@type":"ListItem","position":1,"name":"Portada","item":"https:\/\/redaccionjuvenil.es\/"},{"@type":"ListItem","position":2,"name":"Una jornada con mucha m\u00fasica, uni\u00f3n y danza"}]},{"@type":"WebSite","@id":"https:\/\/redaccionjuvenil.es\/#website","url":"https:\/\/redaccionjuvenil.es\/","name":"RED-ACCI\u00d3N JUVENIL","description":"DONDE LA JUVENTUD INFORMA Y TRANSFORMA","publisher":{"@id":"https:\/\/redaccionjuvenil.es\/#organization"},"potentialAction":[{"@type":"SearchAction","target":{"@type":"EntryPoint","urlTemplate":"https:\/\/redaccionjuvenil.es\/?s={search_term_string}"},"query-input":{"@type":"PropertyValueSpecification","valueRequired":true,"valueName":"search_term_string"}}],"inLanguage":"es"},{"@type":"Organization","@id":"https:\/\/redaccionjuvenil.es\/#organization","name":"RED-ACCI\u00d3N JUVENIL","url":"https:\/\/redaccionjuvenil.es\/","logo":{"@type":"ImageObject","inLanguage":"es","@id":"https:\/\/redaccionjuvenil.es\/#\/schema\/logo\/image\/","url":"https:\/\/redaccionjuvenil.es\/wp-content\/uploads\/2026\/03\/cropped-cropped-logo_redaccion_juvenil_primer_propuesta-1.png","contentUrl":"https:\/\/redaccionjuvenil.es\/wp-content\/uploads\/2026\/03\/cropped-cropped-logo_redaccion_juvenil_primer_propuesta-1.png","width":723,"height":723,"caption":"RED-ACCI\u00d3N JUVENIL"},"image":{"@id":"https:\/\/redaccionjuvenil.es\/#\/schema\/logo\/image\/"}},{"@type":"Person","@id":"https:\/\/redaccionjuvenil.es\/#\/schema\/person\/4c01330987c04093df51b25076aa4af4","name":"Lara Mar\u00eda Prieto","image":{"@type":"ImageObject","inLanguage":"es","@id":"https:\/\/redaccionjuvenil.es\/#\/schema\/person\/image\/","url":"https:\/\/secure.gravatar.com\/avatar\/52ed77e099055cf2384e4a666515c8522e9caf2039a897e85c0c38e12d4c533f?s=96&d=mm&r=g","contentUrl":"https:\/\/secure.gravatar.com\/avatar\/52ed77e099055cf2384e4a666515c8522e9caf2039a897e85c0c38e12d4c533f?s=96&d=mm&r=g","caption":"Lara Mar\u00eda Prieto"},"url":"https:\/\/redaccionjuvenil.es\/?author=20"}]}},"_links":{"self":[{"href":"https:\/\/redaccionjuvenil.es\/index.php?rest_route=\/wp\/v2\/posts\/604","targetHints":{"allow":["GET"]}}],"collection":[{"href":"https:\/\/redaccionjuvenil.es\/index.php?rest_route=\/wp\/v2\/posts"}],"about":[{"href":"https:\/\/redaccionjuvenil.es\/index.php?rest_route=\/wp\/v2\/types\/post"}],"author":[{"embeddable":true,"href":"https:\/\/redaccionjuvenil.es\/index.php?rest_route=\/wp\/v2\/users\/20"}],"replies":[{"embeddable":true,"href":"https:\/\/redaccionjuvenil.es\/index.php?rest_route=%2Fwp%2Fv2%2Fcomments&post=604"}],"version-history":[{"count":14,"href":"https:\/\/redaccionjuvenil.es\/index.php?rest_route=\/wp\/v2\/posts\/604\/revisions"}],"predecessor-version":[{"id":762,"href":"https:\/\/redaccionjuvenil.es\/index.php?rest_route=\/wp\/v2\/posts\/604\/revisions\/762"}],"wp:featuredmedia":[{"embeddable":true,"href":"https:\/\/redaccionjuvenil.es\/index.php?rest_route=\/wp\/v2\/media\/763"}],"wp:attachment":[{"href":"https:\/\/redaccionjuvenil.es\/index.php?rest_route=%2Fwp%2Fv2%2Fmedia&parent=604"}],"wp:term":[{"taxonomy":"category","embeddable":true,"href":"https:\/\/redaccionjuvenil.es\/index.php?rest_route=%2Fwp%2Fv2%2Fcategories&post=604"},{"taxonomy":"post_tag","embeddable":true,"href":"https:\/\/redaccionjuvenil.es\/index.php?rest_route=%2Fwp%2Fv2%2Ftags&post=604"}],"curies":[{"name":"wp","href":"https:\/\/api.w.org\/{rel}","templated":true}]}}