{"id":613,"date":"2026-03-25T15:30:25","date_gmt":"2026-03-25T15:30:25","guid":{"rendered":"https:\/\/redaccionjuvenil.es\/?p=613"},"modified":"2026-03-25T15:30:28","modified_gmt":"2026-03-25T15:30:28","slug":"la-droga-en-la-juventud-una-amenaza-silenciosa","status":"publish","type":"post","link":"https:\/\/redaccionjuvenil.es\/?p=613","title":{"rendered":"La droga en la juventud: una amenaza silenciosa\u00a0"},"content":{"rendered":"\n<p>En los \u00faltimos a\u00f1os, el consumo de drogas entre los j\u00f3venes se ha convertido en una de las principales preocupaciones sociales y sanitarias a nivel mundial. Seg\u00fan la\u00a0<a href=\"https:\/\/www.who.int\/europe\/publications\/i\/item\/9789289060936\" target=\"_blank\" rel=\"noreferrer noopener\">Organizaci\u00f3n Mundial de la Salud<\/a>\u00a0(OMS), el uso de sustancias en edades tempranas puede tener consecuencias graves en el desarrollo f\u00edsico y mental. Especialmente en etapas como la adolescencia y juventud temprana.\u00a0<\/p>\n\n\n\n<p>Uno de los factores clave que influye en el inicio del consumo es la curiosidad, especialmente en esta etapa marcada por la necesidad de pertenencia a un grupo. A esto se suma la presi\u00f3n de grupo, que puede llevar a muchos j\u00f3venes a experimentar con drogas para sentirse aceptados. De acuerdo con el proyecto&nbsp;<a href=\"https:\/\/www.espad.org\/content\/impulsividad-y-b%C3%BAsqueda-de-sensacionescomo-predictores-del-consumo-de-drogas-enadolescentes\" target=\"_blank\" rel=\"noreferrer noopener\">ESPAD<\/a>, una parte significativa de los estudiantes europeos ha probado el alcohol o cannabis antes de los 18 a\u00f1os, lo que refleja la normalizaci\u00f3n de estas conductas en ciertos contextos.&nbsp;<\/p>\n\n\n\n<figure class=\"wp-block-image size-large\"><img loading=\"lazy\" decoding=\"async\" width=\"1024\" height=\"576\" src=\"https:\/\/redaccionjuvenil.es\/wp-content\/uploads\/2026\/03\/Fotos-articulos--1024x576.jpg\" alt=\"\" class=\"wp-image-620\" srcset=\"https:\/\/redaccionjuvenil.es\/wp-content\/uploads\/2026\/03\/Fotos-articulos--1024x576.jpg 1024w, https:\/\/redaccionjuvenil.es\/wp-content\/uploads\/2026\/03\/Fotos-articulos--300x169.jpg 300w, https:\/\/redaccionjuvenil.es\/wp-content\/uploads\/2026\/03\/Fotos-articulos--768x432.jpg 768w, https:\/\/redaccionjuvenil.es\/wp-content\/uploads\/2026\/03\/Fotos-articulos--1536x864.jpg 1536w, https:\/\/redaccionjuvenil.es\/wp-content\/uploads\/2026\/03\/Fotos-articulos-.jpg 1920w\" sizes=\"auto, (max-width: 1024px) 100vw, 1024px\" \/><\/figure>\n\n\n\n<p>Adem\u00e1s, el entorno digital ha jugado un papel relevante. Las redes sociales, aunque no son la causa directa, pueden contribuir a mostrar el consumo como algo habitual o incluso atractivo. Esto puede distorsionar la percepci\u00f3n de riesgo entre los j\u00f3venes, haci\u00e9ndoles subestimar las consecuencias reales.&nbsp;<\/p>\n\n\n\n<p>En Espa\u00f1a, los datos tambi\u00e9n resultan preocupantes. La encuesta ESTUDES, elaborada por&nbsp;<a href=\"https:\/\/www.sanidad.gob.es\/areas\/pnsd\/home.htm\" target=\"_blank\" rel=\"noreferrer noopener\">el Ministerio de Sanidad&nbsp;de Espa\u00f1a<\/a>&nbsp;en colaboraci\u00f3n con el Plan Nacional sobre Drogas, se\u00f1ala que el alcohol y el cannabis son las sustancias m\u00e1s consumidas entre estudiantes de 14 a 18 a\u00f1os. Estos informes destacan que, aunque algunos consumos han disminuido, persisten patrones de riesgo como el consumo intensivo en fines de semana.&nbsp;<\/p>\n\n\n\n<p>Otro aspecto importante es la relaci\u00f3n entre el consumo de drogas y problemas emocionales. Seg\u00fan&nbsp;<a href=\"https:\/\/www.unicef.es\/causas\/salud-mental?utm_source=chatgpt.com\" target=\"_blank\" rel=\"noreferrer noopener\">UNICEF<\/a>, algunos adolescentes recurren a estas sustancias como una forma de evasi\u00f3n frente al estr\u00e9s, la ansiedad o problemas personales. Sin embargo, este comportamiento puede agravar la situaci\u00f3n y derivar en dependencia o dificultades en la vida cotidiana.&nbsp;<\/p>\n\n\n\n<p>Frente a esta realidad, los expertos coinciden en la importancia de la prevenci\u00f3n basada en la educaci\u00f3n y el dialogo. Las familias, los centros educativos y las instituciones tienen un papel fundamental en proporcionar informaci\u00f3n clara y fomentar el pensamiento cr\u00edtico. Asimismo, promover alternativas de ocio saludable y reforzar la autoestima son estrategias clave para reducir el consumo.&nbsp;<\/p>\n\n\n\n<figure class=\"wp-block-embed is-type-video is-provider-youtube wp-block-embed-youtube wp-embed-aspect-16-9 wp-has-aspect-ratio\"><div class=\"wp-block-embed__wrapper\">\n<iframe loading=\"lazy\" title=\"Efectos de las drogas en el cerebro | Noticias de Salud\" width=\"640\" height=\"360\" src=\"https:\/\/www.youtube.com\/embed\/XGRVtzPimLE?feature=oembed\" frameborder=\"0\" allow=\"accelerometer; autoplay; clipboard-write; encrypted-media; gyroscope; picture-in-picture; web-share\" referrerpolicy=\"strict-origin-when-cross-origin\" allowfullscreen><\/iframe>\n<\/div><figcaption class=\"wp-element-caption\">V\u00eddeo donde explican de manera breve los efectos de las drogas en el cerebro<\/figcaption><\/figure>\n","protected":false},"excerpt":{"rendered":"<p>En los \u00faltimos a\u00f1os, el consumo de drogas entre los j\u00f3venes se ha convertido en una de las principales preocupaciones sociales y sanitarias a nivel mundial. Seg\u00fan la\u00a0Organizaci\u00f3n Mundial de&#8230;<\/p>\n","protected":false},"author":13,"featured_media":615,"comment_status":"open","ping_status":"open","sticky":false,"template":"","format":"standard","meta":{"_kadence_starter_templates_imported_post":false,"footnotes":""},"categories":[1,8,11,23,2,14],"tags":[84,85,86,87],"class_list":["post-613","post","type-post","status-publish","format-standard","has-post-thumbnail","hentry","category-actualidad","category-asociacionismo","category-cjcyl","category-destacado","category-noticias","category-pausa-y-reconecta","tag-drogas","tag-jovenes-2","tag-juventud-2","tag-prevencion"],"yoast_head":"<!-- This site is optimized with the Yoast SEO plugin v27.1.1 - https:\/\/yoast.com\/product\/yoast-seo-wordpress\/ -->\n<title>La droga en la juventud: una amenaza silenciosa\u00a0 - RED-ACCI\u00d3N JUVENIL<\/title>\n<meta name=\"description\" content=\"El consumo de drogas entre los j\u00f3venes se ha convertido en una de las principales preocupaciones sociales y sanitarias a nivel mundial.\" \/>\n<meta name=\"robots\" content=\"index, follow, max-snippet:-1, max-image-preview:large, max-video-preview:-1\" \/>\n<link rel=\"canonical\" href=\"https:\/\/redaccionjuvenil.es\/?p=613\" \/>\n<meta property=\"og:locale\" content=\"es_ES\" \/>\n<meta property=\"og:type\" content=\"article\" \/>\n<meta property=\"og:title\" content=\"La droga en la juventud: una amenaza silenciosa\u00a0 - RED-ACCI\u00d3N JUVENIL\" \/>\n<meta property=\"og:description\" content=\"El consumo de drogas entre los j\u00f3venes se ha convertido en una de las principales preocupaciones sociales y sanitarias a nivel mundial.\" \/>\n<meta property=\"og:url\" content=\"https:\/\/redaccionjuvenil.es\/?p=613\" \/>\n<meta property=\"og:site_name\" content=\"RED-ACCI\u00d3N JUVENIL\" \/>\n<meta property=\"article:published_time\" content=\"2026-03-25T15:30:25+00:00\" \/>\n<meta property=\"article:modified_time\" content=\"2026-03-25T15:30:28+00:00\" \/>\n<meta property=\"og:image\" content=\"https:\/\/redaccionjuvenil.es\/wp-content\/uploads\/2026\/03\/jorono-stop-3541821-scaled.jpg\" \/>\n\t<meta property=\"og:image:width\" content=\"2560\" \/>\n\t<meta property=\"og:image:height\" content=\"1707\" \/>\n\t<meta property=\"og:image:type\" content=\"image\/jpeg\" \/>\n<meta name=\"author\" content=\"Iris Le\u00f3n\" \/>\n<meta name=\"twitter:card\" content=\"summary_large_image\" \/>\n<meta name=\"twitter:label1\" content=\"Escrito por\" \/>\n\t<meta name=\"twitter:data1\" content=\"Iris Le\u00f3n\" \/>\n\t<meta name=\"twitter:label2\" content=\"Tiempo de lectura\" \/>\n\t<meta name=\"twitter:data2\" content=\"3 minutos\" \/>\n<script type=\"application\/ld+json\" class=\"yoast-schema-graph\">{\"@context\":\"https:\/\/schema.org\",\"@graph\":[{\"@type\":\"Article\",\"@id\":\"https:\/\/redaccionjuvenil.es\/?p=613#article\",\"isPartOf\":{\"@id\":\"https:\/\/redaccionjuvenil.es\/?p=613\"},\"author\":{\"name\":\"Iris Le\u00f3n\",\"@id\":\"https:\/\/redaccionjuvenil.es\/#\/schema\/person\/da79408b126d25f98400983e20feb65c\"},\"headline\":\"La droga en la juventud: una amenaza silenciosa\u00a0\",\"datePublished\":\"2026-03-25T15:30:25+00:00\",\"dateModified\":\"2026-03-25T15:30:28+00:00\",\"mainEntityOfPage\":{\"@id\":\"https:\/\/redaccionjuvenil.es\/?p=613\"},\"wordCount\":434,\"commentCount\":0,\"publisher\":{\"@id\":\"https:\/\/redaccionjuvenil.es\/#organization\"},\"image\":{\"@id\":\"https:\/\/redaccionjuvenil.es\/?p=613#primaryimage\"},\"thumbnailUrl\":\"https:\/\/redaccionjuvenil.es\/wp-content\/uploads\/2026\/03\/jorono-stop-3541821-scaled.jpg\",\"keywords\":[\"Drogas\",\"Jovenes\",\"Juventud\",\"Prevencion\"],\"articleSection\":[\"Actualidad\",\"Asociacionismo\",\"CJCYL\",\"Destacado\",\"Noticias\",\"Pausa y Reconecta\"],\"inLanguage\":\"es\",\"potentialAction\":[{\"@type\":\"CommentAction\",\"name\":\"Comment\",\"target\":[\"https:\/\/redaccionjuvenil.es\/?p=613#respond\"]}]},{\"@type\":\"WebPage\",\"@id\":\"https:\/\/redaccionjuvenil.es\/?p=613\",\"url\":\"https:\/\/redaccionjuvenil.es\/?p=613\",\"name\":\"La droga en la juventud: una amenaza silenciosa\u00a0 - RED-ACCI\u00d3N JUVENIL\",\"isPartOf\":{\"@id\":\"https:\/\/redaccionjuvenil.es\/#website\"},\"primaryImageOfPage\":{\"@id\":\"https:\/\/redaccionjuvenil.es\/?p=613#primaryimage\"},\"image\":{\"@id\":\"https:\/\/redaccionjuvenil.es\/?p=613#primaryimage\"},\"thumbnailUrl\":\"https:\/\/redaccionjuvenil.es\/wp-content\/uploads\/2026\/03\/jorono-stop-3541821-scaled.jpg\",\"datePublished\":\"2026-03-25T15:30:25+00:00\",\"dateModified\":\"2026-03-25T15:30:28+00:00\",\"description\":\"El consumo de drogas entre los j\u00f3venes se ha convertido en una de las principales preocupaciones sociales y sanitarias a nivel mundial.\",\"breadcrumb\":{\"@id\":\"https:\/\/redaccionjuvenil.es\/?p=613#breadcrumb\"},\"inLanguage\":\"es\",\"potentialAction\":[{\"@type\":\"ReadAction\",\"target\":[\"https:\/\/redaccionjuvenil.es\/?p=613\"]}]},{\"@type\":\"ImageObject\",\"inLanguage\":\"es\",\"@id\":\"https:\/\/redaccionjuvenil.es\/?p=613#primaryimage\",\"url\":\"https:\/\/redaccionjuvenil.es\/wp-content\/uploads\/2026\/03\/jorono-stop-3541821-scaled.jpg\",\"contentUrl\":\"https:\/\/redaccionjuvenil.es\/wp-content\/uploads\/2026\/03\/jorono-stop-3541821-scaled.jpg\",\"width\":2560,\"height\":1707},{\"@type\":\"BreadcrumbList\",\"@id\":\"https:\/\/redaccionjuvenil.es\/?p=613#breadcrumb\",\"itemListElement\":[{\"@type\":\"ListItem\",\"position\":1,\"name\":\"Portada\",\"item\":\"https:\/\/redaccionjuvenil.es\/\"},{\"@type\":\"ListItem\",\"position\":2,\"name\":\"La droga en la juventud: una amenaza silenciosa\u00a0\"}]},{\"@type\":\"WebSite\",\"@id\":\"https:\/\/redaccionjuvenil.es\/#website\",\"url\":\"https:\/\/redaccionjuvenil.es\/\",\"name\":\"RED-ACCI\u00d3N JUVENIL\",\"description\":\"DONDE LA JUVENTUD INFORMA Y TRANSFORMA\",\"publisher\":{\"@id\":\"https:\/\/redaccionjuvenil.es\/#organization\"},\"potentialAction\":[{\"@type\":\"SearchAction\",\"target\":{\"@type\":\"EntryPoint\",\"urlTemplate\":\"https:\/\/redaccionjuvenil.es\/?s={search_term_string}\"},\"query-input\":{\"@type\":\"PropertyValueSpecification\",\"valueRequired\":true,\"valueName\":\"search_term_string\"}}],\"inLanguage\":\"es\"},{\"@type\":\"Organization\",\"@id\":\"https:\/\/redaccionjuvenil.es\/#organization\",\"name\":\"RED-ACCI\u00d3N JUVENIL\",\"url\":\"https:\/\/redaccionjuvenil.es\/\",\"logo\":{\"@type\":\"ImageObject\",\"inLanguage\":\"es\",\"@id\":\"https:\/\/redaccionjuvenil.es\/#\/schema\/logo\/image\/\",\"url\":\"https:\/\/redaccionjuvenil.es\/wp-content\/uploads\/2026\/03\/cropped-cropped-logo_redaccion_juvenil_primer_propuesta-1.png\",\"contentUrl\":\"https:\/\/redaccionjuvenil.es\/wp-content\/uploads\/2026\/03\/cropped-cropped-logo_redaccion_juvenil_primer_propuesta-1.png\",\"width\":723,\"height\":723,\"caption\":\"RED-ACCI\u00d3N JUVENIL\"},\"image\":{\"@id\":\"https:\/\/redaccionjuvenil.es\/#\/schema\/logo\/image\/\"}},{\"@type\":\"Person\",\"@id\":\"https:\/\/redaccionjuvenil.es\/#\/schema\/person\/da79408b126d25f98400983e20feb65c\",\"name\":\"Iris Le\u00f3n\",\"image\":{\"@type\":\"ImageObject\",\"inLanguage\":\"es\",\"@id\":\"https:\/\/redaccionjuvenil.es\/#\/schema\/person\/image\/\",\"url\":\"https:\/\/secure.gravatar.com\/avatar\/3a29b2d83fcbbaefa48c3b3dd9730490816c13e77e66eca8cd4190be453193fc?s=96&d=mm&r=g\",\"contentUrl\":\"https:\/\/secure.gravatar.com\/avatar\/3a29b2d83fcbbaefa48c3b3dd9730490816c13e77e66eca8cd4190be453193fc?s=96&d=mm&r=g\",\"caption\":\"Iris Le\u00f3n\"},\"url\":\"https:\/\/redaccionjuvenil.es\/?author=13\"}]}<\/script>\n<!-- \/ Yoast SEO plugin. -->","yoast_head_json":{"title":"La droga en la juventud: una amenaza silenciosa\u00a0 - RED-ACCI\u00d3N JUVENIL","description":"El consumo de drogas entre los j\u00f3venes se ha convertido en una de las principales preocupaciones sociales y sanitarias a nivel mundial.","robots":{"index":"index","follow":"follow","max-snippet":"max-snippet:-1","max-image-preview":"max-image-preview:large","max-video-preview":"max-video-preview:-1"},"canonical":"https:\/\/redaccionjuvenil.es\/?p=613","og_locale":"es_ES","og_type":"article","og_title":"La droga en la juventud: una amenaza silenciosa\u00a0 - RED-ACCI\u00d3N JUVENIL","og_description":"El consumo de drogas entre los j\u00f3venes se ha convertido en una de las principales preocupaciones sociales y sanitarias a nivel mundial.","og_url":"https:\/\/redaccionjuvenil.es\/?p=613","og_site_name":"RED-ACCI\u00d3N JUVENIL","article_published_time":"2026-03-25T15:30:25+00:00","article_modified_time":"2026-03-25T15:30:28+00:00","og_image":[{"width":2560,"height":1707,"url":"https:\/\/redaccionjuvenil.es\/wp-content\/uploads\/2026\/03\/jorono-stop-3541821-scaled.jpg","type":"image\/jpeg"}],"author":"Iris Le\u00f3n","twitter_card":"summary_large_image","twitter_misc":{"Escrito por":"Iris Le\u00f3n","Tiempo de lectura":"3 minutos"},"schema":{"@context":"https:\/\/schema.org","@graph":[{"@type":"Article","@id":"https:\/\/redaccionjuvenil.es\/?p=613#article","isPartOf":{"@id":"https:\/\/redaccionjuvenil.es\/?p=613"},"author":{"name":"Iris Le\u00f3n","@id":"https:\/\/redaccionjuvenil.es\/#\/schema\/person\/da79408b126d25f98400983e20feb65c"},"headline":"La droga en la juventud: una amenaza silenciosa\u00a0","datePublished":"2026-03-25T15:30:25+00:00","dateModified":"2026-03-25T15:30:28+00:00","mainEntityOfPage":{"@id":"https:\/\/redaccionjuvenil.es\/?p=613"},"wordCount":434,"commentCount":0,"publisher":{"@id":"https:\/\/redaccionjuvenil.es\/#organization"},"image":{"@id":"https:\/\/redaccionjuvenil.es\/?p=613#primaryimage"},"thumbnailUrl":"https:\/\/redaccionjuvenil.es\/wp-content\/uploads\/2026\/03\/jorono-stop-3541821-scaled.jpg","keywords":["Drogas","Jovenes","Juventud","Prevencion"],"articleSection":["Actualidad","Asociacionismo","CJCYL","Destacado","Noticias","Pausa y Reconecta"],"inLanguage":"es","potentialAction":[{"@type":"CommentAction","name":"Comment","target":["https:\/\/redaccionjuvenil.es\/?p=613#respond"]}]},{"@type":"WebPage","@id":"https:\/\/redaccionjuvenil.es\/?p=613","url":"https:\/\/redaccionjuvenil.es\/?p=613","name":"La droga en la juventud: una amenaza silenciosa\u00a0 - RED-ACCI\u00d3N JUVENIL","isPartOf":{"@id":"https:\/\/redaccionjuvenil.es\/#website"},"primaryImageOfPage":{"@id":"https:\/\/redaccionjuvenil.es\/?p=613#primaryimage"},"image":{"@id":"https:\/\/redaccionjuvenil.es\/?p=613#primaryimage"},"thumbnailUrl":"https:\/\/redaccionjuvenil.es\/wp-content\/uploads\/2026\/03\/jorono-stop-3541821-scaled.jpg","datePublished":"2026-03-25T15:30:25+00:00","dateModified":"2026-03-25T15:30:28+00:00","description":"El consumo de drogas entre los j\u00f3venes se ha convertido en una de las principales preocupaciones sociales y sanitarias a nivel mundial.","breadcrumb":{"@id":"https:\/\/redaccionjuvenil.es\/?p=613#breadcrumb"},"inLanguage":"es","potentialAction":[{"@type":"ReadAction","target":["https:\/\/redaccionjuvenil.es\/?p=613"]}]},{"@type":"ImageObject","inLanguage":"es","@id":"https:\/\/redaccionjuvenil.es\/?p=613#primaryimage","url":"https:\/\/redaccionjuvenil.es\/wp-content\/uploads\/2026\/03\/jorono-stop-3541821-scaled.jpg","contentUrl":"https:\/\/redaccionjuvenil.es\/wp-content\/uploads\/2026\/03\/jorono-stop-3541821-scaled.jpg","width":2560,"height":1707},{"@type":"BreadcrumbList","@id":"https:\/\/redaccionjuvenil.es\/?p=613#breadcrumb","itemListElement":[{"@type":"ListItem","position":1,"name":"Portada","item":"https:\/\/redaccionjuvenil.es\/"},{"@type":"ListItem","position":2,"name":"La droga en la juventud: una amenaza silenciosa\u00a0"}]},{"@type":"WebSite","@id":"https:\/\/redaccionjuvenil.es\/#website","url":"https:\/\/redaccionjuvenil.es\/","name":"RED-ACCI\u00d3N JUVENIL","description":"DONDE LA JUVENTUD INFORMA Y TRANSFORMA","publisher":{"@id":"https:\/\/redaccionjuvenil.es\/#organization"},"potentialAction":[{"@type":"SearchAction","target":{"@type":"EntryPoint","urlTemplate":"https:\/\/redaccionjuvenil.es\/?s={search_term_string}"},"query-input":{"@type":"PropertyValueSpecification","valueRequired":true,"valueName":"search_term_string"}}],"inLanguage":"es"},{"@type":"Organization","@id":"https:\/\/redaccionjuvenil.es\/#organization","name":"RED-ACCI\u00d3N JUVENIL","url":"https:\/\/redaccionjuvenil.es\/","logo":{"@type":"ImageObject","inLanguage":"es","@id":"https:\/\/redaccionjuvenil.es\/#\/schema\/logo\/image\/","url":"https:\/\/redaccionjuvenil.es\/wp-content\/uploads\/2026\/03\/cropped-cropped-logo_redaccion_juvenil_primer_propuesta-1.png","contentUrl":"https:\/\/redaccionjuvenil.es\/wp-content\/uploads\/2026\/03\/cropped-cropped-logo_redaccion_juvenil_primer_propuesta-1.png","width":723,"height":723,"caption":"RED-ACCI\u00d3N JUVENIL"},"image":{"@id":"https:\/\/redaccionjuvenil.es\/#\/schema\/logo\/image\/"}},{"@type":"Person","@id":"https:\/\/redaccionjuvenil.es\/#\/schema\/person\/da79408b126d25f98400983e20feb65c","name":"Iris Le\u00f3n","image":{"@type":"ImageObject","inLanguage":"es","@id":"https:\/\/redaccionjuvenil.es\/#\/schema\/person\/image\/","url":"https:\/\/secure.gravatar.com\/avatar\/3a29b2d83fcbbaefa48c3b3dd9730490816c13e77e66eca8cd4190be453193fc?s=96&d=mm&r=g","contentUrl":"https:\/\/secure.gravatar.com\/avatar\/3a29b2d83fcbbaefa48c3b3dd9730490816c13e77e66eca8cd4190be453193fc?s=96&d=mm&r=g","caption":"Iris Le\u00f3n"},"url":"https:\/\/redaccionjuvenil.es\/?author=13"}]}},"_links":{"self":[{"href":"https:\/\/redaccionjuvenil.es\/index.php?rest_route=\/wp\/v2\/posts\/613","targetHints":{"allow":["GET"]}}],"collection":[{"href":"https:\/\/redaccionjuvenil.es\/index.php?rest_route=\/wp\/v2\/posts"}],"about":[{"href":"https:\/\/redaccionjuvenil.es\/index.php?rest_route=\/wp\/v2\/types\/post"}],"author":[{"embeddable":true,"href":"https:\/\/redaccionjuvenil.es\/index.php?rest_route=\/wp\/v2\/users\/13"}],"replies":[{"embeddable":true,"href":"https:\/\/redaccionjuvenil.es\/index.php?rest_route=%2Fwp%2Fv2%2Fcomments&post=613"}],"version-history":[{"count":2,"href":"https:\/\/redaccionjuvenil.es\/index.php?rest_route=\/wp\/v2\/posts\/613\/revisions"}],"predecessor-version":[{"id":621,"href":"https:\/\/redaccionjuvenil.es\/index.php?rest_route=\/wp\/v2\/posts\/613\/revisions\/621"}],"wp:featuredmedia":[{"embeddable":true,"href":"https:\/\/redaccionjuvenil.es\/index.php?rest_route=\/wp\/v2\/media\/615"}],"wp:attachment":[{"href":"https:\/\/redaccionjuvenil.es\/index.php?rest_route=%2Fwp%2Fv2%2Fmedia&parent=613"}],"wp:term":[{"taxonomy":"category","embeddable":true,"href":"https:\/\/redaccionjuvenil.es\/index.php?rest_route=%2Fwp%2Fv2%2Fcategories&post=613"},{"taxonomy":"post_tag","embeddable":true,"href":"https:\/\/redaccionjuvenil.es\/index.php?rest_route=%2Fwp%2Fv2%2Ftags&post=613"}],"curies":[{"name":"wp","href":"https:\/\/api.w.org\/{rel}","templated":true}]}}