{"id":623,"date":"2026-03-25T21:17:42","date_gmt":"2026-03-25T21:17:42","guid":{"rendered":"https:\/\/redaccionjuvenil.es\/?p=623"},"modified":"2026-03-25T21:17:45","modified_gmt":"2026-03-25T21:17:45","slug":"segovia-acoge-la-37o-asamblea-genenral-de-scouts-msc","status":"publish","type":"post","link":"https:\/\/redaccionjuvenil.es\/?p=623","title":{"rendered":"SEGOVIA ACOGE LA 37\u00ba ASAMBLEA GENENRAL DE SCOUTS MSC\u00a0"},"content":{"rendered":"\n<h3 class=\"wp-block-heading\">Diferentes monitores y miembros de <a href=\"https:\/\/scoutscyl.org\/\">Scouts MSC Castilla y Le\u00f3n<\/a> se reunieron en Segovia para la celebraci\u00f3n de la Asamblea General.<\/h3>\n\n\n\n<p>Segovia\u00a0est\u00e1 de enhorabuena. Y es\u00a0que, <strong>la ciudad de la Sierra del Guadarrama\u00a0tuvo\u00a0el privilegio de acoger\u00a0el domingo 22 de marzo\u00a0la 37\u00aa Asamblea General de Scouts MSC.\u00a0<\/strong>Un evento que se celebra cada a\u00f1o y que cuenta con monitores de distintas zonas de Castilla y Le\u00f3n.\u00a0<\/p>\n\n\n\n<h2 class=\"wp-block-heading\">\u00bfEn qu\u00e9 consisti\u00f3 la Asamblea General?<\/h2>\n\n\n\n<p>\u00a0La reuni\u00f3n celebrada el domingo\u00a0<strong>tuvo la presencia de 120 a 130 monitores de la mayor\u00eda de las provincias de Castilla y Le\u00f3n<\/strong>.\u00a0Y es que adem\u00e1s de la asamblea,\u00a0<strong>se celebraron\u00a0otras actividades de diversa \u00edndole<\/strong>\u00a0como celebraciones de car\u00e1cter religioso.\u00a0Asimismo, <strong>la Organizaci\u00f3n tuvo el privilegio de poder celebrar la asamblea<\/strong> en un lugar tan emblem\u00e1tico segoviano como es el <strong>Palacio Episcopal.<\/strong>\u00a0<\/p>\n\n\n\n<p>Durante\u00a0estos d\u00edas, <strong>la Asamblea se ha caracterizado\u00a0por un encuentro\u00a0con ambiente\u00a0de coexistencia y de educaci\u00f3n<\/strong>. Caracter\u00edsticas que <strong>no son nada nuevos ya que el m\u00e9todo Scouts est\u00e1 basado en el trabajo de peque\u00f1os grupos<\/strong> adem\u00e1s de un trato ciertamente cercano.\u00a0<\/p>\n\n\n\n<p><strong>Las actividades comenzaron el s\u00e1bado con la plantaci\u00f3n de \u00e1rboles en el\u00a0Pinarillo<\/strong>, una actividad organizada por el Programa de Voluntariado de Segovia.\u00a0A continuaci\u00f3n, <strong>los participantes tuvieron diferentes reuniones donde se trataron temas relevantes<\/strong> dentro del panorama juvenil como es la <strong>salud mental<\/strong>.\u00a0<\/p>\n\n\n\n<p>Como \u00faltima actividad del s\u00e1bado, <strong>se organiz\u00f3 una visita\u00a0entre los participantes de la Asamblea\u00a0por\u00a0Segovia<\/strong>\u00a0con el objetivo de que conocieran\u00a0la ciudad.\u00a0\u00a0<strong>Con la llegada del domingo, se dar\u00eda paso al protagonista que ser\u00eda la Asamblea General<\/strong>.\u00a0Como ven, se vivi\u00f3 un programa con muchas emociones que seguramente alguno no olvide jam\u00e1s.\u00a0<\/p>\n\n\n\n<h2 class=\"wp-block-heading\">\u00bfQu\u00e9 aportan estas reuniones dentro de los scouts?<\/h2>\n\n\n\n<p>Llevan a\u00f1os realizando este tipo de asambleas donde muestran lo que es la esencia del \u201cescultismo\u201d.\u00a0<strong>Unos valores que muestra un tipo de educaci\u00f3n no formal y que destaca\u00a0por la formaci\u00f3n de los j\u00f3venes<\/strong>.\u00a0<\/p>\n\n\n\n<p>Un papel que <strong>es clave dentro de los monitores\u00a0que integran dentro de los scouts<\/strong>. Gracias a su papel,<strong>\u00a0ayudan a educar dentro de la libertad\u00a0a los j\u00f3venes y\u00a0a hacer suyas nociones<\/strong> como son la <strong>generosidad<\/strong> o el <strong>compromiso<\/strong>.\u00a0<\/p>\n\n\n\n<p><strong>La experiencia que tienen los scouts\u00a0se muestra\u00a0en ciertas acciones<\/strong> como las que realizan, que les hacen ser j\u00f3venes con un gran futuro. Personas\u00a0como <strong>los scouts\u00a0que est\u00e1n dispuestas a ayudar y a colaborar en lo que se necesite es lo que\u00a0actualmente el mundo necesita.<\/strong>\u00a0<\/p>\n\n\n\n<p>Qui\u00e9n sabe lo que\u00a0deparar\u00e1\u00a0el futuro,\u00a0pero que<strong> nadie dude de que con\u00a0los valores que encarnan\u00a0el\u00a0\u201cescultismo\u201d\u00a0el mundo ser\u00e1 mucho mejor<\/strong>.\u00a0<\/p>\n","protected":false},"excerpt":{"rendered":"<p>Diferentes monitores y miembros de Scouts MSC Castilla y Le\u00f3n se reunieron en Segovia para la celebraci\u00f3n de la Asamblea General. Segovia\u00a0est\u00e1 de enhorabuena. Y es\u00a0que, la ciudad de la&#8230;<\/p>\n","protected":false},"author":12,"featured_media":624,"comment_status":"open","ping_status":"open","sticky":false,"template":"","format":"standard","meta":{"_kadence_starter_templates_imported_post":false,"footnotes":""},"categories":[22,1,8,23,13,2,16,5],"tags":[76,37],"class_list":["post-623","post","type-post","status-publish","format-standard","has-post-thumbnail","hentry","category-activismo","category-actualidad","category-asociacionismo","category-destacado","category-msc-scouts","category-noticias","category-te-interesa","category-voluntariado","tag-castilla-y-leon","tag-msc-scouts"],"yoast_head":"<!-- This site is optimized with the Yoast SEO plugin v27.1.1 - https:\/\/yoast.com\/product\/yoast-seo-wordpress\/ -->\n<title>SEGOVIA ACOGE LA 37\u00ba ASAMBLEA GENENRAL DE SCOUTS MSC\u00a0 - RED-ACCI\u00d3N JUVENIL<\/title>\n<meta name=\"description\" content=\"Diferentes monitores y miembros de Scouts MSC Castilla y Le\u00f3n se reunieron en Segovia para la celebraci\u00f3n de la Asamblea General.\" \/>\n<meta name=\"robots\" content=\"index, follow, max-snippet:-1, max-image-preview:large, max-video-preview:-1\" \/>\n<link rel=\"canonical\" href=\"https:\/\/redaccionjuvenil.es\/?p=623\" \/>\n<meta property=\"og:locale\" content=\"es_ES\" \/>\n<meta property=\"og:type\" content=\"article\" \/>\n<meta property=\"og:title\" content=\"SEGOVIA ACOGE LA 37\u00ba ASAMBLEA GENENRAL DE SCOUTS MSC\u00a0 - RED-ACCI\u00d3N JUVENIL\" \/>\n<meta property=\"og:description\" content=\"Diferentes monitores y miembros de Scouts MSC Castilla y Le\u00f3n se reunieron en Segovia para la celebraci\u00f3n de la Asamblea General.\" \/>\n<meta property=\"og:url\" content=\"https:\/\/redaccionjuvenil.es\/?p=623\" \/>\n<meta property=\"og:site_name\" content=\"RED-ACCI\u00d3N JUVENIL\" \/>\n<meta property=\"article:published_time\" content=\"2026-03-25T21:17:42+00:00\" \/>\n<meta property=\"article:modified_time\" content=\"2026-03-25T21:17:45+00:00\" \/>\n<meta property=\"og:image\" content=\"https:\/\/redaccionjuvenil.es\/wp-content\/uploads\/2026\/03\/SCOUTS-2026-foto-2-1024x737-1.jpeg\" \/>\n\t<meta property=\"og:image:width\" content=\"1024\" \/>\n\t<meta property=\"og:image:height\" content=\"737\" \/>\n\t<meta property=\"og:image:type\" content=\"image\/jpeg\" \/>\n<meta name=\"author\" content=\"Marcos Iglesias\" \/>\n<meta name=\"twitter:card\" content=\"summary_large_image\" \/>\n<meta name=\"twitter:label1\" content=\"Escrito por\" \/>\n\t<meta name=\"twitter:data1\" content=\"Marcos Iglesias\" \/>\n\t<meta name=\"twitter:label2\" content=\"Tiempo de lectura\" \/>\n\t<meta name=\"twitter:data2\" content=\"3 minutos\" \/>\n<script type=\"application\/ld+json\" class=\"yoast-schema-graph\">{\"@context\":\"https:\/\/schema.org\",\"@graph\":[{\"@type\":\"Article\",\"@id\":\"https:\/\/redaccionjuvenil.es\/?p=623#article\",\"isPartOf\":{\"@id\":\"https:\/\/redaccionjuvenil.es\/?p=623\"},\"author\":{\"name\":\"Marcos Iglesias\",\"@id\":\"https:\/\/redaccionjuvenil.es\/#\/schema\/person\/79cc90792a511abda532fdd7a20683c3\"},\"headline\":\"SEGOVIA ACOGE LA 37\u00ba ASAMBLEA GENENRAL DE SCOUTS MSC\u00a0\",\"datePublished\":\"2026-03-25T21:17:42+00:00\",\"dateModified\":\"2026-03-25T21:17:45+00:00\",\"mainEntityOfPage\":{\"@id\":\"https:\/\/redaccionjuvenil.es\/?p=623\"},\"wordCount\":476,\"commentCount\":0,\"publisher\":{\"@id\":\"https:\/\/redaccionjuvenil.es\/#organization\"},\"image\":{\"@id\":\"https:\/\/redaccionjuvenil.es\/?p=623#primaryimage\"},\"thumbnailUrl\":\"https:\/\/redaccionjuvenil.es\/wp-content\/uploads\/2026\/03\/SCOUTS-2026-foto-2-1024x737-1.jpeg\",\"keywords\":[\"castilla y le\u00f3n\",\"MSC Scouts\"],\"articleSection\":[\"Activismo\",\"Actualidad\",\"Asociacionismo\",\"Destacado\",\"MSC Scouts\",\"Noticias\",\"Te interesa\",\"Voluntariado\"],\"inLanguage\":\"es\",\"potentialAction\":[{\"@type\":\"CommentAction\",\"name\":\"Comment\",\"target\":[\"https:\/\/redaccionjuvenil.es\/?p=623#respond\"]}]},{\"@type\":\"WebPage\",\"@id\":\"https:\/\/redaccionjuvenil.es\/?p=623\",\"url\":\"https:\/\/redaccionjuvenil.es\/?p=623\",\"name\":\"SEGOVIA ACOGE LA 37\u00ba ASAMBLEA GENENRAL DE SCOUTS MSC\u00a0 - RED-ACCI\u00d3N JUVENIL\",\"isPartOf\":{\"@id\":\"https:\/\/redaccionjuvenil.es\/#website\"},\"primaryImageOfPage\":{\"@id\":\"https:\/\/redaccionjuvenil.es\/?p=623#primaryimage\"},\"image\":{\"@id\":\"https:\/\/redaccionjuvenil.es\/?p=623#primaryimage\"},\"thumbnailUrl\":\"https:\/\/redaccionjuvenil.es\/wp-content\/uploads\/2026\/03\/SCOUTS-2026-foto-2-1024x737-1.jpeg\",\"datePublished\":\"2026-03-25T21:17:42+00:00\",\"dateModified\":\"2026-03-25T21:17:45+00:00\",\"description\":\"Diferentes monitores y miembros de Scouts MSC Castilla y Le\u00f3n se reunieron en Segovia para la celebraci\u00f3n de la Asamblea General.\",\"breadcrumb\":{\"@id\":\"https:\/\/redaccionjuvenil.es\/?p=623#breadcrumb\"},\"inLanguage\":\"es\",\"potentialAction\":[{\"@type\":\"ReadAction\",\"target\":[\"https:\/\/redaccionjuvenil.es\/?p=623\"]}]},{\"@type\":\"ImageObject\",\"inLanguage\":\"es\",\"@id\":\"https:\/\/redaccionjuvenil.es\/?p=623#primaryimage\",\"url\":\"https:\/\/redaccionjuvenil.es\/wp-content\/uploads\/2026\/03\/SCOUTS-2026-foto-2-1024x737-1.jpeg\",\"contentUrl\":\"https:\/\/redaccionjuvenil.es\/wp-content\/uploads\/2026\/03\/SCOUTS-2026-foto-2-1024x737-1.jpeg\",\"width\":1024,\"height\":737,\"caption\":\"Imagen de unos Scouts en Segovia. Est\u00e1 sacada de una noticia proveniente del diario \\\"El Adelantado\\\" de Segovia.\"},{\"@type\":\"BreadcrumbList\",\"@id\":\"https:\/\/redaccionjuvenil.es\/?p=623#breadcrumb\",\"itemListElement\":[{\"@type\":\"ListItem\",\"position\":1,\"name\":\"Portada\",\"item\":\"https:\/\/redaccionjuvenil.es\/\"},{\"@type\":\"ListItem\",\"position\":2,\"name\":\"SEGOVIA ACOGE LA 37\u00ba ASAMBLEA GENENRAL DE SCOUTS MSC\u00a0\"}]},{\"@type\":\"WebSite\",\"@id\":\"https:\/\/redaccionjuvenil.es\/#website\",\"url\":\"https:\/\/redaccionjuvenil.es\/\",\"name\":\"RED-ACCI\u00d3N JUVENIL\",\"description\":\"DONDE LA JUVENTUD INFORMA Y TRANSFORMA\",\"publisher\":{\"@id\":\"https:\/\/redaccionjuvenil.es\/#organization\"},\"potentialAction\":[{\"@type\":\"SearchAction\",\"target\":{\"@type\":\"EntryPoint\",\"urlTemplate\":\"https:\/\/redaccionjuvenil.es\/?s={search_term_string}\"},\"query-input\":{\"@type\":\"PropertyValueSpecification\",\"valueRequired\":true,\"valueName\":\"search_term_string\"}}],\"inLanguage\":\"es\"},{\"@type\":\"Organization\",\"@id\":\"https:\/\/redaccionjuvenil.es\/#organization\",\"name\":\"RED-ACCI\u00d3N JUVENIL\",\"url\":\"https:\/\/redaccionjuvenil.es\/\",\"logo\":{\"@type\":\"ImageObject\",\"inLanguage\":\"es\",\"@id\":\"https:\/\/redaccionjuvenil.es\/#\/schema\/logo\/image\/\",\"url\":\"https:\/\/redaccionjuvenil.es\/wp-content\/uploads\/2026\/03\/cropped-cropped-logo_redaccion_juvenil_primer_propuesta-1.png\",\"contentUrl\":\"https:\/\/redaccionjuvenil.es\/wp-content\/uploads\/2026\/03\/cropped-cropped-logo_redaccion_juvenil_primer_propuesta-1.png\",\"width\":723,\"height\":723,\"caption\":\"RED-ACCI\u00d3N JUVENIL\"},\"image\":{\"@id\":\"https:\/\/redaccionjuvenil.es\/#\/schema\/logo\/image\/\"}},{\"@type\":\"Person\",\"@id\":\"https:\/\/redaccionjuvenil.es\/#\/schema\/person\/79cc90792a511abda532fdd7a20683c3\",\"name\":\"Marcos Iglesias\",\"image\":{\"@type\":\"ImageObject\",\"inLanguage\":\"es\",\"@id\":\"https:\/\/redaccionjuvenil.es\/#\/schema\/person\/image\/\",\"url\":\"https:\/\/secure.gravatar.com\/avatar\/ec6a5ebb2cb929fc1210aea68f7a9ed1e274fe12ab45f026545ec363d6394af0?s=96&d=mm&r=g\",\"contentUrl\":\"https:\/\/secure.gravatar.com\/avatar\/ec6a5ebb2cb929fc1210aea68f7a9ed1e274fe12ab45f026545ec363d6394af0?s=96&d=mm&r=g\",\"caption\":\"Marcos Iglesias\"},\"url\":\"https:\/\/redaccionjuvenil.es\/?author=12\"}]}<\/script>\n<!-- \/ Yoast SEO plugin. -->","yoast_head_json":{"title":"SEGOVIA ACOGE LA 37\u00ba ASAMBLEA GENENRAL DE SCOUTS MSC\u00a0 - RED-ACCI\u00d3N JUVENIL","description":"Diferentes monitores y miembros de Scouts MSC Castilla y Le\u00f3n se reunieron en Segovia para la celebraci\u00f3n de la Asamblea General.","robots":{"index":"index","follow":"follow","max-snippet":"max-snippet:-1","max-image-preview":"max-image-preview:large","max-video-preview":"max-video-preview:-1"},"canonical":"https:\/\/redaccionjuvenil.es\/?p=623","og_locale":"es_ES","og_type":"article","og_title":"SEGOVIA ACOGE LA 37\u00ba ASAMBLEA GENENRAL DE SCOUTS MSC\u00a0 - RED-ACCI\u00d3N JUVENIL","og_description":"Diferentes monitores y miembros de Scouts MSC Castilla y Le\u00f3n se reunieron en Segovia para la celebraci\u00f3n de la Asamblea General.","og_url":"https:\/\/redaccionjuvenil.es\/?p=623","og_site_name":"RED-ACCI\u00d3N JUVENIL","article_published_time":"2026-03-25T21:17:42+00:00","article_modified_time":"2026-03-25T21:17:45+00:00","og_image":[{"width":1024,"height":737,"url":"https:\/\/redaccionjuvenil.es\/wp-content\/uploads\/2026\/03\/SCOUTS-2026-foto-2-1024x737-1.jpeg","type":"image\/jpeg"}],"author":"Marcos Iglesias","twitter_card":"summary_large_image","twitter_misc":{"Escrito por":"Marcos Iglesias","Tiempo de lectura":"3 minutos"},"schema":{"@context":"https:\/\/schema.org","@graph":[{"@type":"Article","@id":"https:\/\/redaccionjuvenil.es\/?p=623#article","isPartOf":{"@id":"https:\/\/redaccionjuvenil.es\/?p=623"},"author":{"name":"Marcos Iglesias","@id":"https:\/\/redaccionjuvenil.es\/#\/schema\/person\/79cc90792a511abda532fdd7a20683c3"},"headline":"SEGOVIA ACOGE LA 37\u00ba ASAMBLEA GENENRAL DE SCOUTS MSC\u00a0","datePublished":"2026-03-25T21:17:42+00:00","dateModified":"2026-03-25T21:17:45+00:00","mainEntityOfPage":{"@id":"https:\/\/redaccionjuvenil.es\/?p=623"},"wordCount":476,"commentCount":0,"publisher":{"@id":"https:\/\/redaccionjuvenil.es\/#organization"},"image":{"@id":"https:\/\/redaccionjuvenil.es\/?p=623#primaryimage"},"thumbnailUrl":"https:\/\/redaccionjuvenil.es\/wp-content\/uploads\/2026\/03\/SCOUTS-2026-foto-2-1024x737-1.jpeg","keywords":["castilla y le\u00f3n","MSC Scouts"],"articleSection":["Activismo","Actualidad","Asociacionismo","Destacado","MSC Scouts","Noticias","Te interesa","Voluntariado"],"inLanguage":"es","potentialAction":[{"@type":"CommentAction","name":"Comment","target":["https:\/\/redaccionjuvenil.es\/?p=623#respond"]}]},{"@type":"WebPage","@id":"https:\/\/redaccionjuvenil.es\/?p=623","url":"https:\/\/redaccionjuvenil.es\/?p=623","name":"SEGOVIA ACOGE LA 37\u00ba ASAMBLEA GENENRAL DE SCOUTS MSC\u00a0 - RED-ACCI\u00d3N JUVENIL","isPartOf":{"@id":"https:\/\/redaccionjuvenil.es\/#website"},"primaryImageOfPage":{"@id":"https:\/\/redaccionjuvenil.es\/?p=623#primaryimage"},"image":{"@id":"https:\/\/redaccionjuvenil.es\/?p=623#primaryimage"},"thumbnailUrl":"https:\/\/redaccionjuvenil.es\/wp-content\/uploads\/2026\/03\/SCOUTS-2026-foto-2-1024x737-1.jpeg","datePublished":"2026-03-25T21:17:42+00:00","dateModified":"2026-03-25T21:17:45+00:00","description":"Diferentes monitores y miembros de Scouts MSC Castilla y Le\u00f3n se reunieron en Segovia para la celebraci\u00f3n de la Asamblea General.","breadcrumb":{"@id":"https:\/\/redaccionjuvenil.es\/?p=623#breadcrumb"},"inLanguage":"es","potentialAction":[{"@type":"ReadAction","target":["https:\/\/redaccionjuvenil.es\/?p=623"]}]},{"@type":"ImageObject","inLanguage":"es","@id":"https:\/\/redaccionjuvenil.es\/?p=623#primaryimage","url":"https:\/\/redaccionjuvenil.es\/wp-content\/uploads\/2026\/03\/SCOUTS-2026-foto-2-1024x737-1.jpeg","contentUrl":"https:\/\/redaccionjuvenil.es\/wp-content\/uploads\/2026\/03\/SCOUTS-2026-foto-2-1024x737-1.jpeg","width":1024,"height":737,"caption":"Imagen de unos Scouts en Segovia. Est\u00e1 sacada de una noticia proveniente del diario \"El Adelantado\" de Segovia."},{"@type":"BreadcrumbList","@id":"https:\/\/redaccionjuvenil.es\/?p=623#breadcrumb","itemListElement":[{"@type":"ListItem","position":1,"name":"Portada","item":"https:\/\/redaccionjuvenil.es\/"},{"@type":"ListItem","position":2,"name":"SEGOVIA ACOGE LA 37\u00ba ASAMBLEA GENENRAL DE SCOUTS MSC\u00a0"}]},{"@type":"WebSite","@id":"https:\/\/redaccionjuvenil.es\/#website","url":"https:\/\/redaccionjuvenil.es\/","name":"RED-ACCI\u00d3N JUVENIL","description":"DONDE LA JUVENTUD INFORMA Y TRANSFORMA","publisher":{"@id":"https:\/\/redaccionjuvenil.es\/#organization"},"potentialAction":[{"@type":"SearchAction","target":{"@type":"EntryPoint","urlTemplate":"https:\/\/redaccionjuvenil.es\/?s={search_term_string}"},"query-input":{"@type":"PropertyValueSpecification","valueRequired":true,"valueName":"search_term_string"}}],"inLanguage":"es"},{"@type":"Organization","@id":"https:\/\/redaccionjuvenil.es\/#organization","name":"RED-ACCI\u00d3N JUVENIL","url":"https:\/\/redaccionjuvenil.es\/","logo":{"@type":"ImageObject","inLanguage":"es","@id":"https:\/\/redaccionjuvenil.es\/#\/schema\/logo\/image\/","url":"https:\/\/redaccionjuvenil.es\/wp-content\/uploads\/2026\/03\/cropped-cropped-logo_redaccion_juvenil_primer_propuesta-1.png","contentUrl":"https:\/\/redaccionjuvenil.es\/wp-content\/uploads\/2026\/03\/cropped-cropped-logo_redaccion_juvenil_primer_propuesta-1.png","width":723,"height":723,"caption":"RED-ACCI\u00d3N JUVENIL"},"image":{"@id":"https:\/\/redaccionjuvenil.es\/#\/schema\/logo\/image\/"}},{"@type":"Person","@id":"https:\/\/redaccionjuvenil.es\/#\/schema\/person\/79cc90792a511abda532fdd7a20683c3","name":"Marcos Iglesias","image":{"@type":"ImageObject","inLanguage":"es","@id":"https:\/\/redaccionjuvenil.es\/#\/schema\/person\/image\/","url":"https:\/\/secure.gravatar.com\/avatar\/ec6a5ebb2cb929fc1210aea68f7a9ed1e274fe12ab45f026545ec363d6394af0?s=96&d=mm&r=g","contentUrl":"https:\/\/secure.gravatar.com\/avatar\/ec6a5ebb2cb929fc1210aea68f7a9ed1e274fe12ab45f026545ec363d6394af0?s=96&d=mm&r=g","caption":"Marcos Iglesias"},"url":"https:\/\/redaccionjuvenil.es\/?author=12"}]}},"_links":{"self":[{"href":"https:\/\/redaccionjuvenil.es\/index.php?rest_route=\/wp\/v2\/posts\/623","targetHints":{"allow":["GET"]}}],"collection":[{"href":"https:\/\/redaccionjuvenil.es\/index.php?rest_route=\/wp\/v2\/posts"}],"about":[{"href":"https:\/\/redaccionjuvenil.es\/index.php?rest_route=\/wp\/v2\/types\/post"}],"author":[{"embeddable":true,"href":"https:\/\/redaccionjuvenil.es\/index.php?rest_route=\/wp\/v2\/users\/12"}],"replies":[{"embeddable":true,"href":"https:\/\/redaccionjuvenil.es\/index.php?rest_route=%2Fwp%2Fv2%2Fcomments&post=623"}],"version-history":[{"count":1,"href":"https:\/\/redaccionjuvenil.es\/index.php?rest_route=\/wp\/v2\/posts\/623\/revisions"}],"predecessor-version":[{"id":625,"href":"https:\/\/redaccionjuvenil.es\/index.php?rest_route=\/wp\/v2\/posts\/623\/revisions\/625"}],"wp:featuredmedia":[{"embeddable":true,"href":"https:\/\/redaccionjuvenil.es\/index.php?rest_route=\/wp\/v2\/media\/624"}],"wp:attachment":[{"href":"https:\/\/redaccionjuvenil.es\/index.php?rest_route=%2Fwp%2Fv2%2Fmedia&parent=623"}],"wp:term":[{"taxonomy":"category","embeddable":true,"href":"https:\/\/redaccionjuvenil.es\/index.php?rest_route=%2Fwp%2Fv2%2Fcategories&post=623"},{"taxonomy":"post_tag","embeddable":true,"href":"https:\/\/redaccionjuvenil.es\/index.php?rest_route=%2Fwp%2Fv2%2Ftags&post=623"}],"curies":[{"name":"wp","href":"https:\/\/api.w.org\/{rel}","templated":true}]}}