{"id":626,"date":"2026-03-26T16:12:17","date_gmt":"2026-03-26T16:12:17","guid":{"rendered":"https:\/\/redaccionjuvenil.es\/?p=626"},"modified":"2026-03-31T15:17:06","modified_gmt":"2026-03-31T15:17:06","slug":"solfest-festival-solidario-centenares-familias-zarate-argentina","status":"publish","type":"post","link":"https:\/\/redaccionjuvenil.es\/?p=626","title":{"rendered":"Solfest, el festival solidario que ayudar\u00e1 a centenares de familias en Z\u00e1rate (Argentina)"},"content":{"rendered":"\n<h3 class=\"wp-block-heading\">El certamen musical organizado de la mano de la Casa de Juventud Aleste y la Cooperaci\u00f3n Salesiana para los J\u00f3venes del Mundo tendr\u00e1 lugar el 9 de mayo a las 18:00 horas en el Teatro Don Bosco<\/h3>\n\n\n\n<p>Si hay algo que caracteriza a <strong>Federaci\u00f3n de Centros Juveniles de Don Bosco<\/strong> es su constante af\u00e1n por ayudar e intentar mejorar la vida del m\u00e1ximo n\u00famero de j\u00f3venes posible.<strong><a href=\"https:\/\/www.alestecasaj.org\/\">La Casa de Juventud Aleste<\/a><\/strong> ser\u00e1 el escenario del <a href=\"https:\/\/www.alestecasaj.org\/privacidad-2\/\"><strong>Solfest<\/strong><\/a>, un festival solidario para j\u00f3venes artistas, cuyo estreno tendr\u00e1 lugar el pr\u00f3ximo 9 de mayo. Esperan venir para quedarse y brindar la oportunidad a m\u00fasicos emergentes vallisoletanos de darse a conocer. Sin embargo, lo m\u00e1s importante de este evento ser\u00e1 recaudar dinero para reparar y adaptar en buenas condiciones la cocina del <strong>Centro socio educativo y comunitario Don Bosco en Z\u00e1rate<\/strong>, provincia de Buenos Aires (Argentina). En la actualidad dichas instalaciones atienden a 275 familias gracias a las 750 raciones que reparten sus 26 voluntarios.<\/p>\n\n\n\n<p>Desde la sede vallisoletana se busca con este proyecto mejorar la educaci\u00f3n, formar comunidad con personas de todas las edades, especialmente j\u00f3venes y aportar sustentabilidad y solidaridad todo sin perder de vista su filosof\u00eda salesiana.<\/p>\n\n\n\n<figure class=\"wp-block-image size-large\"><img loading=\"lazy\" decoding=\"async\" width=\"1024\" height=\"576\" src=\"https:\/\/redaccionjuvenil.es\/wp-content\/uploads\/2026\/03\/Mision-solidaria-Solfest-Zarate-1024x576.jpg\" alt=\"\" class=\"wp-image-656\" srcset=\"https:\/\/redaccionjuvenil.es\/wp-content\/uploads\/2026\/03\/Mision-solidaria-Solfest-Zarate-1024x576.jpg 1024w, https:\/\/redaccionjuvenil.es\/wp-content\/uploads\/2026\/03\/Mision-solidaria-Solfest-Zarate-300x169.jpg 300w, https:\/\/redaccionjuvenil.es\/wp-content\/uploads\/2026\/03\/Mision-solidaria-Solfest-Zarate-768x432.jpg 768w, https:\/\/redaccionjuvenil.es\/wp-content\/uploads\/2026\/03\/Mision-solidaria-Solfest-Zarate-1536x864.jpg 1536w, https:\/\/redaccionjuvenil.es\/wp-content\/uploads\/2026\/03\/Mision-solidaria-Solfest-Zarate.jpg 1600w\" sizes=\"auto, (max-width: 1024px) 100vw, 1024px\" \/><figcaption class=\"wp-element-caption\"><em>En im\u00e1genes el estado actual de la cocina del Centro socio educativo y comunitario Don Bosco en Z\u00e1rate (Argentina)<\/em><\/figcaption><\/figure>\n\n\n\n<h3 class=\"wp-block-heading\">Inscripciones abiertas hasta el pr\u00f3ximo 17 de abril<\/h3>\n\n\n\n<p>El <strong>concurso<\/strong> tendr\u00e1 sus inscripciones abiertas para m\u00fasicos j\u00f3venes, no profesionales, \u00abcuyo hilo conductor es la solidaridad\u00bb hasta el pr\u00f3ximo 17 de abril. Los participantes ser <strong>artistas individuales o grupales locales<\/strong>, de la provincia de Valladolid, que no sean profesionales y no cuenten con un contrato firmado de una discogr\u00e1fica. Adem\u00e1s, dos tercios de la edad de los integrantes deber\u00e1n estar entre los <strong>14 y 30 a\u00f1os<\/strong>.<\/p>\n\n\n\n<p>Las propuestas de canciones, para reunir los <strong>requisitos necesarios<\/strong>, tienen que ser canciones originales o versionadas, m\u00e1ximo dos propuestas, con letras en castellano, aunque se pueden utilizar expresiones en otros idiomas, que tengan como tem\u00e1tica la solidaridad o los valores humanos en general para intentar conseguir que el mundo sea mejor o se forme una conciencia cr\u00edtica. La duraci\u00f3n no debe sobrepasar los cinco minutos.<\/p>\n\n\n\n<p>Para inscribirse se podr\u00e1 realizar desde <strong><a href=\"https:\/\/docs.google.com\/forms\/d\/e\/1FAIpQLSc2RP-7RDGcdRIeV3wRy6Ot2cw2qHlgr7HOqTwNcsZpSBAW2Q\/viewform\">este formulario<\/a><\/strong> o v\u00eda presencial en la Casa de Juventud Aleste. Tambi\u00e9n se deber\u00e1 adjuntar el recibo de transferencia de un valor de diez euros. Adem\u00e1s, los participantes dar\u00e1n a conocer en la <a href=\"https:\/\/www.alestecasaj.org\/\">web<\/a> del centro entre el 20 y 24 de abril.<\/p>\n\n\n\n<h3 class=\"wp-block-heading\">M\u00e1s detalles del festival<\/h3>\n\n\n\n<p>El orden de las actuaciones se establecer\u00e1n mediante sorteo y la organizaci\u00f3n pondr\u00e1 a disposici\u00f3n una mesa de sonido, monitorizaci\u00f3n, dos guitarras, un bajo, un teclado, cuatro voces y una bater\u00eda com\u00fan. Cualquier petici\u00f3n en a\u00f1adido se valorar\u00e1 para poder autorizarla.<\/p>\n\n\n\n<h3 class=\"wp-block-heading\">Premios y categor\u00edas<\/h3>\n\n\n\n<p>Los galardones y categor\u00edas que se otorgar\u00e1n el pr\u00f3ximo 9 de mayo en el Teatro Don Bosco a las 18:00 horas ser\u00e1n los siguientes:<\/p>\n\n\n<div class=\"wp-block-image\">\n<figure class=\"aligncenter size-full\"><img loading=\"lazy\" decoding=\"async\" width=\"538\" height=\"425\" src=\"https:\/\/redaccionjuvenil.es\/wp-content\/uploads\/2026\/03\/premios-categorias-solfest.png\" alt=\"\" class=\"wp-image-654\" srcset=\"https:\/\/redaccionjuvenil.es\/wp-content\/uploads\/2026\/03\/premios-categorias-solfest.png 538w, https:\/\/redaccionjuvenil.es\/wp-content\/uploads\/2026\/03\/premios-categorias-solfest-300x237.png 300w\" sizes=\"auto, (max-width: 538px) 100vw, 538px\" \/><figcaption class=\"wp-element-caption\"><em>Premios y categor\u00edas de la 1\u00aa edici\u00f3n del festival Solfest<\/em><\/figcaption><\/figure>\n<\/div>","protected":false},"excerpt":{"rendered":"<p>El certamen musical organizado de la mano de la Casa de Juventud Aleste y la Cooperaci\u00f3n Salesiana para los J\u00f3venes del Mundo tendr\u00e1 lugar el 9 de mayo a las&#8230;<\/p>\n","protected":false},"author":21,"featured_media":627,"comment_status":"open","ping_status":"open","sticky":false,"template":"","format":"standard","meta":{"_kadence_starter_templates_imported_post":false,"footnotes":""},"categories":[22,1,8,19,23,12,2],"tags":[96,93,86,79],"class_list":["post-626","post","type-post","status-publish","format-standard","has-post-thumbnail","hentry","category-activismo","category-actualidad","category-asociacionismo","category-cultura","category-destacado","category-don-bosco","category-noticias","tag-argentina","tag-federacion-de-cj-don-bosco","tag-juventud-2","tag-valladolid-2"],"yoast_head":"<!-- This site is optimized with the Yoast SEO plugin v27.1.1 - https:\/\/yoast.com\/product\/yoast-seo-wordpress\/ -->\n<title>Solfest, el festival solidario que ayudar\u00e1 a centenares de familias en Z\u00e1rate (Argentina) - RED-ACCI\u00d3N JUVENIL<\/title>\n<meta name=\"description\" content=\"Solfest, festival solidario para j\u00f3venes artistas cuyo estreno tendr\u00e1 lugar el pr\u00f3ximo 9 de mayo en el Teatro Don Bosco de la Casa de Juventud Aleste.\" \/>\n<meta name=\"robots\" content=\"index, follow, max-snippet:-1, max-image-preview:large, max-video-preview:-1\" \/>\n<link rel=\"canonical\" href=\"https:\/\/redaccionjuvenil.es\/?p=626\" \/>\n<meta property=\"og:locale\" content=\"es_ES\" \/>\n<meta property=\"og:type\" content=\"article\" \/>\n<meta property=\"og:title\" content=\"Solfest, el festival solidario que ayudar\u00e1 a centenares de familias en Z\u00e1rate (Argentina) - RED-ACCI\u00d3N JUVENIL\" \/>\n<meta property=\"og:description\" content=\"Solfest, festival solidario para j\u00f3venes artistas cuyo estreno tendr\u00e1 lugar el pr\u00f3ximo 9 de mayo en el Teatro Don Bosco de la Casa de Juventud Aleste.\" \/>\n<meta property=\"og:url\" content=\"https:\/\/redaccionjuvenil.es\/?p=626\" \/>\n<meta property=\"og:site_name\" content=\"RED-ACCI\u00d3N JUVENIL\" \/>\n<meta property=\"article:published_time\" content=\"2026-03-26T16:12:17+00:00\" \/>\n<meta property=\"article:modified_time\" content=\"2026-03-31T15:17:06+00:00\" \/>\n<meta property=\"og:image\" content=\"https:\/\/redaccionjuvenil.es\/wp-content\/uploads\/2026\/03\/cartel-solfest.jpeg\" \/>\n\t<meta property=\"og:image:width\" content=\"1600\" \/>\n\t<meta property=\"og:image:height\" content=\"1131\" \/>\n\t<meta property=\"og:image:type\" content=\"image\/jpeg\" \/>\n<meta name=\"author\" content=\"Alba Saavedra\" \/>\n<meta name=\"twitter:card\" content=\"summary_large_image\" \/>\n<meta name=\"twitter:label1\" content=\"Escrito por\" \/>\n\t<meta name=\"twitter:data1\" content=\"Alba Saavedra\" \/>\n\t<meta name=\"twitter:label2\" content=\"Tiempo de lectura\" \/>\n\t<meta name=\"twitter:data2\" content=\"3 minutos\" \/>\n<script type=\"application\/ld+json\" class=\"yoast-schema-graph\">{\"@context\":\"https:\/\/schema.org\",\"@graph\":[{\"@type\":\"Article\",\"@id\":\"https:\/\/redaccionjuvenil.es\/?p=626#article\",\"isPartOf\":{\"@id\":\"https:\/\/redaccionjuvenil.es\/?p=626\"},\"author\":{\"name\":\"Alba Saavedra\",\"@id\":\"https:\/\/redaccionjuvenil.es\/#\/schema\/person\/5713ecbe7bbbe101a58db66febd51298\"},\"headline\":\"Solfest, el festival solidario que ayudar\u00e1 a centenares de familias en Z\u00e1rate (Argentina)\",\"datePublished\":\"2026-03-26T16:12:17+00:00\",\"dateModified\":\"2026-03-31T15:17:06+00:00\",\"mainEntityOfPage\":{\"@id\":\"https:\/\/redaccionjuvenil.es\/?p=626\"},\"wordCount\":535,\"commentCount\":0,\"publisher\":{\"@id\":\"https:\/\/redaccionjuvenil.es\/#organization\"},\"image\":{\"@id\":\"https:\/\/redaccionjuvenil.es\/?p=626#primaryimage\"},\"thumbnailUrl\":\"https:\/\/redaccionjuvenil.es\/wp-content\/uploads\/2026\/03\/cartel-solfest.jpeg\",\"keywords\":[\"Argentina\",\"Federaci\u00f3n de CJ Don Bosco\",\"Juventud\",\"Valladolid\"],\"articleSection\":[\"Activismo\",\"Actualidad\",\"Asociacionismo\",\"Cultura\",\"Destacado\",\"Don Bosco\",\"Noticias\"],\"inLanguage\":\"es\",\"potentialAction\":[{\"@type\":\"CommentAction\",\"name\":\"Comment\",\"target\":[\"https:\/\/redaccionjuvenil.es\/?p=626#respond\"]}]},{\"@type\":\"WebPage\",\"@id\":\"https:\/\/redaccionjuvenil.es\/?p=626\",\"url\":\"https:\/\/redaccionjuvenil.es\/?p=626\",\"name\":\"Solfest, el festival solidario que ayudar\u00e1 a centenares de familias en Z\u00e1rate (Argentina) - RED-ACCI\u00d3N JUVENIL\",\"isPartOf\":{\"@id\":\"https:\/\/redaccionjuvenil.es\/#website\"},\"primaryImageOfPage\":{\"@id\":\"https:\/\/redaccionjuvenil.es\/?p=626#primaryimage\"},\"image\":{\"@id\":\"https:\/\/redaccionjuvenil.es\/?p=626#primaryimage\"},\"thumbnailUrl\":\"https:\/\/redaccionjuvenil.es\/wp-content\/uploads\/2026\/03\/cartel-solfest.jpeg\",\"datePublished\":\"2026-03-26T16:12:17+00:00\",\"dateModified\":\"2026-03-31T15:17:06+00:00\",\"description\":\"Solfest, festival solidario para j\u00f3venes artistas cuyo estreno tendr\u00e1 lugar el pr\u00f3ximo 9 de mayo en el Teatro Don Bosco de la Casa de Juventud Aleste.\",\"breadcrumb\":{\"@id\":\"https:\/\/redaccionjuvenil.es\/?p=626#breadcrumb\"},\"inLanguage\":\"es\",\"potentialAction\":[{\"@type\":\"ReadAction\",\"target\":[\"https:\/\/redaccionjuvenil.es\/?p=626\"]}]},{\"@type\":\"ImageObject\",\"inLanguage\":\"es\",\"@id\":\"https:\/\/redaccionjuvenil.es\/?p=626#primaryimage\",\"url\":\"https:\/\/redaccionjuvenil.es\/wp-content\/uploads\/2026\/03\/cartel-solfest.jpeg\",\"contentUrl\":\"https:\/\/redaccionjuvenil.es\/wp-content\/uploads\/2026\/03\/cartel-solfest.jpeg\",\"width\":1600,\"height\":1131,\"caption\":\"Cartel informativo de la primera edici\u00f3n del festival solidario, Solfest\"},{\"@type\":\"BreadcrumbList\",\"@id\":\"https:\/\/redaccionjuvenil.es\/?p=626#breadcrumb\",\"itemListElement\":[{\"@type\":\"ListItem\",\"position\":1,\"name\":\"Portada\",\"item\":\"https:\/\/redaccionjuvenil.es\/\"},{\"@type\":\"ListItem\",\"position\":2,\"name\":\"Solfest, el festival solidario que ayudar\u00e1 a centenares de familias en Z\u00e1rate (Argentina)\"}]},{\"@type\":\"WebSite\",\"@id\":\"https:\/\/redaccionjuvenil.es\/#website\",\"url\":\"https:\/\/redaccionjuvenil.es\/\",\"name\":\"RED-ACCI\u00d3N JUVENIL\",\"description\":\"DONDE LA JUVENTUD INFORMA Y TRANSFORMA\",\"publisher\":{\"@id\":\"https:\/\/redaccionjuvenil.es\/#organization\"},\"potentialAction\":[{\"@type\":\"SearchAction\",\"target\":{\"@type\":\"EntryPoint\",\"urlTemplate\":\"https:\/\/redaccionjuvenil.es\/?s={search_term_string}\"},\"query-input\":{\"@type\":\"PropertyValueSpecification\",\"valueRequired\":true,\"valueName\":\"search_term_string\"}}],\"inLanguage\":\"es\"},{\"@type\":\"Organization\",\"@id\":\"https:\/\/redaccionjuvenil.es\/#organization\",\"name\":\"RED-ACCI\u00d3N JUVENIL\",\"url\":\"https:\/\/redaccionjuvenil.es\/\",\"logo\":{\"@type\":\"ImageObject\",\"inLanguage\":\"es\",\"@id\":\"https:\/\/redaccionjuvenil.es\/#\/schema\/logo\/image\/\",\"url\":\"https:\/\/redaccionjuvenil.es\/wp-content\/uploads\/2026\/03\/cropped-cropped-logo_redaccion_juvenil_primer_propuesta-1.png\",\"contentUrl\":\"https:\/\/redaccionjuvenil.es\/wp-content\/uploads\/2026\/03\/cropped-cropped-logo_redaccion_juvenil_primer_propuesta-1.png\",\"width\":723,\"height\":723,\"caption\":\"RED-ACCI\u00d3N JUVENIL\"},\"image\":{\"@id\":\"https:\/\/redaccionjuvenil.es\/#\/schema\/logo\/image\/\"}},{\"@type\":\"Person\",\"@id\":\"https:\/\/redaccionjuvenil.es\/#\/schema\/person\/5713ecbe7bbbe101a58db66febd51298\",\"name\":\"Alba Saavedra\",\"image\":{\"@type\":\"ImageObject\",\"inLanguage\":\"es\",\"@id\":\"https:\/\/redaccionjuvenil.es\/#\/schema\/person\/image\/\",\"url\":\"https:\/\/secure.gravatar.com\/avatar\/edcbe91d6b3a506cde5b757f2211c1b0c4ade2ffbd9c573643794e1195c86af7?s=96&d=mm&r=g\",\"contentUrl\":\"https:\/\/secure.gravatar.com\/avatar\/edcbe91d6b3a506cde5b757f2211c1b0c4ade2ffbd9c573643794e1195c86af7?s=96&d=mm&r=g\",\"caption\":\"Alba Saavedra\"},\"url\":\"https:\/\/redaccionjuvenil.es\/?author=21\"}]}<\/script>\n<!-- \/ Yoast SEO plugin. -->","yoast_head_json":{"title":"Solfest, el festival solidario que ayudar\u00e1 a centenares de familias en Z\u00e1rate (Argentina) - RED-ACCI\u00d3N JUVENIL","description":"Solfest, festival solidario para j\u00f3venes artistas cuyo estreno tendr\u00e1 lugar el pr\u00f3ximo 9 de mayo en el Teatro Don Bosco de la Casa de Juventud Aleste.","robots":{"index":"index","follow":"follow","max-snippet":"max-snippet:-1","max-image-preview":"max-image-preview:large","max-video-preview":"max-video-preview:-1"},"canonical":"https:\/\/redaccionjuvenil.es\/?p=626","og_locale":"es_ES","og_type":"article","og_title":"Solfest, el festival solidario que ayudar\u00e1 a centenares de familias en Z\u00e1rate (Argentina) - RED-ACCI\u00d3N JUVENIL","og_description":"Solfest, festival solidario para j\u00f3venes artistas cuyo estreno tendr\u00e1 lugar el pr\u00f3ximo 9 de mayo en el Teatro Don Bosco de la Casa de Juventud Aleste.","og_url":"https:\/\/redaccionjuvenil.es\/?p=626","og_site_name":"RED-ACCI\u00d3N JUVENIL","article_published_time":"2026-03-26T16:12:17+00:00","article_modified_time":"2026-03-31T15:17:06+00:00","og_image":[{"width":1600,"height":1131,"url":"https:\/\/redaccionjuvenil.es\/wp-content\/uploads\/2026\/03\/cartel-solfest.jpeg","type":"image\/jpeg"}],"author":"Alba Saavedra","twitter_card":"summary_large_image","twitter_misc":{"Escrito por":"Alba Saavedra","Tiempo de lectura":"3 minutos"},"schema":{"@context":"https:\/\/schema.org","@graph":[{"@type":"Article","@id":"https:\/\/redaccionjuvenil.es\/?p=626#article","isPartOf":{"@id":"https:\/\/redaccionjuvenil.es\/?p=626"},"author":{"name":"Alba Saavedra","@id":"https:\/\/redaccionjuvenil.es\/#\/schema\/person\/5713ecbe7bbbe101a58db66febd51298"},"headline":"Solfest, el festival solidario que ayudar\u00e1 a centenares de familias en Z\u00e1rate (Argentina)","datePublished":"2026-03-26T16:12:17+00:00","dateModified":"2026-03-31T15:17:06+00:00","mainEntityOfPage":{"@id":"https:\/\/redaccionjuvenil.es\/?p=626"},"wordCount":535,"commentCount":0,"publisher":{"@id":"https:\/\/redaccionjuvenil.es\/#organization"},"image":{"@id":"https:\/\/redaccionjuvenil.es\/?p=626#primaryimage"},"thumbnailUrl":"https:\/\/redaccionjuvenil.es\/wp-content\/uploads\/2026\/03\/cartel-solfest.jpeg","keywords":["Argentina","Federaci\u00f3n de CJ Don Bosco","Juventud","Valladolid"],"articleSection":["Activismo","Actualidad","Asociacionismo","Cultura","Destacado","Don Bosco","Noticias"],"inLanguage":"es","potentialAction":[{"@type":"CommentAction","name":"Comment","target":["https:\/\/redaccionjuvenil.es\/?p=626#respond"]}]},{"@type":"WebPage","@id":"https:\/\/redaccionjuvenil.es\/?p=626","url":"https:\/\/redaccionjuvenil.es\/?p=626","name":"Solfest, el festival solidario que ayudar\u00e1 a centenares de familias en Z\u00e1rate (Argentina) - RED-ACCI\u00d3N JUVENIL","isPartOf":{"@id":"https:\/\/redaccionjuvenil.es\/#website"},"primaryImageOfPage":{"@id":"https:\/\/redaccionjuvenil.es\/?p=626#primaryimage"},"image":{"@id":"https:\/\/redaccionjuvenil.es\/?p=626#primaryimage"},"thumbnailUrl":"https:\/\/redaccionjuvenil.es\/wp-content\/uploads\/2026\/03\/cartel-solfest.jpeg","datePublished":"2026-03-26T16:12:17+00:00","dateModified":"2026-03-31T15:17:06+00:00","description":"Solfest, festival solidario para j\u00f3venes artistas cuyo estreno tendr\u00e1 lugar el pr\u00f3ximo 9 de mayo en el Teatro Don Bosco de la Casa de Juventud Aleste.","breadcrumb":{"@id":"https:\/\/redaccionjuvenil.es\/?p=626#breadcrumb"},"inLanguage":"es","potentialAction":[{"@type":"ReadAction","target":["https:\/\/redaccionjuvenil.es\/?p=626"]}]},{"@type":"ImageObject","inLanguage":"es","@id":"https:\/\/redaccionjuvenil.es\/?p=626#primaryimage","url":"https:\/\/redaccionjuvenil.es\/wp-content\/uploads\/2026\/03\/cartel-solfest.jpeg","contentUrl":"https:\/\/redaccionjuvenil.es\/wp-content\/uploads\/2026\/03\/cartel-solfest.jpeg","width":1600,"height":1131,"caption":"Cartel informativo de la primera edici\u00f3n del festival solidario, Solfest"},{"@type":"BreadcrumbList","@id":"https:\/\/redaccionjuvenil.es\/?p=626#breadcrumb","itemListElement":[{"@type":"ListItem","position":1,"name":"Portada","item":"https:\/\/redaccionjuvenil.es\/"},{"@type":"ListItem","position":2,"name":"Solfest, el festival solidario que ayudar\u00e1 a centenares de familias en Z\u00e1rate (Argentina)"}]},{"@type":"WebSite","@id":"https:\/\/redaccionjuvenil.es\/#website","url":"https:\/\/redaccionjuvenil.es\/","name":"RED-ACCI\u00d3N JUVENIL","description":"DONDE LA JUVENTUD INFORMA Y TRANSFORMA","publisher":{"@id":"https:\/\/redaccionjuvenil.es\/#organization"},"potentialAction":[{"@type":"SearchAction","target":{"@type":"EntryPoint","urlTemplate":"https:\/\/redaccionjuvenil.es\/?s={search_term_string}"},"query-input":{"@type":"PropertyValueSpecification","valueRequired":true,"valueName":"search_term_string"}}],"inLanguage":"es"},{"@type":"Organization","@id":"https:\/\/redaccionjuvenil.es\/#organization","name":"RED-ACCI\u00d3N JUVENIL","url":"https:\/\/redaccionjuvenil.es\/","logo":{"@type":"ImageObject","inLanguage":"es","@id":"https:\/\/redaccionjuvenil.es\/#\/schema\/logo\/image\/","url":"https:\/\/redaccionjuvenil.es\/wp-content\/uploads\/2026\/03\/cropped-cropped-logo_redaccion_juvenil_primer_propuesta-1.png","contentUrl":"https:\/\/redaccionjuvenil.es\/wp-content\/uploads\/2026\/03\/cropped-cropped-logo_redaccion_juvenil_primer_propuesta-1.png","width":723,"height":723,"caption":"RED-ACCI\u00d3N JUVENIL"},"image":{"@id":"https:\/\/redaccionjuvenil.es\/#\/schema\/logo\/image\/"}},{"@type":"Person","@id":"https:\/\/redaccionjuvenil.es\/#\/schema\/person\/5713ecbe7bbbe101a58db66febd51298","name":"Alba Saavedra","image":{"@type":"ImageObject","inLanguage":"es","@id":"https:\/\/redaccionjuvenil.es\/#\/schema\/person\/image\/","url":"https:\/\/secure.gravatar.com\/avatar\/edcbe91d6b3a506cde5b757f2211c1b0c4ade2ffbd9c573643794e1195c86af7?s=96&d=mm&r=g","contentUrl":"https:\/\/secure.gravatar.com\/avatar\/edcbe91d6b3a506cde5b757f2211c1b0c4ade2ffbd9c573643794e1195c86af7?s=96&d=mm&r=g","caption":"Alba Saavedra"},"url":"https:\/\/redaccionjuvenil.es\/?author=21"}]}},"_links":{"self":[{"href":"https:\/\/redaccionjuvenil.es\/index.php?rest_route=\/wp\/v2\/posts\/626","targetHints":{"allow":["GET"]}}],"collection":[{"href":"https:\/\/redaccionjuvenil.es\/index.php?rest_route=\/wp\/v2\/posts"}],"about":[{"href":"https:\/\/redaccionjuvenil.es\/index.php?rest_route=\/wp\/v2\/types\/post"}],"author":[{"embeddable":true,"href":"https:\/\/redaccionjuvenil.es\/index.php?rest_route=\/wp\/v2\/users\/21"}],"replies":[{"embeddable":true,"href":"https:\/\/redaccionjuvenil.es\/index.php?rest_route=%2Fwp%2Fv2%2Fcomments&post=626"}],"version-history":[{"count":12,"href":"https:\/\/redaccionjuvenil.es\/index.php?rest_route=\/wp\/v2\/posts\/626\/revisions"}],"predecessor-version":[{"id":764,"href":"https:\/\/redaccionjuvenil.es\/index.php?rest_route=\/wp\/v2\/posts\/626\/revisions\/764"}],"wp:featuredmedia":[{"embeddable":true,"href":"https:\/\/redaccionjuvenil.es\/index.php?rest_route=\/wp\/v2\/media\/627"}],"wp:attachment":[{"href":"https:\/\/redaccionjuvenil.es\/index.php?rest_route=%2Fwp%2Fv2%2Fmedia&parent=626"}],"wp:term":[{"taxonomy":"category","embeddable":true,"href":"https:\/\/redaccionjuvenil.es\/index.php?rest_route=%2Fwp%2Fv2%2Fcategories&post=626"},{"taxonomy":"post_tag","embeddable":true,"href":"https:\/\/redaccionjuvenil.es\/index.php?rest_route=%2Fwp%2Fv2%2Ftags&post=626"}],"curies":[{"name":"wp","href":"https:\/\/api.w.org\/{rel}","templated":true}]}}