{"id":630,"date":"2026-03-27T11:50:01","date_gmt":"2026-03-27T11:50:01","guid":{"rendered":"https:\/\/redaccionjuvenil.es\/?p=630"},"modified":"2026-03-27T11:50:03","modified_gmt":"2026-03-27T11:50:03","slug":"fundacion-aliados-domina-un-partido-que-acaba-en-derrota","status":"publish","type":"post","link":"https:\/\/redaccionjuvenil.es\/?p=630","title":{"rendered":"Fundaci\u00f3n Aliados domina un partido que acaba en derrota"},"content":{"rendered":"\n<h3 class=\"wp-block-heading\">Ya en la recta final de la competici\u00f3n, la Fundaci\u00f3n Aliados disfruta de una c\u00f3moda s\u00e9ptima posici\u00f3n<\/h3>\n\n\n\n<p>En la tarde de ayer, el <strong>Pabell\u00f3n Pilar Fern\u00e1ndez Valderrama<\/strong> acog\u00eda el encuentro entre la <strong>Fundaci\u00f3n Aliados<\/strong> y el <strong>Amiab Albacete<\/strong>, actual l\u00edder de la <strong><a href=\"https:\/\/www.bsrvalladolid.com\/calendario\/?_gl=1*b452fa*_up*MQ..*_ga*MTE5NzA2ODY5LjE3NzQ1NDkwMTM.*_ga_TV4C7PME0Q*czE3NzQ1NDkwMTIkbzEkZzEkdDE3NzQ1NDkyMTAkajYwJGwwJGgxNjY5NTYyOTk5\" target=\"_blank\" rel=\"noreferrer noopener\">Superliga<\/a><\/strong>. El partido, originario de la <strong>Jornada 12<\/strong>, acab\u00f3 con la victoria para los <strong>manchegos<\/strong> por 58 a 62.<\/p>\n\n\n\n<p>El equipo se acababa de enfrentar al <strong>Econy Gran <\/strong><b>Canaria<\/b> el pasado 15 de marzo, contra los que perd\u00edan 55 a 52. Con esta derrota suman dos consecutivas, dejando el tanteo equilibrado: 8 victorias y 8 derrotas.<\/p>\n\n\n\n<h4 class=\"wp-block-heading\">El Partido<\/h4>\n\n\n\n<figure class=\"wp-block-embed is-type-video is-provider-youtube wp-block-embed-youtube wp-embed-aspect-16-9 wp-has-aspect-ratio\"><div class=\"wp-block-embed__wrapper\">\n<iframe loading=\"lazy\" title=\"FUNDACI\u00d3N ALIADOS - BSR AMIAB ALBACETE | SUPERLIGA FUNDACI\u00d3N ONCE | J12 | 2025\/2026\" width=\"640\" height=\"360\" src=\"https:\/\/www.youtube.com\/embed\/wvkTzwcZ48Y?feature=oembed\" frameborder=\"0\" allow=\"accelerometer; autoplay; clipboard-write; encrypted-media; gyroscope; picture-in-picture; web-share\" referrerpolicy=\"strict-origin-when-cross-origin\" allowfullscreen><\/iframe>\n<\/div><\/figure>\n\n\n\n<p>El primer cuarto comenzaba con un tanteo apretado, pero a favor del <strong>Amiab<\/strong> <strong>Albacete<\/strong>. A los de <strong>Jos\u00e9 Antonio de Castro<\/strong> se les dificultaban los primeros minutos de cara a aro, pero acababan el cuarto 3 abajo (13\u201316). El segundo cuarto, comienza muy a favor de los <strong>vallisoletanos<\/strong>, que consiguen acortar distancias y ponerse por delante.<\/p>\n\n\n\n<p>Para cuando llega el descanso, la <strong>Fundaci\u00f3n <\/strong><b>Aliados<\/b> consigue mantenerse por delante en una diferencia de 5 puntos. Los primeros minutos del tercer cuarto no son nada buenos para los <strong>vallisoletanos<\/strong>. <strong>Amiab Albacete<\/strong> consigue volver a ponerse por delante e, incluso, ampliar la ventaja.<\/p>\n\n\n\n<p>Pero los de <strong>Jos\u00e9 Antonio de Castro<\/strong> plantaban cara, recortando distancias hasta ponerse uno por delante a falta de pocos segundos. Un lanzamiento sobre la bocina llevaba a la <strong>Fundaci\u00f3n Aliados<\/strong> al 46-42, listos para comenzar los \u00faltimos 10 minutos por delante en el marcador.<\/p>\n\n\n\n<p>Un par de malas jugadas cargan de faltas al equipo y logran que el <strong>Amiab Albacete<\/strong> acorte distancias. Con menos de cinco minutos por delante, los <strong>vallisoletanos<\/strong> segu\u00edan con una ventaja de tres puntos. <strong>Jos\u00e9 Antonio de Castro<\/strong> solicitaba un tiempo muerto cuando los manchegos lograban ponerse por delante a falta de 3&#8217;17\u00bb.<\/p>\n\n\n\n<p>Jug\u00e1ndoselo a un tiro exterior, la <strong>Fundaci\u00f3n Aliados<\/strong> saca una falta sin tiros con menos de 10 segundos para terminar. El saque de fondo acaba con otro triple que no toca aro y posesi\u00f3n para el <strong>Amiab Albacete<\/strong>. Acababa el encuentro con la posesi\u00f3n y victoria manchega, dej\u00e1ndolos l\u00edderes una semana m\u00e1s.<\/p>\n\n\n\n<h4 class=\"wp-block-heading\">La Competici\u00f3n<\/h4>\n\n\n\n<p>La <strong>Fundaci\u00f3n Aliados<\/strong> a\u00fan cuenta con una jornada suspendida, la octava, celebrada el 10 de enero. Ese partido, que lo enfrentar\u00e1 al <strong>Amivel Reyes Guti\u00e9rrez<\/strong>, se jugar\u00e1 el 2 de mayo. Pero no habr\u00e1 que irse tan lejos para disfrutar de un nuevo encuentro. Ser\u00e1 el pr\u00f3ximo s\u00e1bado 11 de abril a las 16.30 horas que se enfrentar\u00e1n al <strong>Menarini Joventut<\/strong>.<\/p>\n\n\n\n<p>Si acabas de llegar, a\u00fan te restan cinco jornadas por delante, con dos de ellas disput\u00e1ndose en el <strong><a href=\"https:\/\/maps.app.goo.gl\/QLhGrCGSZGYFGrhFA\" target=\"_blank\" rel=\"noreferrer noopener\">Pabell\u00f3n Pilar Fern\u00e1ndez Valderrama<\/a><\/strong>. Para disfrutar de los partidos de la <strong>Superliga<\/strong> puedes acercarte en persona o verlos desde su <a href=\"https:\/\/www.bsrvalladolid.com\" target=\"_blank\" rel=\"noreferrer noopener\">p\u00e1gina web<\/a>.<\/p>\n","protected":false},"excerpt":{"rendered":"<p>Ya en la recta final de la competici\u00f3n, la Fundaci\u00f3n Aliados disfruta de una c\u00f3moda s\u00e9ptima posici\u00f3n En la tarde de ayer, el Pabell\u00f3n Pilar Fern\u00e1ndez Valderrama acog\u00eda el encuentro&#8230;<\/p>\n","protected":false},"author":7,"featured_media":719,"comment_status":"open","ping_status":"open","sticky":false,"template":"","format":"standard","meta":{"_kadence_starter_templates_imported_post":false,"footnotes":""},"categories":[1,21,23,2,16],"tags":[90,97,100],"class_list":["post-630","post","type-post","status-publish","format-standard","has-post-thumbnail","hentry","category-actualidad","category-deporte","category-destacado","category-noticias","category-te-interesa","tag-amiab-albacete","tag-fundacion-aliados","tag-superliga-bsr"],"yoast_head":"<!-- This site is optimized with the Yoast SEO plugin v27.1.1 - https:\/\/yoast.com\/product\/yoast-seo-wordpress\/ -->\n<title>Fundaci\u00f3n Aliados domina un partido que acaba en derrota - RED-ACCI\u00d3N JUVENIL<\/title>\n<meta name=\"description\" content=\"Ya en la recta final de la competici\u00f3n, la Fundaci\u00f3n Aliados disfruta de una c\u00f3moda s\u00e9ptima posici\u00f3n con 8 victorias y 8 derrotas\" \/>\n<meta name=\"robots\" content=\"index, follow, max-snippet:-1, max-image-preview:large, max-video-preview:-1\" \/>\n<link rel=\"canonical\" href=\"https:\/\/redaccionjuvenil.es\/?p=630\" \/>\n<meta property=\"og:locale\" content=\"es_ES\" \/>\n<meta property=\"og:type\" content=\"article\" \/>\n<meta property=\"og:title\" content=\"Fundaci\u00f3n Aliados domina un partido que acaba en derrota - RED-ACCI\u00d3N JUVENIL\" \/>\n<meta property=\"og:description\" content=\"Ya en la recta final de la competici\u00f3n, la Fundaci\u00f3n Aliados disfruta de una c\u00f3moda s\u00e9ptima posici\u00f3n con 8 victorias y 8 derrotas\" \/>\n<meta property=\"og:url\" content=\"https:\/\/redaccionjuvenil.es\/?p=630\" \/>\n<meta property=\"og:site_name\" content=\"RED-ACCI\u00d3N JUVENIL\" \/>\n<meta property=\"article:published_time\" content=\"2026-03-27T11:50:01+00:00\" \/>\n<meta property=\"article:modified_time\" content=\"2026-03-27T11:50:03+00:00\" \/>\n<meta property=\"og:image\" content=\"https:\/\/redaccionjuvenil.es\/wp-content\/uploads\/2026\/03\/Portada-BSR-Valladolid-scaled.jpg\" \/>\n\t<meta property=\"og:image:width\" content=\"2560\" \/>\n\t<meta property=\"og:image:height\" content=\"1709\" \/>\n\t<meta property=\"og:image:type\" content=\"image\/jpeg\" \/>\n<meta name=\"author\" content=\"Andrea del Ca\u00f1o\" \/>\n<meta name=\"twitter:card\" content=\"summary_large_image\" \/>\n<meta name=\"twitter:label1\" content=\"Escrito por\" \/>\n\t<meta name=\"twitter:data1\" content=\"Andrea del Ca\u00f1o\" \/>\n\t<meta name=\"twitter:label2\" content=\"Tiempo de lectura\" \/>\n\t<meta name=\"twitter:data2\" content=\"3 minutos\" \/>\n<script type=\"application\/ld+json\" class=\"yoast-schema-graph\">{\"@context\":\"https:\/\/schema.org\",\"@graph\":[{\"@type\":\"Article\",\"@id\":\"https:\/\/redaccionjuvenil.es\/?p=630#article\",\"isPartOf\":{\"@id\":\"https:\/\/redaccionjuvenil.es\/?p=630\"},\"author\":{\"name\":\"Andrea del Ca\u00f1o\",\"@id\":\"https:\/\/redaccionjuvenil.es\/#\/schema\/person\/dd4a704fc6c835434ecc2c36008821c6\"},\"headline\":\"Fundaci\u00f3n Aliados domina un partido que acaba en derrota\",\"datePublished\":\"2026-03-27T11:50:01+00:00\",\"dateModified\":\"2026-03-27T11:50:03+00:00\",\"mainEntityOfPage\":{\"@id\":\"https:\/\/redaccionjuvenil.es\/?p=630\"},\"wordCount\":483,\"commentCount\":0,\"publisher\":{\"@id\":\"https:\/\/redaccionjuvenil.es\/#organization\"},\"image\":{\"@id\":\"https:\/\/redaccionjuvenil.es\/?p=630#primaryimage\"},\"thumbnailUrl\":\"https:\/\/redaccionjuvenil.es\/wp-content\/uploads\/2026\/03\/Portada-BSR-Valladolid-scaled.jpg\",\"keywords\":[\"Amiab Albacete\",\"Fundaci\u00f3n Aliados\",\"Superliga BSR\"],\"articleSection\":[\"Actualidad\",\"Deporte\",\"Destacado\",\"Noticias\",\"Te interesa\"],\"inLanguage\":\"es\",\"potentialAction\":[{\"@type\":\"CommentAction\",\"name\":\"Comment\",\"target\":[\"https:\/\/redaccionjuvenil.es\/?p=630#respond\"]}]},{\"@type\":\"WebPage\",\"@id\":\"https:\/\/redaccionjuvenil.es\/?p=630\",\"url\":\"https:\/\/redaccionjuvenil.es\/?p=630\",\"name\":\"Fundaci\u00f3n Aliados domina un partido que acaba en derrota - RED-ACCI\u00d3N JUVENIL\",\"isPartOf\":{\"@id\":\"https:\/\/redaccionjuvenil.es\/#website\"},\"primaryImageOfPage\":{\"@id\":\"https:\/\/redaccionjuvenil.es\/?p=630#primaryimage\"},\"image\":{\"@id\":\"https:\/\/redaccionjuvenil.es\/?p=630#primaryimage\"},\"thumbnailUrl\":\"https:\/\/redaccionjuvenil.es\/wp-content\/uploads\/2026\/03\/Portada-BSR-Valladolid-scaled.jpg\",\"datePublished\":\"2026-03-27T11:50:01+00:00\",\"dateModified\":\"2026-03-27T11:50:03+00:00\",\"description\":\"Ya en la recta final de la competici\u00f3n, la Fundaci\u00f3n Aliados disfruta de una c\u00f3moda s\u00e9ptima posici\u00f3n con 8 victorias y 8 derrotas\",\"breadcrumb\":{\"@id\":\"https:\/\/redaccionjuvenil.es\/?p=630#breadcrumb\"},\"inLanguage\":\"es\",\"potentialAction\":[{\"@type\":\"ReadAction\",\"target\":[\"https:\/\/redaccionjuvenil.es\/?p=630\"]}]},{\"@type\":\"ImageObject\",\"inLanguage\":\"es\",\"@id\":\"https:\/\/redaccionjuvenil.es\/?p=630#primaryimage\",\"url\":\"https:\/\/redaccionjuvenil.es\/wp-content\/uploads\/2026\/03\/Portada-BSR-Valladolid-scaled.jpg\",\"contentUrl\":\"https:\/\/redaccionjuvenil.es\/wp-content\/uploads\/2026\/03\/Portada-BSR-Valladolid-scaled.jpg\",\"width\":2560,\"height\":1709,\"caption\":\"Bal\u00f3n de baloncesto, Fundaci\u00f3n Aliados pierde frente al Amiab Albacete\"},{\"@type\":\"BreadcrumbList\",\"@id\":\"https:\/\/redaccionjuvenil.es\/?p=630#breadcrumb\",\"itemListElement\":[{\"@type\":\"ListItem\",\"position\":1,\"name\":\"Portada\",\"item\":\"https:\/\/redaccionjuvenil.es\/\"},{\"@type\":\"ListItem\",\"position\":2,\"name\":\"Fundaci\u00f3n Aliados domina un partido que acaba en derrota\"}]},{\"@type\":\"WebSite\",\"@id\":\"https:\/\/redaccionjuvenil.es\/#website\",\"url\":\"https:\/\/redaccionjuvenil.es\/\",\"name\":\"RED-ACCI\u00d3N JUVENIL\",\"description\":\"DONDE LA JUVENTUD INFORMA Y TRANSFORMA\",\"publisher\":{\"@id\":\"https:\/\/redaccionjuvenil.es\/#organization\"},\"potentialAction\":[{\"@type\":\"SearchAction\",\"target\":{\"@type\":\"EntryPoint\",\"urlTemplate\":\"https:\/\/redaccionjuvenil.es\/?s={search_term_string}\"},\"query-input\":{\"@type\":\"PropertyValueSpecification\",\"valueRequired\":true,\"valueName\":\"search_term_string\"}}],\"inLanguage\":\"es\"},{\"@type\":\"Organization\",\"@id\":\"https:\/\/redaccionjuvenil.es\/#organization\",\"name\":\"RED-ACCI\u00d3N JUVENIL\",\"url\":\"https:\/\/redaccionjuvenil.es\/\",\"logo\":{\"@type\":\"ImageObject\",\"inLanguage\":\"es\",\"@id\":\"https:\/\/redaccionjuvenil.es\/#\/schema\/logo\/image\/\",\"url\":\"https:\/\/redaccionjuvenil.es\/wp-content\/uploads\/2026\/03\/cropped-cropped-logo_redaccion_juvenil_primer_propuesta-1.png\",\"contentUrl\":\"https:\/\/redaccionjuvenil.es\/wp-content\/uploads\/2026\/03\/cropped-cropped-logo_redaccion_juvenil_primer_propuesta-1.png\",\"width\":723,\"height\":723,\"caption\":\"RED-ACCI\u00d3N JUVENIL\"},\"image\":{\"@id\":\"https:\/\/redaccionjuvenil.es\/#\/schema\/logo\/image\/\"}},{\"@type\":\"Person\",\"@id\":\"https:\/\/redaccionjuvenil.es\/#\/schema\/person\/dd4a704fc6c835434ecc2c36008821c6\",\"name\":\"Andrea del Ca\u00f1o\",\"image\":{\"@type\":\"ImageObject\",\"inLanguage\":\"es\",\"@id\":\"https:\/\/redaccionjuvenil.es\/#\/schema\/person\/image\/\",\"url\":\"https:\/\/secure.gravatar.com\/avatar\/4acb76a3f9b5574461727b59648bfa6a5f81ffbef1d0619bbc08a07e4f20c866?s=96&d=mm&r=g\",\"contentUrl\":\"https:\/\/secure.gravatar.com\/avatar\/4acb76a3f9b5574461727b59648bfa6a5f81ffbef1d0619bbc08a07e4f20c866?s=96&d=mm&r=g\",\"caption\":\"Andrea del Ca\u00f1o\"},\"url\":\"https:\/\/redaccionjuvenil.es\/?author=7\"}]}<\/script>\n<!-- \/ Yoast SEO plugin. -->","yoast_head_json":{"title":"Fundaci\u00f3n Aliados domina un partido que acaba en derrota - RED-ACCI\u00d3N JUVENIL","description":"Ya en la recta final de la competici\u00f3n, la Fundaci\u00f3n Aliados disfruta de una c\u00f3moda s\u00e9ptima posici\u00f3n con 8 victorias y 8 derrotas","robots":{"index":"index","follow":"follow","max-snippet":"max-snippet:-1","max-image-preview":"max-image-preview:large","max-video-preview":"max-video-preview:-1"},"canonical":"https:\/\/redaccionjuvenil.es\/?p=630","og_locale":"es_ES","og_type":"article","og_title":"Fundaci\u00f3n Aliados domina un partido que acaba en derrota - RED-ACCI\u00d3N JUVENIL","og_description":"Ya en la recta final de la competici\u00f3n, la Fundaci\u00f3n Aliados disfruta de una c\u00f3moda s\u00e9ptima posici\u00f3n con 8 victorias y 8 derrotas","og_url":"https:\/\/redaccionjuvenil.es\/?p=630","og_site_name":"RED-ACCI\u00d3N JUVENIL","article_published_time":"2026-03-27T11:50:01+00:00","article_modified_time":"2026-03-27T11:50:03+00:00","og_image":[{"width":2560,"height":1709,"url":"https:\/\/redaccionjuvenil.es\/wp-content\/uploads\/2026\/03\/Portada-BSR-Valladolid-scaled.jpg","type":"image\/jpeg"}],"author":"Andrea del Ca\u00f1o","twitter_card":"summary_large_image","twitter_misc":{"Escrito por":"Andrea del Ca\u00f1o","Tiempo de lectura":"3 minutos"},"schema":{"@context":"https:\/\/schema.org","@graph":[{"@type":"Article","@id":"https:\/\/redaccionjuvenil.es\/?p=630#article","isPartOf":{"@id":"https:\/\/redaccionjuvenil.es\/?p=630"},"author":{"name":"Andrea del Ca\u00f1o","@id":"https:\/\/redaccionjuvenil.es\/#\/schema\/person\/dd4a704fc6c835434ecc2c36008821c6"},"headline":"Fundaci\u00f3n Aliados domina un partido que acaba en derrota","datePublished":"2026-03-27T11:50:01+00:00","dateModified":"2026-03-27T11:50:03+00:00","mainEntityOfPage":{"@id":"https:\/\/redaccionjuvenil.es\/?p=630"},"wordCount":483,"commentCount":0,"publisher":{"@id":"https:\/\/redaccionjuvenil.es\/#organization"},"image":{"@id":"https:\/\/redaccionjuvenil.es\/?p=630#primaryimage"},"thumbnailUrl":"https:\/\/redaccionjuvenil.es\/wp-content\/uploads\/2026\/03\/Portada-BSR-Valladolid-scaled.jpg","keywords":["Amiab Albacete","Fundaci\u00f3n Aliados","Superliga BSR"],"articleSection":["Actualidad","Deporte","Destacado","Noticias","Te interesa"],"inLanguage":"es","potentialAction":[{"@type":"CommentAction","name":"Comment","target":["https:\/\/redaccionjuvenil.es\/?p=630#respond"]}]},{"@type":"WebPage","@id":"https:\/\/redaccionjuvenil.es\/?p=630","url":"https:\/\/redaccionjuvenil.es\/?p=630","name":"Fundaci\u00f3n Aliados domina un partido que acaba en derrota - RED-ACCI\u00d3N JUVENIL","isPartOf":{"@id":"https:\/\/redaccionjuvenil.es\/#website"},"primaryImageOfPage":{"@id":"https:\/\/redaccionjuvenil.es\/?p=630#primaryimage"},"image":{"@id":"https:\/\/redaccionjuvenil.es\/?p=630#primaryimage"},"thumbnailUrl":"https:\/\/redaccionjuvenil.es\/wp-content\/uploads\/2026\/03\/Portada-BSR-Valladolid-scaled.jpg","datePublished":"2026-03-27T11:50:01+00:00","dateModified":"2026-03-27T11:50:03+00:00","description":"Ya en la recta final de la competici\u00f3n, la Fundaci\u00f3n Aliados disfruta de una c\u00f3moda s\u00e9ptima posici\u00f3n con 8 victorias y 8 derrotas","breadcrumb":{"@id":"https:\/\/redaccionjuvenil.es\/?p=630#breadcrumb"},"inLanguage":"es","potentialAction":[{"@type":"ReadAction","target":["https:\/\/redaccionjuvenil.es\/?p=630"]}]},{"@type":"ImageObject","inLanguage":"es","@id":"https:\/\/redaccionjuvenil.es\/?p=630#primaryimage","url":"https:\/\/redaccionjuvenil.es\/wp-content\/uploads\/2026\/03\/Portada-BSR-Valladolid-scaled.jpg","contentUrl":"https:\/\/redaccionjuvenil.es\/wp-content\/uploads\/2026\/03\/Portada-BSR-Valladolid-scaled.jpg","width":2560,"height":1709,"caption":"Bal\u00f3n de baloncesto, Fundaci\u00f3n Aliados pierde frente al Amiab Albacete"},{"@type":"BreadcrumbList","@id":"https:\/\/redaccionjuvenil.es\/?p=630#breadcrumb","itemListElement":[{"@type":"ListItem","position":1,"name":"Portada","item":"https:\/\/redaccionjuvenil.es\/"},{"@type":"ListItem","position":2,"name":"Fundaci\u00f3n Aliados domina un partido que acaba en derrota"}]},{"@type":"WebSite","@id":"https:\/\/redaccionjuvenil.es\/#website","url":"https:\/\/redaccionjuvenil.es\/","name":"RED-ACCI\u00d3N JUVENIL","description":"DONDE LA JUVENTUD INFORMA Y TRANSFORMA","publisher":{"@id":"https:\/\/redaccionjuvenil.es\/#organization"},"potentialAction":[{"@type":"SearchAction","target":{"@type":"EntryPoint","urlTemplate":"https:\/\/redaccionjuvenil.es\/?s={search_term_string}"},"query-input":{"@type":"PropertyValueSpecification","valueRequired":true,"valueName":"search_term_string"}}],"inLanguage":"es"},{"@type":"Organization","@id":"https:\/\/redaccionjuvenil.es\/#organization","name":"RED-ACCI\u00d3N JUVENIL","url":"https:\/\/redaccionjuvenil.es\/","logo":{"@type":"ImageObject","inLanguage":"es","@id":"https:\/\/redaccionjuvenil.es\/#\/schema\/logo\/image\/","url":"https:\/\/redaccionjuvenil.es\/wp-content\/uploads\/2026\/03\/cropped-cropped-logo_redaccion_juvenil_primer_propuesta-1.png","contentUrl":"https:\/\/redaccionjuvenil.es\/wp-content\/uploads\/2026\/03\/cropped-cropped-logo_redaccion_juvenil_primer_propuesta-1.png","width":723,"height":723,"caption":"RED-ACCI\u00d3N JUVENIL"},"image":{"@id":"https:\/\/redaccionjuvenil.es\/#\/schema\/logo\/image\/"}},{"@type":"Person","@id":"https:\/\/redaccionjuvenil.es\/#\/schema\/person\/dd4a704fc6c835434ecc2c36008821c6","name":"Andrea del Ca\u00f1o","image":{"@type":"ImageObject","inLanguage":"es","@id":"https:\/\/redaccionjuvenil.es\/#\/schema\/person\/image\/","url":"https:\/\/secure.gravatar.com\/avatar\/4acb76a3f9b5574461727b59648bfa6a5f81ffbef1d0619bbc08a07e4f20c866?s=96&d=mm&r=g","contentUrl":"https:\/\/secure.gravatar.com\/avatar\/4acb76a3f9b5574461727b59648bfa6a5f81ffbef1d0619bbc08a07e4f20c866?s=96&d=mm&r=g","caption":"Andrea del Ca\u00f1o"},"url":"https:\/\/redaccionjuvenil.es\/?author=7"}]}},"_links":{"self":[{"href":"https:\/\/redaccionjuvenil.es\/index.php?rest_route=\/wp\/v2\/posts\/630","targetHints":{"allow":["GET"]}}],"collection":[{"href":"https:\/\/redaccionjuvenil.es\/index.php?rest_route=\/wp\/v2\/posts"}],"about":[{"href":"https:\/\/redaccionjuvenil.es\/index.php?rest_route=\/wp\/v2\/types\/post"}],"author":[{"embeddable":true,"href":"https:\/\/redaccionjuvenil.es\/index.php?rest_route=\/wp\/v2\/users\/7"}],"replies":[{"embeddable":true,"href":"https:\/\/redaccionjuvenil.es\/index.php?rest_route=%2Fwp%2Fv2%2Fcomments&post=630"}],"version-history":[{"count":53,"href":"https:\/\/redaccionjuvenil.es\/index.php?rest_route=\/wp\/v2\/posts\/630\/revisions"}],"predecessor-version":[{"id":720,"href":"https:\/\/redaccionjuvenil.es\/index.php?rest_route=\/wp\/v2\/posts\/630\/revisions\/720"}],"wp:featuredmedia":[{"embeddable":true,"href":"https:\/\/redaccionjuvenil.es\/index.php?rest_route=\/wp\/v2\/media\/719"}],"wp:attachment":[{"href":"https:\/\/redaccionjuvenil.es\/index.php?rest_route=%2Fwp%2Fv2%2Fmedia&parent=630"}],"wp:term":[{"taxonomy":"category","embeddable":true,"href":"https:\/\/redaccionjuvenil.es\/index.php?rest_route=%2Fwp%2Fv2%2Fcategories&post=630"},{"taxonomy":"post_tag","embeddable":true,"href":"https:\/\/redaccionjuvenil.es\/index.php?rest_route=%2Fwp%2Fv2%2Ftags&post=630"}],"curies":[{"name":"wp","href":"https:\/\/api.w.org\/{rel}","templated":true}]}}