{"id":638,"date":"2026-03-26T16:09:41","date_gmt":"2026-03-26T16:09:41","guid":{"rendered":"https:\/\/redaccionjuvenil.es\/?p=638"},"modified":"2026-03-26T16:09:44","modified_gmt":"2026-03-26T16:09:44","slug":"sensibilizacion-y-actuacion-ante-la-ciberviolencia-sexual","status":"publish","type":"post","link":"https:\/\/redaccionjuvenil.es\/?p=638","title":{"rendered":"Sensibilizaci\u00f3n y actuaci\u00f3n ante la ciberviolencia sexual"},"content":{"rendered":"\n<h3 class=\"wp-block-heading\"><strong>YMCA impulsa el programa #LaCulpaEsSoloSuya con el objetivo de promover actividades de formaci\u00f3n, concienciaci\u00f3n y prevenci\u00f3n ante la ciberviolencia sexual en adolescentes y j\u00f3venes<\/strong><\/h3>\n\n\n\n<p>Internet se ha convertido en un entorno habitual para los j\u00f3venes hasta el punto de que ha pasado formar parte de su d\u00eda a d\u00eda. Se abre ante ellos como un mundo lleno de posibilidades y oportunidades gracias a las redes sociales, los navegadores, aplicaciones de mensajer\u00eda y videojuegos. Sin duda, es un espacio que posibilita una nueva forma de aprendizaje, relaci\u00f3n y ocio; sin embargo, tambi\u00e9n los deja expuestos ante <strong>riesgos<\/strong>.<\/p>\n\n\n\n<p>Problemas que ya encontramos offline, como la violencia de g\u00e9nero, el acoso sexual, la extorsi\u00f3n o el <em>grooming,<\/em> cobran forma en internet. De esta nueva realidad surge un nuevo concepto: la <strong>ciberviolencia sexual<\/strong>.<\/p>\n\n\n\n<p>Seg\u00fan un <a href=\"https:\/\/www.savethechildren.es\/notasprensa\/violencia-sexual-digital-las-denuncias-por-abusos-sexuales-digitales-contra-ninos-y\" id=\"https:\/\/www.savethechildren.es\/notasprensa\/violencia-sexual-digital-las-denuncias-por-abusos-sexuales-digitales-contra-ninos-y\" target=\"_blank\" rel=\"noreferrer noopener\"><strong>an\u00e1lisis de Save The Children<\/strong> <\/a>presentado en Espa\u00f1a en enero de 2026, las denuncias por abusos sexuales digitales contra menores han <strong>aumentado un 13%<\/strong> en los \u00faltimos dos a\u00f1os y ya <strong>representan el 84,2% de la criminalidad sexual en internet<\/strong>.<\/p>\n\n\n\n<figure class=\"wp-block-embed is-type-video is-provider-youtube wp-block-embed-youtube wp-embed-aspect-16-9 wp-has-aspect-ratio\"><div class=\"wp-block-embed__wrapper\">\n<iframe loading=\"lazy\" title=\"Te comiste un bait\" width=\"640\" height=\"360\" src=\"https:\/\/www.youtube.com\/embed\/m0j3DPxIZOU?feature=oembed\" frameborder=\"0\" allow=\"accelerometer; autoplay; clipboard-write; encrypted-media; gyroscope; picture-in-picture; web-share\" referrerpolicy=\"strict-origin-when-cross-origin\" allowfullscreen><\/iframe>\n<\/div><figcaption class=\"wp-element-caption\">Video de la campa\u00f1a #LaCulpaEsSoloSuya &#8211; Incrustado desde el canal de YMCA Espa\u00f1a<\/figcaption><\/figure>\n\n\n\n<p>Para hacer frente a esta problem\u00e1tica, desde <strong>YMCA<\/strong> se impulsa el programa <strong><em><a href=\"https:\/\/laculpaes.ymca.es\/\" target=\"_blank\" rel=\"noreferrer noopener\">#LaCulpaEsSoloSuya<\/a><\/em><\/strong>. El objetivo es fomentar la detecci\u00f3n, denuncia y prevenci\u00f3n de la ciberviolencia sexual y de g\u00e9nero entre adolescentes y j\u00f3venes. Este plan se realiza a trav\u00e9s de varias de sus entidades regionales, entre ellas la de <strong>Valladolid<\/strong>. \u00a0<\/p>\n\n\n\n<p class=\"has-text-align-left\">Se estructura en torno a <strong>cuatro sesiones<\/strong> <strong>que combinan distintas l\u00edneas de actuaci\u00f3n<\/strong>: el fomento del papel de los j\u00f3venes como agentes de cambio, la coeducaci\u00f3n, sensibilizaci\u00f3n program\u00e1tica en espacios digitales y la involucraci\u00f3n de entidades, medios de comunicaci\u00f3n y redes sociales.<\/p>\n\n\n\n<p>A trav\u00e9s de estas actividades los participantes pueden aprender a identificar roles y estereotipos de g\u00e9nero, gestionar su privacidad en redes sociales, detectar perfiles y comportamientos de riesgo o crear espacios de participaci\u00f3n social a trav\u00e9s del ocio sano e igualitario. Adem\u00e1s, se incluyen actividades y acciones especiales para d\u00edas clave como el <strong>8M o 25N<\/strong>.<\/p>\n\n\n<div class=\"wp-block-image\">\n<figure class=\"aligncenter size-large is-resized\"><img loading=\"lazy\" decoding=\"async\" width=\"1024\" height=\"679\" src=\"https:\/\/redaccionjuvenil.es\/wp-content\/uploads\/2026\/03\/WhatsApp-Image-2026-03-26-at-16.16.34-1024x679.jpeg\" alt=\"\" class=\"wp-image-644\" style=\"aspect-ratio:1.7840313267405588;width:584px;height:auto\" srcset=\"https:\/\/redaccionjuvenil.es\/wp-content\/uploads\/2026\/03\/WhatsApp-Image-2026-03-26-at-16.16.34-1024x679.jpeg 1024w, https:\/\/redaccionjuvenil.es\/wp-content\/uploads\/2026\/03\/WhatsApp-Image-2026-03-26-at-16.16.34-300x200.jpeg 300w, https:\/\/redaccionjuvenil.es\/wp-content\/uploads\/2026\/03\/WhatsApp-Image-2026-03-26-at-16.16.34-768x509.jpeg 768w, https:\/\/redaccionjuvenil.es\/wp-content\/uploads\/2026\/03\/WhatsApp-Image-2026-03-26-at-16.16.34-820x545.jpeg 820w, https:\/\/redaccionjuvenil.es\/wp-content\/uploads\/2026\/03\/WhatsApp-Image-2026-03-26-at-16.16.34.jpeg 1080w\" sizes=\"auto, (max-width: 1024px) 100vw, 1024px\" \/><figcaption class=\"wp-element-caption\">Curso de formaci\u00f3n YMCA &#8211; Imagen cedida por YMCA<\/figcaption><\/figure>\n<\/div>\n\n\n<p>YMCA tambi\u00e9n realiza <strong>formaci\u00f3n certificada en ciberviolencia<\/strong> dentro del curso de monitor de tiempo libre. Tambi\u00e9n se incluyen charlas, actividades y din\u00e1micas participativas en institutos y centros educativos.<\/p>\n\n\n\n<p><strong><em>#LaCulpaEsSoloSuya<\/em><\/strong> seguir\u00e1 promoviendo desde YMCA actividades en la lucha contra la ciberviolencia sexual para \u00absensibilizar y activar a la juventud para que sean los protagonistas del cambio\u00bb, insistiendo en un mensaje clave: la responsabilidad recae \u00fanicamente en quien ejerce la violencia, nunca en la v\u00edctima. La ciberviolencia sexual es un delito y, como tal, debe ser denunciada.<\/p>\n\n\n\n<p><\/p>\n","protected":false},"excerpt":{"rendered":"<p>Imagen de la campa\u00f1a #LaCulpaEsSoloSuya<\/p>\n","protected":false},"author":19,"featured_media":641,"comment_status":"open","ping_status":"open","sticky":false,"template":"","format":"standard","meta":{"_kadence_starter_templates_imported_post":false,"footnotes":""},"categories":[22,1,8,2,16,15],"tags":[48,65,91],"class_list":["post-638","post","type-post","status-publish","format-standard","has-post-thumbnail","hentry","category-activismo","category-actualidad","category-asociacionismo","category-noticias","category-te-interesa","category-ymca","tag-valladolid","tag-ymca","tag-prevencion-2"],"yoast_head":"<!-- This site is optimized with the Yoast SEO plugin v27.1.1 - https:\/\/yoast.com\/product\/yoast-seo-wordpress\/ -->\n<title>Sensibilizaci\u00f3n y actuaci\u00f3n ante la ciberviolencia sexual - RED-ACCI\u00d3N JUVENIL<\/title>\n<meta name=\"description\" content=\"Problemas que ya encontramos offline, como la violencia de g\u00e9nero, el acoso sexual, la extorsi\u00f3n o el grooming, cobran forma en internet. De esta nueva realidad surge un nuevo concepto: la ciberviolencia sexual. Para hacer frente a esta problem\u00e1tica, desde YMCA se impulsa el programa #LaCulpaEsSoloSuya, cuyo objetivo es fomentar la detecci\u00f3n, denuncia y prevenci\u00f3n de la ciberviolencia sexual y de g\u00e9nero entre adolescentes y j\u00f3venes. Este plan se realiza a trav\u00e9s de varias de sus entidades regionales, entre ellas la de Valladolid. \u00a0\" \/>\n<meta name=\"robots\" content=\"index, follow, max-snippet:-1, max-image-preview:large, max-video-preview:-1\" \/>\n<link rel=\"canonical\" href=\"https:\/\/redaccionjuvenil.es\/?p=638\" \/>\n<meta property=\"og:locale\" content=\"es_ES\" \/>\n<meta property=\"og:type\" content=\"article\" \/>\n<meta property=\"og:title\" content=\"Sensibilizaci\u00f3n y actuaci\u00f3n ante la ciberviolencia sexual - RED-ACCI\u00d3N JUVENIL\" \/>\n<meta property=\"og:description\" content=\"Problemas que ya encontramos offline, como la violencia de g\u00e9nero, el acoso sexual, la extorsi\u00f3n o el grooming, cobran forma en internet. De esta nueva realidad surge un nuevo concepto: la ciberviolencia sexual. Para hacer frente a esta problem\u00e1tica, desde YMCA se impulsa el programa #LaCulpaEsSoloSuya, cuyo objetivo es fomentar la detecci\u00f3n, denuncia y prevenci\u00f3n de la ciberviolencia sexual y de g\u00e9nero entre adolescentes y j\u00f3venes. Este plan se realiza a trav\u00e9s de varias de sus entidades regionales, entre ellas la de Valladolid. \u00a0\" \/>\n<meta property=\"og:url\" content=\"https:\/\/redaccionjuvenil.es\/?p=638\" \/>\n<meta property=\"og:site_name\" content=\"RED-ACCI\u00d3N JUVENIL\" \/>\n<meta property=\"article:published_time\" content=\"2026-03-26T16:09:41+00:00\" \/>\n<meta property=\"article:modified_time\" content=\"2026-03-26T16:09:44+00:00\" \/>\n<meta property=\"og:image\" content=\"https:\/\/redaccionjuvenil.es\/wp-content\/uploads\/2026\/03\/la-culpa-es-suya-1.jpg\" \/>\n\t<meta property=\"og:image:width\" content=\"1280\" \/>\n\t<meta property=\"og:image:height\" content=\"720\" \/>\n\t<meta property=\"og:image:type\" content=\"image\/jpeg\" \/>\n<meta name=\"author\" content=\"Mar\u00eda Prada\" \/>\n<meta name=\"twitter:card\" content=\"summary_large_image\" \/>\n<meta name=\"twitter:label1\" content=\"Escrito por\" \/>\n\t<meta name=\"twitter:data1\" content=\"Mar\u00eda Prada\" \/>\n\t<meta name=\"twitter:label2\" content=\"Tiempo de lectura\" \/>\n\t<meta name=\"twitter:data2\" content=\"3 minutos\" \/>\n<script type=\"application\/ld+json\" class=\"yoast-schema-graph\">{\"@context\":\"https:\/\/schema.org\",\"@graph\":[{\"@type\":\"Article\",\"@id\":\"https:\/\/redaccionjuvenil.es\/?p=638#article\",\"isPartOf\":{\"@id\":\"https:\/\/redaccionjuvenil.es\/?p=638\"},\"author\":{\"name\":\"Mar\u00eda Prada\",\"@id\":\"https:\/\/redaccionjuvenil.es\/#\/schema\/person\/6e98a120d311fe6232af05109635364a\"},\"headline\":\"Sensibilizaci\u00f3n y actuaci\u00f3n ante la ciberviolencia sexual\",\"datePublished\":\"2026-03-26T16:09:41+00:00\",\"dateModified\":\"2026-03-26T16:09:44+00:00\",\"mainEntityOfPage\":{\"@id\":\"https:\/\/redaccionjuvenil.es\/?p=638\"},\"wordCount\":485,\"commentCount\":0,\"publisher\":{\"@id\":\"https:\/\/redaccionjuvenil.es\/#organization\"},\"image\":{\"@id\":\"https:\/\/redaccionjuvenil.es\/?p=638#primaryimage\"},\"thumbnailUrl\":\"https:\/\/redaccionjuvenil.es\/wp-content\/uploads\/2026\/03\/la-culpa-es-suya-1.jpg\",\"keywords\":[\"#valladolid\",\"#YMCA\",\"Prevenci\u00f3n\"],\"articleSection\":[\"Activismo\",\"Actualidad\",\"Asociacionismo\",\"Noticias\",\"Te interesa\",\"YMCA\"],\"inLanguage\":\"es\",\"potentialAction\":[{\"@type\":\"CommentAction\",\"name\":\"Comment\",\"target\":[\"https:\/\/redaccionjuvenil.es\/?p=638#respond\"]}]},{\"@type\":\"WebPage\",\"@id\":\"https:\/\/redaccionjuvenil.es\/?p=638\",\"url\":\"https:\/\/redaccionjuvenil.es\/?p=638\",\"name\":\"Sensibilizaci\u00f3n y actuaci\u00f3n ante la ciberviolencia sexual - RED-ACCI\u00d3N JUVENIL\",\"isPartOf\":{\"@id\":\"https:\/\/redaccionjuvenil.es\/#website\"},\"primaryImageOfPage\":{\"@id\":\"https:\/\/redaccionjuvenil.es\/?p=638#primaryimage\"},\"image\":{\"@id\":\"https:\/\/redaccionjuvenil.es\/?p=638#primaryimage\"},\"thumbnailUrl\":\"https:\/\/redaccionjuvenil.es\/wp-content\/uploads\/2026\/03\/la-culpa-es-suya-1.jpg\",\"datePublished\":\"2026-03-26T16:09:41+00:00\",\"dateModified\":\"2026-03-26T16:09:44+00:00\",\"description\":\"Problemas que ya encontramos offline, como la violencia de g\u00e9nero, el acoso sexual, la extorsi\u00f3n o el grooming, cobran forma en internet. De esta nueva realidad surge un nuevo concepto: la ciberviolencia sexual. Para hacer frente a esta problem\u00e1tica, desde YMCA se impulsa el programa #LaCulpaEsSoloSuya, cuyo objetivo es fomentar la detecci\u00f3n, denuncia y prevenci\u00f3n de la ciberviolencia sexual y de g\u00e9nero entre adolescentes y j\u00f3venes. Este plan se realiza a trav\u00e9s de varias de sus entidades regionales, entre ellas la de Valladolid. \u00a0\",\"breadcrumb\":{\"@id\":\"https:\/\/redaccionjuvenil.es\/?p=638#breadcrumb\"},\"inLanguage\":\"es\",\"potentialAction\":[{\"@type\":\"ReadAction\",\"target\":[\"https:\/\/redaccionjuvenil.es\/?p=638\"]}]},{\"@type\":\"ImageObject\",\"inLanguage\":\"es\",\"@id\":\"https:\/\/redaccionjuvenil.es\/?p=638#primaryimage\",\"url\":\"https:\/\/redaccionjuvenil.es\/wp-content\/uploads\/2026\/03\/la-culpa-es-suya-1.jpg\",\"contentUrl\":\"https:\/\/redaccionjuvenil.es\/wp-content\/uploads\/2026\/03\/la-culpa-es-suya-1.jpg\",\"width\":1280,\"height\":720},{\"@type\":\"BreadcrumbList\",\"@id\":\"https:\/\/redaccionjuvenil.es\/?p=638#breadcrumb\",\"itemListElement\":[{\"@type\":\"ListItem\",\"position\":1,\"name\":\"Portada\",\"item\":\"https:\/\/redaccionjuvenil.es\/\"},{\"@type\":\"ListItem\",\"position\":2,\"name\":\"Sensibilizaci\u00f3n y actuaci\u00f3n ante la ciberviolencia sexual\"}]},{\"@type\":\"WebSite\",\"@id\":\"https:\/\/redaccionjuvenil.es\/#website\",\"url\":\"https:\/\/redaccionjuvenil.es\/\",\"name\":\"RED-ACCI\u00d3N JUVENIL\",\"description\":\"DONDE LA JUVENTUD INFORMA Y TRANSFORMA\",\"publisher\":{\"@id\":\"https:\/\/redaccionjuvenil.es\/#organization\"},\"potentialAction\":[{\"@type\":\"SearchAction\",\"target\":{\"@type\":\"EntryPoint\",\"urlTemplate\":\"https:\/\/redaccionjuvenil.es\/?s={search_term_string}\"},\"query-input\":{\"@type\":\"PropertyValueSpecification\",\"valueRequired\":true,\"valueName\":\"search_term_string\"}}],\"inLanguage\":\"es\"},{\"@type\":\"Organization\",\"@id\":\"https:\/\/redaccionjuvenil.es\/#organization\",\"name\":\"RED-ACCI\u00d3N JUVENIL\",\"url\":\"https:\/\/redaccionjuvenil.es\/\",\"logo\":{\"@type\":\"ImageObject\",\"inLanguage\":\"es\",\"@id\":\"https:\/\/redaccionjuvenil.es\/#\/schema\/logo\/image\/\",\"url\":\"https:\/\/redaccionjuvenil.es\/wp-content\/uploads\/2026\/03\/cropped-cropped-logo_redaccion_juvenil_primer_propuesta-1.png\",\"contentUrl\":\"https:\/\/redaccionjuvenil.es\/wp-content\/uploads\/2026\/03\/cropped-cropped-logo_redaccion_juvenil_primer_propuesta-1.png\",\"width\":723,\"height\":723,\"caption\":\"RED-ACCI\u00d3N JUVENIL\"},\"image\":{\"@id\":\"https:\/\/redaccionjuvenil.es\/#\/schema\/logo\/image\/\"}},{\"@type\":\"Person\",\"@id\":\"https:\/\/redaccionjuvenil.es\/#\/schema\/person\/6e98a120d311fe6232af05109635364a\",\"name\":\"Mar\u00eda Prada\",\"image\":{\"@type\":\"ImageObject\",\"inLanguage\":\"es\",\"@id\":\"https:\/\/redaccionjuvenil.es\/#\/schema\/person\/image\/\",\"url\":\"https:\/\/secure.gravatar.com\/avatar\/3ebf1a2e9582ff01494dd3637d65b0c572f1fc331014a07bc77ca8df217e0cc2?s=96&d=mm&r=g\",\"contentUrl\":\"https:\/\/secure.gravatar.com\/avatar\/3ebf1a2e9582ff01494dd3637d65b0c572f1fc331014a07bc77ca8df217e0cc2?s=96&d=mm&r=g\",\"caption\":\"Mar\u00eda Prada\"},\"url\":\"https:\/\/redaccionjuvenil.es\/?author=19\"}]}<\/script>\n<!-- \/ Yoast SEO plugin. -->","yoast_head_json":{"title":"Sensibilizaci\u00f3n y actuaci\u00f3n ante la ciberviolencia sexual - RED-ACCI\u00d3N JUVENIL","description":"Problemas que ya encontramos offline, como la violencia de g\u00e9nero, el acoso sexual, la extorsi\u00f3n o el grooming, cobran forma en internet. De esta nueva realidad surge un nuevo concepto: la ciberviolencia sexual. Para hacer frente a esta problem\u00e1tica, desde YMCA se impulsa el programa #LaCulpaEsSoloSuya, cuyo objetivo es fomentar la detecci\u00f3n, denuncia y prevenci\u00f3n de la ciberviolencia sexual y de g\u00e9nero entre adolescentes y j\u00f3venes. Este plan se realiza a trav\u00e9s de varias de sus entidades regionales, entre ellas la de Valladolid. \u00a0","robots":{"index":"index","follow":"follow","max-snippet":"max-snippet:-1","max-image-preview":"max-image-preview:large","max-video-preview":"max-video-preview:-1"},"canonical":"https:\/\/redaccionjuvenil.es\/?p=638","og_locale":"es_ES","og_type":"article","og_title":"Sensibilizaci\u00f3n y actuaci\u00f3n ante la ciberviolencia sexual - RED-ACCI\u00d3N JUVENIL","og_description":"Problemas que ya encontramos offline, como la violencia de g\u00e9nero, el acoso sexual, la extorsi\u00f3n o el grooming, cobran forma en internet. De esta nueva realidad surge un nuevo concepto: la ciberviolencia sexual. Para hacer frente a esta problem\u00e1tica, desde YMCA se impulsa el programa #LaCulpaEsSoloSuya, cuyo objetivo es fomentar la detecci\u00f3n, denuncia y prevenci\u00f3n de la ciberviolencia sexual y de g\u00e9nero entre adolescentes y j\u00f3venes. Este plan se realiza a trav\u00e9s de varias de sus entidades regionales, entre ellas la de Valladolid. \u00a0","og_url":"https:\/\/redaccionjuvenil.es\/?p=638","og_site_name":"RED-ACCI\u00d3N JUVENIL","article_published_time":"2026-03-26T16:09:41+00:00","article_modified_time":"2026-03-26T16:09:44+00:00","og_image":[{"width":1280,"height":720,"url":"https:\/\/redaccionjuvenil.es\/wp-content\/uploads\/2026\/03\/la-culpa-es-suya-1.jpg","type":"image\/jpeg"}],"author":"Mar\u00eda Prada","twitter_card":"summary_large_image","twitter_misc":{"Escrito por":"Mar\u00eda Prada","Tiempo de lectura":"3 minutos"},"schema":{"@context":"https:\/\/schema.org","@graph":[{"@type":"Article","@id":"https:\/\/redaccionjuvenil.es\/?p=638#article","isPartOf":{"@id":"https:\/\/redaccionjuvenil.es\/?p=638"},"author":{"name":"Mar\u00eda Prada","@id":"https:\/\/redaccionjuvenil.es\/#\/schema\/person\/6e98a120d311fe6232af05109635364a"},"headline":"Sensibilizaci\u00f3n y actuaci\u00f3n ante la ciberviolencia sexual","datePublished":"2026-03-26T16:09:41+00:00","dateModified":"2026-03-26T16:09:44+00:00","mainEntityOfPage":{"@id":"https:\/\/redaccionjuvenil.es\/?p=638"},"wordCount":485,"commentCount":0,"publisher":{"@id":"https:\/\/redaccionjuvenil.es\/#organization"},"image":{"@id":"https:\/\/redaccionjuvenil.es\/?p=638#primaryimage"},"thumbnailUrl":"https:\/\/redaccionjuvenil.es\/wp-content\/uploads\/2026\/03\/la-culpa-es-suya-1.jpg","keywords":["#valladolid","#YMCA","Prevenci\u00f3n"],"articleSection":["Activismo","Actualidad","Asociacionismo","Noticias","Te interesa","YMCA"],"inLanguage":"es","potentialAction":[{"@type":"CommentAction","name":"Comment","target":["https:\/\/redaccionjuvenil.es\/?p=638#respond"]}]},{"@type":"WebPage","@id":"https:\/\/redaccionjuvenil.es\/?p=638","url":"https:\/\/redaccionjuvenil.es\/?p=638","name":"Sensibilizaci\u00f3n y actuaci\u00f3n ante la ciberviolencia sexual - RED-ACCI\u00d3N JUVENIL","isPartOf":{"@id":"https:\/\/redaccionjuvenil.es\/#website"},"primaryImageOfPage":{"@id":"https:\/\/redaccionjuvenil.es\/?p=638#primaryimage"},"image":{"@id":"https:\/\/redaccionjuvenil.es\/?p=638#primaryimage"},"thumbnailUrl":"https:\/\/redaccionjuvenil.es\/wp-content\/uploads\/2026\/03\/la-culpa-es-suya-1.jpg","datePublished":"2026-03-26T16:09:41+00:00","dateModified":"2026-03-26T16:09:44+00:00","description":"Problemas que ya encontramos offline, como la violencia de g\u00e9nero, el acoso sexual, la extorsi\u00f3n o el grooming, cobran forma en internet. De esta nueva realidad surge un nuevo concepto: la ciberviolencia sexual. Para hacer frente a esta problem\u00e1tica, desde YMCA se impulsa el programa #LaCulpaEsSoloSuya, cuyo objetivo es fomentar la detecci\u00f3n, denuncia y prevenci\u00f3n de la ciberviolencia sexual y de g\u00e9nero entre adolescentes y j\u00f3venes. Este plan se realiza a trav\u00e9s de varias de sus entidades regionales, entre ellas la de Valladolid. \u00a0","breadcrumb":{"@id":"https:\/\/redaccionjuvenil.es\/?p=638#breadcrumb"},"inLanguage":"es","potentialAction":[{"@type":"ReadAction","target":["https:\/\/redaccionjuvenil.es\/?p=638"]}]},{"@type":"ImageObject","inLanguage":"es","@id":"https:\/\/redaccionjuvenil.es\/?p=638#primaryimage","url":"https:\/\/redaccionjuvenil.es\/wp-content\/uploads\/2026\/03\/la-culpa-es-suya-1.jpg","contentUrl":"https:\/\/redaccionjuvenil.es\/wp-content\/uploads\/2026\/03\/la-culpa-es-suya-1.jpg","width":1280,"height":720},{"@type":"BreadcrumbList","@id":"https:\/\/redaccionjuvenil.es\/?p=638#breadcrumb","itemListElement":[{"@type":"ListItem","position":1,"name":"Portada","item":"https:\/\/redaccionjuvenil.es\/"},{"@type":"ListItem","position":2,"name":"Sensibilizaci\u00f3n y actuaci\u00f3n ante la ciberviolencia sexual"}]},{"@type":"WebSite","@id":"https:\/\/redaccionjuvenil.es\/#website","url":"https:\/\/redaccionjuvenil.es\/","name":"RED-ACCI\u00d3N JUVENIL","description":"DONDE LA JUVENTUD INFORMA Y TRANSFORMA","publisher":{"@id":"https:\/\/redaccionjuvenil.es\/#organization"},"potentialAction":[{"@type":"SearchAction","target":{"@type":"EntryPoint","urlTemplate":"https:\/\/redaccionjuvenil.es\/?s={search_term_string}"},"query-input":{"@type":"PropertyValueSpecification","valueRequired":true,"valueName":"search_term_string"}}],"inLanguage":"es"},{"@type":"Organization","@id":"https:\/\/redaccionjuvenil.es\/#organization","name":"RED-ACCI\u00d3N JUVENIL","url":"https:\/\/redaccionjuvenil.es\/","logo":{"@type":"ImageObject","inLanguage":"es","@id":"https:\/\/redaccionjuvenil.es\/#\/schema\/logo\/image\/","url":"https:\/\/redaccionjuvenil.es\/wp-content\/uploads\/2026\/03\/cropped-cropped-logo_redaccion_juvenil_primer_propuesta-1.png","contentUrl":"https:\/\/redaccionjuvenil.es\/wp-content\/uploads\/2026\/03\/cropped-cropped-logo_redaccion_juvenil_primer_propuesta-1.png","width":723,"height":723,"caption":"RED-ACCI\u00d3N JUVENIL"},"image":{"@id":"https:\/\/redaccionjuvenil.es\/#\/schema\/logo\/image\/"}},{"@type":"Person","@id":"https:\/\/redaccionjuvenil.es\/#\/schema\/person\/6e98a120d311fe6232af05109635364a","name":"Mar\u00eda Prada","image":{"@type":"ImageObject","inLanguage":"es","@id":"https:\/\/redaccionjuvenil.es\/#\/schema\/person\/image\/","url":"https:\/\/secure.gravatar.com\/avatar\/3ebf1a2e9582ff01494dd3637d65b0c572f1fc331014a07bc77ca8df217e0cc2?s=96&d=mm&r=g","contentUrl":"https:\/\/secure.gravatar.com\/avatar\/3ebf1a2e9582ff01494dd3637d65b0c572f1fc331014a07bc77ca8df217e0cc2?s=96&d=mm&r=g","caption":"Mar\u00eda Prada"},"url":"https:\/\/redaccionjuvenil.es\/?author=19"}]}},"_links":{"self":[{"href":"https:\/\/redaccionjuvenil.es\/index.php?rest_route=\/wp\/v2\/posts\/638","targetHints":{"allow":["GET"]}}],"collection":[{"href":"https:\/\/redaccionjuvenil.es\/index.php?rest_route=\/wp\/v2\/posts"}],"about":[{"href":"https:\/\/redaccionjuvenil.es\/index.php?rest_route=\/wp\/v2\/types\/post"}],"author":[{"embeddable":true,"href":"https:\/\/redaccionjuvenil.es\/index.php?rest_route=\/wp\/v2\/users\/19"}],"replies":[{"embeddable":true,"href":"https:\/\/redaccionjuvenil.es\/index.php?rest_route=%2Fwp%2Fv2%2Fcomments&post=638"}],"version-history":[{"count":6,"href":"https:\/\/redaccionjuvenil.es\/index.php?rest_route=\/wp\/v2\/posts\/638\/revisions"}],"predecessor-version":[{"id":660,"href":"https:\/\/redaccionjuvenil.es\/index.php?rest_route=\/wp\/v2\/posts\/638\/revisions\/660"}],"wp:featuredmedia":[{"embeddable":true,"href":"https:\/\/redaccionjuvenil.es\/index.php?rest_route=\/wp\/v2\/media\/641"}],"wp:attachment":[{"href":"https:\/\/redaccionjuvenil.es\/index.php?rest_route=%2Fwp%2Fv2%2Fmedia&parent=638"}],"wp:term":[{"taxonomy":"category","embeddable":true,"href":"https:\/\/redaccionjuvenil.es\/index.php?rest_route=%2Fwp%2Fv2%2Fcategories&post=638"},{"taxonomy":"post_tag","embeddable":true,"href":"https:\/\/redaccionjuvenil.es\/index.php?rest_route=%2Fwp%2Fv2%2Ftags&post=638"}],"curies":[{"name":"wp","href":"https:\/\/api.w.org\/{rel}","templated":true}]}}