{"id":714,"date":"2026-03-27T12:22:08","date_gmt":"2026-03-27T12:22:08","guid":{"rendered":"https:\/\/redaccionjuvenil.es\/?p=714"},"modified":"2026-03-27T12:22:11","modified_gmt":"2026-03-27T12:22:11","slug":"msc-scouts-de-castilla-y-leon-lanza-su-programa-de-jovenes-basado-en-aprender-haciendo","status":"publish","type":"post","link":"https:\/\/redaccionjuvenil.es\/?p=714","title":{"rendered":"MSC Scouts de Castilla y Le\u00f3n lanza su Programa de J\u00f3venes basado en \u201caprender haciendo\u201d"},"content":{"rendered":"\n<p>La organizaci\u00f3n <a href=\"https:\/\/redaccionjuvenil.es\/?page_id=325\">MSC Scouts de Castilla y Le\u00f3n<\/a> presenta una propuesta de programa en la que se pretende educar y ense\u00f1ar a todos los ni\u00f1os, ni\u00f1as y j\u00f3venes mediante su lema de \u201caprender haciendo\u201d. MSC propone que los ni\u00f1os no solo tienen que aprender escuchando, sino que tambi\u00e9n lo tienen que hacer viviendo, probando y trabajando en equipo a trav\u00e9s de la acci\u00f3n, el juego y la convivencia en comunidad.<\/p>\n\n\n\n<h2 class=\"wp-block-heading\">\u00bfQui\u00e9nes son?<\/h2>\n\n\n\n<p>La organizaci\u00f3n MSC Scouts de Castilla y Le\u00f3n es la sucursal encargada de dirigir y coordinar las asociaciones diocesanas del movimiento Scout Cat\u00f3lico en nuestra comunidad aut\u00f3noma. En esta organizaci\u00f3n, sus miembros aprender\u00e1n valores clave como la autonom\u00eda, trabajo en equipo, compromiso social o cuidado del entorno entre otros valores importantes hoy en d\u00eda.<\/p>\n\n\n\n<p>Entre las competencias trabajadas se aprender\u00e1 a decidir, a organizarse, a convivir, a responsabilizarse, colaborar y participar activamente en la comunidad.<\/p>\n\n\n\n<h2 class=\"wp-block-heading\">\u00bf A qui\u00e9n est\u00e1 dirigido y qu\u00e9 propone?<\/h2>\n\n\n\n<p>Este <a href=\"https:\/\/scoutscyl.org\/programa-de-jovenes\/\">programa <\/a>est\u00e1 dirigido a todo tipo de j\u00f3venes, independientemente de su edad, ya que este programa se adapta a cada grupo. De esta manera, se pueden acercar de mejor manera a cada ni\u00f1o y ni\u00f1a y a cada joven con objetivos y actividades m\u00e1s acordes a su edad. De esta manera, buscan encontrar el modelo m\u00e1s ideal para su perfecto desarrollo. Igualmente, el aprendizaje no es global, sino individual. Seg\u00fan dice uno de sus lemas el joven es el protagonista de su camino. Este camino se recorre en un entorno seguro. Con entorno seguro se refieren a qu\u00e9 cada joven recorrer\u00e1 su camino en un espacio de bienestar, respeto y confianza, clave para el correcto desarrollo de los ni\u00f1os, ni\u00f1as y j\u00f3venes de la organizaci\u00f3n.<\/p>\n\n\n\n<p>Las actividades normalmente suelen consistir en una actividad semanal y alguna escapada o acampada puntual. Tendr\u00e1n de su lado un cuerpo de voluntarios que les acompa\u00f1ar\u00e1 en cada momento.<\/p>\n\n\n\n<h2 class=\"wp-block-heading\">\u00bfC\u00f3mo apuntarte?<\/h2>\n\n\n\n<p>Para apuntarte busca tu grupo m\u00e1s cercano en <a href=\"https:\/\/scoutscyl.org\/grupos\/\">https:\/\/scoutscyl.org\/grupos\/<\/a> y contacta con el correo (<a href=\"mailto:sede@scoutscyl.org\">sede@scoutscyl.org<\/a>) o con el tel\u00e9fono que indique que es de tu zona en la p\u00e1gina web. Se recomienda entrar en septiembre, pero se puede ingresar en cualquier momento, siempre y cuando queden plazas disponibles.<\/p>\n\n\n\n<p><\/p>\n\n\n<figure class=\"wp-block-post-featured-image\"><img loading=\"lazy\" decoding=\"async\" width=\"601\" height=\"395\" src=\"https:\/\/redaccionjuvenil.es\/wp-content\/uploads\/2026\/03\/Programa-de-Jovenes-Scouts-1.webp\" class=\"attachment-post-thumbnail size-post-thumbnail wp-post-image\" alt=\"\" style=\"object-fit:cover;\" srcset=\"https:\/\/redaccionjuvenil.es\/wp-content\/uploads\/2026\/03\/Programa-de-Jovenes-Scouts-1.webp 601w, https:\/\/redaccionjuvenil.es\/wp-content\/uploads\/2026\/03\/Programa-de-Jovenes-Scouts-1-300x197.webp 300w\" sizes=\"auto, (max-width: 601px) 100vw, 601px\" \/><\/figure>\n\n\n<p><\/p>\n","protected":false},"excerpt":{"rendered":"<p>La organizaci\u00f3n MSC Scouts de Castilla y Le\u00f3n presenta una propuesta de programa en la que se pretende educar y ense\u00f1ar a todos los ni\u00f1os, ni\u00f1as y j\u00f3venes mediante su&#8230;<\/p>\n","protected":false},"author":18,"featured_media":716,"comment_status":"open","ping_status":"open","sticky":false,"template":"","format":"standard","meta":{"_kadence_starter_templates_imported_post":false,"footnotes":""},"categories":[23,13,2],"tags":[76,37,99],"class_list":["post-714","post","type-post","status-publish","format-standard","has-post-thumbnail","hentry","category-destacado","category-msc-scouts","category-noticias","tag-castilla-y-leon","tag-msc-scouts","tag-programa-de-jovenes"],"yoast_head":"<!-- This site is optimized with the Yoast SEO plugin v27.1.1 - https:\/\/yoast.com\/product\/yoast-seo-wordpress\/ -->\n<title>MSC Scouts de Castilla y Le\u00f3n lanza su Programa de J\u00f3venes basado en \u201caprender haciendo\u201d - RED-ACCI\u00d3N JUVENIL<\/title>\n<meta name=\"description\" content=\"La organizaci\u00f3n MSC Scouts de Castilla y Le\u00f3n presenta una propuesta de programa en la que se pretende educar y ense\u00f1ar a todos los ni\u00f1os\" \/>\n<meta name=\"robots\" content=\"index, follow, max-snippet:-1, max-image-preview:large, max-video-preview:-1\" \/>\n<link rel=\"canonical\" href=\"https:\/\/redaccionjuvenil.es\/?p=714\" \/>\n<meta property=\"og:locale\" content=\"es_ES\" \/>\n<meta property=\"og:type\" content=\"article\" \/>\n<meta property=\"og:title\" content=\"MSC Scouts de Castilla y Le\u00f3n lanza su Programa de J\u00f3venes basado en \u201caprender haciendo\u201d - RED-ACCI\u00d3N JUVENIL\" \/>\n<meta property=\"og:description\" content=\"La organizaci\u00f3n MSC Scouts de Castilla y Le\u00f3n presenta una propuesta de programa en la que se pretende educar y ense\u00f1ar a todos los ni\u00f1os\" \/>\n<meta property=\"og:url\" content=\"https:\/\/redaccionjuvenil.es\/?p=714\" \/>\n<meta property=\"og:site_name\" content=\"RED-ACCI\u00d3N JUVENIL\" \/>\n<meta property=\"article:published_time\" content=\"2026-03-27T12:22:08+00:00\" \/>\n<meta property=\"article:modified_time\" content=\"2026-03-27T12:22:11+00:00\" \/>\n<meta property=\"og:image\" content=\"https:\/\/redaccionjuvenil.es\/wp-content\/uploads\/2026\/03\/Programa-de-Jovenes-Scouts-1.webp\" \/>\n\t<meta property=\"og:image:width\" content=\"601\" \/>\n\t<meta property=\"og:image:height\" content=\"395\" \/>\n\t<meta property=\"og:image:type\" content=\"image\/webp\" \/>\n<meta name=\"author\" content=\"Rafael Eduardo Pereda\" \/>\n<meta name=\"twitter:card\" content=\"summary_large_image\" \/>\n<meta name=\"twitter:label1\" content=\"Escrito por\" \/>\n\t<meta name=\"twitter:data1\" content=\"Rafael Eduardo Pereda\" \/>\n\t<meta name=\"twitter:label2\" content=\"Tiempo de lectura\" \/>\n\t<meta name=\"twitter:data2\" content=\"2 minutos\" \/>\n<script type=\"application\/ld+json\" class=\"yoast-schema-graph\">{\"@context\":\"https:\/\/schema.org\",\"@graph\":[{\"@type\":\"Article\",\"@id\":\"https:\/\/redaccionjuvenil.es\/?p=714#article\",\"isPartOf\":{\"@id\":\"https:\/\/redaccionjuvenil.es\/?p=714\"},\"author\":{\"name\":\"Rafael Eduardo Pereda\",\"@id\":\"https:\/\/redaccionjuvenil.es\/#\/schema\/person\/8a04a8b831ae2876be087042ebb339aa\"},\"headline\":\"MSC Scouts de Castilla y Le\u00f3n lanza su Programa de J\u00f3venes basado en \u201caprender haciendo\u201d\",\"datePublished\":\"2026-03-27T12:22:08+00:00\",\"dateModified\":\"2026-03-27T12:22:11+00:00\",\"mainEntityOfPage\":{\"@id\":\"https:\/\/redaccionjuvenil.es\/?p=714\"},\"wordCount\":417,\"commentCount\":0,\"publisher\":{\"@id\":\"https:\/\/redaccionjuvenil.es\/#organization\"},\"image\":{\"@id\":\"https:\/\/redaccionjuvenil.es\/?p=714#primaryimage\"},\"thumbnailUrl\":\"https:\/\/redaccionjuvenil.es\/wp-content\/uploads\/2026\/03\/Programa-de-Jovenes-Scouts-1.webp\",\"keywords\":[\"castilla y le\u00f3n\",\"MSC Scouts\",\"Programa de j\u00f3venes\"],\"articleSection\":[\"Destacado\",\"MSC Scouts\",\"Noticias\"],\"inLanguage\":\"es\",\"potentialAction\":[{\"@type\":\"CommentAction\",\"name\":\"Comment\",\"target\":[\"https:\/\/redaccionjuvenil.es\/?p=714#respond\"]}]},{\"@type\":\"WebPage\",\"@id\":\"https:\/\/redaccionjuvenil.es\/?p=714\",\"url\":\"https:\/\/redaccionjuvenil.es\/?p=714\",\"name\":\"MSC Scouts de Castilla y Le\u00f3n lanza su Programa de J\u00f3venes basado en \u201caprender haciendo\u201d - RED-ACCI\u00d3N JUVENIL\",\"isPartOf\":{\"@id\":\"https:\/\/redaccionjuvenil.es\/#website\"},\"primaryImageOfPage\":{\"@id\":\"https:\/\/redaccionjuvenil.es\/?p=714#primaryimage\"},\"image\":{\"@id\":\"https:\/\/redaccionjuvenil.es\/?p=714#primaryimage\"},\"thumbnailUrl\":\"https:\/\/redaccionjuvenil.es\/wp-content\/uploads\/2026\/03\/Programa-de-Jovenes-Scouts-1.webp\",\"datePublished\":\"2026-03-27T12:22:08+00:00\",\"dateModified\":\"2026-03-27T12:22:11+00:00\",\"description\":\"La organizaci\u00f3n MSC Scouts de Castilla y Le\u00f3n presenta una propuesta de programa en la que se pretende educar y ense\u00f1ar a todos los ni\u00f1os\",\"breadcrumb\":{\"@id\":\"https:\/\/redaccionjuvenil.es\/?p=714#breadcrumb\"},\"inLanguage\":\"es\",\"potentialAction\":[{\"@type\":\"ReadAction\",\"target\":[\"https:\/\/redaccionjuvenil.es\/?p=714\"]}]},{\"@type\":\"ImageObject\",\"inLanguage\":\"es\",\"@id\":\"https:\/\/redaccionjuvenil.es\/?p=714#primaryimage\",\"url\":\"https:\/\/redaccionjuvenil.es\/wp-content\/uploads\/2026\/03\/Programa-de-Jovenes-Scouts-1.webp\",\"contentUrl\":\"https:\/\/redaccionjuvenil.es\/wp-content\/uploads\/2026\/03\/Programa-de-Jovenes-Scouts-1.webp\",\"width\":601,\"height\":395,\"caption\":\"Ni\u00f1os scouts en una reuni\u00f3n. Fuente MSC Scouts\"},{\"@type\":\"BreadcrumbList\",\"@id\":\"https:\/\/redaccionjuvenil.es\/?p=714#breadcrumb\",\"itemListElement\":[{\"@type\":\"ListItem\",\"position\":1,\"name\":\"Portada\",\"item\":\"https:\/\/redaccionjuvenil.es\/\"},{\"@type\":\"ListItem\",\"position\":2,\"name\":\"MSC Scouts de Castilla y Le\u00f3n lanza su Programa de J\u00f3venes basado en \u201caprender haciendo\u201d\"}]},{\"@type\":\"WebSite\",\"@id\":\"https:\/\/redaccionjuvenil.es\/#website\",\"url\":\"https:\/\/redaccionjuvenil.es\/\",\"name\":\"RED-ACCI\u00d3N JUVENIL\",\"description\":\"DONDE LA JUVENTUD INFORMA Y TRANSFORMA\",\"publisher\":{\"@id\":\"https:\/\/redaccionjuvenil.es\/#organization\"},\"potentialAction\":[{\"@type\":\"SearchAction\",\"target\":{\"@type\":\"EntryPoint\",\"urlTemplate\":\"https:\/\/redaccionjuvenil.es\/?s={search_term_string}\"},\"query-input\":{\"@type\":\"PropertyValueSpecification\",\"valueRequired\":true,\"valueName\":\"search_term_string\"}}],\"inLanguage\":\"es\"},{\"@type\":\"Organization\",\"@id\":\"https:\/\/redaccionjuvenil.es\/#organization\",\"name\":\"RED-ACCI\u00d3N JUVENIL\",\"url\":\"https:\/\/redaccionjuvenil.es\/\",\"logo\":{\"@type\":\"ImageObject\",\"inLanguage\":\"es\",\"@id\":\"https:\/\/redaccionjuvenil.es\/#\/schema\/logo\/image\/\",\"url\":\"https:\/\/redaccionjuvenil.es\/wp-content\/uploads\/2026\/03\/cropped-cropped-logo_redaccion_juvenil_primer_propuesta-1.png\",\"contentUrl\":\"https:\/\/redaccionjuvenil.es\/wp-content\/uploads\/2026\/03\/cropped-cropped-logo_redaccion_juvenil_primer_propuesta-1.png\",\"width\":723,\"height\":723,\"caption\":\"RED-ACCI\u00d3N JUVENIL\"},\"image\":{\"@id\":\"https:\/\/redaccionjuvenil.es\/#\/schema\/logo\/image\/\"}},{\"@type\":\"Person\",\"@id\":\"https:\/\/redaccionjuvenil.es\/#\/schema\/person\/8a04a8b831ae2876be087042ebb339aa\",\"name\":\"Rafael Eduardo Pereda\",\"image\":{\"@type\":\"ImageObject\",\"inLanguage\":\"es\",\"@id\":\"https:\/\/redaccionjuvenil.es\/#\/schema\/person\/image\/\",\"url\":\"https:\/\/secure.gravatar.com\/avatar\/2a077d04ad31ad0cd23dd00dce604df1309ace42c2a9faafe9540a9e218a537b?s=96&d=mm&r=g\",\"contentUrl\":\"https:\/\/secure.gravatar.com\/avatar\/2a077d04ad31ad0cd23dd00dce604df1309ace42c2a9faafe9540a9e218a537b?s=96&d=mm&r=g\",\"caption\":\"Rafael Eduardo Pereda\"},\"url\":\"https:\/\/redaccionjuvenil.es\/?author=18\"}]}<\/script>\n<!-- \/ Yoast SEO plugin. -->","yoast_head_json":{"title":"MSC Scouts de Castilla y Le\u00f3n lanza su Programa de J\u00f3venes basado en \u201caprender haciendo\u201d - RED-ACCI\u00d3N JUVENIL","description":"La organizaci\u00f3n MSC Scouts de Castilla y Le\u00f3n presenta una propuesta de programa en la que se pretende educar y ense\u00f1ar a todos los ni\u00f1os","robots":{"index":"index","follow":"follow","max-snippet":"max-snippet:-1","max-image-preview":"max-image-preview:large","max-video-preview":"max-video-preview:-1"},"canonical":"https:\/\/redaccionjuvenil.es\/?p=714","og_locale":"es_ES","og_type":"article","og_title":"MSC Scouts de Castilla y Le\u00f3n lanza su Programa de J\u00f3venes basado en \u201caprender haciendo\u201d - RED-ACCI\u00d3N JUVENIL","og_description":"La organizaci\u00f3n MSC Scouts de Castilla y Le\u00f3n presenta una propuesta de programa en la que se pretende educar y ense\u00f1ar a todos los ni\u00f1os","og_url":"https:\/\/redaccionjuvenil.es\/?p=714","og_site_name":"RED-ACCI\u00d3N JUVENIL","article_published_time":"2026-03-27T12:22:08+00:00","article_modified_time":"2026-03-27T12:22:11+00:00","og_image":[{"width":601,"height":395,"url":"https:\/\/redaccionjuvenil.es\/wp-content\/uploads\/2026\/03\/Programa-de-Jovenes-Scouts-1.webp","type":"image\/webp"}],"author":"Rafael Eduardo Pereda","twitter_card":"summary_large_image","twitter_misc":{"Escrito por":"Rafael Eduardo Pereda","Tiempo de lectura":"2 minutos"},"schema":{"@context":"https:\/\/schema.org","@graph":[{"@type":"Article","@id":"https:\/\/redaccionjuvenil.es\/?p=714#article","isPartOf":{"@id":"https:\/\/redaccionjuvenil.es\/?p=714"},"author":{"name":"Rafael Eduardo Pereda","@id":"https:\/\/redaccionjuvenil.es\/#\/schema\/person\/8a04a8b831ae2876be087042ebb339aa"},"headline":"MSC Scouts de Castilla y Le\u00f3n lanza su Programa de J\u00f3venes basado en \u201caprender haciendo\u201d","datePublished":"2026-03-27T12:22:08+00:00","dateModified":"2026-03-27T12:22:11+00:00","mainEntityOfPage":{"@id":"https:\/\/redaccionjuvenil.es\/?p=714"},"wordCount":417,"commentCount":0,"publisher":{"@id":"https:\/\/redaccionjuvenil.es\/#organization"},"image":{"@id":"https:\/\/redaccionjuvenil.es\/?p=714#primaryimage"},"thumbnailUrl":"https:\/\/redaccionjuvenil.es\/wp-content\/uploads\/2026\/03\/Programa-de-Jovenes-Scouts-1.webp","keywords":["castilla y le\u00f3n","MSC Scouts","Programa de j\u00f3venes"],"articleSection":["Destacado","MSC Scouts","Noticias"],"inLanguage":"es","potentialAction":[{"@type":"CommentAction","name":"Comment","target":["https:\/\/redaccionjuvenil.es\/?p=714#respond"]}]},{"@type":"WebPage","@id":"https:\/\/redaccionjuvenil.es\/?p=714","url":"https:\/\/redaccionjuvenil.es\/?p=714","name":"MSC Scouts de Castilla y Le\u00f3n lanza su Programa de J\u00f3venes basado en \u201caprender haciendo\u201d - RED-ACCI\u00d3N JUVENIL","isPartOf":{"@id":"https:\/\/redaccionjuvenil.es\/#website"},"primaryImageOfPage":{"@id":"https:\/\/redaccionjuvenil.es\/?p=714#primaryimage"},"image":{"@id":"https:\/\/redaccionjuvenil.es\/?p=714#primaryimage"},"thumbnailUrl":"https:\/\/redaccionjuvenil.es\/wp-content\/uploads\/2026\/03\/Programa-de-Jovenes-Scouts-1.webp","datePublished":"2026-03-27T12:22:08+00:00","dateModified":"2026-03-27T12:22:11+00:00","description":"La organizaci\u00f3n MSC Scouts de Castilla y Le\u00f3n presenta una propuesta de programa en la que se pretende educar y ense\u00f1ar a todos los ni\u00f1os","breadcrumb":{"@id":"https:\/\/redaccionjuvenil.es\/?p=714#breadcrumb"},"inLanguage":"es","potentialAction":[{"@type":"ReadAction","target":["https:\/\/redaccionjuvenil.es\/?p=714"]}]},{"@type":"ImageObject","inLanguage":"es","@id":"https:\/\/redaccionjuvenil.es\/?p=714#primaryimage","url":"https:\/\/redaccionjuvenil.es\/wp-content\/uploads\/2026\/03\/Programa-de-Jovenes-Scouts-1.webp","contentUrl":"https:\/\/redaccionjuvenil.es\/wp-content\/uploads\/2026\/03\/Programa-de-Jovenes-Scouts-1.webp","width":601,"height":395,"caption":"Ni\u00f1os scouts en una reuni\u00f3n. Fuente MSC Scouts"},{"@type":"BreadcrumbList","@id":"https:\/\/redaccionjuvenil.es\/?p=714#breadcrumb","itemListElement":[{"@type":"ListItem","position":1,"name":"Portada","item":"https:\/\/redaccionjuvenil.es\/"},{"@type":"ListItem","position":2,"name":"MSC Scouts de Castilla y Le\u00f3n lanza su Programa de J\u00f3venes basado en \u201caprender haciendo\u201d"}]},{"@type":"WebSite","@id":"https:\/\/redaccionjuvenil.es\/#website","url":"https:\/\/redaccionjuvenil.es\/","name":"RED-ACCI\u00d3N JUVENIL","description":"DONDE LA JUVENTUD INFORMA Y TRANSFORMA","publisher":{"@id":"https:\/\/redaccionjuvenil.es\/#organization"},"potentialAction":[{"@type":"SearchAction","target":{"@type":"EntryPoint","urlTemplate":"https:\/\/redaccionjuvenil.es\/?s={search_term_string}"},"query-input":{"@type":"PropertyValueSpecification","valueRequired":true,"valueName":"search_term_string"}}],"inLanguage":"es"},{"@type":"Organization","@id":"https:\/\/redaccionjuvenil.es\/#organization","name":"RED-ACCI\u00d3N JUVENIL","url":"https:\/\/redaccionjuvenil.es\/","logo":{"@type":"ImageObject","inLanguage":"es","@id":"https:\/\/redaccionjuvenil.es\/#\/schema\/logo\/image\/","url":"https:\/\/redaccionjuvenil.es\/wp-content\/uploads\/2026\/03\/cropped-cropped-logo_redaccion_juvenil_primer_propuesta-1.png","contentUrl":"https:\/\/redaccionjuvenil.es\/wp-content\/uploads\/2026\/03\/cropped-cropped-logo_redaccion_juvenil_primer_propuesta-1.png","width":723,"height":723,"caption":"RED-ACCI\u00d3N JUVENIL"},"image":{"@id":"https:\/\/redaccionjuvenil.es\/#\/schema\/logo\/image\/"}},{"@type":"Person","@id":"https:\/\/redaccionjuvenil.es\/#\/schema\/person\/8a04a8b831ae2876be087042ebb339aa","name":"Rafael Eduardo Pereda","image":{"@type":"ImageObject","inLanguage":"es","@id":"https:\/\/redaccionjuvenil.es\/#\/schema\/person\/image\/","url":"https:\/\/secure.gravatar.com\/avatar\/2a077d04ad31ad0cd23dd00dce604df1309ace42c2a9faafe9540a9e218a537b?s=96&d=mm&r=g","contentUrl":"https:\/\/secure.gravatar.com\/avatar\/2a077d04ad31ad0cd23dd00dce604df1309ace42c2a9faafe9540a9e218a537b?s=96&d=mm&r=g","caption":"Rafael Eduardo Pereda"},"url":"https:\/\/redaccionjuvenil.es\/?author=18"}]}},"_links":{"self":[{"href":"https:\/\/redaccionjuvenil.es\/index.php?rest_route=\/wp\/v2\/posts\/714","targetHints":{"allow":["GET"]}}],"collection":[{"href":"https:\/\/redaccionjuvenil.es\/index.php?rest_route=\/wp\/v2\/posts"}],"about":[{"href":"https:\/\/redaccionjuvenil.es\/index.php?rest_route=\/wp\/v2\/types\/post"}],"author":[{"embeddable":true,"href":"https:\/\/redaccionjuvenil.es\/index.php?rest_route=\/wp\/v2\/users\/18"}],"replies":[{"embeddable":true,"href":"https:\/\/redaccionjuvenil.es\/index.php?rest_route=%2Fwp%2Fv2%2Fcomments&post=714"}],"version-history":[{"count":2,"href":"https:\/\/redaccionjuvenil.es\/index.php?rest_route=\/wp\/v2\/posts\/714\/revisions"}],"predecessor-version":[{"id":721,"href":"https:\/\/redaccionjuvenil.es\/index.php?rest_route=\/wp\/v2\/posts\/714\/revisions\/721"}],"wp:featuredmedia":[{"embeddable":true,"href":"https:\/\/redaccionjuvenil.es\/index.php?rest_route=\/wp\/v2\/media\/716"}],"wp:attachment":[{"href":"https:\/\/redaccionjuvenil.es\/index.php?rest_route=%2Fwp%2Fv2%2Fmedia&parent=714"}],"wp:term":[{"taxonomy":"category","embeddable":true,"href":"https:\/\/redaccionjuvenil.es\/index.php?rest_route=%2Fwp%2Fv2%2Fcategories&post=714"},{"taxonomy":"post_tag","embeddable":true,"href":"https:\/\/redaccionjuvenil.es\/index.php?rest_route=%2Fwp%2Fv2%2Ftags&post=714"}],"curies":[{"name":"wp","href":"https:\/\/api.w.org\/{rel}","templated":true}]}}