{"id":735,"date":"2026-03-28T18:14:36","date_gmt":"2026-03-28T18:14:36","guid":{"rendered":"https:\/\/redaccionjuvenil.es\/?p=735"},"modified":"2026-03-28T18:16:03","modified_gmt":"2026-03-28T18:16:03","slug":"alternativa-en-semana-santa-para-menores-sin-actividades-2","status":"publish","type":"post","link":"https:\/\/redaccionjuvenil.es\/?p=735","title":{"rendered":"Alternativa en Semana Santa para menores sin actividades"},"content":{"rendered":"\n<h2 class=\"wp-block-heading\"><strong>Iniciativas que apoyan la conciliaci\u00f3n familiar durante el receso escolar de Semana Santa<\/strong><\/h2>\n\n\n\n<p>Durante el periodo de&nbsp;<strong>Semana Santa<\/strong>, muchas familias enfrentan dificultades para compatibilizar las&nbsp;<strong>vacaciones escolares<\/strong>&nbsp;de los menores con sus obligaciones laborales. En este contexto, es frecuente que ni\u00f1os y ni\u00f1as permanezcan en casa sin planificaci\u00f3n de actividades, especialmente cuando los padres deben continuar trabajando o no cuentan con redes de apoyo para el cuidado.&nbsp;<\/p>\n\n\n\n<p>Antes esta situaci\u00f3n, distintas organizaciones impulsan iniciativas de ocio educativo durante los d\u00edas no lectivos. Una de ellas es la&nbsp;<strong>Federaci\u00f3n de Centros Juveniles Don Bosco de Castilla y Le\u00f3n<\/strong>, que ha informado sobre la realizaci\u00f3n de su campamento urbano&nbsp;<strong><a href=\"https:\/\/www.instagram.com\/p\/DVarAY6CGhg\/\">\u00abLudobosco Semana Santa\u00bb<\/a><\/strong>, dirigido a menores de entre 4 y 12 a\u00f1os.<\/p>\n\n\n\n<figure class=\"wp-block-image size-large is-resized\"><img loading=\"lazy\" decoding=\"async\" width=\"1024\" height=\"764\" src=\"https:\/\/redaccionjuvenil.es\/wp-content\/uploads\/2026\/03\/WhatsApp-Image-2026-03-28-at-18.43.15-1-1024x764.jpeg\" alt=\"\" class=\"wp-image-737\" style=\"width:644px;height:auto\" srcset=\"https:\/\/redaccionjuvenil.es\/wp-content\/uploads\/2026\/03\/WhatsApp-Image-2026-03-28-at-18.43.15-1-1024x764.jpeg 1024w, https:\/\/redaccionjuvenil.es\/wp-content\/uploads\/2026\/03\/WhatsApp-Image-2026-03-28-at-18.43.15-1-300x224.jpeg 300w, https:\/\/redaccionjuvenil.es\/wp-content\/uploads\/2026\/03\/WhatsApp-Image-2026-03-28-at-18.43.15-1-768x573.jpeg 768w, https:\/\/redaccionjuvenil.es\/wp-content\/uploads\/2026\/03\/WhatsApp-Image-2026-03-28-at-18.43.15-1.jpeg 1179w\" sizes=\"auto, (max-width: 1024px) 100vw, 1024px\" \/><figcaption class=\"wp-element-caption\">Campamento urbano edici\u00f3n anterior de la Federaci\u00f3n de CJ Don Bosco de CyL<\/figcaption><\/figure>\n\n\n\n<h2 class=\"wp-block-heading\"><strong>M\u00e1s detalles el campamento urbano<\/strong><\/h2>\n\n\n\n<p>La actividad se desarrollar\u00e1 los d\u00edas 27, 30 y 31 de marzo, as\u00ed como el 1 y 6 de abril, en horario de 09:00 a 14:00 horas. Adem\u00e1s, contempla servicios complementarios como madrugadores desde las 08:00 y recogida ampliada hasta las 15:00, junto con la opci\u00f3n de comedor, en la que los participantes deben llevar su propia comida.&nbsp;<\/p>\n\n\n\n<p>El programa incluye diversas actividades como propuestas l\u00fadicas y culturales, excursiones, deportes, manualidades, gymkhanas y cuentacuentos. Este tipo de iniciativas se enmarca dentro de las alternativas que buscan dar respuesta a la falta de actividades estructuradas para menores durante las vacaciones, ofreciendo espacios organizados frente a la permanencia prolongada en el hogar sin planificaci\u00f3n.<\/p>\n\n\n\n<figure class=\"wp-block-image size-large is-resized\"><img loading=\"lazy\" decoding=\"async\" width=\"824\" height=\"1024\" src=\"https:\/\/redaccionjuvenil.es\/wp-content\/uploads\/2026\/03\/WhatsApp-Image-2026-03-28-at-18.52.39-1-824x1024.jpeg\" alt=\"\" class=\"wp-image-738\" style=\"aspect-ratio:0.8046997787441825;width:439px;height:auto\" srcset=\"https:\/\/redaccionjuvenil.es\/wp-content\/uploads\/2026\/03\/WhatsApp-Image-2026-03-28-at-18.52.39-1-824x1024.jpeg 824w, https:\/\/redaccionjuvenil.es\/wp-content\/uploads\/2026\/03\/WhatsApp-Image-2026-03-28-at-18.52.39-1-241x300.jpeg 241w, https:\/\/redaccionjuvenil.es\/wp-content\/uploads\/2026\/03\/WhatsApp-Image-2026-03-28-at-18.52.39-1-768x954.jpeg 768w, https:\/\/redaccionjuvenil.es\/wp-content\/uploads\/2026\/03\/WhatsApp-Image-2026-03-28-at-18.52.39-1.jpeg 1179w\" sizes=\"auto, (max-width: 824px) 100vw, 824px\" \/><figcaption class=\"wp-element-caption\">Cartel informativo del Campamento Urbano de la Federaci\u00f3n de CJ Don Bosco de CyL<\/figcaption><\/figure>\n\n\n\n<p><\/p>\n","protected":false},"excerpt":{"rendered":"<p>Iniciativas que apoyan la conciliaci\u00f3n familiar durante el receso escolar de Semana Santa Durante el periodo de&nbsp;Semana Santa, muchas familias enfrentan dificultades para compatibilizar las&nbsp;vacaciones escolares&nbsp;de los menores con sus&#8230;<\/p>\n","protected":false},"author":16,"featured_media":736,"comment_status":"open","ping_status":"open","sticky":false,"template":"","format":"standard","meta":{"_kadence_starter_templates_imported_post":false,"footnotes":""},"categories":[1],"tags":[],"class_list":["post-735","post","type-post","status-publish","format-standard","has-post-thumbnail","hentry","category-actualidad"],"yoast_head":"<!-- This site is optimized with the Yoast SEO plugin v27.1.1 - https:\/\/yoast.com\/product\/yoast-seo-wordpress\/ -->\n<title>Alternativa en Semana Santa para menores sin actividades - RED-ACCI\u00d3N JUVENIL<\/title>\n<meta name=\"robots\" content=\"index, follow, max-snippet:-1, max-image-preview:large, max-video-preview:-1\" \/>\n<link rel=\"canonical\" href=\"https:\/\/redaccionjuvenil.es\/?p=735\" \/>\n<meta property=\"og:locale\" content=\"es_ES\" \/>\n<meta property=\"og:type\" content=\"article\" \/>\n<meta property=\"og:title\" content=\"Alternativa en Semana Santa para menores sin actividades - RED-ACCI\u00d3N JUVENIL\" \/>\n<meta property=\"og:description\" content=\"Iniciativas que apoyan la conciliaci\u00f3n familiar durante el receso escolar de Semana Santa Durante el periodo de&nbsp;Semana Santa, muchas familias enfrentan dificultades para compatibilizar las&nbsp;vacaciones escolares&nbsp;de los menores con sus...\" \/>\n<meta property=\"og:url\" content=\"https:\/\/redaccionjuvenil.es\/?p=735\" \/>\n<meta property=\"og:site_name\" content=\"RED-ACCI\u00d3N JUVENIL\" \/>\n<meta property=\"article:published_time\" content=\"2026-03-28T18:14:36+00:00\" \/>\n<meta property=\"article:modified_time\" content=\"2026-03-28T18:16:03+00:00\" \/>\n<meta property=\"og:image\" content=\"https:\/\/redaccionjuvenil.es\/wp-content\/uploads\/2026\/03\/WhatsApp-Image-2026-03-28-at-18.38.41-2.jpeg\" \/>\n\t<meta property=\"og:image:width\" content=\"1600\" \/>\n\t<meta property=\"og:image:height\" content=\"1058\" \/>\n\t<meta property=\"og:image:type\" content=\"image\/jpeg\" \/>\n<meta name=\"author\" content=\"Florencia Meza\" \/>\n<meta name=\"twitter:card\" content=\"summary_large_image\" \/>\n<meta name=\"twitter:label1\" content=\"Escrito por\" \/>\n\t<meta name=\"twitter:data1\" content=\"Florencia Meza\" \/>\n\t<meta name=\"twitter:label2\" content=\"Tiempo de lectura\" \/>\n\t<meta name=\"twitter:data2\" content=\"2 minutos\" \/>\n<script type=\"application\/ld+json\" class=\"yoast-schema-graph\">{\"@context\":\"https:\/\/schema.org\",\"@graph\":[{\"@type\":\"Article\",\"@id\":\"https:\/\/redaccionjuvenil.es\/?p=735#article\",\"isPartOf\":{\"@id\":\"https:\/\/redaccionjuvenil.es\/?p=735\"},\"author\":{\"name\":\"Florencia Meza\",\"@id\":\"https:\/\/redaccionjuvenil.es\/#\/schema\/person\/34d18cfff47444edc38512283e354b8c\"},\"headline\":\"Alternativa en Semana Santa para menores sin actividades\",\"datePublished\":\"2026-03-28T18:14:36+00:00\",\"dateModified\":\"2026-03-28T18:16:03+00:00\",\"mainEntityOfPage\":{\"@id\":\"https:\/\/redaccionjuvenil.es\/?p=735\"},\"wordCount\":287,\"commentCount\":0,\"publisher\":{\"@id\":\"https:\/\/redaccionjuvenil.es\/#organization\"},\"image\":{\"@id\":\"https:\/\/redaccionjuvenil.es\/?p=735#primaryimage\"},\"thumbnailUrl\":\"https:\/\/redaccionjuvenil.es\/wp-content\/uploads\/2026\/03\/WhatsApp-Image-2026-03-28-at-18.38.41-2.jpeg\",\"articleSection\":[\"Actualidad\"],\"inLanguage\":\"es\",\"potentialAction\":[{\"@type\":\"CommentAction\",\"name\":\"Comment\",\"target\":[\"https:\/\/redaccionjuvenil.es\/?p=735#respond\"]}]},{\"@type\":\"WebPage\",\"@id\":\"https:\/\/redaccionjuvenil.es\/?p=735\",\"url\":\"https:\/\/redaccionjuvenil.es\/?p=735\",\"name\":\"Alternativa en Semana Santa para menores sin actividades - RED-ACCI\u00d3N JUVENIL\",\"isPartOf\":{\"@id\":\"https:\/\/redaccionjuvenil.es\/#website\"},\"primaryImageOfPage\":{\"@id\":\"https:\/\/redaccionjuvenil.es\/?p=735#primaryimage\"},\"image\":{\"@id\":\"https:\/\/redaccionjuvenil.es\/?p=735#primaryimage\"},\"thumbnailUrl\":\"https:\/\/redaccionjuvenil.es\/wp-content\/uploads\/2026\/03\/WhatsApp-Image-2026-03-28-at-18.38.41-2.jpeg\",\"datePublished\":\"2026-03-28T18:14:36+00:00\",\"dateModified\":\"2026-03-28T18:16:03+00:00\",\"breadcrumb\":{\"@id\":\"https:\/\/redaccionjuvenil.es\/?p=735#breadcrumb\"},\"inLanguage\":\"es\",\"potentialAction\":[{\"@type\":\"ReadAction\",\"target\":[\"https:\/\/redaccionjuvenil.es\/?p=735\"]}]},{\"@type\":\"ImageObject\",\"inLanguage\":\"es\",\"@id\":\"https:\/\/redaccionjuvenil.es\/?p=735#primaryimage\",\"url\":\"https:\/\/redaccionjuvenil.es\/wp-content\/uploads\/2026\/03\/WhatsApp-Image-2026-03-28-at-18.38.41-2.jpeg\",\"contentUrl\":\"https:\/\/redaccionjuvenil.es\/wp-content\/uploads\/2026\/03\/WhatsApp-Image-2026-03-28-at-18.38.41-2.jpeg\",\"width\":1600,\"height\":1058},{\"@type\":\"BreadcrumbList\",\"@id\":\"https:\/\/redaccionjuvenil.es\/?p=735#breadcrumb\",\"itemListElement\":[{\"@type\":\"ListItem\",\"position\":1,\"name\":\"Portada\",\"item\":\"https:\/\/redaccionjuvenil.es\/\"},{\"@type\":\"ListItem\",\"position\":2,\"name\":\"Alternativa en Semana Santa para menores sin actividades\"}]},{\"@type\":\"WebSite\",\"@id\":\"https:\/\/redaccionjuvenil.es\/#website\",\"url\":\"https:\/\/redaccionjuvenil.es\/\",\"name\":\"RED-ACCI\u00d3N JUVENIL\",\"description\":\"DONDE LA JUVENTUD INFORMA Y TRANSFORMA\",\"publisher\":{\"@id\":\"https:\/\/redaccionjuvenil.es\/#organization\"},\"potentialAction\":[{\"@type\":\"SearchAction\",\"target\":{\"@type\":\"EntryPoint\",\"urlTemplate\":\"https:\/\/redaccionjuvenil.es\/?s={search_term_string}\"},\"query-input\":{\"@type\":\"PropertyValueSpecification\",\"valueRequired\":true,\"valueName\":\"search_term_string\"}}],\"inLanguage\":\"es\"},{\"@type\":\"Organization\",\"@id\":\"https:\/\/redaccionjuvenil.es\/#organization\",\"name\":\"RED-ACCI\u00d3N JUVENIL\",\"url\":\"https:\/\/redaccionjuvenil.es\/\",\"logo\":{\"@type\":\"ImageObject\",\"inLanguage\":\"es\",\"@id\":\"https:\/\/redaccionjuvenil.es\/#\/schema\/logo\/image\/\",\"url\":\"https:\/\/redaccionjuvenil.es\/wp-content\/uploads\/2026\/03\/cropped-cropped-logo_redaccion_juvenil_primer_propuesta-1.png\",\"contentUrl\":\"https:\/\/redaccionjuvenil.es\/wp-content\/uploads\/2026\/03\/cropped-cropped-logo_redaccion_juvenil_primer_propuesta-1.png\",\"width\":723,\"height\":723,\"caption\":\"RED-ACCI\u00d3N JUVENIL\"},\"image\":{\"@id\":\"https:\/\/redaccionjuvenil.es\/#\/schema\/logo\/image\/\"}},{\"@type\":\"Person\",\"@id\":\"https:\/\/redaccionjuvenil.es\/#\/schema\/person\/34d18cfff47444edc38512283e354b8c\",\"name\":\"Florencia Meza\",\"image\":{\"@type\":\"ImageObject\",\"inLanguage\":\"es\",\"@id\":\"https:\/\/redaccionjuvenil.es\/#\/schema\/person\/image\/\",\"url\":\"https:\/\/secure.gravatar.com\/avatar\/d78b0fb4c361f388b179be69530855aca3c9f532ead17106030a28bd89ac53ea?s=96&d=mm&r=g\",\"contentUrl\":\"https:\/\/secure.gravatar.com\/avatar\/d78b0fb4c361f388b179be69530855aca3c9f532ead17106030a28bd89ac53ea?s=96&d=mm&r=g\",\"caption\":\"Florencia Meza\"},\"url\":\"https:\/\/redaccionjuvenil.es\/?author=16\"}]}<\/script>\n<!-- \/ Yoast SEO plugin. -->","yoast_head_json":{"title":"Alternativa en Semana Santa para menores sin actividades - RED-ACCI\u00d3N JUVENIL","robots":{"index":"index","follow":"follow","max-snippet":"max-snippet:-1","max-image-preview":"max-image-preview:large","max-video-preview":"max-video-preview:-1"},"canonical":"https:\/\/redaccionjuvenil.es\/?p=735","og_locale":"es_ES","og_type":"article","og_title":"Alternativa en Semana Santa para menores sin actividades - RED-ACCI\u00d3N JUVENIL","og_description":"Iniciativas que apoyan la conciliaci\u00f3n familiar durante el receso escolar de Semana Santa Durante el periodo de&nbsp;Semana Santa, muchas familias enfrentan dificultades para compatibilizar las&nbsp;vacaciones escolares&nbsp;de los menores con sus...","og_url":"https:\/\/redaccionjuvenil.es\/?p=735","og_site_name":"RED-ACCI\u00d3N JUVENIL","article_published_time":"2026-03-28T18:14:36+00:00","article_modified_time":"2026-03-28T18:16:03+00:00","og_image":[{"width":1600,"height":1058,"url":"https:\/\/redaccionjuvenil.es\/wp-content\/uploads\/2026\/03\/WhatsApp-Image-2026-03-28-at-18.38.41-2.jpeg","type":"image\/jpeg"}],"author":"Florencia Meza","twitter_card":"summary_large_image","twitter_misc":{"Escrito por":"Florencia Meza","Tiempo de lectura":"2 minutos"},"schema":{"@context":"https:\/\/schema.org","@graph":[{"@type":"Article","@id":"https:\/\/redaccionjuvenil.es\/?p=735#article","isPartOf":{"@id":"https:\/\/redaccionjuvenil.es\/?p=735"},"author":{"name":"Florencia Meza","@id":"https:\/\/redaccionjuvenil.es\/#\/schema\/person\/34d18cfff47444edc38512283e354b8c"},"headline":"Alternativa en Semana Santa para menores sin actividades","datePublished":"2026-03-28T18:14:36+00:00","dateModified":"2026-03-28T18:16:03+00:00","mainEntityOfPage":{"@id":"https:\/\/redaccionjuvenil.es\/?p=735"},"wordCount":287,"commentCount":0,"publisher":{"@id":"https:\/\/redaccionjuvenil.es\/#organization"},"image":{"@id":"https:\/\/redaccionjuvenil.es\/?p=735#primaryimage"},"thumbnailUrl":"https:\/\/redaccionjuvenil.es\/wp-content\/uploads\/2026\/03\/WhatsApp-Image-2026-03-28-at-18.38.41-2.jpeg","articleSection":["Actualidad"],"inLanguage":"es","potentialAction":[{"@type":"CommentAction","name":"Comment","target":["https:\/\/redaccionjuvenil.es\/?p=735#respond"]}]},{"@type":"WebPage","@id":"https:\/\/redaccionjuvenil.es\/?p=735","url":"https:\/\/redaccionjuvenil.es\/?p=735","name":"Alternativa en Semana Santa para menores sin actividades - RED-ACCI\u00d3N JUVENIL","isPartOf":{"@id":"https:\/\/redaccionjuvenil.es\/#website"},"primaryImageOfPage":{"@id":"https:\/\/redaccionjuvenil.es\/?p=735#primaryimage"},"image":{"@id":"https:\/\/redaccionjuvenil.es\/?p=735#primaryimage"},"thumbnailUrl":"https:\/\/redaccionjuvenil.es\/wp-content\/uploads\/2026\/03\/WhatsApp-Image-2026-03-28-at-18.38.41-2.jpeg","datePublished":"2026-03-28T18:14:36+00:00","dateModified":"2026-03-28T18:16:03+00:00","breadcrumb":{"@id":"https:\/\/redaccionjuvenil.es\/?p=735#breadcrumb"},"inLanguage":"es","potentialAction":[{"@type":"ReadAction","target":["https:\/\/redaccionjuvenil.es\/?p=735"]}]},{"@type":"ImageObject","inLanguage":"es","@id":"https:\/\/redaccionjuvenil.es\/?p=735#primaryimage","url":"https:\/\/redaccionjuvenil.es\/wp-content\/uploads\/2026\/03\/WhatsApp-Image-2026-03-28-at-18.38.41-2.jpeg","contentUrl":"https:\/\/redaccionjuvenil.es\/wp-content\/uploads\/2026\/03\/WhatsApp-Image-2026-03-28-at-18.38.41-2.jpeg","width":1600,"height":1058},{"@type":"BreadcrumbList","@id":"https:\/\/redaccionjuvenil.es\/?p=735#breadcrumb","itemListElement":[{"@type":"ListItem","position":1,"name":"Portada","item":"https:\/\/redaccionjuvenil.es\/"},{"@type":"ListItem","position":2,"name":"Alternativa en Semana Santa para menores sin actividades"}]},{"@type":"WebSite","@id":"https:\/\/redaccionjuvenil.es\/#website","url":"https:\/\/redaccionjuvenil.es\/","name":"RED-ACCI\u00d3N JUVENIL","description":"DONDE LA JUVENTUD INFORMA Y TRANSFORMA","publisher":{"@id":"https:\/\/redaccionjuvenil.es\/#organization"},"potentialAction":[{"@type":"SearchAction","target":{"@type":"EntryPoint","urlTemplate":"https:\/\/redaccionjuvenil.es\/?s={search_term_string}"},"query-input":{"@type":"PropertyValueSpecification","valueRequired":true,"valueName":"search_term_string"}}],"inLanguage":"es"},{"@type":"Organization","@id":"https:\/\/redaccionjuvenil.es\/#organization","name":"RED-ACCI\u00d3N JUVENIL","url":"https:\/\/redaccionjuvenil.es\/","logo":{"@type":"ImageObject","inLanguage":"es","@id":"https:\/\/redaccionjuvenil.es\/#\/schema\/logo\/image\/","url":"https:\/\/redaccionjuvenil.es\/wp-content\/uploads\/2026\/03\/cropped-cropped-logo_redaccion_juvenil_primer_propuesta-1.png","contentUrl":"https:\/\/redaccionjuvenil.es\/wp-content\/uploads\/2026\/03\/cropped-cropped-logo_redaccion_juvenil_primer_propuesta-1.png","width":723,"height":723,"caption":"RED-ACCI\u00d3N JUVENIL"},"image":{"@id":"https:\/\/redaccionjuvenil.es\/#\/schema\/logo\/image\/"}},{"@type":"Person","@id":"https:\/\/redaccionjuvenil.es\/#\/schema\/person\/34d18cfff47444edc38512283e354b8c","name":"Florencia Meza","image":{"@type":"ImageObject","inLanguage":"es","@id":"https:\/\/redaccionjuvenil.es\/#\/schema\/person\/image\/","url":"https:\/\/secure.gravatar.com\/avatar\/d78b0fb4c361f388b179be69530855aca3c9f532ead17106030a28bd89ac53ea?s=96&d=mm&r=g","contentUrl":"https:\/\/secure.gravatar.com\/avatar\/d78b0fb4c361f388b179be69530855aca3c9f532ead17106030a28bd89ac53ea?s=96&d=mm&r=g","caption":"Florencia Meza"},"url":"https:\/\/redaccionjuvenil.es\/?author=16"}]}},"_links":{"self":[{"href":"https:\/\/redaccionjuvenil.es\/index.php?rest_route=\/wp\/v2\/posts\/735","targetHints":{"allow":["GET"]}}],"collection":[{"href":"https:\/\/redaccionjuvenil.es\/index.php?rest_route=\/wp\/v2\/posts"}],"about":[{"href":"https:\/\/redaccionjuvenil.es\/index.php?rest_route=\/wp\/v2\/types\/post"}],"author":[{"embeddable":true,"href":"https:\/\/redaccionjuvenil.es\/index.php?rest_route=\/wp\/v2\/users\/16"}],"replies":[{"embeddable":true,"href":"https:\/\/redaccionjuvenil.es\/index.php?rest_route=%2Fwp%2Fv2%2Fcomments&post=735"}],"version-history":[{"count":2,"href":"https:\/\/redaccionjuvenil.es\/index.php?rest_route=\/wp\/v2\/posts\/735\/revisions"}],"predecessor-version":[{"id":740,"href":"https:\/\/redaccionjuvenil.es\/index.php?rest_route=\/wp\/v2\/posts\/735\/revisions\/740"}],"wp:featuredmedia":[{"embeddable":true,"href":"https:\/\/redaccionjuvenil.es\/index.php?rest_route=\/wp\/v2\/media\/736"}],"wp:attachment":[{"href":"https:\/\/redaccionjuvenil.es\/index.php?rest_route=%2Fwp%2Fv2%2Fmedia&parent=735"}],"wp:term":[{"taxonomy":"category","embeddable":true,"href":"https:\/\/redaccionjuvenil.es\/index.php?rest_route=%2Fwp%2Fv2%2Fcategories&post=735"},{"taxonomy":"post_tag","embeddable":true,"href":"https:\/\/redaccionjuvenil.es\/index.php?rest_route=%2Fwp%2Fv2%2Ftags&post=735"}],"curies":[{"name":"wp","href":"https:\/\/api.w.org\/{rel}","templated":true}]}}