{"id":742,"date":"2026-03-28T19:41:58","date_gmt":"2026-03-28T19:41:58","guid":{"rendered":"https:\/\/redaccionjuvenil.es\/?p=742"},"modified":"2026-03-28T19:42:01","modified_gmt":"2026-03-28T19:42:01","slug":"los-jovenes-si-leen-la-lectura-en-la-era-de-las-redes-sociales","status":"publish","type":"post","link":"https:\/\/redaccionjuvenil.es\/?p=742","title":{"rendered":"Los j\u00f3venes s\u00ed leen: la lectura en la era de las redes sociales\u00a0"},"content":{"rendered":"\n<p>La relaci\u00f3n de la gente joven con la lectura ahora es diferente a como lo era hace unos a\u00f1os. Las redes sociales juegan un papel fundamental en este cambio<\/p>\n\n\n\n<p>La idea de que los j\u00f3venes ya no leen es algo que se puede o\u00edr muy a menudo, pero un estudio del <strong><a href=\"https:\/\/www.cultura.gob.es\/dam\/jcr:f6d9b66a-ac72-4d89-8986-7f6c6e94aaa5\/encuesta-de-habitos-y-practicas-cultures-en-espana-2024-2025.pdf\" id=\"https:\/\/www.cultura.gob.es\/dam\/jcr:f6d9b66a-ac72-4d89-8986-7f6c6e94aaa5\/encuesta-de-habitos-y-practicas-cultures-en-espana-2024-2025.pdf\" target=\"_blank\" rel=\"noreferrer noopener\">Ministerio de Cultura<\/a><\/strong> demuestra que los j\u00f3venes siguen leyendo. <strong>Seis de cada diez<\/strong> adolescentes de entre 15 y 19 a\u00f1os consumen temas no relacionados con sus estudios o trabajos. La cifra llega a casi un <strong>67%<\/strong> cuando se trata de los j\u00f3venes hasta 24.\u00a0<\/p>\n\n\n\n<p><strong>Redes sociales<\/strong><\/p>\n\n\n\n<p>Cuando se entra en las<strong> redes sociales<\/strong> no es dif\u00edcil que en alg\u00fan momento aparezcan v\u00eddeos sobre recomendaciones u opiniones de libros. Este fen\u00f3meno de los <em>booktokers<\/em> en TikTok y de los <em>booktagrammers<\/em> en Instagram es muy popular, sobre todo entre la gente m\u00e1s joven.\u00a0<\/p>\n\n\n\n<p>Uno de los motivos por los que entre estas edades se acercan a la lectura son estas cuentas, que tienen un gran n\u00famero de seguidores.\u00a0<\/p>\n\n\n\n<p>El fen\u00f3meno es tan importante que muchos de ellos acaban publicando sus propias historias o llevan a que libros poco conocidos se vuelvan virales.\u00a0<\/p>\n\n\n\n<p>De hecho en este mismo estudio cuando se pregunta por los <strong>motivos<\/strong> por los que han le\u00eddo los \u00faltimos libros la cifra de los j\u00f3venes es la m\u00e1s alta en la opci\u00f3n de recomendaci\u00f3n de redes sociales. El g\u00e9nero m\u00e1s consumido es la novela <strong>sentimental<\/strong>.<\/p>\n\n\n\n<figure class=\"wp-block-image size-full\"><img loading=\"lazy\" decoding=\"async\" width=\"434\" height=\"456\" src=\"https:\/\/redaccionjuvenil.es\/wp-content\/uploads\/2026\/03\/Screenshot-2026-03-28-20.08.04.png\" alt=\"\" class=\"wp-image-745\" srcset=\"https:\/\/redaccionjuvenil.es\/wp-content\/uploads\/2026\/03\/Screenshot-2026-03-28-20.08.04.png 434w, https:\/\/redaccionjuvenil.es\/wp-content\/uploads\/2026\/03\/Screenshot-2026-03-28-20.08.04-286x300.png 286w\" sizes=\"auto, (max-width: 434px) 100vw, 434px\" \/><figcaption class=\"wp-element-caption\">Estanter\u00eda. Foto propia<\/figcaption><\/figure>\n\n\n\n<p>Lo que se nota es que ahora leer es uno de los <strong>pasatiempos<\/strong> m\u00e1s populares entre la juventud, no solo en soporte f\u00edsico, ahora destacan formatos como el digital. Tambi\u00e9n est\u00e1 el famoso <strong>audiolibro<\/strong>, que suele ser muy consumido cuando se hacen otras tareas y acompa\u00f1an como lo hac\u00eda la radio o la televisi\u00f3n.\u00a0<\/p>\n\n\n\n<p>No es que ya no se interesen los j\u00f3venes, lo que ocurre es que las cosas han cambiado y con ella la forma de acceder a la lectura.\u00a0<\/p>\n\n\n\n<p><strong>Cambios<\/strong><\/p>\n\n\n\n<p>De hecho ese crecimiento se aprecia en las librer\u00edas, llenas de ediciones <strong>especiales<\/strong> de los libros virales en estas cuentas de redes sociales. Adem\u00e1s hay numerosas adaptaciones de cl\u00e1sicos para acercarlos a los j\u00f3venes como con <em><strong>Cumbres<\/strong> <strong>borrascosas<\/strong><\/em> o recientes como los libros de <strong>Emily<\/strong> <strong>Henry<\/strong>. Tambi\u00e9n influye que las editoriales han encontrado un nicho en estas edades para lanzar nuevos t\u00edtulos que atraigan a su nuevo p\u00fablico objetivo.\u00a0<\/p>\n\n\n\n<p>En definitiva, la lectura sigue como pasatiempo entre las nuevas generaciones. Lo que ha cambiado su aspecto y ha dejado de ser algo de \u201cempollones\u201d para ser incluso popular.\u00a0<\/p>\n\n\n\n<p><strong>Transparencia<\/strong><\/p>\n\n\n\n<p>El Ministerio de Cultura publica cada a\u00f1o una Encuesta de H\u00e1bitos y Pr\u00e1cticas culturales en Espa\u00f1a. En ella hace encuestas a diferentes grupos de edad sobre diferentes formas de consumir cultura como puede ser m\u00fasica, cine o literatura. <\/p>\n","protected":false},"excerpt":{"rendered":"<p>La relaci\u00f3n de la gente joven con la lectura ahora es diferente a como lo era hace unos a\u00f1os. Las redes sociales juegan un papel fundamental en este cambio La&#8230;<\/p>\n","protected":false},"author":15,"featured_media":746,"comment_status":"open","ping_status":"open","sticky":false,"template":"","format":"standard","meta":{"_kadence_starter_templates_imported_post":false,"footnotes":""},"categories":[1,19,2,15],"tags":[95,86,104,105],"class_list":["post-742","post","type-post","status-publish","format-standard","has-post-thumbnail","hentry","category-actualidad","category-cultura","category-noticias","category-ymca","tag-cultura","tag-juventud-2","tag-lectura","tag-libros"],"yoast_head":"<!-- This site is optimized with the Yoast SEO plugin v27.1.1 - https:\/\/yoast.com\/product\/yoast-seo-wordpress\/ -->\n<title>Los j\u00f3venes s\u00ed leen: la lectura en la era de las redes sociales\u00a0 - RED-ACCI\u00d3N JUVENIL<\/title>\n<meta name=\"description\" content=\"Los j\u00f3venes s\u00ed que leen. Las redes sociales han cambiado la forma de la juventud de acceder a la lectura y hay nuevos formatos.\" \/>\n<meta name=\"robots\" content=\"index, follow, max-snippet:-1, max-image-preview:large, max-video-preview:-1\" \/>\n<link rel=\"canonical\" href=\"https:\/\/redaccionjuvenil.es\/?p=742\" \/>\n<meta property=\"og:locale\" content=\"es_ES\" \/>\n<meta property=\"og:type\" content=\"article\" \/>\n<meta property=\"og:title\" content=\"Los j\u00f3venes s\u00ed leen: la lectura en la era de las redes sociales\u00a0 - RED-ACCI\u00d3N JUVENIL\" \/>\n<meta property=\"og:description\" content=\"Los j\u00f3venes s\u00ed que leen. Las redes sociales han cambiado la forma de la juventud de acceder a la lectura y hay nuevos formatos.\" \/>\n<meta property=\"og:url\" content=\"https:\/\/redaccionjuvenil.es\/?p=742\" \/>\n<meta property=\"og:site_name\" content=\"RED-ACCI\u00d3N JUVENIL\" \/>\n<meta property=\"article:published_time\" content=\"2026-03-28T19:41:58+00:00\" \/>\n<meta property=\"article:modified_time\" content=\"2026-03-28T19:42:01+00:00\" \/>\n<meta property=\"og:image\" content=\"https:\/\/redaccionjuvenil.es\/wp-content\/uploads\/2026\/03\/Screenshot-2026-03-28-20.12.43.png\" \/>\n\t<meta property=\"og:image:width\" content=\"453\" \/>\n\t<meta property=\"og:image:height\" content=\"253\" \/>\n\t<meta property=\"og:image:type\" content=\"image\/png\" \/>\n<meta name=\"author\" content=\"Ana Martin\" \/>\n<meta name=\"twitter:card\" content=\"summary_large_image\" \/>\n<meta name=\"twitter:label1\" content=\"Escrito por\" \/>\n\t<meta name=\"twitter:data1\" content=\"Ana Martin\" \/>\n\t<meta name=\"twitter:label2\" content=\"Tiempo de lectura\" \/>\n\t<meta name=\"twitter:data2\" content=\"3 minutos\" \/>\n<script type=\"application\/ld+json\" class=\"yoast-schema-graph\">{\"@context\":\"https:\/\/schema.org\",\"@graph\":[{\"@type\":\"Article\",\"@id\":\"https:\/\/redaccionjuvenil.es\/?p=742#article\",\"isPartOf\":{\"@id\":\"https:\/\/redaccionjuvenil.es\/?p=742\"},\"author\":{\"name\":\"Ana Martin\",\"@id\":\"https:\/\/redaccionjuvenil.es\/#\/schema\/person\/a790ee590cf1791109eca10248bddf05\"},\"headline\":\"Los j\u00f3venes s\u00ed leen: la lectura en la era de las redes sociales\u00a0\",\"datePublished\":\"2026-03-28T19:41:58+00:00\",\"dateModified\":\"2026-03-28T19:42:01+00:00\",\"mainEntityOfPage\":{\"@id\":\"https:\/\/redaccionjuvenil.es\/?p=742\"},\"wordCount\":510,\"commentCount\":0,\"publisher\":{\"@id\":\"https:\/\/redaccionjuvenil.es\/#organization\"},\"image\":{\"@id\":\"https:\/\/redaccionjuvenil.es\/?p=742#primaryimage\"},\"thumbnailUrl\":\"https:\/\/redaccionjuvenil.es\/wp-content\/uploads\/2026\/03\/Screenshot-2026-03-28-20.12.43.png\",\"keywords\":[\"cultura\",\"Juventud\",\"Lectura\",\"Libros\"],\"articleSection\":[\"Actualidad\",\"Cultura\",\"Noticias\",\"YMCA\"],\"inLanguage\":\"es\",\"potentialAction\":[{\"@type\":\"CommentAction\",\"name\":\"Comment\",\"target\":[\"https:\/\/redaccionjuvenil.es\/?p=742#respond\"]}]},{\"@type\":\"WebPage\",\"@id\":\"https:\/\/redaccionjuvenil.es\/?p=742\",\"url\":\"https:\/\/redaccionjuvenil.es\/?p=742\",\"name\":\"Los j\u00f3venes s\u00ed leen: la lectura en la era de las redes sociales\u00a0 - RED-ACCI\u00d3N JUVENIL\",\"isPartOf\":{\"@id\":\"https:\/\/redaccionjuvenil.es\/#website\"},\"primaryImageOfPage\":{\"@id\":\"https:\/\/redaccionjuvenil.es\/?p=742#primaryimage\"},\"image\":{\"@id\":\"https:\/\/redaccionjuvenil.es\/?p=742#primaryimage\"},\"thumbnailUrl\":\"https:\/\/redaccionjuvenil.es\/wp-content\/uploads\/2026\/03\/Screenshot-2026-03-28-20.12.43.png\",\"datePublished\":\"2026-03-28T19:41:58+00:00\",\"dateModified\":\"2026-03-28T19:42:01+00:00\",\"description\":\"Los j\u00f3venes s\u00ed que leen. Las redes sociales han cambiado la forma de la juventud de acceder a la lectura y hay nuevos formatos.\",\"breadcrumb\":{\"@id\":\"https:\/\/redaccionjuvenil.es\/?p=742#breadcrumb\"},\"inLanguage\":\"es\",\"potentialAction\":[{\"@type\":\"ReadAction\",\"target\":[\"https:\/\/redaccionjuvenil.es\/?p=742\"]}]},{\"@type\":\"ImageObject\",\"inLanguage\":\"es\",\"@id\":\"https:\/\/redaccionjuvenil.es\/?p=742#primaryimage\",\"url\":\"https:\/\/redaccionjuvenil.es\/wp-content\/uploads\/2026\/03\/Screenshot-2026-03-28-20.12.43.png\",\"contentUrl\":\"https:\/\/redaccionjuvenil.es\/wp-content\/uploads\/2026\/03\/Screenshot-2026-03-28-20.12.43.png\",\"width\":453,\"height\":253,\"caption\":\"Estanter\u00eda. Foto propia\"},{\"@type\":\"BreadcrumbList\",\"@id\":\"https:\/\/redaccionjuvenil.es\/?p=742#breadcrumb\",\"itemListElement\":[{\"@type\":\"ListItem\",\"position\":1,\"name\":\"Portada\",\"item\":\"https:\/\/redaccionjuvenil.es\/\"},{\"@type\":\"ListItem\",\"position\":2,\"name\":\"Los j\u00f3venes s\u00ed leen: la lectura en la era de las redes sociales\u00a0\"}]},{\"@type\":\"WebSite\",\"@id\":\"https:\/\/redaccionjuvenil.es\/#website\",\"url\":\"https:\/\/redaccionjuvenil.es\/\",\"name\":\"RED-ACCI\u00d3N JUVENIL\",\"description\":\"DONDE LA JUVENTUD INFORMA Y TRANSFORMA\",\"publisher\":{\"@id\":\"https:\/\/redaccionjuvenil.es\/#organization\"},\"potentialAction\":[{\"@type\":\"SearchAction\",\"target\":{\"@type\":\"EntryPoint\",\"urlTemplate\":\"https:\/\/redaccionjuvenil.es\/?s={search_term_string}\"},\"query-input\":{\"@type\":\"PropertyValueSpecification\",\"valueRequired\":true,\"valueName\":\"search_term_string\"}}],\"inLanguage\":\"es\"},{\"@type\":\"Organization\",\"@id\":\"https:\/\/redaccionjuvenil.es\/#organization\",\"name\":\"RED-ACCI\u00d3N JUVENIL\",\"url\":\"https:\/\/redaccionjuvenil.es\/\",\"logo\":{\"@type\":\"ImageObject\",\"inLanguage\":\"es\",\"@id\":\"https:\/\/redaccionjuvenil.es\/#\/schema\/logo\/image\/\",\"url\":\"https:\/\/redaccionjuvenil.es\/wp-content\/uploads\/2026\/03\/cropped-cropped-logo_redaccion_juvenil_primer_propuesta-1.png\",\"contentUrl\":\"https:\/\/redaccionjuvenil.es\/wp-content\/uploads\/2026\/03\/cropped-cropped-logo_redaccion_juvenil_primer_propuesta-1.png\",\"width\":723,\"height\":723,\"caption\":\"RED-ACCI\u00d3N JUVENIL\"},\"image\":{\"@id\":\"https:\/\/redaccionjuvenil.es\/#\/schema\/logo\/image\/\"}},{\"@type\":\"Person\",\"@id\":\"https:\/\/redaccionjuvenil.es\/#\/schema\/person\/a790ee590cf1791109eca10248bddf05\",\"name\":\"Ana Martin\",\"image\":{\"@type\":\"ImageObject\",\"inLanguage\":\"es\",\"@id\":\"https:\/\/redaccionjuvenil.es\/#\/schema\/person\/image\/\",\"url\":\"https:\/\/secure.gravatar.com\/avatar\/558fe8d466b835cebe78ac0c812db96f9d7316b1b45859e80b790d70c75c3b8c?s=96&d=mm&r=g\",\"contentUrl\":\"https:\/\/secure.gravatar.com\/avatar\/558fe8d466b835cebe78ac0c812db96f9d7316b1b45859e80b790d70c75c3b8c?s=96&d=mm&r=g\",\"caption\":\"Ana Martin\"},\"url\":\"https:\/\/redaccionjuvenil.es\/?author=15\"}]}<\/script>\n<!-- \/ Yoast SEO plugin. -->","yoast_head_json":{"title":"Los j\u00f3venes s\u00ed leen: la lectura en la era de las redes sociales\u00a0 - RED-ACCI\u00d3N JUVENIL","description":"Los j\u00f3venes s\u00ed que leen. Las redes sociales han cambiado la forma de la juventud de acceder a la lectura y hay nuevos formatos.","robots":{"index":"index","follow":"follow","max-snippet":"max-snippet:-1","max-image-preview":"max-image-preview:large","max-video-preview":"max-video-preview:-1"},"canonical":"https:\/\/redaccionjuvenil.es\/?p=742","og_locale":"es_ES","og_type":"article","og_title":"Los j\u00f3venes s\u00ed leen: la lectura en la era de las redes sociales\u00a0 - RED-ACCI\u00d3N JUVENIL","og_description":"Los j\u00f3venes s\u00ed que leen. Las redes sociales han cambiado la forma de la juventud de acceder a la lectura y hay nuevos formatos.","og_url":"https:\/\/redaccionjuvenil.es\/?p=742","og_site_name":"RED-ACCI\u00d3N JUVENIL","article_published_time":"2026-03-28T19:41:58+00:00","article_modified_time":"2026-03-28T19:42:01+00:00","og_image":[{"width":453,"height":253,"url":"https:\/\/redaccionjuvenil.es\/wp-content\/uploads\/2026\/03\/Screenshot-2026-03-28-20.12.43.png","type":"image\/png"}],"author":"Ana Martin","twitter_card":"summary_large_image","twitter_misc":{"Escrito por":"Ana Martin","Tiempo de lectura":"3 minutos"},"schema":{"@context":"https:\/\/schema.org","@graph":[{"@type":"Article","@id":"https:\/\/redaccionjuvenil.es\/?p=742#article","isPartOf":{"@id":"https:\/\/redaccionjuvenil.es\/?p=742"},"author":{"name":"Ana Martin","@id":"https:\/\/redaccionjuvenil.es\/#\/schema\/person\/a790ee590cf1791109eca10248bddf05"},"headline":"Los j\u00f3venes s\u00ed leen: la lectura en la era de las redes sociales\u00a0","datePublished":"2026-03-28T19:41:58+00:00","dateModified":"2026-03-28T19:42:01+00:00","mainEntityOfPage":{"@id":"https:\/\/redaccionjuvenil.es\/?p=742"},"wordCount":510,"commentCount":0,"publisher":{"@id":"https:\/\/redaccionjuvenil.es\/#organization"},"image":{"@id":"https:\/\/redaccionjuvenil.es\/?p=742#primaryimage"},"thumbnailUrl":"https:\/\/redaccionjuvenil.es\/wp-content\/uploads\/2026\/03\/Screenshot-2026-03-28-20.12.43.png","keywords":["cultura","Juventud","Lectura","Libros"],"articleSection":["Actualidad","Cultura","Noticias","YMCA"],"inLanguage":"es","potentialAction":[{"@type":"CommentAction","name":"Comment","target":["https:\/\/redaccionjuvenil.es\/?p=742#respond"]}]},{"@type":"WebPage","@id":"https:\/\/redaccionjuvenil.es\/?p=742","url":"https:\/\/redaccionjuvenil.es\/?p=742","name":"Los j\u00f3venes s\u00ed leen: la lectura en la era de las redes sociales\u00a0 - RED-ACCI\u00d3N JUVENIL","isPartOf":{"@id":"https:\/\/redaccionjuvenil.es\/#website"},"primaryImageOfPage":{"@id":"https:\/\/redaccionjuvenil.es\/?p=742#primaryimage"},"image":{"@id":"https:\/\/redaccionjuvenil.es\/?p=742#primaryimage"},"thumbnailUrl":"https:\/\/redaccionjuvenil.es\/wp-content\/uploads\/2026\/03\/Screenshot-2026-03-28-20.12.43.png","datePublished":"2026-03-28T19:41:58+00:00","dateModified":"2026-03-28T19:42:01+00:00","description":"Los j\u00f3venes s\u00ed que leen. Las redes sociales han cambiado la forma de la juventud de acceder a la lectura y hay nuevos formatos.","breadcrumb":{"@id":"https:\/\/redaccionjuvenil.es\/?p=742#breadcrumb"},"inLanguage":"es","potentialAction":[{"@type":"ReadAction","target":["https:\/\/redaccionjuvenil.es\/?p=742"]}]},{"@type":"ImageObject","inLanguage":"es","@id":"https:\/\/redaccionjuvenil.es\/?p=742#primaryimage","url":"https:\/\/redaccionjuvenil.es\/wp-content\/uploads\/2026\/03\/Screenshot-2026-03-28-20.12.43.png","contentUrl":"https:\/\/redaccionjuvenil.es\/wp-content\/uploads\/2026\/03\/Screenshot-2026-03-28-20.12.43.png","width":453,"height":253,"caption":"Estanter\u00eda. Foto propia"},{"@type":"BreadcrumbList","@id":"https:\/\/redaccionjuvenil.es\/?p=742#breadcrumb","itemListElement":[{"@type":"ListItem","position":1,"name":"Portada","item":"https:\/\/redaccionjuvenil.es\/"},{"@type":"ListItem","position":2,"name":"Los j\u00f3venes s\u00ed leen: la lectura en la era de las redes sociales\u00a0"}]},{"@type":"WebSite","@id":"https:\/\/redaccionjuvenil.es\/#website","url":"https:\/\/redaccionjuvenil.es\/","name":"RED-ACCI\u00d3N JUVENIL","description":"DONDE LA JUVENTUD INFORMA Y TRANSFORMA","publisher":{"@id":"https:\/\/redaccionjuvenil.es\/#organization"},"potentialAction":[{"@type":"SearchAction","target":{"@type":"EntryPoint","urlTemplate":"https:\/\/redaccionjuvenil.es\/?s={search_term_string}"},"query-input":{"@type":"PropertyValueSpecification","valueRequired":true,"valueName":"search_term_string"}}],"inLanguage":"es"},{"@type":"Organization","@id":"https:\/\/redaccionjuvenil.es\/#organization","name":"RED-ACCI\u00d3N JUVENIL","url":"https:\/\/redaccionjuvenil.es\/","logo":{"@type":"ImageObject","inLanguage":"es","@id":"https:\/\/redaccionjuvenil.es\/#\/schema\/logo\/image\/","url":"https:\/\/redaccionjuvenil.es\/wp-content\/uploads\/2026\/03\/cropped-cropped-logo_redaccion_juvenil_primer_propuesta-1.png","contentUrl":"https:\/\/redaccionjuvenil.es\/wp-content\/uploads\/2026\/03\/cropped-cropped-logo_redaccion_juvenil_primer_propuesta-1.png","width":723,"height":723,"caption":"RED-ACCI\u00d3N JUVENIL"},"image":{"@id":"https:\/\/redaccionjuvenil.es\/#\/schema\/logo\/image\/"}},{"@type":"Person","@id":"https:\/\/redaccionjuvenil.es\/#\/schema\/person\/a790ee590cf1791109eca10248bddf05","name":"Ana Martin","image":{"@type":"ImageObject","inLanguage":"es","@id":"https:\/\/redaccionjuvenil.es\/#\/schema\/person\/image\/","url":"https:\/\/secure.gravatar.com\/avatar\/558fe8d466b835cebe78ac0c812db96f9d7316b1b45859e80b790d70c75c3b8c?s=96&d=mm&r=g","contentUrl":"https:\/\/secure.gravatar.com\/avatar\/558fe8d466b835cebe78ac0c812db96f9d7316b1b45859e80b790d70c75c3b8c?s=96&d=mm&r=g","caption":"Ana Martin"},"url":"https:\/\/redaccionjuvenil.es\/?author=15"}]}},"_links":{"self":[{"href":"https:\/\/redaccionjuvenil.es\/index.php?rest_route=\/wp\/v2\/posts\/742","targetHints":{"allow":["GET"]}}],"collection":[{"href":"https:\/\/redaccionjuvenil.es\/index.php?rest_route=\/wp\/v2\/posts"}],"about":[{"href":"https:\/\/redaccionjuvenil.es\/index.php?rest_route=\/wp\/v2\/types\/post"}],"author":[{"embeddable":true,"href":"https:\/\/redaccionjuvenil.es\/index.php?rest_route=\/wp\/v2\/users\/15"}],"replies":[{"embeddable":true,"href":"https:\/\/redaccionjuvenil.es\/index.php?rest_route=%2Fwp%2Fv2%2Fcomments&post=742"}],"version-history":[{"count":1,"href":"https:\/\/redaccionjuvenil.es\/index.php?rest_route=\/wp\/v2\/posts\/742\/revisions"}],"predecessor-version":[{"id":747,"href":"https:\/\/redaccionjuvenil.es\/index.php?rest_route=\/wp\/v2\/posts\/742\/revisions\/747"}],"wp:featuredmedia":[{"embeddable":true,"href":"https:\/\/redaccionjuvenil.es\/index.php?rest_route=\/wp\/v2\/media\/746"}],"wp:attachment":[{"href":"https:\/\/redaccionjuvenil.es\/index.php?rest_route=%2Fwp%2Fv2%2Fmedia&parent=742"}],"wp:term":[{"taxonomy":"category","embeddable":true,"href":"https:\/\/redaccionjuvenil.es\/index.php?rest_route=%2Fwp%2Fv2%2Fcategories&post=742"},{"taxonomy":"post_tag","embeddable":true,"href":"https:\/\/redaccionjuvenil.es\/index.php?rest_route=%2Fwp%2Fv2%2Ftags&post=742"}],"curies":[{"name":"wp","href":"https:\/\/api.w.org\/{rel}","templated":true}]}}