{"id":749,"date":"2026-03-29T16:33:56","date_gmt":"2026-03-29T16:33:56","guid":{"rendered":"https:\/\/redaccionjuvenil.es\/?p=749"},"modified":"2026-04-19T15:02:25","modified_gmt":"2026-04-19T15:02:25","slug":"aspaym-juventud-dia-internacional-teatro-activate","status":"publish","type":"post","link":"https:\/\/redaccionjuvenil.es\/?p=749","title":{"rendered":"ASPAYM Juventud celebra el D\u00eda Internacional del Teatro"},"content":{"rendered":"\n<p>Con motivo del <strong>D\u00eda Internacional del Teatro<\/strong>, el grupo de <strong>ASPAYM Juventud<\/strong> se sum\u00f3 a la celebraci\u00f3n con su asistencia a la representaci\u00f3n de la obra <strong><em><a href=\"https:\/\/perigalloteatro.com\/cabezas-de-cartel\/\">Cabezas de Cartel<\/a><\/em><\/strong>. Esta actividad pertenece al programa <strong>Act\u00edvate<\/strong>. El encuentro tuvo lugar el s\u00e1bado 28 de marzo a las 19.00 horas en el <strong>Centro Cultural Azarbe de Zarat\u00e1n<\/strong>, en Valladolid. Durante la funci\u00f3n, los asistentes disfrutaron de una comedia dram\u00e1tica, de 90 minutos de duraci\u00f3n. La trama trataba las dificultades dentro de una compa\u00f1\u00eda teatral en una sesi\u00f3n de trabajo. Por ello, la obra pone en manifiesto en el escenario el choque entre los valores \u00e9ticos y la necesidad humana del reconocimiento.<\/p>\n\n\n\n<h2 class=\"wp-block-heading\">El teatro: un legado de paz para las siguientes generaciones<\/h2>\n\n\n\n<p>En un inicio, esta celebraci\u00f3n surge el <strong>27 de marzo de 1961<\/strong>, de la mano del <strong><a href=\"https:\/\/www.iti-worldwide.org\/es\/\">Instituto Internacional del Teatro (ITI)<\/a><\/strong> y la <strong>UNESCO<\/strong>. El objetivo de esta efem\u00e9ride reside en la difusi\u00f3n de la importancia de las artes esc\u00e9nicas y el acceso al p\u00fablico de las mismas. Por otra parte, la elecci\u00f3n de esta fecha se debe a su vinculaci\u00f3n con un antecedente hist\u00f3rico de gran relevancia. Desde 1954, en esta fecha se inauguraba la temporada del Teatro de las Naciones en Par\u00eds. Este evento buscaba el fortalecimiento de los v\u00ednculos entre pa\u00edses, tras el complejo contexto posterior a la Segunda Guerra Mundial.<\/p>\n\n\n\n<p>Posteriormente, a partir de 1962, la tradici\u00f3n incorpora uno de los elementos m\u00e1s significativos de esta fecha: el <strong>Mensaje del D\u00eda Mundial del Teatro<\/strong>. Cada a\u00f1o, una figura con relevancia internacional comparte sus pensamientos sobre el arte y la cultura de paz. El primer mensaje difundido estuvo a cargo de <strong>Jean Cocteau<\/strong>, un poeta y dramaturgo franc\u00e9s. Desde entonces, voces como Pablo Neruda, Judi Dench y Jon Fosse entre otras personalidades ligadas a la actuaci\u00f3n han dado continuidad a esta iniciativa. Actualmente, este mensaje se traduce a m\u00e1s de 50 idiomas con el fin de promover el teatro a nivel mundial, concienciar su valor cultural y social, adem\u00e1s de fomentar la paz.<\/p>\n\n\n\n<p>En este <strong>2026<\/strong>, el actor estadounidense, <strong>Willem Dafoe<\/strong>, ha tenido el honor de pronunciar el mensaje. \u201cSoy actor, conocido principalmente como actor de cine, pero mis ra\u00edces est\u00e1n profundamente arraigadas en el teatro\u201d afirm\u00f3 al inicio <a href=\"https:\/\/www.world-theatre-day.org\/pdfs\/2026\/WTD%202026_Message%20by%20Willem%20Dafoe_Spanish.pdf\">Willem Dafoe en su discurso<\/a>. <\/p>\n\n\n\n<blockquote class=\"wp-block-quote is-layout-flow wp-block-quote-is-layout-flow\">\n<p><strong>A trav\u00e9s de la narraci\u00f3n, la est\u00e9tica, el lenguaje, el movimiento y la escenograf\u00eda, el teatro como forma de arte total, puede hacernos ver lo que fue, lo que es y lo que nuestro mundo podr\u00eda ser &#8211; Willem Dafoe<\/strong><\/p>\n<\/blockquote>\n\n\n\n<p>Esta declaraci\u00f3n de Dafoe reivindic\u00f3 el valor del escenario como un espacio de encuentro humano y reflexi\u00f3n cr\u00edtica. La cultura debe llegar a todos los rincones de la sociedad, sin distinci\u00f3n de origen o condici\u00f3n. De esta forma, el teatro se consolida como una herramienta para el entendimiento de la sociedad.<\/p>\n\n\n\n<h2 class=\"wp-block-heading\">Inclusi\u00f3n y cultura en Zarat\u00e1n: ASPAYM Juventud celebra el D\u00eda Internacional del Teatro<\/h2>\n\n\n\n<p>A trav\u00e9s de esta actividad de <strong>Act\u00edvate<\/strong>, ASPAYM Juventud celebra el D\u00eda Internacional del Teatro, para mostrar el papel de la escena como motor de cambio generacional. El teatro ofrece a los j\u00f3venes una <strong>herramienta de expresi\u00f3n \u00fanica<\/strong>. Asimismo, las actuaciones teatrales fomentan el <strong>an\u00e1lisis cr\u00edtico<\/strong> frente a los retos sociales actuales. En esta ocasi\u00f3n, la obra <em>Cabezas de Cartel<\/em> permiti\u00f3 a los asistentes debatir sobre la libertad y la integridad profesional. El encuentro tambi\u00e9n sirvi\u00f3 para reclamar una <strong>cultura m\u00e1s abierta y participativa<\/strong>.<\/p>\n","protected":false},"excerpt":{"rendered":"<p>Con motivo del D\u00eda Internacional del Teatro, el grupo de ASPAYM Juventud se sum\u00f3 a la celebraci\u00f3n con su asistencia a la representaci\u00f3n de la obra Cabezas de Cartel. Esta&#8230;<\/p>\n","protected":false},"author":9,"featured_media":752,"comment_status":"open","ping_status":"open","sticky":false,"template":"","format":"standard","meta":{"_kadence_starter_templates_imported_post":false,"footnotes":""},"categories":[8,9,19,2],"tags":[107,108,110,111,86,109,79],"class_list":["post-749","post","type-post","status-publish","format-standard","has-post-thumbnail","hentry","category-asociacionismo","category-aspaym-juventud","category-cultura","category-noticias","tag-asociacionismo-2","tag-asociacionismojuvenil-2","tag-aspaymjuventud","tag-diainternacionaldelteatro","tag-juventud-2","tag-teatro","tag-valladolid-2"],"yoast_head":"<!-- This site is optimized with the Yoast SEO plugin v27.1.1 - https:\/\/yoast.com\/product\/yoast-seo-wordpress\/ -->\n<title>ASPAYM Juventud celebra el D\u00eda Internacional del Teatro - RED-ACCI\u00d3N JUVENIL<\/title>\n<meta name=\"description\" content=\"Conoce c\u00f3mo ASPAYM Juventud celebra el D\u00eda Internacional del Teatro. Los j\u00f3venes del programa Act\u00edvate disfrutan de &#039;Cabezas de Cartel&#039;.\" \/>\n<meta name=\"robots\" content=\"index, follow, max-snippet:-1, max-image-preview:large, max-video-preview:-1\" \/>\n<link rel=\"canonical\" href=\"https:\/\/redaccionjuvenil.es\/?p=749\" \/>\n<meta property=\"og:locale\" content=\"es_ES\" \/>\n<meta property=\"og:type\" content=\"article\" \/>\n<meta property=\"og:title\" content=\"ASPAYM Juventud celebra el D\u00eda Internacional del Teatro - RED-ACCI\u00d3N JUVENIL\" \/>\n<meta property=\"og:description\" content=\"Conoce c\u00f3mo ASPAYM Juventud celebra el D\u00eda Internacional del Teatro. Los j\u00f3venes del programa Act\u00edvate disfrutan de &#039;Cabezas de Cartel&#039;.\" \/>\n<meta property=\"og:url\" content=\"https:\/\/redaccionjuvenil.es\/?p=749\" \/>\n<meta property=\"og:site_name\" content=\"RED-ACCI\u00d3N JUVENIL\" \/>\n<meta property=\"article:published_time\" content=\"2026-03-29T16:33:56+00:00\" \/>\n<meta property=\"article:modified_time\" content=\"2026-04-19T15:02:25+00:00\" \/>\n<meta property=\"og:image\" content=\"https:\/\/redaccionjuvenil.es\/wp-content\/uploads\/2026\/03\/mustangjoe-stage-1248769_1920.jpg\" \/>\n\t<meta property=\"og:image:width\" content=\"1920\" \/>\n\t<meta property=\"og:image:height\" content=\"712\" \/>\n\t<meta property=\"og:image:type\" content=\"image\/jpeg\" \/>\n<meta name=\"author\" content=\"Ada G\u00f3mez\" \/>\n<meta name=\"twitter:card\" content=\"summary_large_image\" \/>\n<meta name=\"twitter:label1\" content=\"Escrito por\" \/>\n\t<meta name=\"twitter:data1\" content=\"Ada G\u00f3mez\" \/>\n\t<meta name=\"twitter:label2\" content=\"Tiempo de lectura\" \/>\n\t<meta name=\"twitter:data2\" content=\"3 minutos\" \/>\n<script type=\"application\/ld+json\" class=\"yoast-schema-graph\">{\"@context\":\"https:\/\/schema.org\",\"@graph\":[{\"@type\":\"Article\",\"@id\":\"https:\/\/redaccionjuvenil.es\/?p=749#article\",\"isPartOf\":{\"@id\":\"https:\/\/redaccionjuvenil.es\/?p=749\"},\"author\":{\"name\":\"Ada G\u00f3mez\",\"@id\":\"https:\/\/redaccionjuvenil.es\/#\/schema\/person\/6cc19130f3f8c581606d51132dab5044\"},\"headline\":\"ASPAYM Juventud celebra el D\u00eda Internacional del Teatro\",\"datePublished\":\"2026-03-29T16:33:56+00:00\",\"dateModified\":\"2026-04-19T15:02:25+00:00\",\"mainEntityOfPage\":{\"@id\":\"https:\/\/redaccionjuvenil.es\/?p=749\"},\"wordCount\":619,\"commentCount\":0,\"publisher\":{\"@id\":\"https:\/\/redaccionjuvenil.es\/#organization\"},\"image\":{\"@id\":\"https:\/\/redaccionjuvenil.es\/?p=749#primaryimage\"},\"thumbnailUrl\":\"https:\/\/redaccionjuvenil.es\/wp-content\/uploads\/2026\/03\/mustangjoe-stage-1248769_1920.jpg\",\"keywords\":[\"Asociacionismo\",\"Asociacionismojuvenil\",\"ASPAYMJuventud\",\"D\u00edaInternacionaldelTeatro\",\"Juventud\",\"Teatro\",\"Valladolid\"],\"articleSection\":[\"Asociacionismo\",\"ASPAYM Juventud\",\"Cultura\",\"Noticias\"],\"inLanguage\":\"es\",\"potentialAction\":[{\"@type\":\"CommentAction\",\"name\":\"Comment\",\"target\":[\"https:\/\/redaccionjuvenil.es\/?p=749#respond\"]}]},{\"@type\":\"WebPage\",\"@id\":\"https:\/\/redaccionjuvenil.es\/?p=749\",\"url\":\"https:\/\/redaccionjuvenil.es\/?p=749\",\"name\":\"ASPAYM Juventud celebra el D\u00eda Internacional del Teatro - RED-ACCI\u00d3N JUVENIL\",\"isPartOf\":{\"@id\":\"https:\/\/redaccionjuvenil.es\/#website\"},\"primaryImageOfPage\":{\"@id\":\"https:\/\/redaccionjuvenil.es\/?p=749#primaryimage\"},\"image\":{\"@id\":\"https:\/\/redaccionjuvenil.es\/?p=749#primaryimage\"},\"thumbnailUrl\":\"https:\/\/redaccionjuvenil.es\/wp-content\/uploads\/2026\/03\/mustangjoe-stage-1248769_1920.jpg\",\"datePublished\":\"2026-03-29T16:33:56+00:00\",\"dateModified\":\"2026-04-19T15:02:25+00:00\",\"description\":\"Conoce c\u00f3mo ASPAYM Juventud celebra el D\u00eda Internacional del Teatro. Los j\u00f3venes del programa Act\u00edvate disfrutan de 'Cabezas de Cartel'.\",\"breadcrumb\":{\"@id\":\"https:\/\/redaccionjuvenil.es\/?p=749#breadcrumb\"},\"inLanguage\":\"es\",\"potentialAction\":[{\"@type\":\"ReadAction\",\"target\":[\"https:\/\/redaccionjuvenil.es\/?p=749\"]}]},{\"@type\":\"ImageObject\",\"inLanguage\":\"es\",\"@id\":\"https:\/\/redaccionjuvenil.es\/?p=749#primaryimage\",\"url\":\"https:\/\/redaccionjuvenil.es\/wp-content\/uploads\/2026\/03\/mustangjoe-stage-1248769_1920.jpg\",\"contentUrl\":\"https:\/\/redaccionjuvenil.es\/wp-content\/uploads\/2026\/03\/mustangjoe-stage-1248769_1920.jpg\",\"width\":1920,\"height\":712,\"caption\":\"Sala de teatro desde los palcos centrales.\"},{\"@type\":\"BreadcrumbList\",\"@id\":\"https:\/\/redaccionjuvenil.es\/?p=749#breadcrumb\",\"itemListElement\":[{\"@type\":\"ListItem\",\"position\":1,\"name\":\"Portada\",\"item\":\"https:\/\/redaccionjuvenil.es\/\"},{\"@type\":\"ListItem\",\"position\":2,\"name\":\"ASPAYM Juventud celebra el D\u00eda Internacional del Teatro\"}]},{\"@type\":\"WebSite\",\"@id\":\"https:\/\/redaccionjuvenil.es\/#website\",\"url\":\"https:\/\/redaccionjuvenil.es\/\",\"name\":\"RED-ACCI\u00d3N JUVENIL\",\"description\":\"DONDE LA JUVENTUD INFORMA Y TRANSFORMA\",\"publisher\":{\"@id\":\"https:\/\/redaccionjuvenil.es\/#organization\"},\"potentialAction\":[{\"@type\":\"SearchAction\",\"target\":{\"@type\":\"EntryPoint\",\"urlTemplate\":\"https:\/\/redaccionjuvenil.es\/?s={search_term_string}\"},\"query-input\":{\"@type\":\"PropertyValueSpecification\",\"valueRequired\":true,\"valueName\":\"search_term_string\"}}],\"inLanguage\":\"es\"},{\"@type\":\"Organization\",\"@id\":\"https:\/\/redaccionjuvenil.es\/#organization\",\"name\":\"RED-ACCI\u00d3N JUVENIL\",\"url\":\"https:\/\/redaccionjuvenil.es\/\",\"logo\":{\"@type\":\"ImageObject\",\"inLanguage\":\"es\",\"@id\":\"https:\/\/redaccionjuvenil.es\/#\/schema\/logo\/image\/\",\"url\":\"https:\/\/redaccionjuvenil.es\/wp-content\/uploads\/2026\/03\/cropped-cropped-logo_redaccion_juvenil_primer_propuesta-1.png\",\"contentUrl\":\"https:\/\/redaccionjuvenil.es\/wp-content\/uploads\/2026\/03\/cropped-cropped-logo_redaccion_juvenil_primer_propuesta-1.png\",\"width\":723,\"height\":723,\"caption\":\"RED-ACCI\u00d3N JUVENIL\"},\"image\":{\"@id\":\"https:\/\/redaccionjuvenil.es\/#\/schema\/logo\/image\/\"}},{\"@type\":\"Person\",\"@id\":\"https:\/\/redaccionjuvenil.es\/#\/schema\/person\/6cc19130f3f8c581606d51132dab5044\",\"name\":\"Ada G\u00f3mez\",\"image\":{\"@type\":\"ImageObject\",\"inLanguage\":\"es\",\"@id\":\"https:\/\/redaccionjuvenil.es\/#\/schema\/person\/image\/\",\"url\":\"https:\/\/secure.gravatar.com\/avatar\/61c8cd6c1e970ff8f076b4efd3299d2a43ef7d3d924c44484872c49182e96196?s=96&d=mm&r=g\",\"contentUrl\":\"https:\/\/secure.gravatar.com\/avatar\/61c8cd6c1e970ff8f076b4efd3299d2a43ef7d3d924c44484872c49182e96196?s=96&d=mm&r=g\",\"caption\":\"Ada G\u00f3mez\"},\"url\":\"https:\/\/redaccionjuvenil.es\/?author=9\"}]}<\/script>\n<!-- \/ Yoast SEO plugin. -->","yoast_head_json":{"title":"ASPAYM Juventud celebra el D\u00eda Internacional del Teatro - RED-ACCI\u00d3N JUVENIL","description":"Conoce c\u00f3mo ASPAYM Juventud celebra el D\u00eda Internacional del Teatro. Los j\u00f3venes del programa Act\u00edvate disfrutan de 'Cabezas de Cartel'.","robots":{"index":"index","follow":"follow","max-snippet":"max-snippet:-1","max-image-preview":"max-image-preview:large","max-video-preview":"max-video-preview:-1"},"canonical":"https:\/\/redaccionjuvenil.es\/?p=749","og_locale":"es_ES","og_type":"article","og_title":"ASPAYM Juventud celebra el D\u00eda Internacional del Teatro - RED-ACCI\u00d3N JUVENIL","og_description":"Conoce c\u00f3mo ASPAYM Juventud celebra el D\u00eda Internacional del Teatro. Los j\u00f3venes del programa Act\u00edvate disfrutan de 'Cabezas de Cartel'.","og_url":"https:\/\/redaccionjuvenil.es\/?p=749","og_site_name":"RED-ACCI\u00d3N JUVENIL","article_published_time":"2026-03-29T16:33:56+00:00","article_modified_time":"2026-04-19T15:02:25+00:00","og_image":[{"width":1920,"height":712,"url":"https:\/\/redaccionjuvenil.es\/wp-content\/uploads\/2026\/03\/mustangjoe-stage-1248769_1920.jpg","type":"image\/jpeg"}],"author":"Ada G\u00f3mez","twitter_card":"summary_large_image","twitter_misc":{"Escrito por":"Ada G\u00f3mez","Tiempo de lectura":"3 minutos"},"schema":{"@context":"https:\/\/schema.org","@graph":[{"@type":"Article","@id":"https:\/\/redaccionjuvenil.es\/?p=749#article","isPartOf":{"@id":"https:\/\/redaccionjuvenil.es\/?p=749"},"author":{"name":"Ada G\u00f3mez","@id":"https:\/\/redaccionjuvenil.es\/#\/schema\/person\/6cc19130f3f8c581606d51132dab5044"},"headline":"ASPAYM Juventud celebra el D\u00eda Internacional del Teatro","datePublished":"2026-03-29T16:33:56+00:00","dateModified":"2026-04-19T15:02:25+00:00","mainEntityOfPage":{"@id":"https:\/\/redaccionjuvenil.es\/?p=749"},"wordCount":619,"commentCount":0,"publisher":{"@id":"https:\/\/redaccionjuvenil.es\/#organization"},"image":{"@id":"https:\/\/redaccionjuvenil.es\/?p=749#primaryimage"},"thumbnailUrl":"https:\/\/redaccionjuvenil.es\/wp-content\/uploads\/2026\/03\/mustangjoe-stage-1248769_1920.jpg","keywords":["Asociacionismo","Asociacionismojuvenil","ASPAYMJuventud","D\u00edaInternacionaldelTeatro","Juventud","Teatro","Valladolid"],"articleSection":["Asociacionismo","ASPAYM Juventud","Cultura","Noticias"],"inLanguage":"es","potentialAction":[{"@type":"CommentAction","name":"Comment","target":["https:\/\/redaccionjuvenil.es\/?p=749#respond"]}]},{"@type":"WebPage","@id":"https:\/\/redaccionjuvenil.es\/?p=749","url":"https:\/\/redaccionjuvenil.es\/?p=749","name":"ASPAYM Juventud celebra el D\u00eda Internacional del Teatro - RED-ACCI\u00d3N JUVENIL","isPartOf":{"@id":"https:\/\/redaccionjuvenil.es\/#website"},"primaryImageOfPage":{"@id":"https:\/\/redaccionjuvenil.es\/?p=749#primaryimage"},"image":{"@id":"https:\/\/redaccionjuvenil.es\/?p=749#primaryimage"},"thumbnailUrl":"https:\/\/redaccionjuvenil.es\/wp-content\/uploads\/2026\/03\/mustangjoe-stage-1248769_1920.jpg","datePublished":"2026-03-29T16:33:56+00:00","dateModified":"2026-04-19T15:02:25+00:00","description":"Conoce c\u00f3mo ASPAYM Juventud celebra el D\u00eda Internacional del Teatro. Los j\u00f3venes del programa Act\u00edvate disfrutan de 'Cabezas de Cartel'.","breadcrumb":{"@id":"https:\/\/redaccionjuvenil.es\/?p=749#breadcrumb"},"inLanguage":"es","potentialAction":[{"@type":"ReadAction","target":["https:\/\/redaccionjuvenil.es\/?p=749"]}]},{"@type":"ImageObject","inLanguage":"es","@id":"https:\/\/redaccionjuvenil.es\/?p=749#primaryimage","url":"https:\/\/redaccionjuvenil.es\/wp-content\/uploads\/2026\/03\/mustangjoe-stage-1248769_1920.jpg","contentUrl":"https:\/\/redaccionjuvenil.es\/wp-content\/uploads\/2026\/03\/mustangjoe-stage-1248769_1920.jpg","width":1920,"height":712,"caption":"Sala de teatro desde los palcos centrales."},{"@type":"BreadcrumbList","@id":"https:\/\/redaccionjuvenil.es\/?p=749#breadcrumb","itemListElement":[{"@type":"ListItem","position":1,"name":"Portada","item":"https:\/\/redaccionjuvenil.es\/"},{"@type":"ListItem","position":2,"name":"ASPAYM Juventud celebra el D\u00eda Internacional del Teatro"}]},{"@type":"WebSite","@id":"https:\/\/redaccionjuvenil.es\/#website","url":"https:\/\/redaccionjuvenil.es\/","name":"RED-ACCI\u00d3N JUVENIL","description":"DONDE LA JUVENTUD INFORMA Y TRANSFORMA","publisher":{"@id":"https:\/\/redaccionjuvenil.es\/#organization"},"potentialAction":[{"@type":"SearchAction","target":{"@type":"EntryPoint","urlTemplate":"https:\/\/redaccionjuvenil.es\/?s={search_term_string}"},"query-input":{"@type":"PropertyValueSpecification","valueRequired":true,"valueName":"search_term_string"}}],"inLanguage":"es"},{"@type":"Organization","@id":"https:\/\/redaccionjuvenil.es\/#organization","name":"RED-ACCI\u00d3N JUVENIL","url":"https:\/\/redaccionjuvenil.es\/","logo":{"@type":"ImageObject","inLanguage":"es","@id":"https:\/\/redaccionjuvenil.es\/#\/schema\/logo\/image\/","url":"https:\/\/redaccionjuvenil.es\/wp-content\/uploads\/2026\/03\/cropped-cropped-logo_redaccion_juvenil_primer_propuesta-1.png","contentUrl":"https:\/\/redaccionjuvenil.es\/wp-content\/uploads\/2026\/03\/cropped-cropped-logo_redaccion_juvenil_primer_propuesta-1.png","width":723,"height":723,"caption":"RED-ACCI\u00d3N JUVENIL"},"image":{"@id":"https:\/\/redaccionjuvenil.es\/#\/schema\/logo\/image\/"}},{"@type":"Person","@id":"https:\/\/redaccionjuvenil.es\/#\/schema\/person\/6cc19130f3f8c581606d51132dab5044","name":"Ada G\u00f3mez","image":{"@type":"ImageObject","inLanguage":"es","@id":"https:\/\/redaccionjuvenil.es\/#\/schema\/person\/image\/","url":"https:\/\/secure.gravatar.com\/avatar\/61c8cd6c1e970ff8f076b4efd3299d2a43ef7d3d924c44484872c49182e96196?s=96&d=mm&r=g","contentUrl":"https:\/\/secure.gravatar.com\/avatar\/61c8cd6c1e970ff8f076b4efd3299d2a43ef7d3d924c44484872c49182e96196?s=96&d=mm&r=g","caption":"Ada G\u00f3mez"},"url":"https:\/\/redaccionjuvenil.es\/?author=9"}]}},"_links":{"self":[{"href":"https:\/\/redaccionjuvenil.es\/index.php?rest_route=\/wp\/v2\/posts\/749","targetHints":{"allow":["GET"]}}],"collection":[{"href":"https:\/\/redaccionjuvenil.es\/index.php?rest_route=\/wp\/v2\/posts"}],"about":[{"href":"https:\/\/redaccionjuvenil.es\/index.php?rest_route=\/wp\/v2\/types\/post"}],"author":[{"embeddable":true,"href":"https:\/\/redaccionjuvenil.es\/index.php?rest_route=\/wp\/v2\/users\/9"}],"replies":[{"embeddable":true,"href":"https:\/\/redaccionjuvenil.es\/index.php?rest_route=%2Fwp%2Fv2%2Fcomments&post=749"}],"version-history":[{"count":8,"href":"https:\/\/redaccionjuvenil.es\/index.php?rest_route=\/wp\/v2\/posts\/749\/revisions"}],"predecessor-version":[{"id":767,"href":"https:\/\/redaccionjuvenil.es\/index.php?rest_route=\/wp\/v2\/posts\/749\/revisions\/767"}],"wp:featuredmedia":[{"embeddable":true,"href":"https:\/\/redaccionjuvenil.es\/index.php?rest_route=\/wp\/v2\/media\/752"}],"wp:attachment":[{"href":"https:\/\/redaccionjuvenil.es\/index.php?rest_route=%2Fwp%2Fv2%2Fmedia&parent=749"}],"wp:term":[{"taxonomy":"category","embeddable":true,"href":"https:\/\/redaccionjuvenil.es\/index.php?rest_route=%2Fwp%2Fv2%2Fcategories&post=749"},{"taxonomy":"post_tag","embeddable":true,"href":"https:\/\/redaccionjuvenil.es\/index.php?rest_route=%2Fwp%2Fv2%2Ftags&post=749"}],"curies":[{"name":"wp","href":"https:\/\/api.w.org\/{rel}","templated":true}]}}