{"id":802,"date":"2026-04-13T13:57:05","date_gmt":"2026-04-13T13:57:05","guid":{"rendered":"https:\/\/redaccionjuvenil.es\/?p=802"},"modified":"2026-04-13T13:57:08","modified_gmt":"2026-04-13T13:57:08","slug":"recordar-para-no-repetir-la-memoria-democratica-llega-a-los-jovenes","status":"publish","type":"post","link":"https:\/\/redaccionjuvenil.es\/?p=802","title":{"rendered":"Recordar para no repetir, la Memoria Democr\u00e1tica llega a los j\u00f3venes"},"content":{"rendered":"\n<p class=\"has-medium-font-size\">Debemos recuperar historias silenciadas del pasado de Espa\u00f1a. Para muchos j\u00f3venes, es una oportunidad de entender c\u00f3mo se construy\u00f3 la democracia actual. Porque, como dec\u00eda George Santayana: \u00abquien olvida su historia est\u00e1 condenado a repetirla\u00bb.<\/p>\n\n\n\n<p class=\"has-medium-font-size\">La <strong>Guerra Civil Espa\u00f1ola <\/strong>fue un conflicto b\u00e9lico que tuvo lugar entre el 17 de julio de 1936 y el 1 de abril de 1939. El bando republicano y sublevado se enfrentaron con la intenci\u00f3n de imponer sus ideales y hacerse con el poder de Espa\u00f1a. Fueron a\u00f1os de destrucci\u00f3n, que acab\u00f3 con la victoria de los nacionales y dio inicio a la <strong>dictadura de Francisco Franco<\/strong>.<\/p>\n\n\n\n<figure class=\"wp-block-image size-large\"><img loading=\"lazy\" decoding=\"async\" width=\"750\" height=\"1024\" src=\"https:\/\/redaccionjuvenil.es\/wp-content\/uploads\/2026\/04\/Franco-750x1024.jpg\" alt=\"\" class=\"wp-image-805\" srcset=\"https:\/\/redaccionjuvenil.es\/wp-content\/uploads\/2026\/04\/Franco-750x1024.jpg 750w, https:\/\/redaccionjuvenil.es\/wp-content\/uploads\/2026\/04\/Franco-220x300.jpg 220w, https:\/\/redaccionjuvenil.es\/wp-content\/uploads\/2026\/04\/Franco-768x1049.jpg 768w, https:\/\/redaccionjuvenil.es\/wp-content\/uploads\/2026\/04\/Franco.jpg 950w\" sizes=\"auto, (max-width: 750px) 100vw, 750px\" \/><figcaption class=\"wp-element-caption\"><em>Fotograf\u00eda: Francisco Franco\/Fuente: <a href=\"https:\/\/es.wikipedia.org\/wiki\/Francisco_Franco#\/media\/Archivo:RETRATO_DEL_GRAL._FRANCISCO_FRANCO_BAHAMONDE_(adjusted_levels).jpg\" target=\"_blank\" rel=\"noreferrer noopener\">Wikipedia<\/a><\/em><\/figcaption><\/figure>\n\n\n\n<p class=\"has-medium-font-size\">La dictadura franquista dur\u00f3 40 a\u00f1os, <strong>desde 1939 hasta 1975<\/strong>, con la muerte del dictador. Se concentraron todos los poderes del Estado en la figura de Franco, que actu\u00f3 como Jefe de Estado, de Gobierno y General\u00edsimo de los Ej\u00e9rcitos. Adem\u00e1s, se suprimieron los partidos pol\u00edticos y sindicatos, con la creaci\u00f3n de Falange Espa\u00f1ola Tradicionalista como partido \u00fanico.<\/p>\n\n\n\n<p class=\"has-medium-font-size\">El r\u00e9gimen ejerci\u00f3 una vigilancia y persecuci\u00f3n sistem\u00e1tica contra cualquier oposici\u00f3n pol\u00edtica o ideol\u00f3gica, especialmente en la posguerra, pero tambi\u00e9n en el transcurso de la guerra. La <strong>Iglesia Cat\u00f3lica<\/strong> tuvo un papel fundamental, ya que control\u00f3 la moral p\u00fablica y la educaci\u00f3n a cambio de legitimar el r\u00e9gimen.<\/p>\n\n\n\n<p class=\"has-medium-font-size\">La muerte de Francisco Franco el 20 de noviembre de 1975 dio inicio a la Transici\u00f3n espa\u00f1ola, para transformar el pa\u00eds en una democracia bajo una monarqu\u00eda parlamentaria.<\/p>\n\n\n\n<figure class=\"wp-block-image size-large\"><img loading=\"lazy\" decoding=\"async\" width=\"1024\" height=\"606\" src=\"https:\/\/redaccionjuvenil.es\/wp-content\/uploads\/2026\/04\/Proclamacion-del-rey-Juan-Carlos-I-1024x606.jpg\" alt=\"\" class=\"wp-image-806\" srcset=\"https:\/\/redaccionjuvenil.es\/wp-content\/uploads\/2026\/04\/Proclamacion-del-rey-Juan-Carlos-I-1024x606.jpg 1024w, https:\/\/redaccionjuvenil.es\/wp-content\/uploads\/2026\/04\/Proclamacion-del-rey-Juan-Carlos-I-300x178.jpg 300w, https:\/\/redaccionjuvenil.es\/wp-content\/uploads\/2026\/04\/Proclamacion-del-rey-Juan-Carlos-I-768x454.jpg 768w, https:\/\/redaccionjuvenil.es\/wp-content\/uploads\/2026\/04\/Proclamacion-del-rey-Juan-Carlos-I-1536x909.jpg 1536w, https:\/\/redaccionjuvenil.es\/wp-content\/uploads\/2026\/04\/Proclamacion-del-rey-Juan-Carlos-I.jpg 1920w\" sizes=\"auto, (max-width: 1024px) 100vw, 1024px\" \/><figcaption class=\"wp-element-caption\"><em>Fotograf\u00eda: Proclamaci\u00f3n del Rey Juan Carlos I para la Transici\u00f3n\/Fuente: <a href=\"https:\/\/es.wikipedia.org\/wiki\/Transici%C3%B3n_espa%C3%B1ola#\/media\/Archivo:De_proclamatie_en_be%C3%ABdiging_van_Prins_Juan_Carlos_tot_Koning_van_Spanje_tijdens_,_Bestanddeelnr_254-9763.jpg\" target=\"_blank\" rel=\"noreferrer noopener\">Wikipedia<\/a><\/em><\/figcaption><\/figure>\n\n\n\n<p class=\"has-medium-font-size\">La <a href=\"https:\/\/www.boe.es\/buscar\/act.php?id=BOE-A-2022-17099\" target=\"_blank\" rel=\"noreferrer noopener\">Ley 20\/2022<\/a> de <strong>Memoria Democr\u00e1tica<\/strong> en Espa\u00f1a, vigente desde octubre de 2022, busca reparar a las v\u00edctimas de la Guerra Civil y la dictadura, promover la memoria democr\u00e1tica y garantizar el derecho a la verdad.<\/p>\n\n\n\n<p class=\"has-medium-font-size\">Iniciativas como la que ha hecho la <strong>Asociaci\u00f3n Auryn<\/strong> son oportunidades \u00fanicas para aprender del pasado, reflexionar sobre el presente y construir un futuro m\u00e1s consciente y democr\u00e1tico. Este domingo 12 de abril ha tenido lugar el \u201c<a href=\"https:\/\/leonjoven.net\/evento\/la-asociacion-auryn-organiza-tour-leon-con-memoria-la-huella-de-la-guerra-civil-y-sus-victimas\/\" target=\"_blank\" rel=\"noreferrer noopener\">Tour Le\u00f3n con Memoria: la huella de la Guerra Civil y sus v\u00edctimas<\/a>\u201d. Desde la plaza de Santa Ana hasta el Parador de San Marcos, los m\u00e1s j\u00f3venes han reflexionado tambi\u00e9n sobre el papel de las mujeres y las v\u00edctimas del fascismo durante este per\u00edodo.<\/p>\n\n\n\n<p><\/p>\n","protected":false},"excerpt":{"rendered":"<p>Debemos recuperar historias silenciadas del pasado de Espa\u00f1a. Para muchos j\u00f3venes, es una oportunidad de entender c\u00f3mo se construy\u00f3 la democracia actual. Porque, como dec\u00eda George Santayana: \u00abquien olvida su&#8230;<\/p>\n","protected":false},"author":10,"featured_media":803,"comment_status":"open","ping_status":"open","sticky":false,"template":"","format":"standard","meta":{"_kadence_starter_templates_imported_post":false,"footnotes":""},"categories":[1,8,23,2],"tags":[114,112,47,113,76,86],"class_list":["post-802","post","type-post","status-publish","format-standard","has-post-thumbnail","hentry","category-actualidad","category-asociacionismo","category-destacado","category-noticias","tag-asociacionauryn","tag-democracia","tag-leon","tag-memoriademocratica","tag-castilla-y-leon","tag-juventud-2"],"yoast_head":"<!-- This site is optimized with the Yoast SEO plugin v27.1.1 - https:\/\/yoast.com\/product\/yoast-seo-wordpress\/ -->\n<title>Recordar para no repetir, la Memoria Democr\u00e1tica llega a los j\u00f3venes - RED-ACCI\u00d3N JUVENIL<\/title>\n<meta name=\"robots\" content=\"index, follow, max-snippet:-1, max-image-preview:large, max-video-preview:-1\" \/>\n<link rel=\"canonical\" href=\"https:\/\/redaccionjuvenil.es\/?p=802\" \/>\n<meta property=\"og:locale\" content=\"es_ES\" \/>\n<meta property=\"og:type\" content=\"article\" \/>\n<meta property=\"og:title\" content=\"Recordar para no repetir, la Memoria Democr\u00e1tica llega a los j\u00f3venes - RED-ACCI\u00d3N JUVENIL\" \/>\n<meta property=\"og:description\" content=\"Debemos recuperar historias silenciadas del pasado de Espa\u00f1a. Para muchos j\u00f3venes, es una oportunidad de entender c\u00f3mo se construy\u00f3 la democracia actual. Porque, como dec\u00eda George Santayana: \u00abquien olvida su...\" \/>\n<meta property=\"og:url\" content=\"https:\/\/redaccionjuvenil.es\/?p=802\" \/>\n<meta property=\"og:site_name\" content=\"RED-ACCI\u00d3N JUVENIL\" \/>\n<meta property=\"article:published_time\" content=\"2026-04-13T13:57:05+00:00\" \/>\n<meta property=\"article:modified_time\" content=\"2026-04-13T13:57:08+00:00\" \/>\n<meta property=\"og:image\" content=\"https:\/\/redaccionjuvenil.es\/wp-content\/uploads\/2026\/04\/Ninos-escondidos-en-un-bombardeo-en-Madrid-e1775837273223.jpg\" \/>\n\t<meta property=\"og:image:width\" content=\"645\" \/>\n\t<meta property=\"og:image:height\" content=\"566\" \/>\n\t<meta property=\"og:image:type\" content=\"image\/jpeg\" \/>\n<meta name=\"author\" content=\"Alba Hernandez\" \/>\n<meta name=\"twitter:card\" content=\"summary_large_image\" \/>\n<meta name=\"twitter:label1\" content=\"Escrito por\" \/>\n\t<meta name=\"twitter:data1\" content=\"Alba Hernandez\" \/>\n\t<meta name=\"twitter:label2\" content=\"Tiempo de lectura\" \/>\n\t<meta name=\"twitter:data2\" content=\"3 minutos\" \/>\n<script type=\"application\/ld+json\" class=\"yoast-schema-graph\">{\"@context\":\"https:\/\/schema.org\",\"@graph\":[{\"@type\":\"Article\",\"@id\":\"https:\/\/redaccionjuvenil.es\/?p=802#article\",\"isPartOf\":{\"@id\":\"https:\/\/redaccionjuvenil.es\/?p=802\"},\"author\":{\"name\":\"Alba Hernandez\",\"@id\":\"https:\/\/redaccionjuvenil.es\/#\/schema\/person\/73489cbede5d15c400594d976afa0a8f\"},\"headline\":\"Recordar para no repetir, la Memoria Democr\u00e1tica llega a los j\u00f3venes\",\"datePublished\":\"2026-04-13T13:57:05+00:00\",\"dateModified\":\"2026-04-13T13:57:08+00:00\",\"mainEntityOfPage\":{\"@id\":\"https:\/\/redaccionjuvenil.es\/?p=802\"},\"wordCount\":422,\"commentCount\":0,\"publisher\":{\"@id\":\"https:\/\/redaccionjuvenil.es\/#organization\"},\"image\":{\"@id\":\"https:\/\/redaccionjuvenil.es\/?p=802#primaryimage\"},\"thumbnailUrl\":\"https:\/\/redaccionjuvenil.es\/wp-content\/uploads\/2026\/04\/Ninos-escondidos-en-un-bombardeo-en-Madrid-e1775837273223.jpg\",\"keywords\":[\"#asociaci\u00f3nauryn\",\"#democracia\",\"#le\u00f3n\",\"#memoriademocr\u00e1tica\",\"castilla y le\u00f3n\",\"Juventud\"],\"articleSection\":[\"Actualidad\",\"Asociacionismo\",\"Destacado\",\"Noticias\"],\"inLanguage\":\"es\",\"potentialAction\":[{\"@type\":\"CommentAction\",\"name\":\"Comment\",\"target\":[\"https:\/\/redaccionjuvenil.es\/?p=802#respond\"]}]},{\"@type\":\"WebPage\",\"@id\":\"https:\/\/redaccionjuvenil.es\/?p=802\",\"url\":\"https:\/\/redaccionjuvenil.es\/?p=802\",\"name\":\"Recordar para no repetir, la Memoria Democr\u00e1tica llega a los j\u00f3venes - RED-ACCI\u00d3N JUVENIL\",\"isPartOf\":{\"@id\":\"https:\/\/redaccionjuvenil.es\/#website\"},\"primaryImageOfPage\":{\"@id\":\"https:\/\/redaccionjuvenil.es\/?p=802#primaryimage\"},\"image\":{\"@id\":\"https:\/\/redaccionjuvenil.es\/?p=802#primaryimage\"},\"thumbnailUrl\":\"https:\/\/redaccionjuvenil.es\/wp-content\/uploads\/2026\/04\/Ninos-escondidos-en-un-bombardeo-en-Madrid-e1775837273223.jpg\",\"datePublished\":\"2026-04-13T13:57:05+00:00\",\"dateModified\":\"2026-04-13T13:57:08+00:00\",\"breadcrumb\":{\"@id\":\"https:\/\/redaccionjuvenil.es\/?p=802#breadcrumb\"},\"inLanguage\":\"es\",\"potentialAction\":[{\"@type\":\"ReadAction\",\"target\":[\"https:\/\/redaccionjuvenil.es\/?p=802\"]}]},{\"@type\":\"ImageObject\",\"inLanguage\":\"es\",\"@id\":\"https:\/\/redaccionjuvenil.es\/?p=802#primaryimage\",\"url\":\"https:\/\/redaccionjuvenil.es\/wp-content\/uploads\/2026\/04\/Ninos-escondidos-en-un-bombardeo-en-Madrid-e1775837273223.jpg\",\"contentUrl\":\"https:\/\/redaccionjuvenil.es\/wp-content\/uploads\/2026\/04\/Ninos-escondidos-en-un-bombardeo-en-Madrid-e1775837273223.jpg\",\"width\":645,\"height\":566},{\"@type\":\"BreadcrumbList\",\"@id\":\"https:\/\/redaccionjuvenil.es\/?p=802#breadcrumb\",\"itemListElement\":[{\"@type\":\"ListItem\",\"position\":1,\"name\":\"Portada\",\"item\":\"https:\/\/redaccionjuvenil.es\/\"},{\"@type\":\"ListItem\",\"position\":2,\"name\":\"Recordar para no repetir, la Memoria Democr\u00e1tica llega a los j\u00f3venes\"}]},{\"@type\":\"WebSite\",\"@id\":\"https:\/\/redaccionjuvenil.es\/#website\",\"url\":\"https:\/\/redaccionjuvenil.es\/\",\"name\":\"RED-ACCI\u00d3N JUVENIL\",\"description\":\"DONDE LA JUVENTUD INFORMA Y TRANSFORMA\",\"publisher\":{\"@id\":\"https:\/\/redaccionjuvenil.es\/#organization\"},\"potentialAction\":[{\"@type\":\"SearchAction\",\"target\":{\"@type\":\"EntryPoint\",\"urlTemplate\":\"https:\/\/redaccionjuvenil.es\/?s={search_term_string}\"},\"query-input\":{\"@type\":\"PropertyValueSpecification\",\"valueRequired\":true,\"valueName\":\"search_term_string\"}}],\"inLanguage\":\"es\"},{\"@type\":\"Organization\",\"@id\":\"https:\/\/redaccionjuvenil.es\/#organization\",\"name\":\"RED-ACCI\u00d3N JUVENIL\",\"url\":\"https:\/\/redaccionjuvenil.es\/\",\"logo\":{\"@type\":\"ImageObject\",\"inLanguage\":\"es\",\"@id\":\"https:\/\/redaccionjuvenil.es\/#\/schema\/logo\/image\/\",\"url\":\"https:\/\/redaccionjuvenil.es\/wp-content\/uploads\/2026\/03\/cropped-cropped-logo_redaccion_juvenil_primer_propuesta-1.png\",\"contentUrl\":\"https:\/\/redaccionjuvenil.es\/wp-content\/uploads\/2026\/03\/cropped-cropped-logo_redaccion_juvenil_primer_propuesta-1.png\",\"width\":723,\"height\":723,\"caption\":\"RED-ACCI\u00d3N JUVENIL\"},\"image\":{\"@id\":\"https:\/\/redaccionjuvenil.es\/#\/schema\/logo\/image\/\"}},{\"@type\":\"Person\",\"@id\":\"https:\/\/redaccionjuvenil.es\/#\/schema\/person\/73489cbede5d15c400594d976afa0a8f\",\"name\":\"Alba Hernandez\",\"image\":{\"@type\":\"ImageObject\",\"inLanguage\":\"es\",\"@id\":\"https:\/\/redaccionjuvenil.es\/#\/schema\/person\/image\/\",\"url\":\"https:\/\/secure.gravatar.com\/avatar\/10aa79a9c7f2f97eb66b566f6a2d07fdc6099d28d57703af3df855ef49561955?s=96&d=mm&r=g\",\"contentUrl\":\"https:\/\/secure.gravatar.com\/avatar\/10aa79a9c7f2f97eb66b566f6a2d07fdc6099d28d57703af3df855ef49561955?s=96&d=mm&r=g\",\"caption\":\"Alba Hernandez\"},\"sameAs\":[\"http:\/\/RedaccionJ2026!\"],\"url\":\"https:\/\/redaccionjuvenil.es\/?author=10\"}]}<\/script>\n<!-- \/ Yoast SEO plugin. -->","yoast_head_json":{"title":"Recordar para no repetir, la Memoria Democr\u00e1tica llega a los j\u00f3venes - RED-ACCI\u00d3N JUVENIL","robots":{"index":"index","follow":"follow","max-snippet":"max-snippet:-1","max-image-preview":"max-image-preview:large","max-video-preview":"max-video-preview:-1"},"canonical":"https:\/\/redaccionjuvenil.es\/?p=802","og_locale":"es_ES","og_type":"article","og_title":"Recordar para no repetir, la Memoria Democr\u00e1tica llega a los j\u00f3venes - RED-ACCI\u00d3N JUVENIL","og_description":"Debemos recuperar historias silenciadas del pasado de Espa\u00f1a. Para muchos j\u00f3venes, es una oportunidad de entender c\u00f3mo se construy\u00f3 la democracia actual. Porque, como dec\u00eda George Santayana: \u00abquien olvida su...","og_url":"https:\/\/redaccionjuvenil.es\/?p=802","og_site_name":"RED-ACCI\u00d3N JUVENIL","article_published_time":"2026-04-13T13:57:05+00:00","article_modified_time":"2026-04-13T13:57:08+00:00","og_image":[{"width":645,"height":566,"url":"https:\/\/redaccionjuvenil.es\/wp-content\/uploads\/2026\/04\/Ninos-escondidos-en-un-bombardeo-en-Madrid-e1775837273223.jpg","type":"image\/jpeg"}],"author":"Alba Hernandez","twitter_card":"summary_large_image","twitter_misc":{"Escrito por":"Alba Hernandez","Tiempo de lectura":"3 minutos"},"schema":{"@context":"https:\/\/schema.org","@graph":[{"@type":"Article","@id":"https:\/\/redaccionjuvenil.es\/?p=802#article","isPartOf":{"@id":"https:\/\/redaccionjuvenil.es\/?p=802"},"author":{"name":"Alba Hernandez","@id":"https:\/\/redaccionjuvenil.es\/#\/schema\/person\/73489cbede5d15c400594d976afa0a8f"},"headline":"Recordar para no repetir, la Memoria Democr\u00e1tica llega a los j\u00f3venes","datePublished":"2026-04-13T13:57:05+00:00","dateModified":"2026-04-13T13:57:08+00:00","mainEntityOfPage":{"@id":"https:\/\/redaccionjuvenil.es\/?p=802"},"wordCount":422,"commentCount":0,"publisher":{"@id":"https:\/\/redaccionjuvenil.es\/#organization"},"image":{"@id":"https:\/\/redaccionjuvenil.es\/?p=802#primaryimage"},"thumbnailUrl":"https:\/\/redaccionjuvenil.es\/wp-content\/uploads\/2026\/04\/Ninos-escondidos-en-un-bombardeo-en-Madrid-e1775837273223.jpg","keywords":["#asociaci\u00f3nauryn","#democracia","#le\u00f3n","#memoriademocr\u00e1tica","castilla y le\u00f3n","Juventud"],"articleSection":["Actualidad","Asociacionismo","Destacado","Noticias"],"inLanguage":"es","potentialAction":[{"@type":"CommentAction","name":"Comment","target":["https:\/\/redaccionjuvenil.es\/?p=802#respond"]}]},{"@type":"WebPage","@id":"https:\/\/redaccionjuvenil.es\/?p=802","url":"https:\/\/redaccionjuvenil.es\/?p=802","name":"Recordar para no repetir, la Memoria Democr\u00e1tica llega a los j\u00f3venes - RED-ACCI\u00d3N JUVENIL","isPartOf":{"@id":"https:\/\/redaccionjuvenil.es\/#website"},"primaryImageOfPage":{"@id":"https:\/\/redaccionjuvenil.es\/?p=802#primaryimage"},"image":{"@id":"https:\/\/redaccionjuvenil.es\/?p=802#primaryimage"},"thumbnailUrl":"https:\/\/redaccionjuvenil.es\/wp-content\/uploads\/2026\/04\/Ninos-escondidos-en-un-bombardeo-en-Madrid-e1775837273223.jpg","datePublished":"2026-04-13T13:57:05+00:00","dateModified":"2026-04-13T13:57:08+00:00","breadcrumb":{"@id":"https:\/\/redaccionjuvenil.es\/?p=802#breadcrumb"},"inLanguage":"es","potentialAction":[{"@type":"ReadAction","target":["https:\/\/redaccionjuvenil.es\/?p=802"]}]},{"@type":"ImageObject","inLanguage":"es","@id":"https:\/\/redaccionjuvenil.es\/?p=802#primaryimage","url":"https:\/\/redaccionjuvenil.es\/wp-content\/uploads\/2026\/04\/Ninos-escondidos-en-un-bombardeo-en-Madrid-e1775837273223.jpg","contentUrl":"https:\/\/redaccionjuvenil.es\/wp-content\/uploads\/2026\/04\/Ninos-escondidos-en-un-bombardeo-en-Madrid-e1775837273223.jpg","width":645,"height":566},{"@type":"BreadcrumbList","@id":"https:\/\/redaccionjuvenil.es\/?p=802#breadcrumb","itemListElement":[{"@type":"ListItem","position":1,"name":"Portada","item":"https:\/\/redaccionjuvenil.es\/"},{"@type":"ListItem","position":2,"name":"Recordar para no repetir, la Memoria Democr\u00e1tica llega a los j\u00f3venes"}]},{"@type":"WebSite","@id":"https:\/\/redaccionjuvenil.es\/#website","url":"https:\/\/redaccionjuvenil.es\/","name":"RED-ACCI\u00d3N JUVENIL","description":"DONDE LA JUVENTUD INFORMA Y TRANSFORMA","publisher":{"@id":"https:\/\/redaccionjuvenil.es\/#organization"},"potentialAction":[{"@type":"SearchAction","target":{"@type":"EntryPoint","urlTemplate":"https:\/\/redaccionjuvenil.es\/?s={search_term_string}"},"query-input":{"@type":"PropertyValueSpecification","valueRequired":true,"valueName":"search_term_string"}}],"inLanguage":"es"},{"@type":"Organization","@id":"https:\/\/redaccionjuvenil.es\/#organization","name":"RED-ACCI\u00d3N JUVENIL","url":"https:\/\/redaccionjuvenil.es\/","logo":{"@type":"ImageObject","inLanguage":"es","@id":"https:\/\/redaccionjuvenil.es\/#\/schema\/logo\/image\/","url":"https:\/\/redaccionjuvenil.es\/wp-content\/uploads\/2026\/03\/cropped-cropped-logo_redaccion_juvenil_primer_propuesta-1.png","contentUrl":"https:\/\/redaccionjuvenil.es\/wp-content\/uploads\/2026\/03\/cropped-cropped-logo_redaccion_juvenil_primer_propuesta-1.png","width":723,"height":723,"caption":"RED-ACCI\u00d3N JUVENIL"},"image":{"@id":"https:\/\/redaccionjuvenil.es\/#\/schema\/logo\/image\/"}},{"@type":"Person","@id":"https:\/\/redaccionjuvenil.es\/#\/schema\/person\/73489cbede5d15c400594d976afa0a8f","name":"Alba Hernandez","image":{"@type":"ImageObject","inLanguage":"es","@id":"https:\/\/redaccionjuvenil.es\/#\/schema\/person\/image\/","url":"https:\/\/secure.gravatar.com\/avatar\/10aa79a9c7f2f97eb66b566f6a2d07fdc6099d28d57703af3df855ef49561955?s=96&d=mm&r=g","contentUrl":"https:\/\/secure.gravatar.com\/avatar\/10aa79a9c7f2f97eb66b566f6a2d07fdc6099d28d57703af3df855ef49561955?s=96&d=mm&r=g","caption":"Alba Hernandez"},"sameAs":["http:\/\/RedaccionJ2026!"],"url":"https:\/\/redaccionjuvenil.es\/?author=10"}]}},"_links":{"self":[{"href":"https:\/\/redaccionjuvenil.es\/index.php?rest_route=\/wp\/v2\/posts\/802","targetHints":{"allow":["GET"]}}],"collection":[{"href":"https:\/\/redaccionjuvenil.es\/index.php?rest_route=\/wp\/v2\/posts"}],"about":[{"href":"https:\/\/redaccionjuvenil.es\/index.php?rest_route=\/wp\/v2\/types\/post"}],"author":[{"embeddable":true,"href":"https:\/\/redaccionjuvenil.es\/index.php?rest_route=\/wp\/v2\/users\/10"}],"replies":[{"embeddable":true,"href":"https:\/\/redaccionjuvenil.es\/index.php?rest_route=%2Fwp%2Fv2%2Fcomments&post=802"}],"version-history":[{"count":6,"href":"https:\/\/redaccionjuvenil.es\/index.php?rest_route=\/wp\/v2\/posts\/802\/revisions"}],"predecessor-version":[{"id":837,"href":"https:\/\/redaccionjuvenil.es\/index.php?rest_route=\/wp\/v2\/posts\/802\/revisions\/837"}],"wp:featuredmedia":[{"embeddable":true,"href":"https:\/\/redaccionjuvenil.es\/index.php?rest_route=\/wp\/v2\/media\/803"}],"wp:attachment":[{"href":"https:\/\/redaccionjuvenil.es\/index.php?rest_route=%2Fwp%2Fv2%2Fmedia&parent=802"}],"wp:term":[{"taxonomy":"category","embeddable":true,"href":"https:\/\/redaccionjuvenil.es\/index.php?rest_route=%2Fwp%2Fv2%2Fcategories&post=802"},{"taxonomy":"post_tag","embeddable":true,"href":"https:\/\/redaccionjuvenil.es\/index.php?rest_route=%2Fwp%2Fv2%2Ftags&post=802"}],"curies":[{"name":"wp","href":"https:\/\/api.w.org\/{rel}","templated":true}]}}