{"id":813,"date":"2026-04-13T07:08:44","date_gmt":"2026-04-13T07:08:44","guid":{"rendered":"https:\/\/redaccionjuvenil.es\/?p=813"},"modified":"2026-04-13T07:08:47","modified_gmt":"2026-04-13T07:08:47","slug":"rios-de-luz-ilumina-las-calles-de-valladolid","status":"publish","type":"post","link":"https:\/\/redaccionjuvenil.es\/?p=813","title":{"rendered":"\u00abR\u00edos de Luz\u00bb ilumina las calles de Valladolid"},"content":{"rendered":"\n<p class=\"has-small-font-size\">Alrededor de 3700 participantes se vistieron de corredores para citarse en la C\u00fapula del Milenio otro a\u00f1o m\u00e1s. Gracias a la labor de las ONGs organizadoras, de los clubes deportivos, de la Fundaci\u00f3n Municipal de Deportes y del Ayuntamiento todo fue sobre ruedas<\/p>\n\n\n\n<p class=\"has-medium-font-size\">A las 9 de la noche en punto sali\u00f3 el primer grupo de corredores, sin tardanzas y con mucha energ\u00eda. 3 minutos despu\u00e9s salieron el resto de corredores que completaron la participaci\u00f3n en esta cita en la capital vallisoletana. Con <strong>cifra r\u00e9cord<\/strong> en los participantes, las calles estaban llenas y con muchos \u00e1nimos por el evento.<\/p>\n\n\n\n<p class=\"has-medium-font-size\">En la categor\u00eda masculina, <strong>gan\u00f3 Juan Zurro con una marca de 17 min 43 segundos <\/strong>en la prueba que contaba con 5,6 kil\u00f3metros. El deportista lagunero fue acompa\u00f1ado en el podio por <strong>Javier Gil y Alejandro Calvo<\/strong>. En la categor\u00eda femenina, la victoria fue para <strong>Claudia Mayordomo, del club Triatl\u00f3n Pisuerga<\/strong>, que hizo una marca por <strong>debajo de los 21 minutos<\/strong>. La segunda clasificada fue <strong>Olga Arias<\/strong> y la tercera <strong>Sara Briso-Montiano<\/strong>.<\/p>\n\n\n\n<div class=\"wp-block-columns is-layout-flex wp-container-core-columns-is-layout-9d6595d7 wp-block-columns-is-layout-flex\">\n<div class=\"wp-block-column is-layout-flow wp-block-column-is-layout-flow\">\n<figure class=\"wp-block-image size-large is-resized\"><img loading=\"lazy\" decoding=\"async\" width=\"768\" height=\"1024\" src=\"https:\/\/redaccionjuvenil.es\/wp-content\/uploads\/2026\/04\/Rios-de-Luz-12-768x1024.jpeg\" alt=\"\" class=\"wp-image-822\" style=\"aspect-ratio:0.7500184842883549;width:311px;height:auto\" srcset=\"https:\/\/redaccionjuvenil.es\/wp-content\/uploads\/2026\/04\/Rios-de-Luz-12-768x1024.jpeg 768w, https:\/\/redaccionjuvenil.es\/wp-content\/uploads\/2026\/04\/Rios-de-Luz-12-225x300.jpeg 225w, https:\/\/redaccionjuvenil.es\/wp-content\/uploads\/2026\/04\/Rios-de-Luz-12-1152x1536.jpeg 1152w, https:\/\/redaccionjuvenil.es\/wp-content\/uploads\/2026\/04\/Rios-de-Luz-12.jpeg 1536w\" sizes=\"auto, (max-width: 768px) 100vw, 768px\" \/><figcaption class=\"wp-element-caption\">Hecho por: Marcos Bl\u00e1zquez<\/figcaption><\/figure>\n<\/div>\n\n\n\n<div class=\"wp-block-column is-layout-flow wp-block-column-is-layout-flow\">\n<figure class=\"wp-block-image size-large is-resized\"><img loading=\"lazy\" decoding=\"async\" width=\"768\" height=\"1024\" src=\"https:\/\/redaccionjuvenil.es\/wp-content\/uploads\/2026\/04\/Rios-de-Luz-13-768x1024.jpeg\" alt=\"\" class=\"wp-image-821\" style=\"width:308px;height:auto\" srcset=\"https:\/\/redaccionjuvenil.es\/wp-content\/uploads\/2026\/04\/Rios-de-Luz-13-768x1024.jpeg 768w, https:\/\/redaccionjuvenil.es\/wp-content\/uploads\/2026\/04\/Rios-de-Luz-13-225x300.jpeg 225w, https:\/\/redaccionjuvenil.es\/wp-content\/uploads\/2026\/04\/Rios-de-Luz-13-1152x1536.jpeg 1152w, https:\/\/redaccionjuvenil.es\/wp-content\/uploads\/2026\/04\/Rios-de-Luz-13.jpeg 1536w\" sizes=\"auto, (max-width: 768px) 100vw, 768px\" \/><figcaption class=\"wp-element-caption\">Hecho por: Marcos Bl\u00e1zquez<\/figcaption><\/figure>\n<\/div>\n<\/div>\n\n\n\n<p class=\"has-medium-font-size\">Todos los corredores pasaron por sitios importantes del <strong>centro de Valladolid, <\/strong>como <strong>la plaza Mayor, la Casa Mantilla o la Academia Caballer\u00eda<\/strong> para acabar en<strong> la C\u00fapula del Milenio<\/strong>. Tambi\u00e9n pasaron por sitios como <strong>el puente de Isabel La Cat\u00f3lica, el Convento de San Agust\u00edn, el Archivo Municipal, el Palacio de Fabio Nelli, <\/strong>o <strong>el Palacio Real<\/strong>. <\/p>\n\n\n\n<p class=\"has-medium-font-size\">Mientras corr\u00edan, los que no iban tan justos de aliento, pudieron observar <strong>la iglesia de San Pablo, el Museo Colegio de San Gregorio, la Antigua, la Iglesia de Las Angustias <\/strong>o<strong> la plaza de la Universidad<\/strong>. Como novedad este a\u00f1o para optimizar el flujo de la carrera, el recorrido sufri\u00f3 una peque\u00f1a variaci\u00f3n, sustituyendo la calle Constituci\u00f3n por la <strong>calle Montero Calvo<\/strong>.<\/p>\n\n\n\n<p class=\"has-medium-font-size\">El pistoletazo de salida lo dio el alcalde, <strong>Jes\u00fas Julio Carnero, acompa\u00f1ado de las concejalas de Deportes, Mayte Mart\u00ednez, y Turismo, Blanca Jim\u00e9nez, quien particip\u00f3<\/strong> como corredora. Tambi\u00e9n estuvieron acompa\u00f1ados por el <strong>gerente de la FMD, Santiago Hidalgo<\/strong>. <\/p>\n\n\n<div class=\"wp-block-image\">\n<figure class=\"aligncenter size-large is-resized\"><img loading=\"lazy\" decoding=\"async\" width=\"768\" height=\"1024\" src=\"https:\/\/redaccionjuvenil.es\/wp-content\/uploads\/2026\/04\/Rios-de-Luz-4-768x1024.jpeg\" alt=\"\" class=\"wp-image-825\" style=\"width:251px;height:auto\" srcset=\"https:\/\/redaccionjuvenil.es\/wp-content\/uploads\/2026\/04\/Rios-de-Luz-4-768x1024.jpeg 768w, https:\/\/redaccionjuvenil.es\/wp-content\/uploads\/2026\/04\/Rios-de-Luz-4-225x300.jpeg 225w, https:\/\/redaccionjuvenil.es\/wp-content\/uploads\/2026\/04\/Rios-de-Luz-4-1152x1536.jpeg 1152w, https:\/\/redaccionjuvenil.es\/wp-content\/uploads\/2026\/04\/Rios-de-Luz-4.jpeg 1200w\" sizes=\"auto, (max-width: 768px) 100vw, 768px\" \/><figcaption class=\"wp-element-caption\">Hecho por: Marcos Bl\u00e1zquez<\/figcaption><\/figure>\n<\/div>\n\n\n<h2 class=\"wp-block-heading has-medium-font-size\">Organizaci\u00f3n y voluntariado<\/h2>\n\n\n\n<p class=\"has-medium-font-size\">Toda esta tradici\u00f3n deportiva tuvo sus frutos y es que el dinero recaudado servir\u00e1 para <strong>financiar la labor de las 3 ONGs organizadoras: UNICEF, Entreculturas y Red \u00cdncola<\/strong>. Estas tres entidades transformaron el esfuerzo de los corredores en proyectos de apoyo para colectivos vulnerables, tanto en Valladolid como en otros lugares del mundo. Para que todo saliese bien se reunieron d\u00edas antes para decidir la labor de cada una de las organizaciones.<\/p>\n\n\n\n<p class=\"has-medium-font-size\"><strong>Roc\u00edo, encargada de UNICEF<\/strong>, dec\u00eda que su labor era ayudar y conseguir la mayor cantidad de fondos posibles. A parte de los dorsales normales, que costaban 6 euros, hab\u00eda unos <strong>dorsales 0, llamados dorsales solidarios<\/strong>, para los que no pod\u00edan correr. Ese dinero, 10 euros, ten\u00eda la misma finalidad que las inscripciones de corredores, solo que daba la <strong>oportunidad<\/strong> a gente que no pod\u00eda participar en la carrera. <\/p>\n\n\n\n<figure class=\"wp-block-embed is-type-rich is-provider-twitter wp-block-embed-twitter\"><div class=\"wp-block-embed__wrapper\">\n<blockquote class=\"twitter-tweet\" data-width=\"550\" data-dnt=\"true\"><p lang=\"es\" dir=\"ltr\">Las im\u00e1genes de la carrera R\u00edos de Luz <a href=\"https:\/\/t.co\/2xlkm9gwxB\">https:\/\/t.co\/2xlkm9gwxB<\/a><\/p>&mdash; El Norte de Castilla (@nortecastilla) <a href=\"https:\/\/twitter.com\/nortecastilla\/status\/2043201520892592355?ref_src=twsrc%5Etfw\">April 12, 2026<\/a><\/blockquote><script async src=\"https:\/\/platform.twitter.com\/widgets.js\" charset=\"utf-8\"><\/script>\n<\/div><\/figure>\n\n\n\n<p class=\"has-medium-font-size\">La <strong>organizaci\u00f3n de la prueba se desarroll\u00f3 sin problemas, gracias al trabajo de un centenar de voluntarios de las tres ONGs y de los clubes C.D. Atletas Populares y C.D. Vallisoletanos Trotapinares<\/strong>, fundamentales para coordinar los puntos clave de la ciudad. \u00abYo estoy aqu\u00ed porque quiero ayudar y tengo relaci\u00f3n con Atletas Populares\u00bb, comentaba una voluntaria. <\/p>\n\n\n\n<p class=\"has-medium-font-size\">Adem\u00e1s, se encargaron del <strong>ropero <\/strong>para que los participantes dejaran sus mochilas y dieron bolsas de <strong>avituallamiento <\/strong>al final de la carrera. \u00abA nosotros nos llam\u00f3 la Fundaci\u00f3n Municipal de Deportes porque <strong>necesitaban ayuda para la carrera y les dijimos que s\u00ed.<\/strong> Llevamos organizando carreras mucho tiempo\u00bb, contaba el encargado del ropero, miembro de Atletas Populares\u00bb.<\/p>\n\n\n\n<figure class=\"wp-block-embed is-type-rich is-provider-twitter wp-block-embed-twitter\"><div class=\"wp-block-embed__wrapper\">\n<blockquote class=\"twitter-tweet\" data-width=\"550\" data-dnt=\"true\"><p lang=\"art\" dir=\"ltr\">\ud83d\udc4f\ud83d\udc4f\ud83e\udd47 <a href=\"https:\/\/t.co\/YjD3bC9IDG\">https:\/\/t.co\/YjD3bC9IDG<\/a><\/p>&mdash; DeportesVLL (@DeportesVLL) <a href=\"https:\/\/twitter.com\/DeportesVLL\/status\/2039019253421007279?ref_src=twsrc%5Etfw\">March 31, 2026<\/a><\/blockquote><script async src=\"https:\/\/platform.twitter.com\/widgets.js\" charset=\"utf-8\"><\/script>\n<\/div><\/figure>\n\n\n\n<p class=\"has-medium-font-size\"><strong>Gloria, voluntaria de UNICEF,<\/strong> comentaba que llevaba mucho tiempo en la organizaci\u00f3n que segu\u00eda los deseos de su madre por ayudar a los que lo necesitan. \u00abMi labor es dar una botella de agua, una barra energ\u00e9tica y una fruta a los corredores cuando acaban\u00bb, segu\u00eda diciendo <strong>Elo, otro compa\u00f1era de UNICEF<\/strong>. <\/p>\n\n\n\n<p class=\"has-medium-font-size\">Tambi\u00e9n se cont\u00f3 con participaci\u00f3n de la <strong>Polic\u00eda Municipal, Protecci\u00f3n Civil y varias ambulancias<\/strong> en caso de que hubiese alguna emergencia. \u00abSi tenemos alg\u00fan problema con los asistentes o con los corredores hay polic\u00eda y ambulancias que podemos llamar\u00bb, comentaban dos voluntarias j\u00f3venes de UNICEF.<\/p>\n\n\n<div class=\"wp-block-image\">\n<figure class=\"aligncenter size-large is-resized\"><img loading=\"lazy\" decoding=\"async\" width=\"768\" height=\"1024\" src=\"https:\/\/redaccionjuvenil.es\/wp-content\/uploads\/2026\/04\/Rios-de-Luz-1-768x1024.jpeg\" alt=\"\" class=\"wp-image-828\" style=\"width:230px;height:auto\" srcset=\"https:\/\/redaccionjuvenil.es\/wp-content\/uploads\/2026\/04\/Rios-de-Luz-1-768x1024.jpeg 768w, https:\/\/redaccionjuvenil.es\/wp-content\/uploads\/2026\/04\/Rios-de-Luz-1-225x300.jpeg 225w, https:\/\/redaccionjuvenil.es\/wp-content\/uploads\/2026\/04\/Rios-de-Luz-1-1152x1536.jpeg 1152w, https:\/\/redaccionjuvenil.es\/wp-content\/uploads\/2026\/04\/Rios-de-Luz-1.jpeg 1200w\" sizes=\"auto, (max-width: 768px) 100vw, 768px\" \/><figcaption class=\"wp-element-caption\">Hecho por: Marcos Bl\u00e1zquez<\/figcaption><\/figure>\n<\/div>","protected":false},"excerpt":{"rendered":"<p>Alrededor de 3700 participantes se vistieron de corredores para citarse en la C\u00fapula del Milenio otro a\u00f1o m\u00e1s. Gracias a la labor de las ONGs organizadoras, de los clubes deportivos,&#8230;<\/p>\n","protected":false},"author":3,"featured_media":827,"comment_status":"open","ping_status":"open","sticky":false,"template":"","format":"standard","meta":{"_kadence_starter_templates_imported_post":false,"footnotes":""},"categories":[1,21,23,2,16,5],"tags":[115,116,117,118,119,121,122],"class_list":["post-813","post","type-post","status-publish","format-standard","has-post-thumbnail","hentry","category-actualidad","category-deporte","category-destacado","category-noticias","category-te-interesa","category-voluntariado","tag-ayuntamiento-de-valladolid","tag-carrera-de-rios-de-luz","tag-cd-atletas-populares","tag-cd-vallisoletanos-trotapinares","tag-entreculturas","tag-fmd","tag-unicef"],"yoast_head":"<!-- This site is optimized with the Yoast SEO plugin v27.1.1 - https:\/\/yoast.com\/product\/yoast-seo-wordpress\/ -->\n<title>&quot;R\u00edos de Luz&quot; ilumina las calles de Valladolid - RED-ACCI\u00d3N JUVENIL<\/title>\n<meta name=\"description\" content=\"Alrededor de 3700 participantes se vistieron de corredores para citarse en la C\u00fapula del Milenio otro a\u00f1o m\u00e1s\" \/>\n<meta name=\"robots\" content=\"index, follow, max-snippet:-1, max-image-preview:large, max-video-preview:-1\" \/>\n<link rel=\"canonical\" href=\"https:\/\/redaccionjuvenil.es\/?p=813\" \/>\n<meta property=\"og:locale\" content=\"es_ES\" \/>\n<meta property=\"og:type\" content=\"article\" \/>\n<meta property=\"og:title\" content=\"&quot;R\u00edos de Luz&quot; ilumina las calles de Valladolid - RED-ACCI\u00d3N JUVENIL\" \/>\n<meta property=\"og:description\" content=\"Alrededor de 3700 participantes se vistieron de corredores para citarse en la C\u00fapula del Milenio otro a\u00f1o m\u00e1s\" \/>\n<meta property=\"og:url\" content=\"https:\/\/redaccionjuvenil.es\/?p=813\" \/>\n<meta property=\"og:site_name\" content=\"RED-ACCI\u00d3N JUVENIL\" \/>\n<meta property=\"article:published_time\" content=\"2026-04-13T07:08:44+00:00\" \/>\n<meta property=\"article:modified_time\" content=\"2026-04-13T07:08:47+00:00\" \/>\n<meta property=\"og:image\" content=\"https:\/\/redaccionjuvenil.es\/wp-content\/uploads\/2026\/04\/Rios-de-Luz-2.jpeg\" \/>\n\t<meta property=\"og:image:width\" content=\"1200\" \/>\n\t<meta property=\"og:image:height\" content=\"1600\" \/>\n\t<meta property=\"og:image:type\" content=\"image\/jpeg\" \/>\n<meta name=\"author\" content=\"Rebeca Asensio Vega\" \/>\n<meta name=\"twitter:card\" content=\"summary_large_image\" \/>\n<meta name=\"twitter:label1\" content=\"Escrito por\" \/>\n\t<meta name=\"twitter:data1\" content=\"Rebeca Asensio Vega\" \/>\n\t<meta name=\"twitter:label2\" content=\"Tiempo de lectura\" \/>\n\t<meta name=\"twitter:data2\" content=\"5 minutos\" \/>\n<script type=\"application\/ld+json\" class=\"yoast-schema-graph\">{\"@context\":\"https:\/\/schema.org\",\"@graph\":[{\"@type\":\"Article\",\"@id\":\"https:\/\/redaccionjuvenil.es\/?p=813#article\",\"isPartOf\":{\"@id\":\"https:\/\/redaccionjuvenil.es\/?p=813\"},\"author\":{\"name\":\"Rebeca Asensio Vega\",\"@id\":\"https:\/\/redaccionjuvenil.es\/#\/schema\/person\/0a408191f7bf246b8258bd0220fbc97b\"},\"headline\":\"\u00abR\u00edos de Luz\u00bb ilumina las calles de Valladolid\",\"datePublished\":\"2026-04-13T07:08:44+00:00\",\"dateModified\":\"2026-04-13T07:08:47+00:00\",\"mainEntityOfPage\":{\"@id\":\"https:\/\/redaccionjuvenil.es\/?p=813\"},\"wordCount\":766,\"commentCount\":0,\"publisher\":{\"@id\":\"https:\/\/redaccionjuvenil.es\/#organization\"},\"image\":{\"@id\":\"https:\/\/redaccionjuvenil.es\/?p=813#primaryimage\"},\"thumbnailUrl\":\"https:\/\/redaccionjuvenil.es\/wp-content\/uploads\/2026\/04\/Rios-de-Luz-2.jpeg\",\"keywords\":[\"Ayuntamiento de Valladolid\",\"Carrera de \\\"R\u00edos de Luz\\\"\",\"CD Atletas Populares\",\"CD Vallisoletanos Trotapinares\",\"Entreculturas\",\"FMD\",\"UNICEF\"],\"articleSection\":[\"Actualidad\",\"Deporte\",\"Destacado\",\"Noticias\",\"Te interesa\",\"Voluntariado\"],\"inLanguage\":\"es\",\"potentialAction\":[{\"@type\":\"CommentAction\",\"name\":\"Comment\",\"target\":[\"https:\/\/redaccionjuvenil.es\/?p=813#respond\"]}]},{\"@type\":\"WebPage\",\"@id\":\"https:\/\/redaccionjuvenil.es\/?p=813\",\"url\":\"https:\/\/redaccionjuvenil.es\/?p=813\",\"name\":\"\\\"R\u00edos de Luz\\\" ilumina las calles de Valladolid - RED-ACCI\u00d3N JUVENIL\",\"isPartOf\":{\"@id\":\"https:\/\/redaccionjuvenil.es\/#website\"},\"primaryImageOfPage\":{\"@id\":\"https:\/\/redaccionjuvenil.es\/?p=813#primaryimage\"},\"image\":{\"@id\":\"https:\/\/redaccionjuvenil.es\/?p=813#primaryimage\"},\"thumbnailUrl\":\"https:\/\/redaccionjuvenil.es\/wp-content\/uploads\/2026\/04\/Rios-de-Luz-2.jpeg\",\"datePublished\":\"2026-04-13T07:08:44+00:00\",\"dateModified\":\"2026-04-13T07:08:47+00:00\",\"description\":\"Alrededor de 3700 participantes se vistieron de corredores para citarse en la C\u00fapula del Milenio otro a\u00f1o m\u00e1s\",\"breadcrumb\":{\"@id\":\"https:\/\/redaccionjuvenil.es\/?p=813#breadcrumb\"},\"inLanguage\":\"es\",\"potentialAction\":[{\"@type\":\"ReadAction\",\"target\":[\"https:\/\/redaccionjuvenil.es\/?p=813\"]}]},{\"@type\":\"ImageObject\",\"inLanguage\":\"es\",\"@id\":\"https:\/\/redaccionjuvenil.es\/?p=813#primaryimage\",\"url\":\"https:\/\/redaccionjuvenil.es\/wp-content\/uploads\/2026\/04\/Rios-de-Luz-2.jpeg\",\"contentUrl\":\"https:\/\/redaccionjuvenil.es\/wp-content\/uploads\/2026\/04\/Rios-de-Luz-2.jpeg\",\"width\":1200,\"height\":1600,\"caption\":\"Hecho por: Marcos Bl\u00e1zquez\"},{\"@type\":\"BreadcrumbList\",\"@id\":\"https:\/\/redaccionjuvenil.es\/?p=813#breadcrumb\",\"itemListElement\":[{\"@type\":\"ListItem\",\"position\":1,\"name\":\"Portada\",\"item\":\"https:\/\/redaccionjuvenil.es\/\"},{\"@type\":\"ListItem\",\"position\":2,\"name\":\"\u00abR\u00edos de Luz\u00bb ilumina las calles de Valladolid\"}]},{\"@type\":\"WebSite\",\"@id\":\"https:\/\/redaccionjuvenil.es\/#website\",\"url\":\"https:\/\/redaccionjuvenil.es\/\",\"name\":\"RED-ACCI\u00d3N JUVENIL\",\"description\":\"DONDE LA JUVENTUD INFORMA Y TRANSFORMA\",\"publisher\":{\"@id\":\"https:\/\/redaccionjuvenil.es\/#organization\"},\"potentialAction\":[{\"@type\":\"SearchAction\",\"target\":{\"@type\":\"EntryPoint\",\"urlTemplate\":\"https:\/\/redaccionjuvenil.es\/?s={search_term_string}\"},\"query-input\":{\"@type\":\"PropertyValueSpecification\",\"valueRequired\":true,\"valueName\":\"search_term_string\"}}],\"inLanguage\":\"es\"},{\"@type\":\"Organization\",\"@id\":\"https:\/\/redaccionjuvenil.es\/#organization\",\"name\":\"RED-ACCI\u00d3N JUVENIL\",\"url\":\"https:\/\/redaccionjuvenil.es\/\",\"logo\":{\"@type\":\"ImageObject\",\"inLanguage\":\"es\",\"@id\":\"https:\/\/redaccionjuvenil.es\/#\/schema\/logo\/image\/\",\"url\":\"https:\/\/redaccionjuvenil.es\/wp-content\/uploads\/2026\/03\/cropped-cropped-logo_redaccion_juvenil_primer_propuesta-1.png\",\"contentUrl\":\"https:\/\/redaccionjuvenil.es\/wp-content\/uploads\/2026\/03\/cropped-cropped-logo_redaccion_juvenil_primer_propuesta-1.png\",\"width\":723,\"height\":723,\"caption\":\"RED-ACCI\u00d3N JUVENIL\"},\"image\":{\"@id\":\"https:\/\/redaccionjuvenil.es\/#\/schema\/logo\/image\/\"}},{\"@type\":\"Person\",\"@id\":\"https:\/\/redaccionjuvenil.es\/#\/schema\/person\/0a408191f7bf246b8258bd0220fbc97b\",\"name\":\"Rebeca Asensio Vega\",\"image\":{\"@type\":\"ImageObject\",\"inLanguage\":\"es\",\"@id\":\"https:\/\/redaccionjuvenil.es\/#\/schema\/person\/image\/\",\"url\":\"https:\/\/secure.gravatar.com\/avatar\/b5499c88eba3379f7cd3ba783af32f57876b5f0e2313674fb16e8c9cbeecbc2f?s=96&d=mm&r=g\",\"contentUrl\":\"https:\/\/secure.gravatar.com\/avatar\/b5499c88eba3379f7cd3ba783af32f57876b5f0e2313674fb16e8c9cbeecbc2f?s=96&d=mm&r=g\",\"caption\":\"Rebeca Asensio Vega\"},\"url\":\"https:\/\/redaccionjuvenil.es\/?author=3\"}]}<\/script>\n<!-- \/ Yoast SEO plugin. -->","yoast_head_json":{"title":"\"R\u00edos de Luz\" ilumina las calles de Valladolid - RED-ACCI\u00d3N JUVENIL","description":"Alrededor de 3700 participantes se vistieron de corredores para citarse en la C\u00fapula del Milenio otro a\u00f1o m\u00e1s","robots":{"index":"index","follow":"follow","max-snippet":"max-snippet:-1","max-image-preview":"max-image-preview:large","max-video-preview":"max-video-preview:-1"},"canonical":"https:\/\/redaccionjuvenil.es\/?p=813","og_locale":"es_ES","og_type":"article","og_title":"\"R\u00edos de Luz\" ilumina las calles de Valladolid - RED-ACCI\u00d3N JUVENIL","og_description":"Alrededor de 3700 participantes se vistieron de corredores para citarse en la C\u00fapula del Milenio otro a\u00f1o m\u00e1s","og_url":"https:\/\/redaccionjuvenil.es\/?p=813","og_site_name":"RED-ACCI\u00d3N JUVENIL","article_published_time":"2026-04-13T07:08:44+00:00","article_modified_time":"2026-04-13T07:08:47+00:00","og_image":[{"width":1200,"height":1600,"url":"https:\/\/redaccionjuvenil.es\/wp-content\/uploads\/2026\/04\/Rios-de-Luz-2.jpeg","type":"image\/jpeg"}],"author":"Rebeca Asensio Vega","twitter_card":"summary_large_image","twitter_misc":{"Escrito por":"Rebeca Asensio Vega","Tiempo de lectura":"5 minutos"},"schema":{"@context":"https:\/\/schema.org","@graph":[{"@type":"Article","@id":"https:\/\/redaccionjuvenil.es\/?p=813#article","isPartOf":{"@id":"https:\/\/redaccionjuvenil.es\/?p=813"},"author":{"name":"Rebeca Asensio Vega","@id":"https:\/\/redaccionjuvenil.es\/#\/schema\/person\/0a408191f7bf246b8258bd0220fbc97b"},"headline":"\u00abR\u00edos de Luz\u00bb ilumina las calles de Valladolid","datePublished":"2026-04-13T07:08:44+00:00","dateModified":"2026-04-13T07:08:47+00:00","mainEntityOfPage":{"@id":"https:\/\/redaccionjuvenil.es\/?p=813"},"wordCount":766,"commentCount":0,"publisher":{"@id":"https:\/\/redaccionjuvenil.es\/#organization"},"image":{"@id":"https:\/\/redaccionjuvenil.es\/?p=813#primaryimage"},"thumbnailUrl":"https:\/\/redaccionjuvenil.es\/wp-content\/uploads\/2026\/04\/Rios-de-Luz-2.jpeg","keywords":["Ayuntamiento de Valladolid","Carrera de \"R\u00edos de Luz\"","CD Atletas Populares","CD Vallisoletanos Trotapinares","Entreculturas","FMD","UNICEF"],"articleSection":["Actualidad","Deporte","Destacado","Noticias","Te interesa","Voluntariado"],"inLanguage":"es","potentialAction":[{"@type":"CommentAction","name":"Comment","target":["https:\/\/redaccionjuvenil.es\/?p=813#respond"]}]},{"@type":"WebPage","@id":"https:\/\/redaccionjuvenil.es\/?p=813","url":"https:\/\/redaccionjuvenil.es\/?p=813","name":"\"R\u00edos de Luz\" ilumina las calles de Valladolid - RED-ACCI\u00d3N JUVENIL","isPartOf":{"@id":"https:\/\/redaccionjuvenil.es\/#website"},"primaryImageOfPage":{"@id":"https:\/\/redaccionjuvenil.es\/?p=813#primaryimage"},"image":{"@id":"https:\/\/redaccionjuvenil.es\/?p=813#primaryimage"},"thumbnailUrl":"https:\/\/redaccionjuvenil.es\/wp-content\/uploads\/2026\/04\/Rios-de-Luz-2.jpeg","datePublished":"2026-04-13T07:08:44+00:00","dateModified":"2026-04-13T07:08:47+00:00","description":"Alrededor de 3700 participantes se vistieron de corredores para citarse en la C\u00fapula del Milenio otro a\u00f1o m\u00e1s","breadcrumb":{"@id":"https:\/\/redaccionjuvenil.es\/?p=813#breadcrumb"},"inLanguage":"es","potentialAction":[{"@type":"ReadAction","target":["https:\/\/redaccionjuvenil.es\/?p=813"]}]},{"@type":"ImageObject","inLanguage":"es","@id":"https:\/\/redaccionjuvenil.es\/?p=813#primaryimage","url":"https:\/\/redaccionjuvenil.es\/wp-content\/uploads\/2026\/04\/Rios-de-Luz-2.jpeg","contentUrl":"https:\/\/redaccionjuvenil.es\/wp-content\/uploads\/2026\/04\/Rios-de-Luz-2.jpeg","width":1200,"height":1600,"caption":"Hecho por: Marcos Bl\u00e1zquez"},{"@type":"BreadcrumbList","@id":"https:\/\/redaccionjuvenil.es\/?p=813#breadcrumb","itemListElement":[{"@type":"ListItem","position":1,"name":"Portada","item":"https:\/\/redaccionjuvenil.es\/"},{"@type":"ListItem","position":2,"name":"\u00abR\u00edos de Luz\u00bb ilumina las calles de Valladolid"}]},{"@type":"WebSite","@id":"https:\/\/redaccionjuvenil.es\/#website","url":"https:\/\/redaccionjuvenil.es\/","name":"RED-ACCI\u00d3N JUVENIL","description":"DONDE LA JUVENTUD INFORMA Y TRANSFORMA","publisher":{"@id":"https:\/\/redaccionjuvenil.es\/#organization"},"potentialAction":[{"@type":"SearchAction","target":{"@type":"EntryPoint","urlTemplate":"https:\/\/redaccionjuvenil.es\/?s={search_term_string}"},"query-input":{"@type":"PropertyValueSpecification","valueRequired":true,"valueName":"search_term_string"}}],"inLanguage":"es"},{"@type":"Organization","@id":"https:\/\/redaccionjuvenil.es\/#organization","name":"RED-ACCI\u00d3N JUVENIL","url":"https:\/\/redaccionjuvenil.es\/","logo":{"@type":"ImageObject","inLanguage":"es","@id":"https:\/\/redaccionjuvenil.es\/#\/schema\/logo\/image\/","url":"https:\/\/redaccionjuvenil.es\/wp-content\/uploads\/2026\/03\/cropped-cropped-logo_redaccion_juvenil_primer_propuesta-1.png","contentUrl":"https:\/\/redaccionjuvenil.es\/wp-content\/uploads\/2026\/03\/cropped-cropped-logo_redaccion_juvenil_primer_propuesta-1.png","width":723,"height":723,"caption":"RED-ACCI\u00d3N JUVENIL"},"image":{"@id":"https:\/\/redaccionjuvenil.es\/#\/schema\/logo\/image\/"}},{"@type":"Person","@id":"https:\/\/redaccionjuvenil.es\/#\/schema\/person\/0a408191f7bf246b8258bd0220fbc97b","name":"Rebeca Asensio Vega","image":{"@type":"ImageObject","inLanguage":"es","@id":"https:\/\/redaccionjuvenil.es\/#\/schema\/person\/image\/","url":"https:\/\/secure.gravatar.com\/avatar\/b5499c88eba3379f7cd3ba783af32f57876b5f0e2313674fb16e8c9cbeecbc2f?s=96&d=mm&r=g","contentUrl":"https:\/\/secure.gravatar.com\/avatar\/b5499c88eba3379f7cd3ba783af32f57876b5f0e2313674fb16e8c9cbeecbc2f?s=96&d=mm&r=g","caption":"Rebeca Asensio Vega"},"url":"https:\/\/redaccionjuvenil.es\/?author=3"}]}},"_links":{"self":[{"href":"https:\/\/redaccionjuvenil.es\/index.php?rest_route=\/wp\/v2\/posts\/813","targetHints":{"allow":["GET"]}}],"collection":[{"href":"https:\/\/redaccionjuvenil.es\/index.php?rest_route=\/wp\/v2\/posts"}],"about":[{"href":"https:\/\/redaccionjuvenil.es\/index.php?rest_route=\/wp\/v2\/types\/post"}],"author":[{"embeddable":true,"href":"https:\/\/redaccionjuvenil.es\/index.php?rest_route=\/wp\/v2\/users\/3"}],"replies":[{"embeddable":true,"href":"https:\/\/redaccionjuvenil.es\/index.php?rest_route=%2Fwp%2Fv2%2Fcomments&post=813"}],"version-history":[{"count":12,"href":"https:\/\/redaccionjuvenil.es\/index.php?rest_route=\/wp\/v2\/posts\/813\/revisions"}],"predecessor-version":[{"id":835,"href":"https:\/\/redaccionjuvenil.es\/index.php?rest_route=\/wp\/v2\/posts\/813\/revisions\/835"}],"wp:featuredmedia":[{"embeddable":true,"href":"https:\/\/redaccionjuvenil.es\/index.php?rest_route=\/wp\/v2\/media\/827"}],"wp:attachment":[{"href":"https:\/\/redaccionjuvenil.es\/index.php?rest_route=%2Fwp%2Fv2%2Fmedia&parent=813"}],"wp:term":[{"taxonomy":"category","embeddable":true,"href":"https:\/\/redaccionjuvenil.es\/index.php?rest_route=%2Fwp%2Fv2%2Fcategories&post=813"},{"taxonomy":"post_tag","embeddable":true,"href":"https:\/\/redaccionjuvenil.es\/index.php?rest_route=%2Fwp%2Fv2%2Ftags&post=813"}],"curies":[{"name":"wp","href":"https:\/\/api.w.org\/{rel}","templated":true}]}}