{"id":841,"date":"2026-04-16T09:05:13","date_gmt":"2026-04-16T09:05:13","guid":{"rendered":"https:\/\/redaccionjuvenil.es\/?p=841"},"modified":"2026-04-16T09:25:33","modified_gmt":"2026-04-16T09:25:33","slug":"salamanca-acoge-el-x-encuentro-de-voluntariado-de-ymca-castilla-y-leon","status":"publish","type":"post","link":"https:\/\/redaccionjuvenil.es\/?p=841","title":{"rendered":"Salamanca acoge el X Encuentro de Voluntariado de YMCA Castilla y Le\u00f3n"},"content":{"rendered":"\n<p>El voluntariado se consolida como una herramienta clave de transformaci\u00f3n social y <a href=\"https:\/\/www.ymca.es\/voluntariado\/ymca-premio-estatal-a-la-entidad-de-voluntariado-2025\/\">una fuerza poderosa para hacer que las cosas cambien<\/a>. Actualmente, moviliza a cientos de personas en Castilla y Le\u00f3n y las iniciativas que promueve YMCA ponen el foco en la formaci\u00f3n y la convivencia del voluntariado.<\/p>\n\n\n\n<p>El pasado 11 de abril la ciudad de Salamanca fue la sede del <strong>X Encuentro de Voluntariado de YMCA Castilla y Le\u00f3n<\/strong>. Se reunieron aproximadamente 15 personas voluntarias y t\u00e9cnicas de la entidad procedentes de Valladolid y de Salamanca, con edades comprendidas entre los 15 y los 60 a\u00f1os. Entre los participantes <strong>destac\u00f3 la presencia de Francisco P\u00e9rez, voluntario en la ciudad salmantina y vicepresidente de <a href=\"https:\/\/www.ymca.es\/programas\/programas-de-prevencion-y-sensibilizacion\/\">YMCA Espa\u00f1a<\/a>.<\/strong><\/p>\n\n\n\n<p>Una jornada <strong>tuvo como objetivo fortalecer el v\u00ednculo entre los voluntarios y la propia entidad<\/strong>.  A su vez, foment\u00f3 la creaci\u00f3n de un espacio de convivencia, formaci\u00f3n y reflexi\u00f3n sobre temas relacionados con el voluntariado.<\/p>\n\n\n\n<p>A lo largo del d\u00eda se desarrollaron <strong>actividades y talleres dise\u00f1ados por los propios voluntarios, <\/strong>en las que pudieron compartir experiencias y conocimientos. Adem\u00e1s abordaron temas sociales de la actualidad que tienen repercusi\u00f3n en su labor.<\/p>\n\n\n\n<p>El programa incluy\u00f3 cuatro din\u00e1micas, entre ellas sobre la inteligencia artificial aplicada al voluntariado. En este se explor\u00f3 c\u00f3mo este tipo de herramientas pueden facilitar la creaci\u00f3n de actividades educativas o generar materiales audiovisuales. <strong>La IA ha dejado de ser una realidad lejana para integrarse en las tareas de la vida cotidiana<\/strong>. Lejos de percibirse como una amenaza, su incorporaci\u00f3n puede suponer una oportunidad para dedicar m\u00e1s tiempo a lo que es importante de verdad, las personas.<\/p>\n\n\n\n<p>Por otra parte, se llev\u00f3 a cabo <strong>la actividad \u201cConoce la diversidad\u201d,<\/strong> una intervenci\u00f3n en distintos puntos emblem\u00e1ticos de Salamanca, como la Plaza Mayor o el Huerto de Calixto y Melibea. Estuvo centrada en la sensibilizaci\u00f3n sobre el racismo y la xenofobia. <\/p>\n\n\n\n<figure class=\"wp-block-gallery has-nested-images columns-default is-cropped wp-block-gallery-1 is-layout-flex wp-block-gallery-is-layout-flex\">\n<figure class=\"wp-block-image size-large\"><img loading=\"lazy\" decoding=\"async\" width=\"1024\" height=\"768\" data-id=\"843\" src=\"https:\/\/redaccionjuvenil.es\/wp-content\/uploads\/2026\/04\/WhatsApp-Image-2026-04-14-at-17.21.26-1024x768.jpeg\" alt=\"\" class=\"wp-image-843\" srcset=\"https:\/\/redaccionjuvenil.es\/wp-content\/uploads\/2026\/04\/WhatsApp-Image-2026-04-14-at-17.21.26-1024x768.jpeg 1024w, https:\/\/redaccionjuvenil.es\/wp-content\/uploads\/2026\/04\/WhatsApp-Image-2026-04-14-at-17.21.26-300x225.jpeg 300w, https:\/\/redaccionjuvenil.es\/wp-content\/uploads\/2026\/04\/WhatsApp-Image-2026-04-14-at-17.21.26-768x576.jpeg 768w, https:\/\/redaccionjuvenil.es\/wp-content\/uploads\/2026\/04\/WhatsApp-Image-2026-04-14-at-17.21.26-1536x1152.jpeg 1536w, https:\/\/redaccionjuvenil.es\/wp-content\/uploads\/2026\/04\/WhatsApp-Image-2026-04-14-at-17.21.26.jpeg 1600w\" sizes=\"auto, (max-width: 1024px) 100vw, 1024px\" \/><\/figure>\n\n\n\n<figure class=\"wp-block-image size-large\"><img loading=\"lazy\" decoding=\"async\" width=\"1024\" height=\"768\" data-id=\"842\" src=\"https:\/\/redaccionjuvenil.es\/wp-content\/uploads\/2026\/04\/WhatsApp-Image-2026-04-14-at-17.21.26-1-1024x768.jpeg\" alt=\"\" class=\"wp-image-842\" srcset=\"https:\/\/redaccionjuvenil.es\/wp-content\/uploads\/2026\/04\/WhatsApp-Image-2026-04-14-at-17.21.26-1-1024x768.jpeg 1024w, https:\/\/redaccionjuvenil.es\/wp-content\/uploads\/2026\/04\/WhatsApp-Image-2026-04-14-at-17.21.26-1-300x225.jpeg 300w, https:\/\/redaccionjuvenil.es\/wp-content\/uploads\/2026\/04\/WhatsApp-Image-2026-04-14-at-17.21.26-1-768x576.jpeg 768w, https:\/\/redaccionjuvenil.es\/wp-content\/uploads\/2026\/04\/WhatsApp-Image-2026-04-14-at-17.21.26-1-1536x1152.jpeg 1536w, https:\/\/redaccionjuvenil.es\/wp-content\/uploads\/2026\/04\/WhatsApp-Image-2026-04-14-at-17.21.26-1.jpeg 1600w\" sizes=\"auto, (max-width: 1024px) 100vw, 1024px\" \/><\/figure>\n\n\n\n<figure class=\"wp-block-image size-large\"><img loading=\"lazy\" decoding=\"async\" width=\"1024\" height=\"771\" data-id=\"844\" src=\"https:\/\/redaccionjuvenil.es\/wp-content\/uploads\/2026\/04\/WhatsApp-Image-2026-04-14-at-17.21.27-1-1024x771.jpeg\" alt=\"\" class=\"wp-image-844\" srcset=\"https:\/\/redaccionjuvenil.es\/wp-content\/uploads\/2026\/04\/WhatsApp-Image-2026-04-14-at-17.21.27-1-1024x771.jpeg 1024w, https:\/\/redaccionjuvenil.es\/wp-content\/uploads\/2026\/04\/WhatsApp-Image-2026-04-14-at-17.21.27-1-300x226.jpeg 300w, https:\/\/redaccionjuvenil.es\/wp-content\/uploads\/2026\/04\/WhatsApp-Image-2026-04-14-at-17.21.27-1-768x578.jpeg 768w, https:\/\/redaccionjuvenil.es\/wp-content\/uploads\/2026\/04\/WhatsApp-Image-2026-04-14-at-17.21.27-1-1536x1156.jpeg 1536w, https:\/\/redaccionjuvenil.es\/wp-content\/uploads\/2026\/04\/WhatsApp-Image-2026-04-14-at-17.21.27-1.jpeg 1600w\" sizes=\"auto, (max-width: 1024px) 100vw, 1024px\" \/><\/figure>\n<\/figure>\n\n\n\n<p>Personas de diferentes edades y realidades compartieron as\u00ed un espacio de aprendizaje y convivencia. Y cumplieron su objetivo com\u00fan, seguir aprendiendo y reforzando su compromiso con el voluntariado. Durante la jornada se gener\u00f3 un ambiente participativo en el intercambio de experiencias y se reforzaron lazos entre las personas participantes.<\/p>\n\n\n\n<p>Este tipo de encuentros no solo contribuyen a mejorar la labor voluntaria sino <strong>que fortalecen el sentimiento de motivaci\u00f3n para continuar con el desarrollo de acciones que impacten positivamente a la sociedad.<\/strong><a href=\"https:\/\/www.ymca.es\/hazte-voluntario\/\"> Y t\u00fa, \u00bfte animar\u00edas a ser voluntario o voluntaria?<\/a><\/p>\n","protected":false},"excerpt":{"rendered":"<p>El voluntariado se consolida como una herramienta clave de transformaci\u00f3n social y una fuerza poderosa para hacer que las cosas cambien. Actualmente, moviliza a cientos de personas en Castilla y&#8230;<\/p>\n","protected":false},"author":17,"featured_media":847,"comment_status":"open","ping_status":"open","sticky":false,"template":"","format":"standard","meta":{"_kadence_starter_templates_imported_post":false,"footnotes":""},"categories":[1,8,23,2,15],"tags":[134,132,129,133,130,126,135,127],"class_list":["post-841","post","type-post","status-publish","format-standard","has-post-thumbnail","hentry","category-actualidad","category-asociacionismo","category-destacado","category-noticias","category-ymca","tag-actividades","tag-aprendizaje","tag-encuentro","tag-formacion","tag-inteligencia-artificial","tag-voluntariado","tag-voluntario","tag-ymcacyl"],"yoast_head":"<!-- This site is optimized with the Yoast SEO plugin v27.1.1 - https:\/\/yoast.com\/product\/yoast-seo-wordpress\/ -->\n<title>Salamanca acoge el X Encuentro de Voluntariado de YMCA Castilla y Le\u00f3n - RED-ACCI\u00d3N JUVENIL<\/title>\n<meta name=\"robots\" content=\"index, follow, max-snippet:-1, max-image-preview:large, max-video-preview:-1\" \/>\n<link rel=\"canonical\" href=\"https:\/\/redaccionjuvenil.es\/?p=841\" \/>\n<meta property=\"og:locale\" content=\"es_ES\" \/>\n<meta property=\"og:type\" content=\"article\" \/>\n<meta property=\"og:title\" content=\"Salamanca acoge el X Encuentro de Voluntariado de YMCA Castilla y Le\u00f3n - RED-ACCI\u00d3N JUVENIL\" \/>\n<meta property=\"og:description\" content=\"El voluntariado se consolida como una herramienta clave de transformaci\u00f3n social y una fuerza poderosa para hacer que las cosas cambien. Actualmente, moviliza a cientos de personas en Castilla y...\" \/>\n<meta property=\"og:url\" content=\"https:\/\/redaccionjuvenil.es\/?p=841\" \/>\n<meta property=\"og:site_name\" content=\"RED-ACCI\u00d3N JUVENIL\" \/>\n<meta property=\"article:published_time\" content=\"2026-04-16T09:05:13+00:00\" \/>\n<meta property=\"article:modified_time\" content=\"2026-04-16T09:25:33+00:00\" \/>\n<meta property=\"og:image\" content=\"https:\/\/redaccionjuvenil.es\/wp-content\/uploads\/2026\/04\/Diseno-sin-titulo-1.jpg\" \/>\n\t<meta property=\"og:image:width\" content=\"1920\" \/>\n\t<meta property=\"og:image:height\" content=\"1080\" \/>\n\t<meta property=\"og:image:type\" content=\"image\/jpeg\" \/>\n<meta name=\"author\" content=\"Samar Palenzuela\" \/>\n<meta name=\"twitter:card\" content=\"summary_large_image\" \/>\n<meta name=\"twitter:label1\" content=\"Escrito por\" \/>\n\t<meta name=\"twitter:data1\" content=\"Samar Palenzuela\" \/>\n\t<meta name=\"twitter:label2\" content=\"Tiempo de lectura\" \/>\n\t<meta name=\"twitter:data2\" content=\"3 minutos\" \/>\n<script type=\"application\/ld+json\" class=\"yoast-schema-graph\">{\"@context\":\"https:\/\/schema.org\",\"@graph\":[{\"@type\":\"Article\",\"@id\":\"https:\/\/redaccionjuvenil.es\/?p=841#article\",\"isPartOf\":{\"@id\":\"https:\/\/redaccionjuvenil.es\/?p=841\"},\"author\":{\"name\":\"Samar Palenzuela\",\"@id\":\"https:\/\/redaccionjuvenil.es\/#\/schema\/person\/5cb6968af3387013829800b3cce4c2af\"},\"headline\":\"Salamanca acoge el X Encuentro de Voluntariado de YMCA Castilla y Le\u00f3n\",\"datePublished\":\"2026-04-16T09:05:13+00:00\",\"dateModified\":\"2026-04-16T09:25:33+00:00\",\"mainEntityOfPage\":{\"@id\":\"https:\/\/redaccionjuvenil.es\/?p=841\"},\"wordCount\":432,\"commentCount\":1,\"publisher\":{\"@id\":\"https:\/\/redaccionjuvenil.es\/#organization\"},\"image\":{\"@id\":\"https:\/\/redaccionjuvenil.es\/?p=841#primaryimage\"},\"thumbnailUrl\":\"https:\/\/redaccionjuvenil.es\/wp-content\/uploads\/2026\/04\/Diseno-sin-titulo-1.jpg\",\"keywords\":[\"Actividades\",\"Aprendizaje\",\"Encuentro\",\"Formaci\u00f3n\",\"Inteligencia Artificial\",\"voluntariado\",\"Voluntario\",\"YMCACYL\"],\"articleSection\":[\"Actualidad\",\"Asociacionismo\",\"Destacado\",\"Noticias\",\"YMCA\"],\"inLanguage\":\"es\",\"potentialAction\":[{\"@type\":\"CommentAction\",\"name\":\"Comment\",\"target\":[\"https:\/\/redaccionjuvenil.es\/?p=841#respond\"]}]},{\"@type\":\"WebPage\",\"@id\":\"https:\/\/redaccionjuvenil.es\/?p=841\",\"url\":\"https:\/\/redaccionjuvenil.es\/?p=841\",\"name\":\"Salamanca acoge el X Encuentro de Voluntariado de YMCA Castilla y Le\u00f3n - RED-ACCI\u00d3N JUVENIL\",\"isPartOf\":{\"@id\":\"https:\/\/redaccionjuvenil.es\/#website\"},\"primaryImageOfPage\":{\"@id\":\"https:\/\/redaccionjuvenil.es\/?p=841#primaryimage\"},\"image\":{\"@id\":\"https:\/\/redaccionjuvenil.es\/?p=841#primaryimage\"},\"thumbnailUrl\":\"https:\/\/redaccionjuvenil.es\/wp-content\/uploads\/2026\/04\/Diseno-sin-titulo-1.jpg\",\"datePublished\":\"2026-04-16T09:05:13+00:00\",\"dateModified\":\"2026-04-16T09:25:33+00:00\",\"breadcrumb\":{\"@id\":\"https:\/\/redaccionjuvenil.es\/?p=841#breadcrumb\"},\"inLanguage\":\"es\",\"potentialAction\":[{\"@type\":\"ReadAction\",\"target\":[\"https:\/\/redaccionjuvenil.es\/?p=841\"]}]},{\"@type\":\"ImageObject\",\"inLanguage\":\"es\",\"@id\":\"https:\/\/redaccionjuvenil.es\/?p=841#primaryimage\",\"url\":\"https:\/\/redaccionjuvenil.es\/wp-content\/uploads\/2026\/04\/Diseno-sin-titulo-1.jpg\",\"contentUrl\":\"https:\/\/redaccionjuvenil.es\/wp-content\/uploads\/2026\/04\/Diseno-sin-titulo-1.jpg\",\"width\":1920,\"height\":1080,\"caption\":\"Imagenes del encuentro\"},{\"@type\":\"BreadcrumbList\",\"@id\":\"https:\/\/redaccionjuvenil.es\/?p=841#breadcrumb\",\"itemListElement\":[{\"@type\":\"ListItem\",\"position\":1,\"name\":\"Portada\",\"item\":\"https:\/\/redaccionjuvenil.es\/\"},{\"@type\":\"ListItem\",\"position\":2,\"name\":\"Salamanca acoge el X Encuentro de Voluntariado de YMCA Castilla y Le\u00f3n\"}]},{\"@type\":\"WebSite\",\"@id\":\"https:\/\/redaccionjuvenil.es\/#website\",\"url\":\"https:\/\/redaccionjuvenil.es\/\",\"name\":\"RED-ACCI\u00d3N JUVENIL\",\"description\":\"DONDE LA JUVENTUD INFORMA Y TRANSFORMA\",\"publisher\":{\"@id\":\"https:\/\/redaccionjuvenil.es\/#organization\"},\"potentialAction\":[{\"@type\":\"SearchAction\",\"target\":{\"@type\":\"EntryPoint\",\"urlTemplate\":\"https:\/\/redaccionjuvenil.es\/?s={search_term_string}\"},\"query-input\":{\"@type\":\"PropertyValueSpecification\",\"valueRequired\":true,\"valueName\":\"search_term_string\"}}],\"inLanguage\":\"es\"},{\"@type\":\"Organization\",\"@id\":\"https:\/\/redaccionjuvenil.es\/#organization\",\"name\":\"RED-ACCI\u00d3N JUVENIL\",\"url\":\"https:\/\/redaccionjuvenil.es\/\",\"logo\":{\"@type\":\"ImageObject\",\"inLanguage\":\"es\",\"@id\":\"https:\/\/redaccionjuvenil.es\/#\/schema\/logo\/image\/\",\"url\":\"https:\/\/redaccionjuvenil.es\/wp-content\/uploads\/2026\/03\/cropped-cropped-logo_redaccion_juvenil_primer_propuesta-1.png\",\"contentUrl\":\"https:\/\/redaccionjuvenil.es\/wp-content\/uploads\/2026\/03\/cropped-cropped-logo_redaccion_juvenil_primer_propuesta-1.png\",\"width\":723,\"height\":723,\"caption\":\"RED-ACCI\u00d3N JUVENIL\"},\"image\":{\"@id\":\"https:\/\/redaccionjuvenil.es\/#\/schema\/logo\/image\/\"}},{\"@type\":\"Person\",\"@id\":\"https:\/\/redaccionjuvenil.es\/#\/schema\/person\/5cb6968af3387013829800b3cce4c2af\",\"name\":\"Samar Palenzuela\",\"image\":{\"@type\":\"ImageObject\",\"inLanguage\":\"es\",\"@id\":\"https:\/\/redaccionjuvenil.es\/#\/schema\/person\/image\/\",\"url\":\"https:\/\/secure.gravatar.com\/avatar\/4bf6a486e57d2ea8f80a38ba0b9f6b26c8b80b2247890949bf277b13f6336c16?s=96&d=mm&r=g\",\"contentUrl\":\"https:\/\/secure.gravatar.com\/avatar\/4bf6a486e57d2ea8f80a38ba0b9f6b26c8b80b2247890949bf277b13f6336c16?s=96&d=mm&r=g\",\"caption\":\"Samar Palenzuela\"},\"url\":\"https:\/\/redaccionjuvenil.es\/?author=17\"}]}<\/script>\n<!-- \/ Yoast SEO plugin. -->","yoast_head_json":{"title":"Salamanca acoge el X Encuentro de Voluntariado de YMCA Castilla y Le\u00f3n - RED-ACCI\u00d3N JUVENIL","robots":{"index":"index","follow":"follow","max-snippet":"max-snippet:-1","max-image-preview":"max-image-preview:large","max-video-preview":"max-video-preview:-1"},"canonical":"https:\/\/redaccionjuvenil.es\/?p=841","og_locale":"es_ES","og_type":"article","og_title":"Salamanca acoge el X Encuentro de Voluntariado de YMCA Castilla y Le\u00f3n - RED-ACCI\u00d3N JUVENIL","og_description":"El voluntariado se consolida como una herramienta clave de transformaci\u00f3n social y una fuerza poderosa para hacer que las cosas cambien. Actualmente, moviliza a cientos de personas en Castilla y...","og_url":"https:\/\/redaccionjuvenil.es\/?p=841","og_site_name":"RED-ACCI\u00d3N JUVENIL","article_published_time":"2026-04-16T09:05:13+00:00","article_modified_time":"2026-04-16T09:25:33+00:00","og_image":[{"width":1920,"height":1080,"url":"https:\/\/redaccionjuvenil.es\/wp-content\/uploads\/2026\/04\/Diseno-sin-titulo-1.jpg","type":"image\/jpeg"}],"author":"Samar Palenzuela","twitter_card":"summary_large_image","twitter_misc":{"Escrito por":"Samar Palenzuela","Tiempo de lectura":"3 minutos"},"schema":{"@context":"https:\/\/schema.org","@graph":[{"@type":"Article","@id":"https:\/\/redaccionjuvenil.es\/?p=841#article","isPartOf":{"@id":"https:\/\/redaccionjuvenil.es\/?p=841"},"author":{"name":"Samar Palenzuela","@id":"https:\/\/redaccionjuvenil.es\/#\/schema\/person\/5cb6968af3387013829800b3cce4c2af"},"headline":"Salamanca acoge el X Encuentro de Voluntariado de YMCA Castilla y Le\u00f3n","datePublished":"2026-04-16T09:05:13+00:00","dateModified":"2026-04-16T09:25:33+00:00","mainEntityOfPage":{"@id":"https:\/\/redaccionjuvenil.es\/?p=841"},"wordCount":432,"commentCount":1,"publisher":{"@id":"https:\/\/redaccionjuvenil.es\/#organization"},"image":{"@id":"https:\/\/redaccionjuvenil.es\/?p=841#primaryimage"},"thumbnailUrl":"https:\/\/redaccionjuvenil.es\/wp-content\/uploads\/2026\/04\/Diseno-sin-titulo-1.jpg","keywords":["Actividades","Aprendizaje","Encuentro","Formaci\u00f3n","Inteligencia Artificial","voluntariado","Voluntario","YMCACYL"],"articleSection":["Actualidad","Asociacionismo","Destacado","Noticias","YMCA"],"inLanguage":"es","potentialAction":[{"@type":"CommentAction","name":"Comment","target":["https:\/\/redaccionjuvenil.es\/?p=841#respond"]}]},{"@type":"WebPage","@id":"https:\/\/redaccionjuvenil.es\/?p=841","url":"https:\/\/redaccionjuvenil.es\/?p=841","name":"Salamanca acoge el X Encuentro de Voluntariado de YMCA Castilla y Le\u00f3n - RED-ACCI\u00d3N JUVENIL","isPartOf":{"@id":"https:\/\/redaccionjuvenil.es\/#website"},"primaryImageOfPage":{"@id":"https:\/\/redaccionjuvenil.es\/?p=841#primaryimage"},"image":{"@id":"https:\/\/redaccionjuvenil.es\/?p=841#primaryimage"},"thumbnailUrl":"https:\/\/redaccionjuvenil.es\/wp-content\/uploads\/2026\/04\/Diseno-sin-titulo-1.jpg","datePublished":"2026-04-16T09:05:13+00:00","dateModified":"2026-04-16T09:25:33+00:00","breadcrumb":{"@id":"https:\/\/redaccionjuvenil.es\/?p=841#breadcrumb"},"inLanguage":"es","potentialAction":[{"@type":"ReadAction","target":["https:\/\/redaccionjuvenil.es\/?p=841"]}]},{"@type":"ImageObject","inLanguage":"es","@id":"https:\/\/redaccionjuvenil.es\/?p=841#primaryimage","url":"https:\/\/redaccionjuvenil.es\/wp-content\/uploads\/2026\/04\/Diseno-sin-titulo-1.jpg","contentUrl":"https:\/\/redaccionjuvenil.es\/wp-content\/uploads\/2026\/04\/Diseno-sin-titulo-1.jpg","width":1920,"height":1080,"caption":"Imagenes del encuentro"},{"@type":"BreadcrumbList","@id":"https:\/\/redaccionjuvenil.es\/?p=841#breadcrumb","itemListElement":[{"@type":"ListItem","position":1,"name":"Portada","item":"https:\/\/redaccionjuvenil.es\/"},{"@type":"ListItem","position":2,"name":"Salamanca acoge el X Encuentro de Voluntariado de YMCA Castilla y Le\u00f3n"}]},{"@type":"WebSite","@id":"https:\/\/redaccionjuvenil.es\/#website","url":"https:\/\/redaccionjuvenil.es\/","name":"RED-ACCI\u00d3N JUVENIL","description":"DONDE LA JUVENTUD INFORMA Y TRANSFORMA","publisher":{"@id":"https:\/\/redaccionjuvenil.es\/#organization"},"potentialAction":[{"@type":"SearchAction","target":{"@type":"EntryPoint","urlTemplate":"https:\/\/redaccionjuvenil.es\/?s={search_term_string}"},"query-input":{"@type":"PropertyValueSpecification","valueRequired":true,"valueName":"search_term_string"}}],"inLanguage":"es"},{"@type":"Organization","@id":"https:\/\/redaccionjuvenil.es\/#organization","name":"RED-ACCI\u00d3N JUVENIL","url":"https:\/\/redaccionjuvenil.es\/","logo":{"@type":"ImageObject","inLanguage":"es","@id":"https:\/\/redaccionjuvenil.es\/#\/schema\/logo\/image\/","url":"https:\/\/redaccionjuvenil.es\/wp-content\/uploads\/2026\/03\/cropped-cropped-logo_redaccion_juvenil_primer_propuesta-1.png","contentUrl":"https:\/\/redaccionjuvenil.es\/wp-content\/uploads\/2026\/03\/cropped-cropped-logo_redaccion_juvenil_primer_propuesta-1.png","width":723,"height":723,"caption":"RED-ACCI\u00d3N JUVENIL"},"image":{"@id":"https:\/\/redaccionjuvenil.es\/#\/schema\/logo\/image\/"}},{"@type":"Person","@id":"https:\/\/redaccionjuvenil.es\/#\/schema\/person\/5cb6968af3387013829800b3cce4c2af","name":"Samar Palenzuela","image":{"@type":"ImageObject","inLanguage":"es","@id":"https:\/\/redaccionjuvenil.es\/#\/schema\/person\/image\/","url":"https:\/\/secure.gravatar.com\/avatar\/4bf6a486e57d2ea8f80a38ba0b9f6b26c8b80b2247890949bf277b13f6336c16?s=96&d=mm&r=g","contentUrl":"https:\/\/secure.gravatar.com\/avatar\/4bf6a486e57d2ea8f80a38ba0b9f6b26c8b80b2247890949bf277b13f6336c16?s=96&d=mm&r=g","caption":"Samar Palenzuela"},"url":"https:\/\/redaccionjuvenil.es\/?author=17"}]}},"_links":{"self":[{"href":"https:\/\/redaccionjuvenil.es\/index.php?rest_route=\/wp\/v2\/posts\/841","targetHints":{"allow":["GET"]}}],"collection":[{"href":"https:\/\/redaccionjuvenil.es\/index.php?rest_route=\/wp\/v2\/posts"}],"about":[{"href":"https:\/\/redaccionjuvenil.es\/index.php?rest_route=\/wp\/v2\/types\/post"}],"author":[{"embeddable":true,"href":"https:\/\/redaccionjuvenil.es\/index.php?rest_route=\/wp\/v2\/users\/17"}],"replies":[{"embeddable":true,"href":"https:\/\/redaccionjuvenil.es\/index.php?rest_route=%2Fwp%2Fv2%2Fcomments&post=841"}],"version-history":[{"count":5,"href":"https:\/\/redaccionjuvenil.es\/index.php?rest_route=\/wp\/v2\/posts\/841\/revisions"}],"predecessor-version":[{"id":852,"href":"https:\/\/redaccionjuvenil.es\/index.php?rest_route=\/wp\/v2\/posts\/841\/revisions\/852"}],"wp:featuredmedia":[{"embeddable":true,"href":"https:\/\/redaccionjuvenil.es\/index.php?rest_route=\/wp\/v2\/media\/847"}],"wp:attachment":[{"href":"https:\/\/redaccionjuvenil.es\/index.php?rest_route=%2Fwp%2Fv2%2Fmedia&parent=841"}],"wp:term":[{"taxonomy":"category","embeddable":true,"href":"https:\/\/redaccionjuvenil.es\/index.php?rest_route=%2Fwp%2Fv2%2Fcategories&post=841"},{"taxonomy":"post_tag","embeddable":true,"href":"https:\/\/redaccionjuvenil.es\/index.php?rest_route=%2Fwp%2Fv2%2Ftags&post=841"}],"curies":[{"name":"wp","href":"https:\/\/api.w.org\/{rel}","templated":true}]}}