{"id":860,"date":"2026-04-22T15:28:53","date_gmt":"2026-04-22T15:28:53","guid":{"rendered":"https:\/\/redaccionjuvenil.es\/?p=860"},"modified":"2026-04-22T15:28:56","modified_gmt":"2026-04-22T15:28:56","slug":"el-dia-de-la-tierra-vuelve-a-alertar-sobre-el-cambio-climatico","status":"publish","type":"post","link":"https:\/\/redaccionjuvenil.es\/?p=860","title":{"rendered":"El D\u00eda de la Tierra vuelve a alertar sobre el cambio clim\u00e1tico"},"content":{"rendered":"\n<p>Un a\u00f1o m\u00e1s, esta fecha vuelve a recordar los peligros que trae consigo la crisis clim\u00e1tica<\/p>\n\n\n\n<p>Como cada <strong>22 de abril<\/strong> se celebra de forma internacional el <strong>D\u00eda de la Tierra<\/strong>. Tiene como objetivo <strong>concienciar<\/strong> y <strong>advertir<\/strong> sobre los problemas tan graves que rodean a la sociedad actual. Calentamiento global, sobre poblaci\u00f3n, miles de especies en peligro de extinci\u00f3n&#8230;<\/p>\n\n\n\n<p>Advertir que los recursos de La Tierra no es reciente. Miles de activistas y expertos llevan d\u00e9cadas advirtiendo de qu\u00e9 puede pasar en caso de que cuestiones como el <strong>cambio clim\u00e1tico<\/strong> o la <strong>extinci\u00f3n<\/strong> de varios miles de <strong>animales<\/strong> no sean tomadas en serio. Es durante este d\u00eda que se recuerda a este <strong>planeta<\/strong> como el lugar donde <strong>viven m\u00e1s de 8.000 millones de personas<\/strong>. Adem\u00e1s de que, al igual que se cuida la casa de cada uno, el planeta ha de recibir el mismo mimo.<\/p>\n\n\n\n<p>Raro es el d\u00eda que en las noticias no se lea, escuche o vea alguna tem\u00e1tica relacionada con el cambio clim\u00e1tico. Los veranos siendo cada vez m\u00e1s c\u00e1lidos que el anterior, la desaparici\u00f3n del \u00faltimo ejemplar de una especie en peligro de extinci\u00f3n o aquellos que se niegan a creer que <strong>el planeta est\u00e1 cambiando, y no hacia algo mejor.<\/strong><\/p>\n\n\n\n<p><span style=\"font-size: revert\">En cierto que se han tomado medidas para ayudar al planeta:  <strong>energ\u00edas renovables<\/strong>, <strong>zonas de cero emisiones<\/strong>, el uso del transporte p\u00fablico o facilitar contenedores donde reciclar. Pero todav\u00eda <strong>queda un largo camino<\/strong> que recorrer. <\/span><\/p>\n\n\n\n<p>Desde los <strong>gobiernos<\/strong> son cada vez m\u00e1s las que intentan implantar medidas para que el planeta pueda descansar. Un ejemplo de ello puede ser el <strong><a href=\"https:\/\/commission.europa.eu\/strategy-and-policy\/priorities-2019-2024\/european-green-deal_es\" target=\"_blank\" rel=\"noreferrer noopener\">Pacto Verde Europeo<\/a><\/strong>. Un acuerdo en el que todos los pa\u00edses miembros de la <strong>Uni\u00f3n Europea<\/strong> se comprometen a conseguir <strong>cero emisiones<\/strong> netas de gases desde para el <strong>2050<\/strong>.<\/p>\n\n\n\n<p>En este plan se acuerdan tales <strong>medidas<\/strong>, como por ejemplo conseguir que el <strong>transporte<\/strong> sea <strong>m\u00e1s<\/strong> <strong>respetuoso<\/strong> con el medio ambiente, <strong>ayudar<\/strong> a la poblaci\u00f3n a que puedan realizar esa <strong>transici\u00f3n ecol\u00f3gica<\/strong> o <strong>reducir<\/strong> las emisiones de <strong>CO<\/strong>\u2082.<\/p>\n\n\n\n<h2 class=\"wp-block-heading\">Primer D\u00eda de la Tierra<\/h2>\n\n\n\n<p><strong><a href=\"https:\/\/es.wikipedia.org\/wiki\/Gaylord_Nelson\" target=\"_blank\" rel=\"noreferrer noopener\">Gaylor Nelson<\/a><\/strong> fue un <strong>activista<\/strong> y <strong>senador<\/strong> estadounidense que, preocupado en los <strong>setenta<\/strong> por la <strong>nefasta agenda ambiental<\/strong> que propon\u00eda su pa\u00eds, organiz\u00f3 la que se puede considerar como la <strong>primera manifestaci\u00f3n<\/strong> de esta tem\u00e1tica. A \u00e9l se unieron m\u00e1s de <strong>dos mil universidades<\/strong>, centenares de comunidades y diez mil escuelas.<\/p>\n\n\n\n<p>La <strong>presi\u00f3n<\/strong> fue tanta, que el <strong>gobierno<\/strong> estadounidense <strong>cre\u00f3 la <a href=\"https:\/\/www.epa.gov\" target=\"_blank\" rel=\"noreferrer noopener\">Enviromental Protection Agency<\/a><\/strong>, as\u00ed como distintas leyes para la protecci\u00f3n medioambiental. Es desde ese <strong>22 de abril de 1970<\/strong> que cada a\u00f1o se reconoce la importancia del planeta que habitamos todos y lo poco que hacemos por cuidar de \u00e9l.<\/p>\n\n\n\n<p>Para conmemorar esta fecha, <strong>Aspaym Juventud<\/strong> har\u00e1 una actividad relacionada el d\u00eda <strong>29 de abril<\/strong>. Puedes conocer m\u00e1s en sus <strong><a href=\"https:\/\/www.instagram.com\/aspaymjuventudcyl\/\" target=\"_blank\" rel=\"noreferrer noopener\">redes sociales<\/a><\/strong>.<\/p>\n","protected":false},"excerpt":{"rendered":"<p>Un a\u00f1o m\u00e1s, esta fecha vuelve a recordar los peligros que trae consigo la crisis clim\u00e1tica Como cada 22 de abril se celebra de forma internacional el D\u00eda de la&#8230;<\/p>\n","protected":false},"author":8,"featured_media":867,"comment_status":"open","ping_status":"open","sticky":false,"template":"","format":"standard","meta":{"_kadence_starter_templates_imported_post":false,"footnotes":""},"categories":[22,1,8,9,23,2,16],"tags":[136,138],"class_list":["post-860","post","type-post","status-publish","format-standard","has-post-thumbnail","hentry","category-activismo","category-actualidad","category-asociacionismo","category-aspaym-juventud","category-destacado","category-noticias","category-te-interesa","tag-aspaym","tag-medioambiente"],"yoast_head":"<!-- This site is optimized with the Yoast SEO plugin v27.1.1 - https:\/\/yoast.com\/product\/yoast-seo-wordpress\/ -->\n<title>El D\u00eda de la Tierra vuelve a alertar sobre el cambio clim\u00e1tico - RED-ACCI\u00d3N JUVENIL<\/title>\n<meta name=\"description\" content=\"Los distintos peligros sobre el cambio clim\u00e1tico y la actividad que hace Aspaym durante el D\u00eda de la Tierra.\" \/>\n<meta name=\"robots\" content=\"index, follow, max-snippet:-1, max-image-preview:large, max-video-preview:-1\" \/>\n<link rel=\"canonical\" href=\"https:\/\/redaccionjuvenil.es\/?p=860\" \/>\n<meta property=\"og:locale\" content=\"es_ES\" \/>\n<meta property=\"og:type\" content=\"article\" \/>\n<meta property=\"og:title\" content=\"El D\u00eda de la Tierra vuelve a alertar sobre el cambio clim\u00e1tico - RED-ACCI\u00d3N JUVENIL\" \/>\n<meta property=\"og:description\" content=\"Los distintos peligros sobre el cambio clim\u00e1tico y la actividad que hace Aspaym durante el D\u00eda de la Tierra.\" \/>\n<meta property=\"og:url\" content=\"https:\/\/redaccionjuvenil.es\/?p=860\" \/>\n<meta property=\"og:site_name\" content=\"RED-ACCI\u00d3N JUVENIL\" \/>\n<meta property=\"article:published_time\" content=\"2026-04-22T15:28:53+00:00\" \/>\n<meta property=\"article:modified_time\" content=\"2026-04-22T15:28:56+00:00\" \/>\n<meta property=\"og:image\" content=\"https:\/\/redaccionjuvenil.es\/wp-content\/uploads\/2026\/04\/pexels-mikhail-nilov-8542539-2.jpg\" \/>\n\t<meta property=\"og:image:width\" content=\"1280\" \/>\n\t<meta property=\"og:image:height\" content=\"1917\" \/>\n\t<meta property=\"og:image:type\" content=\"image\/jpeg\" \/>\n<meta name=\"author\" content=\"Maria del Carmen Dur\u00e1n\" \/>\n<meta name=\"twitter:card\" content=\"summary_large_image\" \/>\n<meta name=\"twitter:label1\" content=\"Escrito por\" \/>\n\t<meta name=\"twitter:data1\" content=\"Maria del Carmen Dur\u00e1n\" \/>\n\t<meta name=\"twitter:label2\" content=\"Tiempo de lectura\" \/>\n\t<meta name=\"twitter:data2\" content=\"3 minutos\" \/>\n<script type=\"application\/ld+json\" class=\"yoast-schema-graph\">{\"@context\":\"https:\/\/schema.org\",\"@graph\":[{\"@type\":\"Article\",\"@id\":\"https:\/\/redaccionjuvenil.es\/?p=860#article\",\"isPartOf\":{\"@id\":\"https:\/\/redaccionjuvenil.es\/?p=860\"},\"author\":{\"name\":\"Maria del Carmen Dur\u00e1n\",\"@id\":\"https:\/\/redaccionjuvenil.es\/#\/schema\/person\/b66bff3c65adb9a1c055297fadce53d4\"},\"headline\":\"El D\u00eda de la Tierra vuelve a alertar sobre el cambio clim\u00e1tico\",\"datePublished\":\"2026-04-22T15:28:53+00:00\",\"dateModified\":\"2026-04-22T15:28:56+00:00\",\"mainEntityOfPage\":{\"@id\":\"https:\/\/redaccionjuvenil.es\/?p=860\"},\"wordCount\":508,\"commentCount\":0,\"publisher\":{\"@id\":\"https:\/\/redaccionjuvenil.es\/#organization\"},\"image\":{\"@id\":\"https:\/\/redaccionjuvenil.es\/?p=860#primaryimage\"},\"thumbnailUrl\":\"https:\/\/redaccionjuvenil.es\/wp-content\/uploads\/2026\/04\/pexels-mikhail-nilov-8542539-2.jpg\",\"keywords\":[\"Aspaym\",\"Medioambiente\"],\"articleSection\":[\"Activismo\",\"Actualidad\",\"Asociacionismo\",\"ASPAYM Juventud\",\"Destacado\",\"Noticias\",\"Te interesa\"],\"inLanguage\":\"es\",\"potentialAction\":[{\"@type\":\"CommentAction\",\"name\":\"Comment\",\"target\":[\"https:\/\/redaccionjuvenil.es\/?p=860#respond\"]}]},{\"@type\":\"WebPage\",\"@id\":\"https:\/\/redaccionjuvenil.es\/?p=860\",\"url\":\"https:\/\/redaccionjuvenil.es\/?p=860\",\"name\":\"El D\u00eda de la Tierra vuelve a alertar sobre el cambio clim\u00e1tico - RED-ACCI\u00d3N JUVENIL\",\"isPartOf\":{\"@id\":\"https:\/\/redaccionjuvenil.es\/#website\"},\"primaryImageOfPage\":{\"@id\":\"https:\/\/redaccionjuvenil.es\/?p=860#primaryimage\"},\"image\":{\"@id\":\"https:\/\/redaccionjuvenil.es\/?p=860#primaryimage\"},\"thumbnailUrl\":\"https:\/\/redaccionjuvenil.es\/wp-content\/uploads\/2026\/04\/pexels-mikhail-nilov-8542539-2.jpg\",\"datePublished\":\"2026-04-22T15:28:53+00:00\",\"dateModified\":\"2026-04-22T15:28:56+00:00\",\"description\":\"Los distintos peligros sobre el cambio clim\u00e1tico y la actividad que hace Aspaym durante el D\u00eda de la Tierra.\",\"breadcrumb\":{\"@id\":\"https:\/\/redaccionjuvenil.es\/?p=860#breadcrumb\"},\"inLanguage\":\"es\",\"potentialAction\":[{\"@type\":\"ReadAction\",\"target\":[\"https:\/\/redaccionjuvenil.es\/?p=860\"]}]},{\"@type\":\"ImageObject\",\"inLanguage\":\"es\",\"@id\":\"https:\/\/redaccionjuvenil.es\/?p=860#primaryimage\",\"url\":\"https:\/\/redaccionjuvenil.es\/wp-content\/uploads\/2026\/04\/pexels-mikhail-nilov-8542539-2.jpg\",\"contentUrl\":\"https:\/\/redaccionjuvenil.es\/wp-content\/uploads\/2026\/04\/pexels-mikhail-nilov-8542539-2.jpg\",\"width\":1280,\"height\":1917,\"caption\":\"D\u00eda de La Tierra\"},{\"@type\":\"BreadcrumbList\",\"@id\":\"https:\/\/redaccionjuvenil.es\/?p=860#breadcrumb\",\"itemListElement\":[{\"@type\":\"ListItem\",\"position\":1,\"name\":\"Portada\",\"item\":\"https:\/\/redaccionjuvenil.es\/\"},{\"@type\":\"ListItem\",\"position\":2,\"name\":\"El D\u00eda de la Tierra vuelve a alertar sobre el cambio clim\u00e1tico\"}]},{\"@type\":\"WebSite\",\"@id\":\"https:\/\/redaccionjuvenil.es\/#website\",\"url\":\"https:\/\/redaccionjuvenil.es\/\",\"name\":\"RED-ACCI\u00d3N JUVENIL\",\"description\":\"DONDE LA JUVENTUD INFORMA Y TRANSFORMA\",\"publisher\":{\"@id\":\"https:\/\/redaccionjuvenil.es\/#organization\"},\"potentialAction\":[{\"@type\":\"SearchAction\",\"target\":{\"@type\":\"EntryPoint\",\"urlTemplate\":\"https:\/\/redaccionjuvenil.es\/?s={search_term_string}\"},\"query-input\":{\"@type\":\"PropertyValueSpecification\",\"valueRequired\":true,\"valueName\":\"search_term_string\"}}],\"inLanguage\":\"es\"},{\"@type\":\"Organization\",\"@id\":\"https:\/\/redaccionjuvenil.es\/#organization\",\"name\":\"RED-ACCI\u00d3N JUVENIL\",\"url\":\"https:\/\/redaccionjuvenil.es\/\",\"logo\":{\"@type\":\"ImageObject\",\"inLanguage\":\"es\",\"@id\":\"https:\/\/redaccionjuvenil.es\/#\/schema\/logo\/image\/\",\"url\":\"https:\/\/redaccionjuvenil.es\/wp-content\/uploads\/2026\/03\/cropped-cropped-logo_redaccion_juvenil_primer_propuesta-1.png\",\"contentUrl\":\"https:\/\/redaccionjuvenil.es\/wp-content\/uploads\/2026\/03\/cropped-cropped-logo_redaccion_juvenil_primer_propuesta-1.png\",\"width\":723,\"height\":723,\"caption\":\"RED-ACCI\u00d3N JUVENIL\"},\"image\":{\"@id\":\"https:\/\/redaccionjuvenil.es\/#\/schema\/logo\/image\/\"}},{\"@type\":\"Person\",\"@id\":\"https:\/\/redaccionjuvenil.es\/#\/schema\/person\/b66bff3c65adb9a1c055297fadce53d4\",\"name\":\"Maria del Carmen Dur\u00e1n\",\"image\":{\"@type\":\"ImageObject\",\"inLanguage\":\"es\",\"@id\":\"https:\/\/redaccionjuvenil.es\/#\/schema\/person\/image\/\",\"url\":\"https:\/\/secure.gravatar.com\/avatar\/79c1305f119b1d2dac4c06bccb1f41fad47441a1906f7b862af715c861eb7f71?s=96&d=mm&r=g\",\"contentUrl\":\"https:\/\/secure.gravatar.com\/avatar\/79c1305f119b1d2dac4c06bccb1f41fad47441a1906f7b862af715c861eb7f71?s=96&d=mm&r=g\",\"caption\":\"Maria del Carmen Dur\u00e1n\"},\"url\":\"https:\/\/redaccionjuvenil.es\/?author=8\"}]}<\/script>\n<!-- \/ Yoast SEO plugin. -->","yoast_head_json":{"title":"El D\u00eda de la Tierra vuelve a alertar sobre el cambio clim\u00e1tico - RED-ACCI\u00d3N JUVENIL","description":"Los distintos peligros sobre el cambio clim\u00e1tico y la actividad que hace Aspaym durante el D\u00eda de la Tierra.","robots":{"index":"index","follow":"follow","max-snippet":"max-snippet:-1","max-image-preview":"max-image-preview:large","max-video-preview":"max-video-preview:-1"},"canonical":"https:\/\/redaccionjuvenil.es\/?p=860","og_locale":"es_ES","og_type":"article","og_title":"El D\u00eda de la Tierra vuelve a alertar sobre el cambio clim\u00e1tico - RED-ACCI\u00d3N JUVENIL","og_description":"Los distintos peligros sobre el cambio clim\u00e1tico y la actividad que hace Aspaym durante el D\u00eda de la Tierra.","og_url":"https:\/\/redaccionjuvenil.es\/?p=860","og_site_name":"RED-ACCI\u00d3N JUVENIL","article_published_time":"2026-04-22T15:28:53+00:00","article_modified_time":"2026-04-22T15:28:56+00:00","og_image":[{"width":1280,"height":1917,"url":"https:\/\/redaccionjuvenil.es\/wp-content\/uploads\/2026\/04\/pexels-mikhail-nilov-8542539-2.jpg","type":"image\/jpeg"}],"author":"Maria del Carmen Dur\u00e1n","twitter_card":"summary_large_image","twitter_misc":{"Escrito por":"Maria del Carmen Dur\u00e1n","Tiempo de lectura":"3 minutos"},"schema":{"@context":"https:\/\/schema.org","@graph":[{"@type":"Article","@id":"https:\/\/redaccionjuvenil.es\/?p=860#article","isPartOf":{"@id":"https:\/\/redaccionjuvenil.es\/?p=860"},"author":{"name":"Maria del Carmen Dur\u00e1n","@id":"https:\/\/redaccionjuvenil.es\/#\/schema\/person\/b66bff3c65adb9a1c055297fadce53d4"},"headline":"El D\u00eda de la Tierra vuelve a alertar sobre el cambio clim\u00e1tico","datePublished":"2026-04-22T15:28:53+00:00","dateModified":"2026-04-22T15:28:56+00:00","mainEntityOfPage":{"@id":"https:\/\/redaccionjuvenil.es\/?p=860"},"wordCount":508,"commentCount":0,"publisher":{"@id":"https:\/\/redaccionjuvenil.es\/#organization"},"image":{"@id":"https:\/\/redaccionjuvenil.es\/?p=860#primaryimage"},"thumbnailUrl":"https:\/\/redaccionjuvenil.es\/wp-content\/uploads\/2026\/04\/pexels-mikhail-nilov-8542539-2.jpg","keywords":["Aspaym","Medioambiente"],"articleSection":["Activismo","Actualidad","Asociacionismo","ASPAYM Juventud","Destacado","Noticias","Te interesa"],"inLanguage":"es","potentialAction":[{"@type":"CommentAction","name":"Comment","target":["https:\/\/redaccionjuvenil.es\/?p=860#respond"]}]},{"@type":"WebPage","@id":"https:\/\/redaccionjuvenil.es\/?p=860","url":"https:\/\/redaccionjuvenil.es\/?p=860","name":"El D\u00eda de la Tierra vuelve a alertar sobre el cambio clim\u00e1tico - RED-ACCI\u00d3N JUVENIL","isPartOf":{"@id":"https:\/\/redaccionjuvenil.es\/#website"},"primaryImageOfPage":{"@id":"https:\/\/redaccionjuvenil.es\/?p=860#primaryimage"},"image":{"@id":"https:\/\/redaccionjuvenil.es\/?p=860#primaryimage"},"thumbnailUrl":"https:\/\/redaccionjuvenil.es\/wp-content\/uploads\/2026\/04\/pexels-mikhail-nilov-8542539-2.jpg","datePublished":"2026-04-22T15:28:53+00:00","dateModified":"2026-04-22T15:28:56+00:00","description":"Los distintos peligros sobre el cambio clim\u00e1tico y la actividad que hace Aspaym durante el D\u00eda de la Tierra.","breadcrumb":{"@id":"https:\/\/redaccionjuvenil.es\/?p=860#breadcrumb"},"inLanguage":"es","potentialAction":[{"@type":"ReadAction","target":["https:\/\/redaccionjuvenil.es\/?p=860"]}]},{"@type":"ImageObject","inLanguage":"es","@id":"https:\/\/redaccionjuvenil.es\/?p=860#primaryimage","url":"https:\/\/redaccionjuvenil.es\/wp-content\/uploads\/2026\/04\/pexels-mikhail-nilov-8542539-2.jpg","contentUrl":"https:\/\/redaccionjuvenil.es\/wp-content\/uploads\/2026\/04\/pexels-mikhail-nilov-8542539-2.jpg","width":1280,"height":1917,"caption":"D\u00eda de La Tierra"},{"@type":"BreadcrumbList","@id":"https:\/\/redaccionjuvenil.es\/?p=860#breadcrumb","itemListElement":[{"@type":"ListItem","position":1,"name":"Portada","item":"https:\/\/redaccionjuvenil.es\/"},{"@type":"ListItem","position":2,"name":"El D\u00eda de la Tierra vuelve a alertar sobre el cambio clim\u00e1tico"}]},{"@type":"WebSite","@id":"https:\/\/redaccionjuvenil.es\/#website","url":"https:\/\/redaccionjuvenil.es\/","name":"RED-ACCI\u00d3N JUVENIL","description":"DONDE LA JUVENTUD INFORMA Y TRANSFORMA","publisher":{"@id":"https:\/\/redaccionjuvenil.es\/#organization"},"potentialAction":[{"@type":"SearchAction","target":{"@type":"EntryPoint","urlTemplate":"https:\/\/redaccionjuvenil.es\/?s={search_term_string}"},"query-input":{"@type":"PropertyValueSpecification","valueRequired":true,"valueName":"search_term_string"}}],"inLanguage":"es"},{"@type":"Organization","@id":"https:\/\/redaccionjuvenil.es\/#organization","name":"RED-ACCI\u00d3N JUVENIL","url":"https:\/\/redaccionjuvenil.es\/","logo":{"@type":"ImageObject","inLanguage":"es","@id":"https:\/\/redaccionjuvenil.es\/#\/schema\/logo\/image\/","url":"https:\/\/redaccionjuvenil.es\/wp-content\/uploads\/2026\/03\/cropped-cropped-logo_redaccion_juvenil_primer_propuesta-1.png","contentUrl":"https:\/\/redaccionjuvenil.es\/wp-content\/uploads\/2026\/03\/cropped-cropped-logo_redaccion_juvenil_primer_propuesta-1.png","width":723,"height":723,"caption":"RED-ACCI\u00d3N JUVENIL"},"image":{"@id":"https:\/\/redaccionjuvenil.es\/#\/schema\/logo\/image\/"}},{"@type":"Person","@id":"https:\/\/redaccionjuvenil.es\/#\/schema\/person\/b66bff3c65adb9a1c055297fadce53d4","name":"Maria del Carmen Dur\u00e1n","image":{"@type":"ImageObject","inLanguage":"es","@id":"https:\/\/redaccionjuvenil.es\/#\/schema\/person\/image\/","url":"https:\/\/secure.gravatar.com\/avatar\/79c1305f119b1d2dac4c06bccb1f41fad47441a1906f7b862af715c861eb7f71?s=96&d=mm&r=g","contentUrl":"https:\/\/secure.gravatar.com\/avatar\/79c1305f119b1d2dac4c06bccb1f41fad47441a1906f7b862af715c861eb7f71?s=96&d=mm&r=g","caption":"Maria del Carmen Dur\u00e1n"},"url":"https:\/\/redaccionjuvenil.es\/?author=8"}]}},"_links":{"self":[{"href":"https:\/\/redaccionjuvenil.es\/index.php?rest_route=\/wp\/v2\/posts\/860","targetHints":{"allow":["GET"]}}],"collection":[{"href":"https:\/\/redaccionjuvenil.es\/index.php?rest_route=\/wp\/v2\/posts"}],"about":[{"href":"https:\/\/redaccionjuvenil.es\/index.php?rest_route=\/wp\/v2\/types\/post"}],"author":[{"embeddable":true,"href":"https:\/\/redaccionjuvenil.es\/index.php?rest_route=\/wp\/v2\/users\/8"}],"replies":[{"embeddable":true,"href":"https:\/\/redaccionjuvenil.es\/index.php?rest_route=%2Fwp%2Fv2%2Fcomments&post=860"}],"version-history":[{"count":6,"href":"https:\/\/redaccionjuvenil.es\/index.php?rest_route=\/wp\/v2\/posts\/860\/revisions"}],"predecessor-version":[{"id":871,"href":"https:\/\/redaccionjuvenil.es\/index.php?rest_route=\/wp\/v2\/posts\/860\/revisions\/871"}],"wp:featuredmedia":[{"embeddable":true,"href":"https:\/\/redaccionjuvenil.es\/index.php?rest_route=\/wp\/v2\/media\/867"}],"wp:attachment":[{"href":"https:\/\/redaccionjuvenil.es\/index.php?rest_route=%2Fwp%2Fv2%2Fmedia&parent=860"}],"wp:term":[{"taxonomy":"category","embeddable":true,"href":"https:\/\/redaccionjuvenil.es\/index.php?rest_route=%2Fwp%2Fv2%2Fcategories&post=860"},{"taxonomy":"post_tag","embeddable":true,"href":"https:\/\/redaccionjuvenil.es\/index.php?rest_route=%2Fwp%2Fv2%2Ftags&post=860"}],"curies":[{"name":"wp","href":"https:\/\/api.w.org\/{rel}","templated":true}]}}