{"id":863,"date":"2026-04-21T17:39:58","date_gmt":"2026-04-21T17:39:58","guid":{"rendered":"https:\/\/redaccionjuvenil.es\/?p=863"},"modified":"2026-04-21T17:40:01","modified_gmt":"2026-04-21T17:40:01","slug":"el-exito-del-voluntariado-juvenil-en-castilla-y-leon","status":"publish","type":"post","link":"https:\/\/redaccionjuvenil.es\/?p=863","title":{"rendered":"El \u00e9xito del voluntariado juvenil en Castilla y Le\u00f3n"},"content":{"rendered":"\n<h2 class=\"wp-block-heading\">El Programa Oficial<\/h2>\n\n\n\n<p>El programa de <strong>Voluntariado Joven de CyL<\/strong> es un proyecto de la <strong>Junta de CyL<\/strong> y est\u00e1 coordinado por el Consejo de la Juventud de la comunidad aut\u00f3noma.<\/p>\n\n\n\n<p>Los <strong>j\u00f3venes <\/strong>que pueden participar son aquellos que se encuentren entre los <strong>18 y 30 a\u00f1os<\/strong>, como se puede observar en la <a href=\"https:\/\/gobiernoabierto.jcyl.es\/web\/jcyl\/GobiernoAbierto\/es\/Plantilla100Detalle\/1284216489702\/Catalogo\/1285036677875\/Informe\" target=\"_blank\" rel=\"noreferrer noopener\">p\u00e1gina de la Junta de Castilla y Le\u00f3n<\/a>.<\/p>\n\n\n\n<h2 class=\"wp-block-heading\">Consejo de la Juventud<\/h2>\n\n\n\n<p>Como se menciona en el <a href=\"https:\/\/gobierno.jcyl.es\/web\/es\/consejerias\/consejo-juventud.html\" target=\"_blank\" rel=\"noreferrer noopener\">sitio web de la Junta<\/a>, \u201ces un ente p\u00fablico de derecho privado, dotado de personalidad jur\u00eddica propia, adscrito a la Consejer\u00eda competente en materia de juventud.\u201d<\/p>\n\n\n\n<p>Su finalidad es que los j\u00f3venes de Castilla y Le\u00f3n participen en actividades que les conciernen, adem\u00e1s de verse representados por diferentes asociaciones juveniles.<\/p>\n\n\n\n<h2 class=\"wp-block-heading\">La Uni\u00f3n hace la Fuerza<\/h2>\n\n\n\n<p>Las dos entidades nombradas anteriormente, colaboran con varias asociaciones para dar opci\u00f3n a los j\u00f3venes castellanoleoneses a participar como voluntario en m\u00faltiples actividades por toda la comunidad.<\/p>\n\n\n\n<p>Las <strong>entidades<\/strong> en materias de <strong>voluntariado<\/strong> que colaboran son las siguientes:<\/p>\n\n\n\n<ul class=\"wp-block-list\">\n<li>Federaci\u00f3n de Centros Juveniles Don Bosco de Castilla y Le\u00f3n.<\/li>\n\n\n\n<li>Scouts de Castilla y Le\u00f3n Msc.<\/li>\n\n\n\n<li>ASPAYM Castilla y Le\u00f3n.<\/li>\n\n\n\n<li>Cruz Roja Juventud Castilla y Le\u00f3n.<\/li>\n<\/ul>\n\n\n\n<p>Actualmente, y seg\u00fan <a href=\"https:\/\/programa-voluntariado.cjcyl.es\/\" target=\"_blank\" rel=\"noreferrer noopener\">datos del Consejo<\/a>, hay <strong>m\u00e1s de 7.000 j\u00f3venes participantes, m\u00e1s de 400 asociaciones colaborando y m\u00e1s de 200 cursos impartidos<\/strong>.<\/p>\n\n\n\n<h2 class=\"wp-block-heading\">El Voluntariado en MSC Scouts<\/h2>\n\n\n\n<p>Ser <strong>voluntario en MSC Scouts<\/strong> es \u201cparticipar en un proyecto educativo basado en el m\u00e9todo scout\u201d, como est\u00e1 plasmado en su <a href=\"https:\/\/scoutscyl.org\/voluntariado\/\" target=\"_blank\" rel=\"noreferrer noopener\">sitio web de Castilla y Le\u00f3n<\/a>.<\/p>\n\n\n\n<p>El voluntariado en esta asociaci\u00f3n trae consigo varios <strong>beneficios<\/strong> a los j\u00f3venes ayudantes como los siguientes:<\/p>\n\n\n\n<ul class=\"wp-block-list\">\n<li><strong>Acompa\u00f1ar<\/strong> a la infancia y la juventud en su \u201caventura scout\u201d, adem\u00e1s de <strong>educar en valores<\/strong> desde el ejemplo y la experiencia.<\/li>\n\n\n\n<li>Fomenta el <strong>trabajo en equipo<\/strong> y el <strong>aprendizaje <\/strong>en comunidad con otros voluntarios.<\/li>\n\n\n\n<li>Participando en diferentes proyectos y acciones de servicio, contribuyes a <strong>mejorar el entorno que te rodea<\/strong>.<\/li>\n<\/ul>\n\n\n\n<p>Adem\u00e1s de estas ganancias, puedes conseguir el <strong>t\u00edtulo de Animaci\u00f3n y Tiempo Libre de Castilla y Le\u00f3n<\/strong>, que sirve para organizar, dirigir y evaluar actividades educativas y de ocio con ni\u00f1os y j\u00f3venes.<\/p>\n\n\n\n<h2 class=\"wp-block-heading\">C\u00f3mo Sumarse<\/h2>\n\n\n\n<p>Para <strong>ser parte<\/strong> del equipo de voluntariado en <strong>MSC Scouts<\/strong>, solo hay que <strong>contactar <\/strong>con ellos a trav\u00e9s del <strong>formulario de contacto<\/strong> que aparece en la parte inferior de su sitio web indicando algunos datos personales, tu provincia, disponibilidad y qu\u00e9 quieres aportar.<\/p>\n\n\n\n<p>Si eres <strong>estudiante universitario<\/strong>, hay muchos centros en los que te otorgan cr\u00e9ditos <strong>(ECTS)<\/strong> por participar en este tipo de actividades de voluntariado o solidarias, por lo que a parte de aportarte todo lo antes descrito, te vendr\u00e1 bien para tu <strong>formaci\u00f3n universitaria<\/strong>.<\/p>\n\n\n\n<p><\/p>\n","protected":false},"excerpt":{"rendered":"<p>El Programa Oficial El programa de Voluntariado Joven de CyL es un proyecto de la Junta de CyL y est\u00e1 coordinado por el Consejo de la Juventud de la comunidad&#8230;<\/p>\n","protected":false},"author":11,"featured_media":864,"comment_status":"open","ping_status":"open","sticky":false,"template":"","format":"standard","meta":{"_kadence_starter_templates_imported_post":false,"footnotes":""},"categories":[1,8,23,13,2,5],"tags":[76,40,86,37,126],"class_list":["post-863","post","type-post","status-publish","format-standard","has-post-thumbnail","hentry","category-actualidad","category-asociacionismo","category-destacado","category-msc-scouts","category-noticias","category-voluntariado","tag-castilla-y-leon","tag-jovenes","tag-juventud-2","tag-msc-scouts","tag-voluntariado"],"yoast_head":"<!-- This site is optimized with the Yoast SEO plugin v27.1.1 - https:\/\/yoast.com\/product\/yoast-seo-wordpress\/ -->\n<title>El \u00e9xito del voluntariado juvenil en Castilla y Le\u00f3n - RED-ACCI\u00d3N JUVENIL<\/title>\n<meta name=\"robots\" content=\"index, follow, max-snippet:-1, max-image-preview:large, max-video-preview:-1\" \/>\n<link rel=\"canonical\" href=\"https:\/\/redaccionjuvenil.es\/?p=863\" \/>\n<meta property=\"og:locale\" content=\"es_ES\" \/>\n<meta property=\"og:type\" content=\"article\" \/>\n<meta property=\"og:title\" content=\"El \u00e9xito del voluntariado juvenil en Castilla y Le\u00f3n - RED-ACCI\u00d3N JUVENIL\" \/>\n<meta property=\"og:description\" content=\"El Programa Oficial El programa de Voluntariado Joven de CyL es un proyecto de la Junta de CyL y est\u00e1 coordinado por el Consejo de la Juventud de la comunidad...\" \/>\n<meta property=\"og:url\" content=\"https:\/\/redaccionjuvenil.es\/?p=863\" \/>\n<meta property=\"og:site_name\" content=\"RED-ACCI\u00d3N JUVENIL\" \/>\n<meta property=\"article:published_time\" content=\"2026-04-21T17:39:58+00:00\" \/>\n<meta property=\"article:modified_time\" content=\"2026-04-21T17:40:01+00:00\" \/>\n<meta property=\"og:image\" content=\"https:\/\/redaccionjuvenil.es\/wp-content\/uploads\/2026\/04\/Vountariado-Scout-programa-voluntariado.webp\" \/>\n\t<meta property=\"og:image:width\" content=\"601\" \/>\n\t<meta property=\"og:image:height\" content=\"395\" \/>\n\t<meta property=\"og:image:type\" content=\"image\/webp\" \/>\n<meta name=\"author\" content=\"Rodrigo Hern\u00e1ndez\" \/>\n<meta name=\"twitter:card\" content=\"summary_large_image\" \/>\n<meta name=\"twitter:label1\" content=\"Escrito por\" \/>\n\t<meta name=\"twitter:data1\" content=\"Rodrigo Hern\u00e1ndez\" \/>\n\t<meta name=\"twitter:label2\" content=\"Tiempo de lectura\" \/>\n\t<meta name=\"twitter:data2\" content=\"3 minutos\" \/>\n<script type=\"application\/ld+json\" class=\"yoast-schema-graph\">{\"@context\":\"https:\/\/schema.org\",\"@graph\":[{\"@type\":\"Article\",\"@id\":\"https:\/\/redaccionjuvenil.es\/?p=863#article\",\"isPartOf\":{\"@id\":\"https:\/\/redaccionjuvenil.es\/?p=863\"},\"author\":{\"name\":\"Rodrigo Hern\u00e1ndez\",\"@id\":\"https:\/\/redaccionjuvenil.es\/#\/schema\/person\/f78175a2dc065b27ee9932d61c42a1a3\"},\"headline\":\"El \u00e9xito del voluntariado juvenil en Castilla y Le\u00f3n\",\"datePublished\":\"2026-04-21T17:39:58+00:00\",\"dateModified\":\"2026-04-21T17:40:01+00:00\",\"mainEntityOfPage\":{\"@id\":\"https:\/\/redaccionjuvenil.es\/?p=863\"},\"wordCount\":478,\"commentCount\":0,\"publisher\":{\"@id\":\"https:\/\/redaccionjuvenil.es\/#organization\"},\"image\":{\"@id\":\"https:\/\/redaccionjuvenil.es\/?p=863#primaryimage\"},\"thumbnailUrl\":\"https:\/\/redaccionjuvenil.es\/wp-content\/uploads\/2026\/04\/Vountariado-Scout-programa-voluntariado.webp\",\"keywords\":[\"castilla y le\u00f3n\",\"J\u00f3venes\",\"Juventud\",\"MSC Scouts\",\"voluntariado\"],\"articleSection\":[\"Actualidad\",\"Asociacionismo\",\"Destacado\",\"MSC Scouts\",\"Noticias\",\"Voluntariado\"],\"inLanguage\":\"es\",\"potentialAction\":[{\"@type\":\"CommentAction\",\"name\":\"Comment\",\"target\":[\"https:\/\/redaccionjuvenil.es\/?p=863#respond\"]}]},{\"@type\":\"WebPage\",\"@id\":\"https:\/\/redaccionjuvenil.es\/?p=863\",\"url\":\"https:\/\/redaccionjuvenil.es\/?p=863\",\"name\":\"El \u00e9xito del voluntariado juvenil en Castilla y Le\u00f3n - RED-ACCI\u00d3N JUVENIL\",\"isPartOf\":{\"@id\":\"https:\/\/redaccionjuvenil.es\/#website\"},\"primaryImageOfPage\":{\"@id\":\"https:\/\/redaccionjuvenil.es\/?p=863#primaryimage\"},\"image\":{\"@id\":\"https:\/\/redaccionjuvenil.es\/?p=863#primaryimage\"},\"thumbnailUrl\":\"https:\/\/redaccionjuvenil.es\/wp-content\/uploads\/2026\/04\/Vountariado-Scout-programa-voluntariado.webp\",\"datePublished\":\"2026-04-21T17:39:58+00:00\",\"dateModified\":\"2026-04-21T17:40:01+00:00\",\"breadcrumb\":{\"@id\":\"https:\/\/redaccionjuvenil.es\/?p=863#breadcrumb\"},\"inLanguage\":\"es\",\"potentialAction\":[{\"@type\":\"ReadAction\",\"target\":[\"https:\/\/redaccionjuvenil.es\/?p=863\"]}]},{\"@type\":\"ImageObject\",\"inLanguage\":\"es\",\"@id\":\"https:\/\/redaccionjuvenil.es\/?p=863#primaryimage\",\"url\":\"https:\/\/redaccionjuvenil.es\/wp-content\/uploads\/2026\/04\/Vountariado-Scout-programa-voluntariado.webp\",\"contentUrl\":\"https:\/\/redaccionjuvenil.es\/wp-content\/uploads\/2026\/04\/Vountariado-Scout-programa-voluntariado.webp\",\"width\":601,\"height\":395},{\"@type\":\"BreadcrumbList\",\"@id\":\"https:\/\/redaccionjuvenil.es\/?p=863#breadcrumb\",\"itemListElement\":[{\"@type\":\"ListItem\",\"position\":1,\"name\":\"Portada\",\"item\":\"https:\/\/redaccionjuvenil.es\/\"},{\"@type\":\"ListItem\",\"position\":2,\"name\":\"El \u00e9xito del voluntariado juvenil en Castilla y Le\u00f3n\"}]},{\"@type\":\"WebSite\",\"@id\":\"https:\/\/redaccionjuvenil.es\/#website\",\"url\":\"https:\/\/redaccionjuvenil.es\/\",\"name\":\"RED-ACCI\u00d3N JUVENIL\",\"description\":\"DONDE LA JUVENTUD INFORMA Y TRANSFORMA\",\"publisher\":{\"@id\":\"https:\/\/redaccionjuvenil.es\/#organization\"},\"potentialAction\":[{\"@type\":\"SearchAction\",\"target\":{\"@type\":\"EntryPoint\",\"urlTemplate\":\"https:\/\/redaccionjuvenil.es\/?s={search_term_string}\"},\"query-input\":{\"@type\":\"PropertyValueSpecification\",\"valueRequired\":true,\"valueName\":\"search_term_string\"}}],\"inLanguage\":\"es\"},{\"@type\":\"Organization\",\"@id\":\"https:\/\/redaccionjuvenil.es\/#organization\",\"name\":\"RED-ACCI\u00d3N JUVENIL\",\"url\":\"https:\/\/redaccionjuvenil.es\/\",\"logo\":{\"@type\":\"ImageObject\",\"inLanguage\":\"es\",\"@id\":\"https:\/\/redaccionjuvenil.es\/#\/schema\/logo\/image\/\",\"url\":\"https:\/\/redaccionjuvenil.es\/wp-content\/uploads\/2026\/03\/cropped-cropped-logo_redaccion_juvenil_primer_propuesta-1.png\",\"contentUrl\":\"https:\/\/redaccionjuvenil.es\/wp-content\/uploads\/2026\/03\/cropped-cropped-logo_redaccion_juvenil_primer_propuesta-1.png\",\"width\":723,\"height\":723,\"caption\":\"RED-ACCI\u00d3N JUVENIL\"},\"image\":{\"@id\":\"https:\/\/redaccionjuvenil.es\/#\/schema\/logo\/image\/\"}},{\"@type\":\"Person\",\"@id\":\"https:\/\/redaccionjuvenil.es\/#\/schema\/person\/f78175a2dc065b27ee9932d61c42a1a3\",\"name\":\"Rodrigo Hern\u00e1ndez\",\"image\":{\"@type\":\"ImageObject\",\"inLanguage\":\"es\",\"@id\":\"https:\/\/redaccionjuvenil.es\/#\/schema\/person\/image\/\",\"url\":\"https:\/\/secure.gravatar.com\/avatar\/0024b9f224595a4cd8efe1f861a1aa3b22462402bd9e9d0be437803a6ea13d9f?s=96&d=mm&r=g\",\"contentUrl\":\"https:\/\/secure.gravatar.com\/avatar\/0024b9f224595a4cd8efe1f861a1aa3b22462402bd9e9d0be437803a6ea13d9f?s=96&d=mm&r=g\",\"caption\":\"Rodrigo Hern\u00e1ndez\"},\"sameAs\":[\"http:\/\/RedaccionJ2026!\"],\"url\":\"https:\/\/redaccionjuvenil.es\/?author=11\"}]}<\/script>\n<!-- \/ Yoast SEO plugin. -->","yoast_head_json":{"title":"El \u00e9xito del voluntariado juvenil en Castilla y Le\u00f3n - RED-ACCI\u00d3N JUVENIL","robots":{"index":"index","follow":"follow","max-snippet":"max-snippet:-1","max-image-preview":"max-image-preview:large","max-video-preview":"max-video-preview:-1"},"canonical":"https:\/\/redaccionjuvenil.es\/?p=863","og_locale":"es_ES","og_type":"article","og_title":"El \u00e9xito del voluntariado juvenil en Castilla y Le\u00f3n - RED-ACCI\u00d3N JUVENIL","og_description":"El Programa Oficial El programa de Voluntariado Joven de CyL es un proyecto de la Junta de CyL y est\u00e1 coordinado por el Consejo de la Juventud de la comunidad...","og_url":"https:\/\/redaccionjuvenil.es\/?p=863","og_site_name":"RED-ACCI\u00d3N JUVENIL","article_published_time":"2026-04-21T17:39:58+00:00","article_modified_time":"2026-04-21T17:40:01+00:00","og_image":[{"width":601,"height":395,"url":"https:\/\/redaccionjuvenil.es\/wp-content\/uploads\/2026\/04\/Vountariado-Scout-programa-voluntariado.webp","type":"image\/webp"}],"author":"Rodrigo Hern\u00e1ndez","twitter_card":"summary_large_image","twitter_misc":{"Escrito por":"Rodrigo Hern\u00e1ndez","Tiempo de lectura":"3 minutos"},"schema":{"@context":"https:\/\/schema.org","@graph":[{"@type":"Article","@id":"https:\/\/redaccionjuvenil.es\/?p=863#article","isPartOf":{"@id":"https:\/\/redaccionjuvenil.es\/?p=863"},"author":{"name":"Rodrigo Hern\u00e1ndez","@id":"https:\/\/redaccionjuvenil.es\/#\/schema\/person\/f78175a2dc065b27ee9932d61c42a1a3"},"headline":"El \u00e9xito del voluntariado juvenil en Castilla y Le\u00f3n","datePublished":"2026-04-21T17:39:58+00:00","dateModified":"2026-04-21T17:40:01+00:00","mainEntityOfPage":{"@id":"https:\/\/redaccionjuvenil.es\/?p=863"},"wordCount":478,"commentCount":0,"publisher":{"@id":"https:\/\/redaccionjuvenil.es\/#organization"},"image":{"@id":"https:\/\/redaccionjuvenil.es\/?p=863#primaryimage"},"thumbnailUrl":"https:\/\/redaccionjuvenil.es\/wp-content\/uploads\/2026\/04\/Vountariado-Scout-programa-voluntariado.webp","keywords":["castilla y le\u00f3n","J\u00f3venes","Juventud","MSC Scouts","voluntariado"],"articleSection":["Actualidad","Asociacionismo","Destacado","MSC Scouts","Noticias","Voluntariado"],"inLanguage":"es","potentialAction":[{"@type":"CommentAction","name":"Comment","target":["https:\/\/redaccionjuvenil.es\/?p=863#respond"]}]},{"@type":"WebPage","@id":"https:\/\/redaccionjuvenil.es\/?p=863","url":"https:\/\/redaccionjuvenil.es\/?p=863","name":"El \u00e9xito del voluntariado juvenil en Castilla y Le\u00f3n - RED-ACCI\u00d3N JUVENIL","isPartOf":{"@id":"https:\/\/redaccionjuvenil.es\/#website"},"primaryImageOfPage":{"@id":"https:\/\/redaccionjuvenil.es\/?p=863#primaryimage"},"image":{"@id":"https:\/\/redaccionjuvenil.es\/?p=863#primaryimage"},"thumbnailUrl":"https:\/\/redaccionjuvenil.es\/wp-content\/uploads\/2026\/04\/Vountariado-Scout-programa-voluntariado.webp","datePublished":"2026-04-21T17:39:58+00:00","dateModified":"2026-04-21T17:40:01+00:00","breadcrumb":{"@id":"https:\/\/redaccionjuvenil.es\/?p=863#breadcrumb"},"inLanguage":"es","potentialAction":[{"@type":"ReadAction","target":["https:\/\/redaccionjuvenil.es\/?p=863"]}]},{"@type":"ImageObject","inLanguage":"es","@id":"https:\/\/redaccionjuvenil.es\/?p=863#primaryimage","url":"https:\/\/redaccionjuvenil.es\/wp-content\/uploads\/2026\/04\/Vountariado-Scout-programa-voluntariado.webp","contentUrl":"https:\/\/redaccionjuvenil.es\/wp-content\/uploads\/2026\/04\/Vountariado-Scout-programa-voluntariado.webp","width":601,"height":395},{"@type":"BreadcrumbList","@id":"https:\/\/redaccionjuvenil.es\/?p=863#breadcrumb","itemListElement":[{"@type":"ListItem","position":1,"name":"Portada","item":"https:\/\/redaccionjuvenil.es\/"},{"@type":"ListItem","position":2,"name":"El \u00e9xito del voluntariado juvenil en Castilla y Le\u00f3n"}]},{"@type":"WebSite","@id":"https:\/\/redaccionjuvenil.es\/#website","url":"https:\/\/redaccionjuvenil.es\/","name":"RED-ACCI\u00d3N JUVENIL","description":"DONDE LA JUVENTUD INFORMA Y TRANSFORMA","publisher":{"@id":"https:\/\/redaccionjuvenil.es\/#organization"},"potentialAction":[{"@type":"SearchAction","target":{"@type":"EntryPoint","urlTemplate":"https:\/\/redaccionjuvenil.es\/?s={search_term_string}"},"query-input":{"@type":"PropertyValueSpecification","valueRequired":true,"valueName":"search_term_string"}}],"inLanguage":"es"},{"@type":"Organization","@id":"https:\/\/redaccionjuvenil.es\/#organization","name":"RED-ACCI\u00d3N JUVENIL","url":"https:\/\/redaccionjuvenil.es\/","logo":{"@type":"ImageObject","inLanguage":"es","@id":"https:\/\/redaccionjuvenil.es\/#\/schema\/logo\/image\/","url":"https:\/\/redaccionjuvenil.es\/wp-content\/uploads\/2026\/03\/cropped-cropped-logo_redaccion_juvenil_primer_propuesta-1.png","contentUrl":"https:\/\/redaccionjuvenil.es\/wp-content\/uploads\/2026\/03\/cropped-cropped-logo_redaccion_juvenil_primer_propuesta-1.png","width":723,"height":723,"caption":"RED-ACCI\u00d3N JUVENIL"},"image":{"@id":"https:\/\/redaccionjuvenil.es\/#\/schema\/logo\/image\/"}},{"@type":"Person","@id":"https:\/\/redaccionjuvenil.es\/#\/schema\/person\/f78175a2dc065b27ee9932d61c42a1a3","name":"Rodrigo Hern\u00e1ndez","image":{"@type":"ImageObject","inLanguage":"es","@id":"https:\/\/redaccionjuvenil.es\/#\/schema\/person\/image\/","url":"https:\/\/secure.gravatar.com\/avatar\/0024b9f224595a4cd8efe1f861a1aa3b22462402bd9e9d0be437803a6ea13d9f?s=96&d=mm&r=g","contentUrl":"https:\/\/secure.gravatar.com\/avatar\/0024b9f224595a4cd8efe1f861a1aa3b22462402bd9e9d0be437803a6ea13d9f?s=96&d=mm&r=g","caption":"Rodrigo Hern\u00e1ndez"},"sameAs":["http:\/\/RedaccionJ2026!"],"url":"https:\/\/redaccionjuvenil.es\/?author=11"}]}},"_links":{"self":[{"href":"https:\/\/redaccionjuvenil.es\/index.php?rest_route=\/wp\/v2\/posts\/863","targetHints":{"allow":["GET"]}}],"collection":[{"href":"https:\/\/redaccionjuvenil.es\/index.php?rest_route=\/wp\/v2\/posts"}],"about":[{"href":"https:\/\/redaccionjuvenil.es\/index.php?rest_route=\/wp\/v2\/types\/post"}],"author":[{"embeddable":true,"href":"https:\/\/redaccionjuvenil.es\/index.php?rest_route=\/wp\/v2\/users\/11"}],"replies":[{"embeddable":true,"href":"https:\/\/redaccionjuvenil.es\/index.php?rest_route=%2Fwp%2Fv2%2Fcomments&post=863"}],"version-history":[{"count":1,"href":"https:\/\/redaccionjuvenil.es\/index.php?rest_route=\/wp\/v2\/posts\/863\/revisions"}],"predecessor-version":[{"id":865,"href":"https:\/\/redaccionjuvenil.es\/index.php?rest_route=\/wp\/v2\/posts\/863\/revisions\/865"}],"wp:featuredmedia":[{"embeddable":true,"href":"https:\/\/redaccionjuvenil.es\/index.php?rest_route=\/wp\/v2\/media\/864"}],"wp:attachment":[{"href":"https:\/\/redaccionjuvenil.es\/index.php?rest_route=%2Fwp%2Fv2%2Fmedia&parent=863"}],"wp:term":[{"taxonomy":"category","embeddable":true,"href":"https:\/\/redaccionjuvenil.es\/index.php?rest_route=%2Fwp%2Fv2%2Fcategories&post=863"},{"taxonomy":"post_tag","embeddable":true,"href":"https:\/\/redaccionjuvenil.es\/index.php?rest_route=%2Fwp%2Fv2%2Ftags&post=863"}],"curies":[{"name":"wp","href":"https:\/\/api.w.org\/{rel}","templated":true}]}}