{"id":873,"date":"2026-04-21T17:59:28","date_gmt":"2026-04-21T17:59:28","guid":{"rendered":"https:\/\/redaccionjuvenil.es\/?p=873"},"modified":"2026-04-21T17:59:31","modified_gmt":"2026-04-21T17:59:31","slug":"salud-mental-en-adolescentes","status":"publish","type":"post","link":"https:\/\/redaccionjuvenil.es\/?p=873","title":{"rendered":"Concienciaci\u00f3n y gesti\u00f3n emocional como claves en la salud mental de los adolescentes"},"content":{"rendered":"\n<h3 class=\"wp-block-heading\"><strong>Asociaciones como YMCA promueven actividades para dotar a los j\u00f3venes de herramientas que les permitan prevenir y comprender sus problemas<\/strong><\/h3>\n\n\n\n<p>La adolescencia es una etapa clave en el crecimiento y desarrollo personal. Se encuentra marcada por los cambios emocionales, f\u00edsicos y sociales. Durante este periodo los j\u00f3venes construyen su identidad y fortalecen sus relaciones. Sin embargo, todos estos procesos pueden generar presi\u00f3n e incertidumbre, haciendo a los j\u00f3venes m\u00e1s vulnerables a experimentar <strong>problemas de salud mental<\/strong>.<\/p>\n\n\n\n<p>Seg\u00fan datos de <a href=\"https:\/\/www.unicef.es\/noticia\/adolescentes-manifiestan-problema-salud-mental\" id=\"https:\/\/www.unicef.es\/noticia\/adolescentes-manifiestan-problema-salud-mental\" target=\"_blank\" rel=\"noreferrer noopener\">Unicef<\/a>, en Espa\u00f1a 4 de cada 10 adolescentes han tenido o piensan que han tenido alg\u00fan problema relacionado con la salud mental en el \u00faltimo a\u00f1o. \u00a0A esto hay que a\u00f1adirle que <strong>la mitad de los j\u00f3venes que han experimentado estos problemas no han pedido ayuda, <\/strong>una clara evidencia de la falta de informaci\u00f3n y formaci\u00f3n en este \u00e1mbito. Esto los hace m\u00e1s vulnerables a sufrir alg\u00fan tipo de discriminaci\u00f3n y exclusi\u00f3n social, as\u00ed como problemas de salud o conductas de riesgo.<\/p>\n\n\n<div class=\"wp-block-image\">\n<figure class=\"aligncenter size-large is-resized\"><img loading=\"lazy\" decoding=\"async\" width=\"1024\" height=\"683\" src=\"https:\/\/redaccionjuvenil.es\/wp-content\/uploads\/2026\/04\/roszie-mental-health-7529899-1024x683.png\" alt=\"\" class=\"wp-image-875\" style=\"aspect-ratio:1.4992888417882142;width:529px;height:auto\" srcset=\"https:\/\/redaccionjuvenil.es\/wp-content\/uploads\/2026\/04\/roszie-mental-health-7529899-1024x683.png 1024w, https:\/\/redaccionjuvenil.es\/wp-content\/uploads\/2026\/04\/roszie-mental-health-7529899-300x200.png 300w, https:\/\/redaccionjuvenil.es\/wp-content\/uploads\/2026\/04\/roszie-mental-health-7529899-768x512.png 768w, https:\/\/redaccionjuvenil.es\/wp-content\/uploads\/2026\/04\/roszie-mental-health-7529899-1536x1024.png 1536w, https:\/\/redaccionjuvenil.es\/wp-content\/uploads\/2026\/04\/roszie-mental-health-7529899-2048x1366.png 2048w, https:\/\/redaccionjuvenil.es\/wp-content\/uploads\/2026\/04\/roszie-mental-health-7529899-600x400.png 600w\" sizes=\"auto, (max-width: 1024px) 100vw, 1024px\" \/><figcaption class=\"wp-element-caption\">Imagen de uso gratuito &#8211; Pixabay<\/figcaption><\/figure>\n<\/div>\n\n\n<p>En este contexto, la <strong>prevenci\u00f3n y educaci\u00f3n emocional<\/strong> resultan herramientas primordiales, especialmente a trav\u00e9s de la realizaci\u00f3n de programas educativos que acerquen a los adolescentes recursos que les permitan comprender, prevenir y gestionar un desarrollo saludable.<\/p>\n\n\n\n<p>Desde <strong>YMCA Valladolid<\/strong>, este tipo de iniciativas son fundamentales dentro de su plan de actividades. La m\u00e1s reciente se llev\u00f3 a cabo en las instalaciones de la asociaci\u00f3n el pasado 17 de abril en colaboraci\u00f3n con El Puente de Salud Mental. La actividad fue impartida por Daniel Cembrero y estuvo dirigida a adolescentes de entre 13 y 15 a\u00f1os.<\/p>\n\n\n\n<p>La sesi\u00f3n inici\u00f3 con una serie de preguntas abiertas para conocer que entend\u00edan los j\u00f3venes por <strong>salud mental<\/strong> y cu\u00e1l consideraban que es la funci\u00f3n de las emociones. A partir de ah\u00ed, se desarrollo una charla din\u00e1mica en la que se abordaron aspectos clave como la <strong>gesti\u00f3n emocional<\/strong> en situaciones cotidianas, el grado de control que tienen sobre ellas y c\u00f3mo influyen en su comportamiento.<\/p>\n\n\n\n<p>Tambi\u00e9n se destac\u00f3 la importancia de contar con el apoyo de un <strong>entorno cercano<\/strong>, ya sea familiar, escolar y social, con el que se puedan compartir c\u00f3mo se sienten. Asimismo, se puso en valor la importancia del <strong>deporte y hobbies<\/strong> como herramientas eficaces para canalizar sus problemas y emociones.<\/p>\n\n\n<div class=\"wp-block-image\">\n<figure class=\"aligncenter size-large is-resized\"><img loading=\"lazy\" decoding=\"async\" width=\"1024\" height=\"576\" src=\"https:\/\/redaccionjuvenil.es\/wp-content\/uploads\/2026\/04\/IMG_20260417_165913-1024x576.jpg\" alt=\"\" class=\"wp-image-877\" style=\"width:437px;height:auto\" srcset=\"https:\/\/redaccionjuvenil.es\/wp-content\/uploads\/2026\/04\/IMG_20260417_165913-1024x576.jpg 1024w, https:\/\/redaccionjuvenil.es\/wp-content\/uploads\/2026\/04\/IMG_20260417_165913-300x169.jpg 300w, https:\/\/redaccionjuvenil.es\/wp-content\/uploads\/2026\/04\/IMG_20260417_165913-768x432.jpg 768w, https:\/\/redaccionjuvenil.es\/wp-content\/uploads\/2026\/04\/IMG_20260417_165913-1536x864.jpg 1536w, https:\/\/redaccionjuvenil.es\/wp-content\/uploads\/2026\/04\/IMG_20260417_165913-2048x1153.jpg 2048w\" sizes=\"auto, (max-width: 1024px) 100vw, 1024px\" \/><figcaption class=\"wp-element-caption\">Imagen Propia<\/figcaption><\/figure>\n<\/div>\n\n\n<p>Los j\u00f3venes asistentes tuvieron la oportunidad de compartir sus <strong>experiencias y estrategias<\/strong> que les ayudan a gestionar sus emociones m\u00e1s dif\u00edciles, aprendiendo a identificarlas, aceptarlas y manejarlas de forma saludable. En este sentido, Daniel remarca la importancia que tiene comprender que cada caso individual es distinto y que es primordial comunicar lo que uno siente para as\u00ed recibir ayuda.<\/p>\n\n\n\n<p>Para finalizar la sesi\u00f3n se realiz\u00f3 un juego de m\u00edmica que consist\u00eda en identificar las emociones en otras personas y demostrar que esto tambi\u00e9n puede ser algo dif\u00edcil de expresar y captar en los dem\u00e1s.\u00a0<\/p>\n\n\n\n<p>Este tipo de actividades e iniciativas hacen frente a la necesidad de seguir trabajando desde el <strong>\u00e1mbito educativo<\/strong> la salud mental desde una edad temprana. As\u00ed los adolescentes aprenden a tomar <strong>conciencia<\/strong> sobre este problema a la vez que son escuchados y acompa\u00f1ados.<\/p>\n","protected":false},"excerpt":{"rendered":"<p>Asociaciones como YMCA promueven actividades para dotar a los j\u00f3venes de herramientas que les permitan prevenir y comprender sus problemas La adolescencia es una etapa clave en el crecimiento y&#8230;<\/p>\n","protected":false},"author":19,"featured_media":880,"comment_status":"open","ping_status":"open","sticky":false,"template":"","format":"standard","meta":{"_kadence_starter_templates_imported_post":false,"footnotes":""},"categories":[22,1,8,23,2,16,15],"tags":[86,139,92],"class_list":["post-873","post","type-post","status-publish","format-standard","has-post-thumbnail","hentry","category-activismo","category-actualidad","category-asociacionismo","category-destacado","category-noticias","category-te-interesa","category-ymca","tag-juventud-2","tag-salud-mental","tag-ymca-2"],"yoast_head":"<!-- This site is optimized with the Yoast SEO plugin v27.1.1 - https:\/\/yoast.com\/product\/yoast-seo-wordpress\/ -->\n<title>Concienciaci\u00f3n y gesti\u00f3n emocional como claves en la salud mental de los adolescentes - RED-ACCI\u00d3N JUVENIL<\/title>\n<meta name=\"description\" content=\"Asociaciones como YMCA promueven actividades para dotar a los j\u00f3venes de herramientas que les permitan prevenir y comprender sus problemas\" \/>\n<meta name=\"robots\" content=\"index, follow, max-snippet:-1, max-image-preview:large, max-video-preview:-1\" \/>\n<link rel=\"canonical\" href=\"https:\/\/redaccionjuvenil.es\/?p=873\" \/>\n<meta property=\"og:locale\" content=\"es_ES\" \/>\n<meta property=\"og:type\" content=\"article\" \/>\n<meta property=\"og:title\" content=\"Concienciaci\u00f3n y gesti\u00f3n emocional como claves en la salud mental de los adolescentes - RED-ACCI\u00d3N JUVENIL\" \/>\n<meta property=\"og:description\" content=\"Asociaciones como YMCA promueven actividades para dotar a los j\u00f3venes de herramientas que les permitan prevenir y comprender sus problemas\" \/>\n<meta property=\"og:url\" content=\"https:\/\/redaccionjuvenil.es\/?p=873\" \/>\n<meta property=\"og:site_name\" content=\"RED-ACCI\u00d3N JUVENIL\" \/>\n<meta property=\"article:published_time\" content=\"2026-04-21T17:59:28+00:00\" \/>\n<meta property=\"article:modified_time\" content=\"2026-04-21T17:59:31+00:00\" \/>\n<meta property=\"og:image\" content=\"https:\/\/redaccionjuvenil.es\/wp-content\/uploads\/2026\/04\/IMG_20260417_164016-2-scaled.jpg\" \/>\n\t<meta property=\"og:image:width\" content=\"2560\" \/>\n\t<meta property=\"og:image:height\" content=\"1441\" \/>\n\t<meta property=\"og:image:type\" content=\"image\/jpeg\" \/>\n<meta name=\"author\" content=\"Mar\u00eda Prada\" \/>\n<meta name=\"twitter:card\" content=\"summary_large_image\" \/>\n<meta name=\"twitter:label1\" content=\"Escrito por\" \/>\n\t<meta name=\"twitter:data1\" content=\"Mar\u00eda Prada\" \/>\n\t<meta name=\"twitter:label2\" content=\"Tiempo de lectura\" \/>\n\t<meta name=\"twitter:data2\" content=\"3 minutos\" \/>\n<script type=\"application\/ld+json\" class=\"yoast-schema-graph\">{\"@context\":\"https:\/\/schema.org\",\"@graph\":[{\"@type\":\"Article\",\"@id\":\"https:\/\/redaccionjuvenil.es\/?p=873#article\",\"isPartOf\":{\"@id\":\"https:\/\/redaccionjuvenil.es\/?p=873\"},\"author\":{\"name\":\"Mar\u00eda Prada\",\"@id\":\"https:\/\/redaccionjuvenil.es\/#\/schema\/person\/6e98a120d311fe6232af05109635364a\"},\"headline\":\"Concienciaci\u00f3n y gesti\u00f3n emocional como claves en la salud mental de los adolescentes\",\"datePublished\":\"2026-04-21T17:59:28+00:00\",\"dateModified\":\"2026-04-21T17:59:31+00:00\",\"mainEntityOfPage\":{\"@id\":\"https:\/\/redaccionjuvenil.es\/?p=873\"},\"wordCount\":571,\"commentCount\":0,\"publisher\":{\"@id\":\"https:\/\/redaccionjuvenil.es\/#organization\"},\"image\":{\"@id\":\"https:\/\/redaccionjuvenil.es\/?p=873#primaryimage\"},\"thumbnailUrl\":\"https:\/\/redaccionjuvenil.es\/wp-content\/uploads\/2026\/04\/IMG_20260417_164016-2-scaled.jpg\",\"keywords\":[\"Juventud\",\"Salud Mental\",\"YMCA\"],\"articleSection\":[\"Activismo\",\"Actualidad\",\"Asociacionismo\",\"Destacado\",\"Noticias\",\"Te interesa\",\"YMCA\"],\"inLanguage\":\"es\",\"potentialAction\":[{\"@type\":\"CommentAction\",\"name\":\"Comment\",\"target\":[\"https:\/\/redaccionjuvenil.es\/?p=873#respond\"]}]},{\"@type\":\"WebPage\",\"@id\":\"https:\/\/redaccionjuvenil.es\/?p=873\",\"url\":\"https:\/\/redaccionjuvenil.es\/?p=873\",\"name\":\"Concienciaci\u00f3n y gesti\u00f3n emocional como claves en la salud mental de los adolescentes - RED-ACCI\u00d3N JUVENIL\",\"isPartOf\":{\"@id\":\"https:\/\/redaccionjuvenil.es\/#website\"},\"primaryImageOfPage\":{\"@id\":\"https:\/\/redaccionjuvenil.es\/?p=873#primaryimage\"},\"image\":{\"@id\":\"https:\/\/redaccionjuvenil.es\/?p=873#primaryimage\"},\"thumbnailUrl\":\"https:\/\/redaccionjuvenil.es\/wp-content\/uploads\/2026\/04\/IMG_20260417_164016-2-scaled.jpg\",\"datePublished\":\"2026-04-21T17:59:28+00:00\",\"dateModified\":\"2026-04-21T17:59:31+00:00\",\"description\":\"Asociaciones como YMCA promueven actividades para dotar a los j\u00f3venes de herramientas que les permitan prevenir y comprender sus problemas\",\"breadcrumb\":{\"@id\":\"https:\/\/redaccionjuvenil.es\/?p=873#breadcrumb\"},\"inLanguage\":\"es\",\"potentialAction\":[{\"@type\":\"ReadAction\",\"target\":[\"https:\/\/redaccionjuvenil.es\/?p=873\"]}]},{\"@type\":\"ImageObject\",\"inLanguage\":\"es\",\"@id\":\"https:\/\/redaccionjuvenil.es\/?p=873#primaryimage\",\"url\":\"https:\/\/redaccionjuvenil.es\/wp-content\/uploads\/2026\/04\/IMG_20260417_164016-2-scaled.jpg\",\"contentUrl\":\"https:\/\/redaccionjuvenil.es\/wp-content\/uploads\/2026\/04\/IMG_20260417_164016-2-scaled.jpg\",\"width\":2560,\"height\":1441,\"caption\":\"La salud mental en adolescentes y j\u00f3venes\"},{\"@type\":\"BreadcrumbList\",\"@id\":\"https:\/\/redaccionjuvenil.es\/?p=873#breadcrumb\",\"itemListElement\":[{\"@type\":\"ListItem\",\"position\":1,\"name\":\"Portada\",\"item\":\"https:\/\/redaccionjuvenil.es\/\"},{\"@type\":\"ListItem\",\"position\":2,\"name\":\"Concienciaci\u00f3n y gesti\u00f3n emocional como claves en la salud mental de los adolescentes\"}]},{\"@type\":\"WebSite\",\"@id\":\"https:\/\/redaccionjuvenil.es\/#website\",\"url\":\"https:\/\/redaccionjuvenil.es\/\",\"name\":\"RED-ACCI\u00d3N JUVENIL\",\"description\":\"DONDE LA JUVENTUD INFORMA Y TRANSFORMA\",\"publisher\":{\"@id\":\"https:\/\/redaccionjuvenil.es\/#organization\"},\"potentialAction\":[{\"@type\":\"SearchAction\",\"target\":{\"@type\":\"EntryPoint\",\"urlTemplate\":\"https:\/\/redaccionjuvenil.es\/?s={search_term_string}\"},\"query-input\":{\"@type\":\"PropertyValueSpecification\",\"valueRequired\":true,\"valueName\":\"search_term_string\"}}],\"inLanguage\":\"es\"},{\"@type\":\"Organization\",\"@id\":\"https:\/\/redaccionjuvenil.es\/#organization\",\"name\":\"RED-ACCI\u00d3N JUVENIL\",\"url\":\"https:\/\/redaccionjuvenil.es\/\",\"logo\":{\"@type\":\"ImageObject\",\"inLanguage\":\"es\",\"@id\":\"https:\/\/redaccionjuvenil.es\/#\/schema\/logo\/image\/\",\"url\":\"https:\/\/redaccionjuvenil.es\/wp-content\/uploads\/2026\/03\/cropped-cropped-logo_redaccion_juvenil_primer_propuesta-1.png\",\"contentUrl\":\"https:\/\/redaccionjuvenil.es\/wp-content\/uploads\/2026\/03\/cropped-cropped-logo_redaccion_juvenil_primer_propuesta-1.png\",\"width\":723,\"height\":723,\"caption\":\"RED-ACCI\u00d3N JUVENIL\"},\"image\":{\"@id\":\"https:\/\/redaccionjuvenil.es\/#\/schema\/logo\/image\/\"}},{\"@type\":\"Person\",\"@id\":\"https:\/\/redaccionjuvenil.es\/#\/schema\/person\/6e98a120d311fe6232af05109635364a\",\"name\":\"Mar\u00eda Prada\",\"image\":{\"@type\":\"ImageObject\",\"inLanguage\":\"es\",\"@id\":\"https:\/\/redaccionjuvenil.es\/#\/schema\/person\/image\/\",\"url\":\"https:\/\/secure.gravatar.com\/avatar\/3ebf1a2e9582ff01494dd3637d65b0c572f1fc331014a07bc77ca8df217e0cc2?s=96&d=mm&r=g\",\"contentUrl\":\"https:\/\/secure.gravatar.com\/avatar\/3ebf1a2e9582ff01494dd3637d65b0c572f1fc331014a07bc77ca8df217e0cc2?s=96&d=mm&r=g\",\"caption\":\"Mar\u00eda Prada\"},\"url\":\"https:\/\/redaccionjuvenil.es\/?author=19\"}]}<\/script>\n<!-- \/ Yoast SEO plugin. -->","yoast_head_json":{"title":"Concienciaci\u00f3n y gesti\u00f3n emocional como claves en la salud mental de los adolescentes - RED-ACCI\u00d3N JUVENIL","description":"Asociaciones como YMCA promueven actividades para dotar a los j\u00f3venes de herramientas que les permitan prevenir y comprender sus problemas","robots":{"index":"index","follow":"follow","max-snippet":"max-snippet:-1","max-image-preview":"max-image-preview:large","max-video-preview":"max-video-preview:-1"},"canonical":"https:\/\/redaccionjuvenil.es\/?p=873","og_locale":"es_ES","og_type":"article","og_title":"Concienciaci\u00f3n y gesti\u00f3n emocional como claves en la salud mental de los adolescentes - RED-ACCI\u00d3N JUVENIL","og_description":"Asociaciones como YMCA promueven actividades para dotar a los j\u00f3venes de herramientas que les permitan prevenir y comprender sus problemas","og_url":"https:\/\/redaccionjuvenil.es\/?p=873","og_site_name":"RED-ACCI\u00d3N JUVENIL","article_published_time":"2026-04-21T17:59:28+00:00","article_modified_time":"2026-04-21T17:59:31+00:00","og_image":[{"width":2560,"height":1441,"url":"https:\/\/redaccionjuvenil.es\/wp-content\/uploads\/2026\/04\/IMG_20260417_164016-2-scaled.jpg","type":"image\/jpeg"}],"author":"Mar\u00eda Prada","twitter_card":"summary_large_image","twitter_misc":{"Escrito por":"Mar\u00eda Prada","Tiempo de lectura":"3 minutos"},"schema":{"@context":"https:\/\/schema.org","@graph":[{"@type":"Article","@id":"https:\/\/redaccionjuvenil.es\/?p=873#article","isPartOf":{"@id":"https:\/\/redaccionjuvenil.es\/?p=873"},"author":{"name":"Mar\u00eda Prada","@id":"https:\/\/redaccionjuvenil.es\/#\/schema\/person\/6e98a120d311fe6232af05109635364a"},"headline":"Concienciaci\u00f3n y gesti\u00f3n emocional como claves en la salud mental de los adolescentes","datePublished":"2026-04-21T17:59:28+00:00","dateModified":"2026-04-21T17:59:31+00:00","mainEntityOfPage":{"@id":"https:\/\/redaccionjuvenil.es\/?p=873"},"wordCount":571,"commentCount":0,"publisher":{"@id":"https:\/\/redaccionjuvenil.es\/#organization"},"image":{"@id":"https:\/\/redaccionjuvenil.es\/?p=873#primaryimage"},"thumbnailUrl":"https:\/\/redaccionjuvenil.es\/wp-content\/uploads\/2026\/04\/IMG_20260417_164016-2-scaled.jpg","keywords":["Juventud","Salud Mental","YMCA"],"articleSection":["Activismo","Actualidad","Asociacionismo","Destacado","Noticias","Te interesa","YMCA"],"inLanguage":"es","potentialAction":[{"@type":"CommentAction","name":"Comment","target":["https:\/\/redaccionjuvenil.es\/?p=873#respond"]}]},{"@type":"WebPage","@id":"https:\/\/redaccionjuvenil.es\/?p=873","url":"https:\/\/redaccionjuvenil.es\/?p=873","name":"Concienciaci\u00f3n y gesti\u00f3n emocional como claves en la salud mental de los adolescentes - RED-ACCI\u00d3N JUVENIL","isPartOf":{"@id":"https:\/\/redaccionjuvenil.es\/#website"},"primaryImageOfPage":{"@id":"https:\/\/redaccionjuvenil.es\/?p=873#primaryimage"},"image":{"@id":"https:\/\/redaccionjuvenil.es\/?p=873#primaryimage"},"thumbnailUrl":"https:\/\/redaccionjuvenil.es\/wp-content\/uploads\/2026\/04\/IMG_20260417_164016-2-scaled.jpg","datePublished":"2026-04-21T17:59:28+00:00","dateModified":"2026-04-21T17:59:31+00:00","description":"Asociaciones como YMCA promueven actividades para dotar a los j\u00f3venes de herramientas que les permitan prevenir y comprender sus problemas","breadcrumb":{"@id":"https:\/\/redaccionjuvenil.es\/?p=873#breadcrumb"},"inLanguage":"es","potentialAction":[{"@type":"ReadAction","target":["https:\/\/redaccionjuvenil.es\/?p=873"]}]},{"@type":"ImageObject","inLanguage":"es","@id":"https:\/\/redaccionjuvenil.es\/?p=873#primaryimage","url":"https:\/\/redaccionjuvenil.es\/wp-content\/uploads\/2026\/04\/IMG_20260417_164016-2-scaled.jpg","contentUrl":"https:\/\/redaccionjuvenil.es\/wp-content\/uploads\/2026\/04\/IMG_20260417_164016-2-scaled.jpg","width":2560,"height":1441,"caption":"La salud mental en adolescentes y j\u00f3venes"},{"@type":"BreadcrumbList","@id":"https:\/\/redaccionjuvenil.es\/?p=873#breadcrumb","itemListElement":[{"@type":"ListItem","position":1,"name":"Portada","item":"https:\/\/redaccionjuvenil.es\/"},{"@type":"ListItem","position":2,"name":"Concienciaci\u00f3n y gesti\u00f3n emocional como claves en la salud mental de los adolescentes"}]},{"@type":"WebSite","@id":"https:\/\/redaccionjuvenil.es\/#website","url":"https:\/\/redaccionjuvenil.es\/","name":"RED-ACCI\u00d3N JUVENIL","description":"DONDE LA JUVENTUD INFORMA Y TRANSFORMA","publisher":{"@id":"https:\/\/redaccionjuvenil.es\/#organization"},"potentialAction":[{"@type":"SearchAction","target":{"@type":"EntryPoint","urlTemplate":"https:\/\/redaccionjuvenil.es\/?s={search_term_string}"},"query-input":{"@type":"PropertyValueSpecification","valueRequired":true,"valueName":"search_term_string"}}],"inLanguage":"es"},{"@type":"Organization","@id":"https:\/\/redaccionjuvenil.es\/#organization","name":"RED-ACCI\u00d3N JUVENIL","url":"https:\/\/redaccionjuvenil.es\/","logo":{"@type":"ImageObject","inLanguage":"es","@id":"https:\/\/redaccionjuvenil.es\/#\/schema\/logo\/image\/","url":"https:\/\/redaccionjuvenil.es\/wp-content\/uploads\/2026\/03\/cropped-cropped-logo_redaccion_juvenil_primer_propuesta-1.png","contentUrl":"https:\/\/redaccionjuvenil.es\/wp-content\/uploads\/2026\/03\/cropped-cropped-logo_redaccion_juvenil_primer_propuesta-1.png","width":723,"height":723,"caption":"RED-ACCI\u00d3N JUVENIL"},"image":{"@id":"https:\/\/redaccionjuvenil.es\/#\/schema\/logo\/image\/"}},{"@type":"Person","@id":"https:\/\/redaccionjuvenil.es\/#\/schema\/person\/6e98a120d311fe6232af05109635364a","name":"Mar\u00eda Prada","image":{"@type":"ImageObject","inLanguage":"es","@id":"https:\/\/redaccionjuvenil.es\/#\/schema\/person\/image\/","url":"https:\/\/secure.gravatar.com\/avatar\/3ebf1a2e9582ff01494dd3637d65b0c572f1fc331014a07bc77ca8df217e0cc2?s=96&d=mm&r=g","contentUrl":"https:\/\/secure.gravatar.com\/avatar\/3ebf1a2e9582ff01494dd3637d65b0c572f1fc331014a07bc77ca8df217e0cc2?s=96&d=mm&r=g","caption":"Mar\u00eda Prada"},"url":"https:\/\/redaccionjuvenil.es\/?author=19"}]}},"_links":{"self":[{"href":"https:\/\/redaccionjuvenil.es\/index.php?rest_route=\/wp\/v2\/posts\/873","targetHints":{"allow":["GET"]}}],"collection":[{"href":"https:\/\/redaccionjuvenil.es\/index.php?rest_route=\/wp\/v2\/posts"}],"about":[{"href":"https:\/\/redaccionjuvenil.es\/index.php?rest_route=\/wp\/v2\/types\/post"}],"author":[{"embeddable":true,"href":"https:\/\/redaccionjuvenil.es\/index.php?rest_route=\/wp\/v2\/users\/19"}],"replies":[{"embeddable":true,"href":"https:\/\/redaccionjuvenil.es\/index.php?rest_route=%2Fwp%2Fv2%2Fcomments&post=873"}],"version-history":[{"count":5,"href":"https:\/\/redaccionjuvenil.es\/index.php?rest_route=\/wp\/v2\/posts\/873\/revisions"}],"predecessor-version":[{"id":884,"href":"https:\/\/redaccionjuvenil.es\/index.php?rest_route=\/wp\/v2\/posts\/873\/revisions\/884"}],"wp:featuredmedia":[{"embeddable":true,"href":"https:\/\/redaccionjuvenil.es\/index.php?rest_route=\/wp\/v2\/media\/880"}],"wp:attachment":[{"href":"https:\/\/redaccionjuvenil.es\/index.php?rest_route=%2Fwp%2Fv2%2Fmedia&parent=873"}],"wp:term":[{"taxonomy":"category","embeddable":true,"href":"https:\/\/redaccionjuvenil.es\/index.php?rest_route=%2Fwp%2Fv2%2Fcategories&post=873"},{"taxonomy":"post_tag","embeddable":true,"href":"https:\/\/redaccionjuvenil.es\/index.php?rest_route=%2Fwp%2Fv2%2Ftags&post=873"}],"curies":[{"name":"wp","href":"https:\/\/api.w.org\/{rel}","templated":true}]}}