{"id":886,"date":"2026-04-25T10:11:42","date_gmt":"2026-04-25T10:11:42","guid":{"rendered":"https:\/\/redaccionjuvenil.es\/?p=886"},"modified":"2026-04-25T10:12:31","modified_gmt":"2026-04-25T10:12:31","slug":"el-apoyo-socioeducativo-para-jovenes-en-situacion-de-vulnerabilidad","status":"publish","type":"post","link":"https:\/\/redaccionjuvenil.es\/?p=886","title":{"rendered":"El apoyo socioeducativo para j\u00f3venes en situaci\u00f3n de vulnerabilidad"},"content":{"rendered":"\n<p class=\"has-text-align-left has-medium-font-size\"><strong>Seg\u00fan los datos recogidos en el informe de \u201cLa Juventud en Cifras\u201d desde la Junta de Castilla y Le\u00f3n, la situaci\u00f3n de los adolescentes refleja dificultades en los \u00e1mbitos de empleo y educaci\u00f3n, factores que se relacionan con situaciones de vulnerabilidad.<\/strong><\/p>\n\n\n\n<p>En Castilla y Le\u00f3n residen aproximadamente m\u00e1s de <strong>medio mill\u00f3n<\/strong> de poblaci\u00f3n joven, seg\u00fan datos del INE (Instituto Nacional de Estad\u00edstica). Algunos de ellos, debido a la situaci\u00f3n de vulnerabilidad, presentan diferentes dificultades educativas o de acceso a programas de inserci\u00f3n laboral, lo que justifica la necesidad de programas de apoyo socioeducativo.<\/p>\n\n\n\n<p>Seg\u00fan datos de la plataforma de organizaciones de infancia de CyL en 2024, el 14,1% de los menores de edad viven en pobreza severa. Entre la poblaci\u00f3n de 18 a 29 a\u00f1os, la pobreza severa en 2025 est\u00e1 en el 10, 3% lo que quiere decir que <strong>1 de cada 10 j\u00f3venes <\/strong>a\u00fan sigue en riesgo de vulnerabilidad.<\/p>\n\n\n\n<p>Estos datos muestran que hay muchos ni\u00f1os y adolescentes que no pueden permitirse continuar sus estudios, encontrar un empleo estable o independizarse.<\/p>\n\n\n\n<p>Adem\u00e1s, una gran parte de ellos no tiene acceso a actividades de apoyo socioeducativo que favorezcan su desarrollo tanto social como personal. Por eso es importante ofrecer distintas actividades para intentar mejorar su calidad de vida, mostrarles cercan\u00eda y un acompa\u00f1amiento con un refuerzo social, educativo, laboral\u2026<\/p>\n\n\n\n<p class=\"has-medium-font-size\"><strong>Programas<\/strong><\/p>\n\n\n\n<p>Desde la Junta de Castilla y Le\u00f3n y muchas asociaciones como <a href=\"https:\/\/www.caritasvalladolid.es\/programas\/programa-de-infancia-adolescencia-y-familia\/\">C\u00e1ritas<\/a> o la <a href=\"https:\/\/www.fundacionadsis.org\/es\/valladolid\">Fundaci\u00f3n Adsis<\/a>, organizan y desarrollan programas, principalmente de apoyo social-educativo, dirigidos a ese segmento de la poblaci\u00f3n joven.<\/p>\n\n\n\n<p>Por ejemplo, en Villamuriel de Cerrato (Le\u00f3n), <a href=\"https:\/\/www.centrodonbosco.es\/\">la Fundaci\u00f3n Don Bosco<\/a> trabaja junto a 32 ni\u00f1os, ni\u00f1as y j\u00f3venes desde 4.\u00ba de primaria a 3.\u00ba de la ESO. El proyecto se estructura en diferentes <strong>\u00e1reas<\/strong> dentro del acompa\u00f1amiento integral a j\u00f3venes para ayudarlos en todo momento.<\/p>\n\n\n\n<p>En el \u00e1mbito <strong>escolar <\/strong>realizan talleres de apoyo y t\u00e9cnicas de estudio. Dentro de la <strong>familiar<\/strong> se organizan caf\u00e9-coloquios con los padres, madres o tutores legales, para facilitar la comunicaci\u00f3n dentro del proceso educativo.<\/p>\n\n\n\n<p>Adem\u00e1s, abarcan otras superficies de trabajo como el <strong>\u00e1rea transversal de habilidades sociales y relaciones interpersonales, actividades relacionadas con la salud y de desarrollo personal.<\/strong><\/p>\n\n\n\n<p>Estos programas permiten reducir las desigualdades y garantizar una equidad de oportunidades, para que todos ellos puedan tener un presente y futuro con muchas m\u00e1s posibilidades y estabilidad, tanto en lo personal como en lo social. Y t\u00fa, \u00bfqu\u00e9 actividades o programas realizar\u00edas para ayudarles?<\/p>\n","protected":false},"excerpt":{"rendered":"<p>Seg\u00fan los datos recogidos en el informe de \u201cLa Juventud en Cifras\u201d desde la Junta de Castilla y Le\u00f3n, la situaci\u00f3n de los adolescentes refleja dificultades en los \u00e1mbitos de&#8230;<\/p>\n","protected":false},"author":20,"featured_media":890,"comment_status":"open","ping_status":"open","sticky":false,"template":"","format":"standard","meta":{"_kadence_starter_templates_imported_post":false,"footnotes":""},"categories":[1,8,12,2,16],"tags":[140,76,142,40,144,143],"class_list":["post-886","post","type-post","status-publish","format-standard","has-post-thumbnail","hentry","category-actualidad","category-asociacionismo","category-don-bosco","category-noticias","category-te-interesa","tag-apoyosocioeducativo","tag-castilla-y-leon","tag-educativo","tag-jovenes","tag-social","tag-vulnerabilidad"],"yoast_head":"<!-- This site is optimized with the Yoast SEO plugin v27.1.1 - https:\/\/yoast.com\/product\/yoast-seo-wordpress\/ -->\n<title>El apoyo socioeducativo para j\u00f3venes en situaci\u00f3n de vulnerabilidad - RED-ACCI\u00d3N JUVENIL<\/title>\n<meta name=\"description\" content=\"Seg\u00fan los datos recogidos en el informe de \u201cLa Juventud en Cifras\u201d desde la Junta de Castilla y Le\u00f3n, la situaci\u00f3n de los j\u00f3venes refleja dificultades en los \u00e1mbitos de empleo y educaci\u00f3n, factores que se relacionan con situaciones de vulnerabilidad.\" \/>\n<meta name=\"robots\" content=\"index, follow, max-snippet:-1, max-image-preview:large, max-video-preview:-1\" \/>\n<link rel=\"canonical\" href=\"https:\/\/redaccionjuvenil.es\/?p=886\" \/>\n<meta property=\"og:locale\" content=\"es_ES\" \/>\n<meta property=\"og:type\" content=\"article\" \/>\n<meta property=\"og:title\" content=\"El apoyo socioeducativo para j\u00f3venes en situaci\u00f3n de vulnerabilidad - RED-ACCI\u00d3N JUVENIL\" \/>\n<meta property=\"og:description\" content=\"Seg\u00fan los datos recogidos en el informe de \u201cLa Juventud en Cifras\u201d desde la Junta de Castilla y Le\u00f3n, la situaci\u00f3n de los j\u00f3venes refleja dificultades en los \u00e1mbitos de empleo y educaci\u00f3n, factores que se relacionan con situaciones de vulnerabilidad.\" \/>\n<meta property=\"og:url\" content=\"https:\/\/redaccionjuvenil.es\/?p=886\" \/>\n<meta property=\"og:site_name\" content=\"RED-ACCI\u00d3N JUVENIL\" \/>\n<meta property=\"article:published_time\" content=\"2026-04-25T10:11:42+00:00\" \/>\n<meta property=\"article:modified_time\" content=\"2026-04-25T10:12:31+00:00\" \/>\n<meta property=\"og:image\" content=\"https:\/\/redaccionjuvenil.es\/wp-content\/uploads\/2026\/04\/iqbalstock-muslim-7520627_1920.jpg\" \/>\n\t<meta property=\"og:image:width\" content=\"1920\" \/>\n\t<meta property=\"og:image:height\" content=\"1280\" \/>\n\t<meta property=\"og:image:type\" content=\"image\/jpeg\" \/>\n<meta name=\"author\" content=\"Lara Mar\u00eda Prieto\" \/>\n<meta name=\"twitter:card\" content=\"summary_large_image\" \/>\n<meta name=\"twitter:label1\" content=\"Escrito por\" \/>\n\t<meta name=\"twitter:data1\" content=\"Lara Mar\u00eda Prieto\" \/>\n\t<meta name=\"twitter:label2\" content=\"Tiempo de lectura\" \/>\n\t<meta name=\"twitter:data2\" content=\"3 minutos\" \/>\n<script type=\"application\/ld+json\" class=\"yoast-schema-graph\">{\"@context\":\"https:\/\/schema.org\",\"@graph\":[{\"@type\":\"Article\",\"@id\":\"https:\/\/redaccionjuvenil.es\/?p=886#article\",\"isPartOf\":{\"@id\":\"https:\/\/redaccionjuvenil.es\/?p=886\"},\"author\":{\"name\":\"Lara Mar\u00eda Prieto\",\"@id\":\"https:\/\/redaccionjuvenil.es\/#\/schema\/person\/4c01330987c04093df51b25076aa4af4\"},\"headline\":\"El apoyo socioeducativo para j\u00f3venes en situaci\u00f3n de vulnerabilidad\",\"datePublished\":\"2026-04-25T10:11:42+00:00\",\"dateModified\":\"2026-04-25T10:12:31+00:00\",\"mainEntityOfPage\":{\"@id\":\"https:\/\/redaccionjuvenil.es\/?p=886\"},\"wordCount\":440,\"commentCount\":0,\"publisher\":{\"@id\":\"https:\/\/redaccionjuvenil.es\/#organization\"},\"image\":{\"@id\":\"https:\/\/redaccionjuvenil.es\/?p=886#primaryimage\"},\"thumbnailUrl\":\"https:\/\/redaccionjuvenil.es\/wp-content\/uploads\/2026\/04\/iqbalstock-muslim-7520627_1920.jpg\",\"keywords\":[\"Apoyosocioeducativo\",\"castilla y le\u00f3n\",\"Educativo\",\"J\u00f3venes\",\"social\",\"Vulnerabilidad\"],\"articleSection\":[\"Actualidad\",\"Asociacionismo\",\"Don Bosco\",\"Noticias\",\"Te interesa\"],\"inLanguage\":\"es\",\"potentialAction\":[{\"@type\":\"CommentAction\",\"name\":\"Comment\",\"target\":[\"https:\/\/redaccionjuvenil.es\/?p=886#respond\"]}]},{\"@type\":\"WebPage\",\"@id\":\"https:\/\/redaccionjuvenil.es\/?p=886\",\"url\":\"https:\/\/redaccionjuvenil.es\/?p=886\",\"name\":\"El apoyo socioeducativo para j\u00f3venes en situaci\u00f3n de vulnerabilidad - RED-ACCI\u00d3N JUVENIL\",\"isPartOf\":{\"@id\":\"https:\/\/redaccionjuvenil.es\/#website\"},\"primaryImageOfPage\":{\"@id\":\"https:\/\/redaccionjuvenil.es\/?p=886#primaryimage\"},\"image\":{\"@id\":\"https:\/\/redaccionjuvenil.es\/?p=886#primaryimage\"},\"thumbnailUrl\":\"https:\/\/redaccionjuvenil.es\/wp-content\/uploads\/2026\/04\/iqbalstock-muslim-7520627_1920.jpg\",\"datePublished\":\"2026-04-25T10:11:42+00:00\",\"dateModified\":\"2026-04-25T10:12:31+00:00\",\"description\":\"Seg\u00fan los datos recogidos en el informe de \u201cLa Juventud en Cifras\u201d desde la Junta de Castilla y Le\u00f3n, la situaci\u00f3n de los j\u00f3venes refleja dificultades en los \u00e1mbitos de empleo y educaci\u00f3n, factores que se relacionan con situaciones de vulnerabilidad.\",\"breadcrumb\":{\"@id\":\"https:\/\/redaccionjuvenil.es\/?p=886#breadcrumb\"},\"inLanguage\":\"es\",\"potentialAction\":[{\"@type\":\"ReadAction\",\"target\":[\"https:\/\/redaccionjuvenil.es\/?p=886\"]}]},{\"@type\":\"ImageObject\",\"inLanguage\":\"es\",\"@id\":\"https:\/\/redaccionjuvenil.es\/?p=886#primaryimage\",\"url\":\"https:\/\/redaccionjuvenil.es\/wp-content\/uploads\/2026\/04\/iqbalstock-muslim-7520627_1920.jpg\",\"contentUrl\":\"https:\/\/redaccionjuvenil.es\/wp-content\/uploads\/2026\/04\/iqbalstock-muslim-7520627_1920.jpg\",\"width\":1920,\"height\":1280,\"caption\":\"Imagen de Iqbal Nuril Anwar en Pixabay\"},{\"@type\":\"BreadcrumbList\",\"@id\":\"https:\/\/redaccionjuvenil.es\/?p=886#breadcrumb\",\"itemListElement\":[{\"@type\":\"ListItem\",\"position\":1,\"name\":\"Portada\",\"item\":\"https:\/\/redaccionjuvenil.es\/\"},{\"@type\":\"ListItem\",\"position\":2,\"name\":\"El apoyo socioeducativo para j\u00f3venes en situaci\u00f3n de vulnerabilidad\"}]},{\"@type\":\"WebSite\",\"@id\":\"https:\/\/redaccionjuvenil.es\/#website\",\"url\":\"https:\/\/redaccionjuvenil.es\/\",\"name\":\"RED-ACCI\u00d3N JUVENIL\",\"description\":\"DONDE LA JUVENTUD INFORMA Y TRANSFORMA\",\"publisher\":{\"@id\":\"https:\/\/redaccionjuvenil.es\/#organization\"},\"potentialAction\":[{\"@type\":\"SearchAction\",\"target\":{\"@type\":\"EntryPoint\",\"urlTemplate\":\"https:\/\/redaccionjuvenil.es\/?s={search_term_string}\"},\"query-input\":{\"@type\":\"PropertyValueSpecification\",\"valueRequired\":true,\"valueName\":\"search_term_string\"}}],\"inLanguage\":\"es\"},{\"@type\":\"Organization\",\"@id\":\"https:\/\/redaccionjuvenil.es\/#organization\",\"name\":\"RED-ACCI\u00d3N JUVENIL\",\"url\":\"https:\/\/redaccionjuvenil.es\/\",\"logo\":{\"@type\":\"ImageObject\",\"inLanguage\":\"es\",\"@id\":\"https:\/\/redaccionjuvenil.es\/#\/schema\/logo\/image\/\",\"url\":\"https:\/\/redaccionjuvenil.es\/wp-content\/uploads\/2026\/03\/cropped-cropped-logo_redaccion_juvenil_primer_propuesta-1.png\",\"contentUrl\":\"https:\/\/redaccionjuvenil.es\/wp-content\/uploads\/2026\/03\/cropped-cropped-logo_redaccion_juvenil_primer_propuesta-1.png\",\"width\":723,\"height\":723,\"caption\":\"RED-ACCI\u00d3N JUVENIL\"},\"image\":{\"@id\":\"https:\/\/redaccionjuvenil.es\/#\/schema\/logo\/image\/\"}},{\"@type\":\"Person\",\"@id\":\"https:\/\/redaccionjuvenil.es\/#\/schema\/person\/4c01330987c04093df51b25076aa4af4\",\"name\":\"Lara Mar\u00eda Prieto\",\"image\":{\"@type\":\"ImageObject\",\"inLanguage\":\"es\",\"@id\":\"https:\/\/redaccionjuvenil.es\/#\/schema\/person\/image\/\",\"url\":\"https:\/\/secure.gravatar.com\/avatar\/52ed77e099055cf2384e4a666515c8522e9caf2039a897e85c0c38e12d4c533f?s=96&d=mm&r=g\",\"contentUrl\":\"https:\/\/secure.gravatar.com\/avatar\/52ed77e099055cf2384e4a666515c8522e9caf2039a897e85c0c38e12d4c533f?s=96&d=mm&r=g\",\"caption\":\"Lara Mar\u00eda Prieto\"},\"url\":\"https:\/\/redaccionjuvenil.es\/?author=20\"}]}<\/script>\n<!-- \/ Yoast SEO plugin. -->","yoast_head_json":{"title":"El apoyo socioeducativo para j\u00f3venes en situaci\u00f3n de vulnerabilidad - RED-ACCI\u00d3N JUVENIL","description":"Seg\u00fan los datos recogidos en el informe de \u201cLa Juventud en Cifras\u201d desde la Junta de Castilla y Le\u00f3n, la situaci\u00f3n de los j\u00f3venes refleja dificultades en los \u00e1mbitos de empleo y educaci\u00f3n, factores que se relacionan con situaciones de vulnerabilidad.","robots":{"index":"index","follow":"follow","max-snippet":"max-snippet:-1","max-image-preview":"max-image-preview:large","max-video-preview":"max-video-preview:-1"},"canonical":"https:\/\/redaccionjuvenil.es\/?p=886","og_locale":"es_ES","og_type":"article","og_title":"El apoyo socioeducativo para j\u00f3venes en situaci\u00f3n de vulnerabilidad - RED-ACCI\u00d3N JUVENIL","og_description":"Seg\u00fan los datos recogidos en el informe de \u201cLa Juventud en Cifras\u201d desde la Junta de Castilla y Le\u00f3n, la situaci\u00f3n de los j\u00f3venes refleja dificultades en los \u00e1mbitos de empleo y educaci\u00f3n, factores que se relacionan con situaciones de vulnerabilidad.","og_url":"https:\/\/redaccionjuvenil.es\/?p=886","og_site_name":"RED-ACCI\u00d3N JUVENIL","article_published_time":"2026-04-25T10:11:42+00:00","article_modified_time":"2026-04-25T10:12:31+00:00","og_image":[{"width":1920,"height":1280,"url":"https:\/\/redaccionjuvenil.es\/wp-content\/uploads\/2026\/04\/iqbalstock-muslim-7520627_1920.jpg","type":"image\/jpeg"}],"author":"Lara Mar\u00eda Prieto","twitter_card":"summary_large_image","twitter_misc":{"Escrito por":"Lara Mar\u00eda Prieto","Tiempo de lectura":"3 minutos"},"schema":{"@context":"https:\/\/schema.org","@graph":[{"@type":"Article","@id":"https:\/\/redaccionjuvenil.es\/?p=886#article","isPartOf":{"@id":"https:\/\/redaccionjuvenil.es\/?p=886"},"author":{"name":"Lara Mar\u00eda Prieto","@id":"https:\/\/redaccionjuvenil.es\/#\/schema\/person\/4c01330987c04093df51b25076aa4af4"},"headline":"El apoyo socioeducativo para j\u00f3venes en situaci\u00f3n de vulnerabilidad","datePublished":"2026-04-25T10:11:42+00:00","dateModified":"2026-04-25T10:12:31+00:00","mainEntityOfPage":{"@id":"https:\/\/redaccionjuvenil.es\/?p=886"},"wordCount":440,"commentCount":0,"publisher":{"@id":"https:\/\/redaccionjuvenil.es\/#organization"},"image":{"@id":"https:\/\/redaccionjuvenil.es\/?p=886#primaryimage"},"thumbnailUrl":"https:\/\/redaccionjuvenil.es\/wp-content\/uploads\/2026\/04\/iqbalstock-muslim-7520627_1920.jpg","keywords":["Apoyosocioeducativo","castilla y le\u00f3n","Educativo","J\u00f3venes","social","Vulnerabilidad"],"articleSection":["Actualidad","Asociacionismo","Don Bosco","Noticias","Te interesa"],"inLanguage":"es","potentialAction":[{"@type":"CommentAction","name":"Comment","target":["https:\/\/redaccionjuvenil.es\/?p=886#respond"]}]},{"@type":"WebPage","@id":"https:\/\/redaccionjuvenil.es\/?p=886","url":"https:\/\/redaccionjuvenil.es\/?p=886","name":"El apoyo socioeducativo para j\u00f3venes en situaci\u00f3n de vulnerabilidad - RED-ACCI\u00d3N JUVENIL","isPartOf":{"@id":"https:\/\/redaccionjuvenil.es\/#website"},"primaryImageOfPage":{"@id":"https:\/\/redaccionjuvenil.es\/?p=886#primaryimage"},"image":{"@id":"https:\/\/redaccionjuvenil.es\/?p=886#primaryimage"},"thumbnailUrl":"https:\/\/redaccionjuvenil.es\/wp-content\/uploads\/2026\/04\/iqbalstock-muslim-7520627_1920.jpg","datePublished":"2026-04-25T10:11:42+00:00","dateModified":"2026-04-25T10:12:31+00:00","description":"Seg\u00fan los datos recogidos en el informe de \u201cLa Juventud en Cifras\u201d desde la Junta de Castilla y Le\u00f3n, la situaci\u00f3n de los j\u00f3venes refleja dificultades en los \u00e1mbitos de empleo y educaci\u00f3n, factores que se relacionan con situaciones de vulnerabilidad.","breadcrumb":{"@id":"https:\/\/redaccionjuvenil.es\/?p=886#breadcrumb"},"inLanguage":"es","potentialAction":[{"@type":"ReadAction","target":["https:\/\/redaccionjuvenil.es\/?p=886"]}]},{"@type":"ImageObject","inLanguage":"es","@id":"https:\/\/redaccionjuvenil.es\/?p=886#primaryimage","url":"https:\/\/redaccionjuvenil.es\/wp-content\/uploads\/2026\/04\/iqbalstock-muslim-7520627_1920.jpg","contentUrl":"https:\/\/redaccionjuvenil.es\/wp-content\/uploads\/2026\/04\/iqbalstock-muslim-7520627_1920.jpg","width":1920,"height":1280,"caption":"Imagen de Iqbal Nuril Anwar en Pixabay"},{"@type":"BreadcrumbList","@id":"https:\/\/redaccionjuvenil.es\/?p=886#breadcrumb","itemListElement":[{"@type":"ListItem","position":1,"name":"Portada","item":"https:\/\/redaccionjuvenil.es\/"},{"@type":"ListItem","position":2,"name":"El apoyo socioeducativo para j\u00f3venes en situaci\u00f3n de vulnerabilidad"}]},{"@type":"WebSite","@id":"https:\/\/redaccionjuvenil.es\/#website","url":"https:\/\/redaccionjuvenil.es\/","name":"RED-ACCI\u00d3N JUVENIL","description":"DONDE LA JUVENTUD INFORMA Y TRANSFORMA","publisher":{"@id":"https:\/\/redaccionjuvenil.es\/#organization"},"potentialAction":[{"@type":"SearchAction","target":{"@type":"EntryPoint","urlTemplate":"https:\/\/redaccionjuvenil.es\/?s={search_term_string}"},"query-input":{"@type":"PropertyValueSpecification","valueRequired":true,"valueName":"search_term_string"}}],"inLanguage":"es"},{"@type":"Organization","@id":"https:\/\/redaccionjuvenil.es\/#organization","name":"RED-ACCI\u00d3N JUVENIL","url":"https:\/\/redaccionjuvenil.es\/","logo":{"@type":"ImageObject","inLanguage":"es","@id":"https:\/\/redaccionjuvenil.es\/#\/schema\/logo\/image\/","url":"https:\/\/redaccionjuvenil.es\/wp-content\/uploads\/2026\/03\/cropped-cropped-logo_redaccion_juvenil_primer_propuesta-1.png","contentUrl":"https:\/\/redaccionjuvenil.es\/wp-content\/uploads\/2026\/03\/cropped-cropped-logo_redaccion_juvenil_primer_propuesta-1.png","width":723,"height":723,"caption":"RED-ACCI\u00d3N JUVENIL"},"image":{"@id":"https:\/\/redaccionjuvenil.es\/#\/schema\/logo\/image\/"}},{"@type":"Person","@id":"https:\/\/redaccionjuvenil.es\/#\/schema\/person\/4c01330987c04093df51b25076aa4af4","name":"Lara Mar\u00eda Prieto","image":{"@type":"ImageObject","inLanguage":"es","@id":"https:\/\/redaccionjuvenil.es\/#\/schema\/person\/image\/","url":"https:\/\/secure.gravatar.com\/avatar\/52ed77e099055cf2384e4a666515c8522e9caf2039a897e85c0c38e12d4c533f?s=96&d=mm&r=g","contentUrl":"https:\/\/secure.gravatar.com\/avatar\/52ed77e099055cf2384e4a666515c8522e9caf2039a897e85c0c38e12d4c533f?s=96&d=mm&r=g","caption":"Lara Mar\u00eda Prieto"},"url":"https:\/\/redaccionjuvenil.es\/?author=20"}]}},"_links":{"self":[{"href":"https:\/\/redaccionjuvenil.es\/index.php?rest_route=\/wp\/v2\/posts\/886","targetHints":{"allow":["GET"]}}],"collection":[{"href":"https:\/\/redaccionjuvenil.es\/index.php?rest_route=\/wp\/v2\/posts"}],"about":[{"href":"https:\/\/redaccionjuvenil.es\/index.php?rest_route=\/wp\/v2\/types\/post"}],"author":[{"embeddable":true,"href":"https:\/\/redaccionjuvenil.es\/index.php?rest_route=\/wp\/v2\/users\/20"}],"replies":[{"embeddable":true,"href":"https:\/\/redaccionjuvenil.es\/index.php?rest_route=%2Fwp%2Fv2%2Fcomments&post=886"}],"version-history":[{"count":8,"href":"https:\/\/redaccionjuvenil.es\/index.php?rest_route=\/wp\/v2\/posts\/886\/revisions"}],"predecessor-version":[{"id":895,"href":"https:\/\/redaccionjuvenil.es\/index.php?rest_route=\/wp\/v2\/posts\/886\/revisions\/895"}],"wp:featuredmedia":[{"embeddable":true,"href":"https:\/\/redaccionjuvenil.es\/index.php?rest_route=\/wp\/v2\/media\/890"}],"wp:attachment":[{"href":"https:\/\/redaccionjuvenil.es\/index.php?rest_route=%2Fwp%2Fv2%2Fmedia&parent=886"}],"wp:term":[{"taxonomy":"category","embeddable":true,"href":"https:\/\/redaccionjuvenil.es\/index.php?rest_route=%2Fwp%2Fv2%2Fcategories&post=886"},{"taxonomy":"post_tag","embeddable":true,"href":"https:\/\/redaccionjuvenil.es\/index.php?rest_route=%2Fwp%2Fv2%2Ftags&post=886"}],"curies":[{"name":"wp","href":"https:\/\/api.w.org\/{rel}","templated":true}]}}