{"id":898,"date":"2026-04-26T21:00:52","date_gmt":"2026-04-26T21:00:52","guid":{"rendered":"https:\/\/redaccionjuvenil.es\/?p=898"},"modified":"2026-04-26T21:00:54","modified_gmt":"2026-04-26T21:00:54","slug":"alexandra-federacion-cj-don-bosco-jovenes-voluntarios","status":"publish","type":"post","link":"https:\/\/redaccionjuvenil.es\/?p=898","title":{"rendered":"Alexandra, Federaci\u00f3n de CJ Don Bosco: \u00abUno de los retos que tenemos es que los j\u00f3venes vengan como voluntarios\u00bb"},"content":{"rendered":"\n<p>Alexandra pertenece a la Federaci\u00f3n de Centros Juveniles Don Bosco desde ni\u00f1a, desde entonces nunca ha abandonado el entorno por \u00ablos valores que se transmiten\u00bb y las personas que participan activamente. Ocupa cargos como la vicepresidencia de la Casa de Juventud Aleste, voluntaria en el IEF y coordinadora entre otros. Uno de las dificultades m\u00e1s importantes que detecta para la entidad es que \u00abfaltan voluntarios que vengan, que den su labor y que tengan compromiso con lo que hacen\u00bb.<\/p>\n\n\n\n<p><strong>\u2014 \u00bfCu\u00e1ndo comenzaste en tu centro juvenil?<\/strong><\/p>\n\n\n\n<p><strong>\u2014<\/strong> Empec\u00e9 desde muy peque\u00f1ita, con cinco a\u00f1os en grupos del IEF y en campamentos urbanos. Tambi\u00e9n particip\u00e9 en el taller de teatro de la Casa de Juventud Aleste.<\/p>\n\n\n\n<p><strong>\u2014<\/strong> <strong>Cu\u00e9ntanos c\u00f3mo fue tu experiencia como ni\u00f1a que acud\u00eda al centro.<\/strong><\/p>\n\n\n\n<p><strong>\u2014<\/strong> Vine con mis amigos, entonces fue diversi\u00f3n total. Los momentos de patio o de acogida son algo que recuerdo con mucho cari\u00f1o. Tambi\u00e9n lo que ejor recuerdo es conocer ni\u00f1os y gente nueva de otros centros juveniles.<\/p>\n\n\n\n<p><strong>\u2014 \u00bfQu\u00e9 fue lo que te motiv\u00f3 a implicarte dentro de lo asociativo?<\/strong><\/p>\n\n\n\n<p><strong>\u2014<\/strong> Principalmente el estar, conocer a los monitores y que nos expresen lo que es el sentimiento salesiano, el c\u00f3mo se vive la acogida (&#8230;) . Tambi\u00e9n el conocer gente que hace que quiera participar como voluntaria ahora y expresar lo que me han dado.<\/p>\n\n\n\n<p><strong>\u2014 \u00bfCu\u00e1l es tu funci\u00f3n en la Federaci\u00f3n de Centros Juveniles Don Bosco?<\/strong><\/p>\n\n\n\n<p><strong>\u2014<\/strong> Dentro de mi centro soy vicepresidenta de la Federaci\u00f3n de Centros Juveniles Don Bosco, tambi\u00e9n soy voluntaria en el IEF y coordinadora de uno de los grupos de los m\u00e1s peque\u00f1os.<\/p>\n\n\n\n<p><strong>\u2014 \u00bfPor qu\u00e9 decidiste dedicarte a los m\u00e1s peque\u00f1os? <\/strong><\/p>\n\n\n\n<p><strong>\u2014<\/strong> Porque empec\u00e9 como premonitora en esos grupos y despu\u00e9s del curso de monitores del t\u00edtulo, tuve que estar con ese grupo. Entonces el mundo simb\u00f3lico que hacemos con ellos, los valores que nos expresan, que hacemos que sientan, me encant\u00f3. Por esta raz\u00f3n decid\u00ed continuar.<\/p>\n\n\n\n<p><strong>\u2014 \u00bfQu\u00e9 tipo de formaci\u00f3n tienes para desempe\u00f1ar esta labor?<\/strong><\/p>\n\n\n\n<p><strong>\u2014<\/strong> Como he comentado antes, me saqu\u00e9 el t\u00edtulo de monitor de ocio y tiempo libre, tambi\u00e9n tengo el grado superior en deportes y en la actualidad estoy cursando la carrera de Educaci\u00f3n Primaria en la UVa.<\/p>\n\n\n\n<p><strong>\u2014 \u00bfQu\u00e9 retos afrontas d\u00eda a d\u00eda dentro de tu centro juvenil?<\/strong><\/p>\n\n\n\n<p><strong>\u2014<\/strong> Uno de los retos que tenemos es que los j\u00f3venes vengan como voluntarios, ahora cuesta mucho que lo sean, porque si no vives una experiencia que tus monitores o voluntarios, no tienes ese sentimiento de dar lo que te han aportado.<\/p>\n\n\n\n<blockquote class=\"wp-block-quote is-layout-flow wp-block-quote-is-layout-flow\">\n<blockquote class=\"wp-block-quote is-layout-flow wp-block-quote-is-layout-flow\">\n<p>\u00abUno de los retos que tenemos es que los j\u00f3venes vengan como voluntarios, ahora cuesta mucho (&#8230;) \u00ab<\/p>\n<\/blockquote>\n<\/blockquote>\n\n\n\n<p><strong>\u2014 \u00bfTienes alguna an\u00e9cdota que te haya marcado?<\/strong><\/p>\n\n\n\n<p><strong>\u2014<\/strong> Uno de los momentos que m\u00e1s me ha marcado es la actividad del Campo Bosco. Nos vamos j\u00f3venes salesianos de toda Espa\u00f1a a Tur\u00edn para conocer mejor la vida de Don Bosco.<\/p>\n\n\n\n<p><strong>\u2014 \u00bfEn qu\u00e9 otras organizaciones has participado o participas?<\/strong><\/p>\n\n\n\n<p><strong>\u2014<\/strong> En las asambleas de la Confederaci\u00f3n, en las de la Federaci\u00f3n y tambi\u00e9n en campamentos urbanos, los del IEF del verano.<\/p>\n\n\n\n<p><strong>\u2014 \u00bfQu\u00e9 actividades vais a abordar en los pr\u00f3ximos meses? <\/strong><\/p>\n\n\n\n<p><strong>\u2014<\/strong> Dentro de poquito va a ser el d\u00eda de Mar\u00eda Auxiliadora y luego tenemos la preparaci\u00f3n tanto del campamento urbano como los del IEF. Ya estamos terminando el curso, es la recta final.<\/p>\n\n\n\n<figure class=\"wp-block-gallery has-nested-images columns-default is-cropped wp-block-gallery-1 is-layout-flex wp-block-gallery-is-layout-flex\">\n<figure class=\"wp-block-image size-large\"><img loading=\"lazy\" decoding=\"async\" width=\"1024\" height=\"769\" data-id=\"925\" src=\"https:\/\/redaccionjuvenil.es\/wp-content\/uploads\/2026\/04\/Screenshot_20260426_223718_Gallery-1024x769.jpg\" alt=\"\" class=\"wp-image-925\" srcset=\"https:\/\/redaccionjuvenil.es\/wp-content\/uploads\/2026\/04\/Screenshot_20260426_223718_Gallery-1024x769.jpg 1024w, https:\/\/redaccionjuvenil.es\/wp-content\/uploads\/2026\/04\/Screenshot_20260426_223718_Gallery-300x225.jpg 300w, https:\/\/redaccionjuvenil.es\/wp-content\/uploads\/2026\/04\/Screenshot_20260426_223718_Gallery-768x577.jpg 768w, https:\/\/redaccionjuvenil.es\/wp-content\/uploads\/2026\/04\/Screenshot_20260426_223718_Gallery-1536x1154.jpg 1536w, https:\/\/redaccionjuvenil.es\/wp-content\/uploads\/2026\/04\/Screenshot_20260426_223718_Gallery.jpg 1890w\" sizes=\"auto, (max-width: 1024px) 100vw, 1024px\" \/><figcaption class=\"wp-element-caption\">Imagen tomada durante la entrevista a Alexandra de la Federaci\u00f3n de Centros Juveniles Don Bosco<\/figcaption><\/figure>\n\n\n\n<figure class=\"wp-block-image size-large\"><img loading=\"lazy\" decoding=\"async\" width=\"1024\" height=\"768\" data-id=\"920\" src=\"https:\/\/redaccionjuvenil.es\/wp-content\/uploads\/2026\/04\/1000008057-1024x768.jpg\" alt=\"\" class=\"wp-image-920\" srcset=\"https:\/\/redaccionjuvenil.es\/wp-content\/uploads\/2026\/04\/1000008057-1024x768.jpg 1024w, https:\/\/redaccionjuvenil.es\/wp-content\/uploads\/2026\/04\/1000008057-300x225.jpg 300w, https:\/\/redaccionjuvenil.es\/wp-content\/uploads\/2026\/04\/1000008057-768x576.jpg 768w, https:\/\/redaccionjuvenil.es\/wp-content\/uploads\/2026\/04\/1000008057-1536x1152.jpg 1536w, https:\/\/redaccionjuvenil.es\/wp-content\/uploads\/2026\/04\/1000008057-2048x1536.jpg 2048w\" sizes=\"auto, (max-width: 1024px) 100vw, 1024px\" \/><figcaption class=\"wp-element-caption\">Imagen tomada durante la entrevista a Alexandra de la Federaci\u00f3n de Centros Juveniles Don Bosco<\/figcaption><\/figure>\n<\/figure>\n\n\n\n<p><strong>\u2014 \u00bfQu\u00e9 dificultades detect\u00e1is los monitores actualmente en el centro?<\/strong><\/p>\n\n\n\n<p><strong>\u2014<\/strong> Nos faltan voluntarios que vengan, que den su labor y que tengan compromiso con lo que hacen.<\/p>\n\n\n\n<p><strong>\u2014 \u00bfQu\u00e9 te llevas a nivel personal de todos estos a\u00f1os? <\/strong><\/p>\n\n\n\n<p><strong>\u2014<\/strong> Me llevo una gran familia, una segunda casa y tambi\u00e9n ese sentimiento de pertenecencia que es muy bonito.<\/p>\n\n\n\n<p><strong>\u2014 \u00bfQu\u00e9 mensaje lanzar\u00edas a los j\u00f3venes para que se animen a participar en alguno de los centros juveniles de la Federaci\u00f3n?<\/strong><\/p>\n\n\n\n<p><strong>\u2014<\/strong> Que abran la mente y que hagan actividades voluntarias, no solo todo es el dinero. Las experiencias y vivencias que creas en estos \u00e1mbitos son muy bonitas y aprendes mucho de la vida.<\/p>\n\n\n\n<p><\/p>\n","protected":false},"excerpt":{"rendered":"<p>Alexandra pertenece a la Federaci\u00f3n de Centros Juveniles Don Bosco desde ni\u00f1a, desde entonces nunca ha abandonado el entorno por \u00ablos valores que se transmiten\u00bb y las personas que participan&#8230;<\/p>\n","protected":false},"author":21,"featured_media":919,"comment_status":"open","ping_status":"open","sticky":false,"template":"","format":"standard","meta":{"_kadence_starter_templates_imported_post":false,"footnotes":""},"categories":[22,1,8,23,12,3,20,5],"tags":[107,76,147,79],"class_list":["post-898","post","type-post","status-publish","format-standard","has-post-thumbnail","hentry","category-activismo","category-actualidad","category-asociacionismo","category-destacado","category-don-bosco","category-entrevistas","category-ocio","category-voluntariado","tag-asociacionismo-2","tag-castilla-y-leon","tag-federacion-cj-don-bosco","tag-valladolid-2"],"yoast_head":"<!-- This site is optimized with the Yoast SEO plugin v27.1.1 - https:\/\/yoast.com\/product\/yoast-seo-wordpress\/ -->\n<title>Alexandra, Federaci\u00f3n de CJ Don Bosco: &quot;Uno de los retos que tenemos es que los j\u00f3venes vengan como voluntarios&quot; - RED-ACCI\u00d3N JUVENIL<\/title>\n<meta name=\"description\" content=\"Alexandra pertenece a la Federaci\u00f3n de Centros Juveniles Don Bosco desde ni\u00f1a, desde entonces nunca ha abandonado el entorno por &quot;los valores que se transmiten&quot; y las personas que participan activamente. Ocupa cargos como la vicepresidencia de la Casa de Juventud Aleste, voluntaria en el IEF y coordinadora entre otros. Uno de las dificultades m\u00e1s importantes que detecta para la entidad es que &quot;faltan voluntarios que vengan, que den su labor y que tengan compromiso con lo que hacen&quot;.\" \/>\n<meta name=\"robots\" content=\"index, follow, max-snippet:-1, max-image-preview:large, max-video-preview:-1\" \/>\n<link rel=\"canonical\" href=\"https:\/\/redaccionjuvenil.es\/?p=898\" \/>\n<meta property=\"og:locale\" content=\"es_ES\" \/>\n<meta property=\"og:type\" content=\"article\" \/>\n<meta property=\"og:title\" content=\"Alexandra, Federaci\u00f3n de CJ Don Bosco: &quot;Uno de los retos que tenemos es que los j\u00f3venes vengan como voluntarios&quot; - RED-ACCI\u00d3N JUVENIL\" \/>\n<meta property=\"og:description\" content=\"Alexandra pertenece a la Federaci\u00f3n de Centros Juveniles Don Bosco desde ni\u00f1a, desde entonces nunca ha abandonado el entorno por &quot;los valores que se transmiten&quot; y las personas que participan activamente. Ocupa cargos como la vicepresidencia de la Casa de Juventud Aleste, voluntaria en el IEF y coordinadora entre otros. Uno de las dificultades m\u00e1s importantes que detecta para la entidad es que &quot;faltan voluntarios que vengan, que den su labor y que tengan compromiso con lo que hacen&quot;.\" \/>\n<meta property=\"og:url\" content=\"https:\/\/redaccionjuvenil.es\/?p=898\" \/>\n<meta property=\"og:site_name\" content=\"RED-ACCI\u00d3N JUVENIL\" \/>\n<meta property=\"article:published_time\" content=\"2026-04-26T21:00:52+00:00\" \/>\n<meta property=\"article:modified_time\" content=\"2026-04-26T21:00:54+00:00\" \/>\n<meta property=\"og:image\" content=\"https:\/\/redaccionjuvenil.es\/wp-content\/uploads\/2026\/04\/entrevista_alexandra_donboscoa-scaled.jpg\" \/>\n\t<meta property=\"og:image:width\" content=\"2560\" \/>\n\t<meta property=\"og:image:height\" content=\"1920\" \/>\n\t<meta property=\"og:image:type\" content=\"image\/jpeg\" \/>\n<meta name=\"author\" content=\"Alba Saavedra\" \/>\n<meta name=\"twitter:card\" content=\"summary_large_image\" \/>\n<meta name=\"twitter:label1\" content=\"Escrito por\" \/>\n\t<meta name=\"twitter:data1\" content=\"Alba Saavedra\" \/>\n\t<meta name=\"twitter:label2\" content=\"Tiempo de lectura\" \/>\n\t<meta name=\"twitter:data2\" content=\"4 minutos\" \/>\n<script type=\"application\/ld+json\" class=\"yoast-schema-graph\">{\"@context\":\"https:\/\/schema.org\",\"@graph\":[{\"@type\":\"Article\",\"@id\":\"https:\/\/redaccionjuvenil.es\/?p=898#article\",\"isPartOf\":{\"@id\":\"https:\/\/redaccionjuvenil.es\/?p=898\"},\"author\":{\"name\":\"Alba Saavedra\",\"@id\":\"https:\/\/redaccionjuvenil.es\/#\/schema\/person\/5713ecbe7bbbe101a58db66febd51298\"},\"headline\":\"Alexandra, Federaci\u00f3n de CJ Don Bosco: \u00abUno de los retos que tenemos es que los j\u00f3venes vengan como voluntarios\u00bb\",\"datePublished\":\"2026-04-26T21:00:52+00:00\",\"dateModified\":\"2026-04-26T21:00:54+00:00\",\"mainEntityOfPage\":{\"@id\":\"https:\/\/redaccionjuvenil.es\/?p=898\"},\"wordCount\":752,\"commentCount\":0,\"publisher\":{\"@id\":\"https:\/\/redaccionjuvenil.es\/#organization\"},\"image\":{\"@id\":\"https:\/\/redaccionjuvenil.es\/?p=898#primaryimage\"},\"thumbnailUrl\":\"https:\/\/redaccionjuvenil.es\/wp-content\/uploads\/2026\/04\/entrevista_alexandra_donboscoa-scaled.jpg\",\"keywords\":[\"Asociacionismo\",\"castilla y le\u00f3n\",\"Federaci\u00f3n CJ Don Bosco\",\"Valladolid\"],\"articleSection\":[\"Activismo\",\"Actualidad\",\"Asociacionismo\",\"Destacado\",\"Don Bosco\",\"Entrevistas\",\"Ocio\",\"Voluntariado\"],\"inLanguage\":\"es\",\"potentialAction\":[{\"@type\":\"CommentAction\",\"name\":\"Comment\",\"target\":[\"https:\/\/redaccionjuvenil.es\/?p=898#respond\"]}]},{\"@type\":\"WebPage\",\"@id\":\"https:\/\/redaccionjuvenil.es\/?p=898\",\"url\":\"https:\/\/redaccionjuvenil.es\/?p=898\",\"name\":\"Alexandra, Federaci\u00f3n de CJ Don Bosco: \\\"Uno de los retos que tenemos es que los j\u00f3venes vengan como voluntarios\\\" - RED-ACCI\u00d3N JUVENIL\",\"isPartOf\":{\"@id\":\"https:\/\/redaccionjuvenil.es\/#website\"},\"primaryImageOfPage\":{\"@id\":\"https:\/\/redaccionjuvenil.es\/?p=898#primaryimage\"},\"image\":{\"@id\":\"https:\/\/redaccionjuvenil.es\/?p=898#primaryimage\"},\"thumbnailUrl\":\"https:\/\/redaccionjuvenil.es\/wp-content\/uploads\/2026\/04\/entrevista_alexandra_donboscoa-scaled.jpg\",\"datePublished\":\"2026-04-26T21:00:52+00:00\",\"dateModified\":\"2026-04-26T21:00:54+00:00\",\"description\":\"Alexandra pertenece a la Federaci\u00f3n de Centros Juveniles Don Bosco desde ni\u00f1a, desde entonces nunca ha abandonado el entorno por \\\"los valores que se transmiten\\\" y las personas que participan activamente. Ocupa cargos como la vicepresidencia de la Casa de Juventud Aleste, voluntaria en el IEF y coordinadora entre otros. Uno de las dificultades m\u00e1s importantes que detecta para la entidad es que \\\"faltan voluntarios que vengan, que den su labor y que tengan compromiso con lo que hacen\\\".\",\"breadcrumb\":{\"@id\":\"https:\/\/redaccionjuvenil.es\/?p=898#breadcrumb\"},\"inLanguage\":\"es\",\"potentialAction\":[{\"@type\":\"ReadAction\",\"target\":[\"https:\/\/redaccionjuvenil.es\/?p=898\"]}]},{\"@type\":\"ImageObject\",\"inLanguage\":\"es\",\"@id\":\"https:\/\/redaccionjuvenil.es\/?p=898#primaryimage\",\"url\":\"https:\/\/redaccionjuvenil.es\/wp-content\/uploads\/2026\/04\/entrevista_alexandra_donboscoa-scaled.jpg\",\"contentUrl\":\"https:\/\/redaccionjuvenil.es\/wp-content\/uploads\/2026\/04\/entrevista_alexandra_donboscoa-scaled.jpg\",\"width\":2560,\"height\":1920,\"caption\":\"Imagen tomada durante la entrevista a Alexandra de la Federaci\u00f3n de Centros Juveniles Don Bosco\"},{\"@type\":\"BreadcrumbList\",\"@id\":\"https:\/\/redaccionjuvenil.es\/?p=898#breadcrumb\",\"itemListElement\":[{\"@type\":\"ListItem\",\"position\":1,\"name\":\"Portada\",\"item\":\"https:\/\/redaccionjuvenil.es\/\"},{\"@type\":\"ListItem\",\"position\":2,\"name\":\"Alexandra, Federaci\u00f3n de CJ Don Bosco: \u00abUno de los retos que tenemos es que los j\u00f3venes vengan como voluntarios\u00bb\"}]},{\"@type\":\"WebSite\",\"@id\":\"https:\/\/redaccionjuvenil.es\/#website\",\"url\":\"https:\/\/redaccionjuvenil.es\/\",\"name\":\"RED-ACCI\u00d3N JUVENIL\",\"description\":\"DONDE LA JUVENTUD INFORMA Y TRANSFORMA\",\"publisher\":{\"@id\":\"https:\/\/redaccionjuvenil.es\/#organization\"},\"potentialAction\":[{\"@type\":\"SearchAction\",\"target\":{\"@type\":\"EntryPoint\",\"urlTemplate\":\"https:\/\/redaccionjuvenil.es\/?s={search_term_string}\"},\"query-input\":{\"@type\":\"PropertyValueSpecification\",\"valueRequired\":true,\"valueName\":\"search_term_string\"}}],\"inLanguage\":\"es\"},{\"@type\":\"Organization\",\"@id\":\"https:\/\/redaccionjuvenil.es\/#organization\",\"name\":\"RED-ACCI\u00d3N JUVENIL\",\"url\":\"https:\/\/redaccionjuvenil.es\/\",\"logo\":{\"@type\":\"ImageObject\",\"inLanguage\":\"es\",\"@id\":\"https:\/\/redaccionjuvenil.es\/#\/schema\/logo\/image\/\",\"url\":\"https:\/\/redaccionjuvenil.es\/wp-content\/uploads\/2026\/03\/cropped-cropped-logo_redaccion_juvenil_primer_propuesta-1.png\",\"contentUrl\":\"https:\/\/redaccionjuvenil.es\/wp-content\/uploads\/2026\/03\/cropped-cropped-logo_redaccion_juvenil_primer_propuesta-1.png\",\"width\":723,\"height\":723,\"caption\":\"RED-ACCI\u00d3N JUVENIL\"},\"image\":{\"@id\":\"https:\/\/redaccionjuvenil.es\/#\/schema\/logo\/image\/\"}},{\"@type\":\"Person\",\"@id\":\"https:\/\/redaccionjuvenil.es\/#\/schema\/person\/5713ecbe7bbbe101a58db66febd51298\",\"name\":\"Alba Saavedra\",\"image\":{\"@type\":\"ImageObject\",\"inLanguage\":\"es\",\"@id\":\"https:\/\/redaccionjuvenil.es\/#\/schema\/person\/image\/\",\"url\":\"https:\/\/secure.gravatar.com\/avatar\/edcbe91d6b3a506cde5b757f2211c1b0c4ade2ffbd9c573643794e1195c86af7?s=96&d=mm&r=g\",\"contentUrl\":\"https:\/\/secure.gravatar.com\/avatar\/edcbe91d6b3a506cde5b757f2211c1b0c4ade2ffbd9c573643794e1195c86af7?s=96&d=mm&r=g\",\"caption\":\"Alba Saavedra\"},\"url\":\"https:\/\/redaccionjuvenil.es\/?author=21\"}]}<\/script>\n<!-- \/ Yoast SEO plugin. -->","yoast_head_json":{"title":"Alexandra, Federaci\u00f3n de CJ Don Bosco: \"Uno de los retos que tenemos es que los j\u00f3venes vengan como voluntarios\" - RED-ACCI\u00d3N JUVENIL","description":"Alexandra pertenece a la Federaci\u00f3n de Centros Juveniles Don Bosco desde ni\u00f1a, desde entonces nunca ha abandonado el entorno por \"los valores que se transmiten\" y las personas que participan activamente. Ocupa cargos como la vicepresidencia de la Casa de Juventud Aleste, voluntaria en el IEF y coordinadora entre otros. Uno de las dificultades m\u00e1s importantes que detecta para la entidad es que \"faltan voluntarios que vengan, que den su labor y que tengan compromiso con lo que hacen\".","robots":{"index":"index","follow":"follow","max-snippet":"max-snippet:-1","max-image-preview":"max-image-preview:large","max-video-preview":"max-video-preview:-1"},"canonical":"https:\/\/redaccionjuvenil.es\/?p=898","og_locale":"es_ES","og_type":"article","og_title":"Alexandra, Federaci\u00f3n de CJ Don Bosco: \"Uno de los retos que tenemos es que los j\u00f3venes vengan como voluntarios\" - RED-ACCI\u00d3N JUVENIL","og_description":"Alexandra pertenece a la Federaci\u00f3n de Centros Juveniles Don Bosco desde ni\u00f1a, desde entonces nunca ha abandonado el entorno por \"los valores que se transmiten\" y las personas que participan activamente. Ocupa cargos como la vicepresidencia de la Casa de Juventud Aleste, voluntaria en el IEF y coordinadora entre otros. Uno de las dificultades m\u00e1s importantes que detecta para la entidad es que \"faltan voluntarios que vengan, que den su labor y que tengan compromiso con lo que hacen\".","og_url":"https:\/\/redaccionjuvenil.es\/?p=898","og_site_name":"RED-ACCI\u00d3N JUVENIL","article_published_time":"2026-04-26T21:00:52+00:00","article_modified_time":"2026-04-26T21:00:54+00:00","og_image":[{"width":2560,"height":1920,"url":"https:\/\/redaccionjuvenil.es\/wp-content\/uploads\/2026\/04\/entrevista_alexandra_donboscoa-scaled.jpg","type":"image\/jpeg"}],"author":"Alba Saavedra","twitter_card":"summary_large_image","twitter_misc":{"Escrito por":"Alba Saavedra","Tiempo de lectura":"4 minutos"},"schema":{"@context":"https:\/\/schema.org","@graph":[{"@type":"Article","@id":"https:\/\/redaccionjuvenil.es\/?p=898#article","isPartOf":{"@id":"https:\/\/redaccionjuvenil.es\/?p=898"},"author":{"name":"Alba Saavedra","@id":"https:\/\/redaccionjuvenil.es\/#\/schema\/person\/5713ecbe7bbbe101a58db66febd51298"},"headline":"Alexandra, Federaci\u00f3n de CJ Don Bosco: \u00abUno de los retos que tenemos es que los j\u00f3venes vengan como voluntarios\u00bb","datePublished":"2026-04-26T21:00:52+00:00","dateModified":"2026-04-26T21:00:54+00:00","mainEntityOfPage":{"@id":"https:\/\/redaccionjuvenil.es\/?p=898"},"wordCount":752,"commentCount":0,"publisher":{"@id":"https:\/\/redaccionjuvenil.es\/#organization"},"image":{"@id":"https:\/\/redaccionjuvenil.es\/?p=898#primaryimage"},"thumbnailUrl":"https:\/\/redaccionjuvenil.es\/wp-content\/uploads\/2026\/04\/entrevista_alexandra_donboscoa-scaled.jpg","keywords":["Asociacionismo","castilla y le\u00f3n","Federaci\u00f3n CJ Don Bosco","Valladolid"],"articleSection":["Activismo","Actualidad","Asociacionismo","Destacado","Don Bosco","Entrevistas","Ocio","Voluntariado"],"inLanguage":"es","potentialAction":[{"@type":"CommentAction","name":"Comment","target":["https:\/\/redaccionjuvenil.es\/?p=898#respond"]}]},{"@type":"WebPage","@id":"https:\/\/redaccionjuvenil.es\/?p=898","url":"https:\/\/redaccionjuvenil.es\/?p=898","name":"Alexandra, Federaci\u00f3n de CJ Don Bosco: \"Uno de los retos que tenemos es que los j\u00f3venes vengan como voluntarios\" - RED-ACCI\u00d3N JUVENIL","isPartOf":{"@id":"https:\/\/redaccionjuvenil.es\/#website"},"primaryImageOfPage":{"@id":"https:\/\/redaccionjuvenil.es\/?p=898#primaryimage"},"image":{"@id":"https:\/\/redaccionjuvenil.es\/?p=898#primaryimage"},"thumbnailUrl":"https:\/\/redaccionjuvenil.es\/wp-content\/uploads\/2026\/04\/entrevista_alexandra_donboscoa-scaled.jpg","datePublished":"2026-04-26T21:00:52+00:00","dateModified":"2026-04-26T21:00:54+00:00","description":"Alexandra pertenece a la Federaci\u00f3n de Centros Juveniles Don Bosco desde ni\u00f1a, desde entonces nunca ha abandonado el entorno por \"los valores que se transmiten\" y las personas que participan activamente. Ocupa cargos como la vicepresidencia de la Casa de Juventud Aleste, voluntaria en el IEF y coordinadora entre otros. Uno de las dificultades m\u00e1s importantes que detecta para la entidad es que \"faltan voluntarios que vengan, que den su labor y que tengan compromiso con lo que hacen\".","breadcrumb":{"@id":"https:\/\/redaccionjuvenil.es\/?p=898#breadcrumb"},"inLanguage":"es","potentialAction":[{"@type":"ReadAction","target":["https:\/\/redaccionjuvenil.es\/?p=898"]}]},{"@type":"ImageObject","inLanguage":"es","@id":"https:\/\/redaccionjuvenil.es\/?p=898#primaryimage","url":"https:\/\/redaccionjuvenil.es\/wp-content\/uploads\/2026\/04\/entrevista_alexandra_donboscoa-scaled.jpg","contentUrl":"https:\/\/redaccionjuvenil.es\/wp-content\/uploads\/2026\/04\/entrevista_alexandra_donboscoa-scaled.jpg","width":2560,"height":1920,"caption":"Imagen tomada durante la entrevista a Alexandra de la Federaci\u00f3n de Centros Juveniles Don Bosco"},{"@type":"BreadcrumbList","@id":"https:\/\/redaccionjuvenil.es\/?p=898#breadcrumb","itemListElement":[{"@type":"ListItem","position":1,"name":"Portada","item":"https:\/\/redaccionjuvenil.es\/"},{"@type":"ListItem","position":2,"name":"Alexandra, Federaci\u00f3n de CJ Don Bosco: \u00abUno de los retos que tenemos es que los j\u00f3venes vengan como voluntarios\u00bb"}]},{"@type":"WebSite","@id":"https:\/\/redaccionjuvenil.es\/#website","url":"https:\/\/redaccionjuvenil.es\/","name":"RED-ACCI\u00d3N JUVENIL","description":"DONDE LA JUVENTUD INFORMA Y TRANSFORMA","publisher":{"@id":"https:\/\/redaccionjuvenil.es\/#organization"},"potentialAction":[{"@type":"SearchAction","target":{"@type":"EntryPoint","urlTemplate":"https:\/\/redaccionjuvenil.es\/?s={search_term_string}"},"query-input":{"@type":"PropertyValueSpecification","valueRequired":true,"valueName":"search_term_string"}}],"inLanguage":"es"},{"@type":"Organization","@id":"https:\/\/redaccionjuvenil.es\/#organization","name":"RED-ACCI\u00d3N JUVENIL","url":"https:\/\/redaccionjuvenil.es\/","logo":{"@type":"ImageObject","inLanguage":"es","@id":"https:\/\/redaccionjuvenil.es\/#\/schema\/logo\/image\/","url":"https:\/\/redaccionjuvenil.es\/wp-content\/uploads\/2026\/03\/cropped-cropped-logo_redaccion_juvenil_primer_propuesta-1.png","contentUrl":"https:\/\/redaccionjuvenil.es\/wp-content\/uploads\/2026\/03\/cropped-cropped-logo_redaccion_juvenil_primer_propuesta-1.png","width":723,"height":723,"caption":"RED-ACCI\u00d3N JUVENIL"},"image":{"@id":"https:\/\/redaccionjuvenil.es\/#\/schema\/logo\/image\/"}},{"@type":"Person","@id":"https:\/\/redaccionjuvenil.es\/#\/schema\/person\/5713ecbe7bbbe101a58db66febd51298","name":"Alba Saavedra","image":{"@type":"ImageObject","inLanguage":"es","@id":"https:\/\/redaccionjuvenil.es\/#\/schema\/person\/image\/","url":"https:\/\/secure.gravatar.com\/avatar\/edcbe91d6b3a506cde5b757f2211c1b0c4ade2ffbd9c573643794e1195c86af7?s=96&d=mm&r=g","contentUrl":"https:\/\/secure.gravatar.com\/avatar\/edcbe91d6b3a506cde5b757f2211c1b0c4ade2ffbd9c573643794e1195c86af7?s=96&d=mm&r=g","caption":"Alba Saavedra"},"url":"https:\/\/redaccionjuvenil.es\/?author=21"}]}},"_links":{"self":[{"href":"https:\/\/redaccionjuvenil.es\/index.php?rest_route=\/wp\/v2\/posts\/898","targetHints":{"allow":["GET"]}}],"collection":[{"href":"https:\/\/redaccionjuvenil.es\/index.php?rest_route=\/wp\/v2\/posts"}],"about":[{"href":"https:\/\/redaccionjuvenil.es\/index.php?rest_route=\/wp\/v2\/types\/post"}],"author":[{"embeddable":true,"href":"https:\/\/redaccionjuvenil.es\/index.php?rest_route=\/wp\/v2\/users\/21"}],"replies":[{"embeddable":true,"href":"https:\/\/redaccionjuvenil.es\/index.php?rest_route=%2Fwp%2Fv2%2Fcomments&post=898"}],"version-history":[{"count":13,"href":"https:\/\/redaccionjuvenil.es\/index.php?rest_route=\/wp\/v2\/posts\/898\/revisions"}],"predecessor-version":[{"id":927,"href":"https:\/\/redaccionjuvenil.es\/index.php?rest_route=\/wp\/v2\/posts\/898\/revisions\/927"}],"wp:featuredmedia":[{"embeddable":true,"href":"https:\/\/redaccionjuvenil.es\/index.php?rest_route=\/wp\/v2\/media\/919"}],"wp:attachment":[{"href":"https:\/\/redaccionjuvenil.es\/index.php?rest_route=%2Fwp%2Fv2%2Fmedia&parent=898"}],"wp:term":[{"taxonomy":"category","embeddable":true,"href":"https:\/\/redaccionjuvenil.es\/index.php?rest_route=%2Fwp%2Fv2%2Fcategories&post=898"},{"taxonomy":"post_tag","embeddable":true,"href":"https:\/\/redaccionjuvenil.es\/index.php?rest_route=%2Fwp%2Fv2%2Ftags&post=898"}],"curies":[{"name":"wp","href":"https:\/\/api.w.org\/{rel}","templated":true}]}}