{"id":904,"date":"2026-04-26T15:38:18","date_gmt":"2026-04-26T15:38:18","guid":{"rendered":"https:\/\/redaccionjuvenil.es\/?p=904"},"modified":"2026-04-26T15:46:11","modified_gmt":"2026-04-26T15:46:11","slug":"ocio-educativo-e-inclusion-social-acampada-de-primavera-don-bosco-leon","status":"publish","type":"post","link":"https:\/\/redaccionjuvenil.es\/?p=904","title":{"rendered":"Ocio educativo e inclusi\u00f3n social: acampada de primavera Don Bosco Le\u00f3n"},"content":{"rendered":"\n<p>El Centro Juvenil Don Bosco de Le\u00f3n celebr\u00f3 los d\u00edas 18 y 19 de abril su Acampada de Primavera en el entorno natural de Sanabria, una actividad que va mucho m\u00e1s all\u00e1 del componente l\u00fadico y que se enmarca dentro de la intervenci\u00f3n socioeducativa que desarrolla el centro con j\u00f3venes en situaci\u00f3n de vulnerabilidad.<\/p>\n\n\n\n<p>Este tipo de iniciativas de ocio educativo constituyen una herramienta clave para reducir las desigualdades en el acceso a experiencias de calidad, garantizando a los participantes oportunidades que, de otro modo, podr\u00edan quedar fuera de su alcance. A trav\u00e9s de actividades como juegos, din\u00e1micas grupales y convivencia en la naturaleza, se trabajan valores como la cooperaci\u00f3n, el respeto y la autonom\u00eda personal, elementos fundamentales para el desarrollo integral de los j\u00f3venes.<\/p>\n\n\n\n<p>La actividad estuvo dirigida a chicos y chicas de entre 4 y 18 a\u00f1os usuarios del centro, con un coste de 30 euros con todo incluido, lo que refleja el compromiso del centro por hacer accesible el ocio educativo a familias con escasos recursos econ\u00f3micos. Este precio ajustado es en s\u00ed mismo una medida de equidad, ya que permite que la situaci\u00f3n econ\u00f3mica no sea un obst\u00e1culo para la participaci\u00f3n de los j\u00f3venes en actividades de este tipo.<\/p>\n\n\n\n<p>Desde una perspectiva socioeducativa, experiencias como la acampada favorecen la inclusi\u00f3n social al crear espacios de convivencia igualitarios, donde los j\u00f3venes comparten vivencias, construyen v\u00ednculos y refuerzan su sentido de pertenencia a un grupo. Todo ello contribuye a su desarrollo personal y a la adquisici\u00f3n de competencias sociales que resultan esenciales para su vida en comunidad.<\/p>\n\n\n\n<p>El Centro Juvenil Don Bosco de Le\u00f3n, integrado en la red salesiana, lleva d\u00e9cadas trabajando con poblaci\u00f3n juvenil en riesgo de exclusi\u00f3n social, apostando por un modelo de intervenci\u00f3n que entiende el ocio no como un lujo, sino como un derecho y un espacio privilegiado para el aprendizaje y el crecimiento personal. <\/p>\n\n\n\n<p><\/p>\n","protected":false},"excerpt":{"rendered":"<p>El Centro Juvenil Don Bosco de Le\u00f3n celebr\u00f3 los d\u00edas 18 y 19 de abril su Acampada de Primavera en el entorno natural de Sanabria, una actividad que va mucho&#8230;<\/p>\n","protected":false},"author":16,"featured_media":906,"comment_status":"open","ping_status":"open","sticky":false,"template":"","format":"standard","meta":{"_kadence_starter_templates_imported_post":false,"footnotes":""},"categories":[1],"tags":[],"class_list":["post-904","post","type-post","status-publish","format-standard","has-post-thumbnail","hentry","category-actualidad"],"yoast_head":"<!-- This site is optimized with the Yoast SEO plugin v27.1.1 - https:\/\/yoast.com\/product\/yoast-seo-wordpress\/ -->\n<title>Ocio educativo e inclusi\u00f3n social: acampada de primavera Don Bosco Le\u00f3n - RED-ACCI\u00d3N JUVENIL<\/title>\n<meta name=\"robots\" content=\"index, follow, max-snippet:-1, max-image-preview:large, max-video-preview:-1\" \/>\n<link rel=\"canonical\" href=\"https:\/\/redaccionjuvenil.es\/?p=904\" \/>\n<meta property=\"og:locale\" content=\"es_ES\" \/>\n<meta property=\"og:type\" content=\"article\" \/>\n<meta property=\"og:title\" content=\"Ocio educativo e inclusi\u00f3n social: acampada de primavera Don Bosco Le\u00f3n - RED-ACCI\u00d3N JUVENIL\" \/>\n<meta property=\"og:description\" content=\"El Centro Juvenil Don Bosco de Le\u00f3n celebr\u00f3 los d\u00edas 18 y 19 de abril su Acampada de Primavera en el entorno natural de Sanabria, una actividad que va mucho...\" \/>\n<meta property=\"og:url\" content=\"https:\/\/redaccionjuvenil.es\/?p=904\" \/>\n<meta property=\"og:site_name\" content=\"RED-ACCI\u00d3N JUVENIL\" \/>\n<meta property=\"article:published_time\" content=\"2026-04-26T15:38:18+00:00\" \/>\n<meta property=\"article:modified_time\" content=\"2026-04-26T15:46:11+00:00\" \/>\n<meta property=\"og:image\" content=\"https:\/\/redaccionjuvenil.es\/wp-content\/uploads\/2026\/04\/B907D14C-398D-42DD-A85C-1888411EDA05.jpg\" \/>\n\t<meta property=\"og:image:width\" content=\"1179\" \/>\n\t<meta property=\"og:image:height\" content=\"2096\" \/>\n\t<meta property=\"og:image:type\" content=\"image\/jpeg\" \/>\n<meta name=\"author\" content=\"Florencia Meza\" \/>\n<meta name=\"twitter:card\" content=\"summary_large_image\" \/>\n<meta name=\"twitter:label1\" content=\"Escrito por\" \/>\n\t<meta name=\"twitter:data1\" content=\"Florencia Meza\" \/>\n\t<meta name=\"twitter:label2\" content=\"Tiempo de lectura\" \/>\n\t<meta name=\"twitter:data2\" content=\"2 minutos\" \/>\n<script type=\"application\/ld+json\" class=\"yoast-schema-graph\">{\"@context\":\"https:\/\/schema.org\",\"@graph\":[{\"@type\":\"Article\",\"@id\":\"https:\/\/redaccionjuvenil.es\/?p=904#article\",\"isPartOf\":{\"@id\":\"https:\/\/redaccionjuvenil.es\/?p=904\"},\"author\":{\"name\":\"Florencia Meza\",\"@id\":\"https:\/\/redaccionjuvenil.es\/#\/schema\/person\/34d18cfff47444edc38512283e354b8c\"},\"headline\":\"Ocio educativo e inclusi\u00f3n social: acampada de primavera Don Bosco Le\u00f3n\",\"datePublished\":\"2026-04-26T15:38:18+00:00\",\"dateModified\":\"2026-04-26T15:46:11+00:00\",\"mainEntityOfPage\":{\"@id\":\"https:\/\/redaccionjuvenil.es\/?p=904\"},\"wordCount\":348,\"commentCount\":0,\"publisher\":{\"@id\":\"https:\/\/redaccionjuvenil.es\/#organization\"},\"image\":{\"@id\":\"https:\/\/redaccionjuvenil.es\/?p=904#primaryimage\"},\"thumbnailUrl\":\"https:\/\/redaccionjuvenil.es\/wp-content\/uploads\/2026\/04\/B907D14C-398D-42DD-A85C-1888411EDA05.jpg\",\"articleSection\":[\"Actualidad\"],\"inLanguage\":\"es\",\"potentialAction\":[{\"@type\":\"CommentAction\",\"name\":\"Comment\",\"target\":[\"https:\/\/redaccionjuvenil.es\/?p=904#respond\"]}]},{\"@type\":\"WebPage\",\"@id\":\"https:\/\/redaccionjuvenil.es\/?p=904\",\"url\":\"https:\/\/redaccionjuvenil.es\/?p=904\",\"name\":\"Ocio educativo e inclusi\u00f3n social: acampada de primavera Don Bosco Le\u00f3n - RED-ACCI\u00d3N JUVENIL\",\"isPartOf\":{\"@id\":\"https:\/\/redaccionjuvenil.es\/#website\"},\"primaryImageOfPage\":{\"@id\":\"https:\/\/redaccionjuvenil.es\/?p=904#primaryimage\"},\"image\":{\"@id\":\"https:\/\/redaccionjuvenil.es\/?p=904#primaryimage\"},\"thumbnailUrl\":\"https:\/\/redaccionjuvenil.es\/wp-content\/uploads\/2026\/04\/B907D14C-398D-42DD-A85C-1888411EDA05.jpg\",\"datePublished\":\"2026-04-26T15:38:18+00:00\",\"dateModified\":\"2026-04-26T15:46:11+00:00\",\"breadcrumb\":{\"@id\":\"https:\/\/redaccionjuvenil.es\/?p=904#breadcrumb\"},\"inLanguage\":\"es\",\"potentialAction\":[{\"@type\":\"ReadAction\",\"target\":[\"https:\/\/redaccionjuvenil.es\/?p=904\"]}]},{\"@type\":\"ImageObject\",\"inLanguage\":\"es\",\"@id\":\"https:\/\/redaccionjuvenil.es\/?p=904#primaryimage\",\"url\":\"https:\/\/redaccionjuvenil.es\/wp-content\/uploads\/2026\/04\/B907D14C-398D-42DD-A85C-1888411EDA05.jpg\",\"contentUrl\":\"https:\/\/redaccionjuvenil.es\/wp-content\/uploads\/2026\/04\/B907D14C-398D-42DD-A85C-1888411EDA05.jpg\",\"width\":1179,\"height\":2096,\"caption\":\"Participantes en la acampada Don Bosco Le\u00f3n\"},{\"@type\":\"BreadcrumbList\",\"@id\":\"https:\/\/redaccionjuvenil.es\/?p=904#breadcrumb\",\"itemListElement\":[{\"@type\":\"ListItem\",\"position\":1,\"name\":\"Portada\",\"item\":\"https:\/\/redaccionjuvenil.es\/\"},{\"@type\":\"ListItem\",\"position\":2,\"name\":\"Ocio educativo e inclusi\u00f3n social: acampada de primavera Don Bosco Le\u00f3n\"}]},{\"@type\":\"WebSite\",\"@id\":\"https:\/\/redaccionjuvenil.es\/#website\",\"url\":\"https:\/\/redaccionjuvenil.es\/\",\"name\":\"RED-ACCI\u00d3N JUVENIL\",\"description\":\"DONDE LA JUVENTUD INFORMA Y TRANSFORMA\",\"publisher\":{\"@id\":\"https:\/\/redaccionjuvenil.es\/#organization\"},\"potentialAction\":[{\"@type\":\"SearchAction\",\"target\":{\"@type\":\"EntryPoint\",\"urlTemplate\":\"https:\/\/redaccionjuvenil.es\/?s={search_term_string}\"},\"query-input\":{\"@type\":\"PropertyValueSpecification\",\"valueRequired\":true,\"valueName\":\"search_term_string\"}}],\"inLanguage\":\"es\"},{\"@type\":\"Organization\",\"@id\":\"https:\/\/redaccionjuvenil.es\/#organization\",\"name\":\"RED-ACCI\u00d3N JUVENIL\",\"url\":\"https:\/\/redaccionjuvenil.es\/\",\"logo\":{\"@type\":\"ImageObject\",\"inLanguage\":\"es\",\"@id\":\"https:\/\/redaccionjuvenil.es\/#\/schema\/logo\/image\/\",\"url\":\"https:\/\/redaccionjuvenil.es\/wp-content\/uploads\/2026\/03\/cropped-cropped-logo_redaccion_juvenil_primer_propuesta-1.png\",\"contentUrl\":\"https:\/\/redaccionjuvenil.es\/wp-content\/uploads\/2026\/03\/cropped-cropped-logo_redaccion_juvenil_primer_propuesta-1.png\",\"width\":723,\"height\":723,\"caption\":\"RED-ACCI\u00d3N JUVENIL\"},\"image\":{\"@id\":\"https:\/\/redaccionjuvenil.es\/#\/schema\/logo\/image\/\"}},{\"@type\":\"Person\",\"@id\":\"https:\/\/redaccionjuvenil.es\/#\/schema\/person\/34d18cfff47444edc38512283e354b8c\",\"name\":\"Florencia Meza\",\"image\":{\"@type\":\"ImageObject\",\"inLanguage\":\"es\",\"@id\":\"https:\/\/redaccionjuvenil.es\/#\/schema\/person\/image\/\",\"url\":\"https:\/\/secure.gravatar.com\/avatar\/d78b0fb4c361f388b179be69530855aca3c9f532ead17106030a28bd89ac53ea?s=96&d=mm&r=g\",\"contentUrl\":\"https:\/\/secure.gravatar.com\/avatar\/d78b0fb4c361f388b179be69530855aca3c9f532ead17106030a28bd89ac53ea?s=96&d=mm&r=g\",\"caption\":\"Florencia Meza\"},\"url\":\"https:\/\/redaccionjuvenil.es\/?author=16\"}]}<\/script>\n<!-- \/ Yoast SEO plugin. -->","yoast_head_json":{"title":"Ocio educativo e inclusi\u00f3n social: acampada de primavera Don Bosco Le\u00f3n - RED-ACCI\u00d3N JUVENIL","robots":{"index":"index","follow":"follow","max-snippet":"max-snippet:-1","max-image-preview":"max-image-preview:large","max-video-preview":"max-video-preview:-1"},"canonical":"https:\/\/redaccionjuvenil.es\/?p=904","og_locale":"es_ES","og_type":"article","og_title":"Ocio educativo e inclusi\u00f3n social: acampada de primavera Don Bosco Le\u00f3n - RED-ACCI\u00d3N JUVENIL","og_description":"El Centro Juvenil Don Bosco de Le\u00f3n celebr\u00f3 los d\u00edas 18 y 19 de abril su Acampada de Primavera en el entorno natural de Sanabria, una actividad que va mucho...","og_url":"https:\/\/redaccionjuvenil.es\/?p=904","og_site_name":"RED-ACCI\u00d3N JUVENIL","article_published_time":"2026-04-26T15:38:18+00:00","article_modified_time":"2026-04-26T15:46:11+00:00","og_image":[{"width":1179,"height":2096,"url":"https:\/\/redaccionjuvenil.es\/wp-content\/uploads\/2026\/04\/B907D14C-398D-42DD-A85C-1888411EDA05.jpg","type":"image\/jpeg"}],"author":"Florencia Meza","twitter_card":"summary_large_image","twitter_misc":{"Escrito por":"Florencia Meza","Tiempo de lectura":"2 minutos"},"schema":{"@context":"https:\/\/schema.org","@graph":[{"@type":"Article","@id":"https:\/\/redaccionjuvenil.es\/?p=904#article","isPartOf":{"@id":"https:\/\/redaccionjuvenil.es\/?p=904"},"author":{"name":"Florencia Meza","@id":"https:\/\/redaccionjuvenil.es\/#\/schema\/person\/34d18cfff47444edc38512283e354b8c"},"headline":"Ocio educativo e inclusi\u00f3n social: acampada de primavera Don Bosco Le\u00f3n","datePublished":"2026-04-26T15:38:18+00:00","dateModified":"2026-04-26T15:46:11+00:00","mainEntityOfPage":{"@id":"https:\/\/redaccionjuvenil.es\/?p=904"},"wordCount":348,"commentCount":0,"publisher":{"@id":"https:\/\/redaccionjuvenil.es\/#organization"},"image":{"@id":"https:\/\/redaccionjuvenil.es\/?p=904#primaryimage"},"thumbnailUrl":"https:\/\/redaccionjuvenil.es\/wp-content\/uploads\/2026\/04\/B907D14C-398D-42DD-A85C-1888411EDA05.jpg","articleSection":["Actualidad"],"inLanguage":"es","potentialAction":[{"@type":"CommentAction","name":"Comment","target":["https:\/\/redaccionjuvenil.es\/?p=904#respond"]}]},{"@type":"WebPage","@id":"https:\/\/redaccionjuvenil.es\/?p=904","url":"https:\/\/redaccionjuvenil.es\/?p=904","name":"Ocio educativo e inclusi\u00f3n social: acampada de primavera Don Bosco Le\u00f3n - RED-ACCI\u00d3N JUVENIL","isPartOf":{"@id":"https:\/\/redaccionjuvenil.es\/#website"},"primaryImageOfPage":{"@id":"https:\/\/redaccionjuvenil.es\/?p=904#primaryimage"},"image":{"@id":"https:\/\/redaccionjuvenil.es\/?p=904#primaryimage"},"thumbnailUrl":"https:\/\/redaccionjuvenil.es\/wp-content\/uploads\/2026\/04\/B907D14C-398D-42DD-A85C-1888411EDA05.jpg","datePublished":"2026-04-26T15:38:18+00:00","dateModified":"2026-04-26T15:46:11+00:00","breadcrumb":{"@id":"https:\/\/redaccionjuvenil.es\/?p=904#breadcrumb"},"inLanguage":"es","potentialAction":[{"@type":"ReadAction","target":["https:\/\/redaccionjuvenil.es\/?p=904"]}]},{"@type":"ImageObject","inLanguage":"es","@id":"https:\/\/redaccionjuvenil.es\/?p=904#primaryimage","url":"https:\/\/redaccionjuvenil.es\/wp-content\/uploads\/2026\/04\/B907D14C-398D-42DD-A85C-1888411EDA05.jpg","contentUrl":"https:\/\/redaccionjuvenil.es\/wp-content\/uploads\/2026\/04\/B907D14C-398D-42DD-A85C-1888411EDA05.jpg","width":1179,"height":2096,"caption":"Participantes en la acampada Don Bosco Le\u00f3n"},{"@type":"BreadcrumbList","@id":"https:\/\/redaccionjuvenil.es\/?p=904#breadcrumb","itemListElement":[{"@type":"ListItem","position":1,"name":"Portada","item":"https:\/\/redaccionjuvenil.es\/"},{"@type":"ListItem","position":2,"name":"Ocio educativo e inclusi\u00f3n social: acampada de primavera Don Bosco Le\u00f3n"}]},{"@type":"WebSite","@id":"https:\/\/redaccionjuvenil.es\/#website","url":"https:\/\/redaccionjuvenil.es\/","name":"RED-ACCI\u00d3N JUVENIL","description":"DONDE LA JUVENTUD INFORMA Y TRANSFORMA","publisher":{"@id":"https:\/\/redaccionjuvenil.es\/#organization"},"potentialAction":[{"@type":"SearchAction","target":{"@type":"EntryPoint","urlTemplate":"https:\/\/redaccionjuvenil.es\/?s={search_term_string}"},"query-input":{"@type":"PropertyValueSpecification","valueRequired":true,"valueName":"search_term_string"}}],"inLanguage":"es"},{"@type":"Organization","@id":"https:\/\/redaccionjuvenil.es\/#organization","name":"RED-ACCI\u00d3N JUVENIL","url":"https:\/\/redaccionjuvenil.es\/","logo":{"@type":"ImageObject","inLanguage":"es","@id":"https:\/\/redaccionjuvenil.es\/#\/schema\/logo\/image\/","url":"https:\/\/redaccionjuvenil.es\/wp-content\/uploads\/2026\/03\/cropped-cropped-logo_redaccion_juvenil_primer_propuesta-1.png","contentUrl":"https:\/\/redaccionjuvenil.es\/wp-content\/uploads\/2026\/03\/cropped-cropped-logo_redaccion_juvenil_primer_propuesta-1.png","width":723,"height":723,"caption":"RED-ACCI\u00d3N JUVENIL"},"image":{"@id":"https:\/\/redaccionjuvenil.es\/#\/schema\/logo\/image\/"}},{"@type":"Person","@id":"https:\/\/redaccionjuvenil.es\/#\/schema\/person\/34d18cfff47444edc38512283e354b8c","name":"Florencia Meza","image":{"@type":"ImageObject","inLanguage":"es","@id":"https:\/\/redaccionjuvenil.es\/#\/schema\/person\/image\/","url":"https:\/\/secure.gravatar.com\/avatar\/d78b0fb4c361f388b179be69530855aca3c9f532ead17106030a28bd89ac53ea?s=96&d=mm&r=g","contentUrl":"https:\/\/secure.gravatar.com\/avatar\/d78b0fb4c361f388b179be69530855aca3c9f532ead17106030a28bd89ac53ea?s=96&d=mm&r=g","caption":"Florencia Meza"},"url":"https:\/\/redaccionjuvenil.es\/?author=16"}]}},"_links":{"self":[{"href":"https:\/\/redaccionjuvenil.es\/index.php?rest_route=\/wp\/v2\/posts\/904","targetHints":{"allow":["GET"]}}],"collection":[{"href":"https:\/\/redaccionjuvenil.es\/index.php?rest_route=\/wp\/v2\/posts"}],"about":[{"href":"https:\/\/redaccionjuvenil.es\/index.php?rest_route=\/wp\/v2\/types\/post"}],"author":[{"embeddable":true,"href":"https:\/\/redaccionjuvenil.es\/index.php?rest_route=\/wp\/v2\/users\/16"}],"replies":[{"embeddable":true,"href":"https:\/\/redaccionjuvenil.es\/index.php?rest_route=%2Fwp%2Fv2%2Fcomments&post=904"}],"version-history":[{"count":2,"href":"https:\/\/redaccionjuvenil.es\/index.php?rest_route=\/wp\/v2\/posts\/904\/revisions"}],"predecessor-version":[{"id":908,"href":"https:\/\/redaccionjuvenil.es\/index.php?rest_route=\/wp\/v2\/posts\/904\/revisions\/908"}],"wp:featuredmedia":[{"embeddable":true,"href":"https:\/\/redaccionjuvenil.es\/index.php?rest_route=\/wp\/v2\/media\/906"}],"wp:attachment":[{"href":"https:\/\/redaccionjuvenil.es\/index.php?rest_route=%2Fwp%2Fv2%2Fmedia&parent=904"}],"wp:term":[{"taxonomy":"category","embeddable":true,"href":"https:\/\/redaccionjuvenil.es\/index.php?rest_route=%2Fwp%2Fv2%2Fcategories&post=904"},{"taxonomy":"post_tag","embeddable":true,"href":"https:\/\/redaccionjuvenil.es\/index.php?rest_route=%2Fwp%2Fv2%2Ftags&post=904"}],"curies":[{"name":"wp","href":"https:\/\/api.w.org\/{rel}","templated":true}]}}