{"id":914,"date":"2026-04-26T17:25:21","date_gmt":"2026-04-26T17:25:21","guid":{"rendered":"https:\/\/redaccionjuvenil.es\/?p=914"},"modified":"2026-04-26T17:25:23","modified_gmt":"2026-04-26T17:25:23","slug":"ymca-pone-en-marcha-impulsando-el-futuro-de-los-jovenes","status":"publish","type":"post","link":"https:\/\/redaccionjuvenil.es\/?p=914","title":{"rendered":"YMCA pone en marcha Impulsando el Futuro de los J\u00f3venes\u00a0"},"content":{"rendered":"\n<p>El paro juvenil es un problema mundial. Seg\u00fan un estudio de la Organizaci\u00f3n Internacional del Trabajo en 2023, el 20% de los j\u00f3venes entre 15 y 29 a\u00f1os se encuentran desempleados, sin estudios y sin formaci\u00f3n suficiente&nbsp;<\/p>\n\n\n\n<p>Desde <strong>World YMCA<\/strong> se ha puesto en marcha el proyecto<strong><a href=\"https:\/\/iyfutures.ymca.es\/\" id=\"https:\/\/iyfutures.ymca.es\/\"> Impulsando el Futuro de J\u00f3venes<\/a><\/strong> (<em>Igniting Youth Futures<\/em> en ingl\u00e9s) para facilitar el paso de los j\u00f3venes al mundo laboral. Su financiaci\u00f3n es totalmente privada y cuenta con el respaldo de Accenture Foundation y Macquarie Foundation y est\u00e1 enfocado para j\u00f3venes de entre 15 y 30 a\u00f1os que ya participan en otros proyectos de la asociaci\u00f3n.\u00a0<\/p>\n\n\n\n<p>Este proyecto es fruto de la colaboraci\u00f3n entre las tres sedes de YMCA en Espa\u00f1a, India y Sud\u00e1frica.&nbsp;<\/p>\n\n\n\n<p>Se apoya en tres fases para la preparaci\u00f3n:<\/p>\n\n\n\n<ul class=\"wp-block-list\">\n<li><strong>Conectad@s:<\/strong> donde se dedica una hora a la orientaci\u00f3n laboral y vocacional. Adem\u00e1s de poder descubrir diferentes campos de trabajo.\u00a0<\/li>\n\n\n\n<li><strong>Mejorad@s:<\/strong> son cinco horas que se emplean para mejorar las habilidades y las capacidades.<\/li>\n\n\n\n<li><strong>Transformad@s:<\/strong> donde ya se centran en encontrar un empleo, empezar o continuar con sus estudios.\u00a0<\/li>\n<\/ul>\n\n\n\n<p>Entre los <strong>objetivos<\/strong> que se persiguen dentro de este proyecto se busca un desarrollo para reforzar las acciones de empleo, formaci\u00f3n y orientaci\u00f3n, tanto de forma presencial como digital. Las actividades son tanto en \u00e1mbito local, como nacional o mundial en los pr\u00f3ximos a\u00f1os.\u00a0<\/p>\n\n\n\n<figure class=\"wp-block-image size-large\"><a href=\"https:\/\/pixabay.com\/es\/photos\/empresario-puesta-en-marcha-hombre-593362\/\" target=\"_blank\" rel=\" noreferrer noopener\"><img loading=\"lazy\" decoding=\"async\" width=\"1024\" height=\"678\" src=\"https:\/\/redaccionjuvenil.es\/wp-content\/uploads\/2026\/04\/startupstockphotos-entrepreneur-593362-1024x678.jpg\" alt=\"\" class=\"wp-image-916\" srcset=\"https:\/\/redaccionjuvenil.es\/wp-content\/uploads\/2026\/04\/startupstockphotos-entrepreneur-593362-1024x678.jpg 1024w, https:\/\/redaccionjuvenil.es\/wp-content\/uploads\/2026\/04\/startupstockphotos-entrepreneur-593362-300x200.jpg 300w, https:\/\/redaccionjuvenil.es\/wp-content\/uploads\/2026\/04\/startupstockphotos-entrepreneur-593362-768x509.jpg 768w, https:\/\/redaccionjuvenil.es\/wp-content\/uploads\/2026\/04\/startupstockphotos-entrepreneur-593362-1536x1017.jpg 1536w, https:\/\/redaccionjuvenil.es\/wp-content\/uploads\/2026\/04\/startupstockphotos-entrepreneur-593362-2048x1356.jpg 2048w\" sizes=\"auto, (max-width: 1024px) 100vw, 1024px\" \/><\/a><figcaption class=\"wp-element-caption\"><em>J\u00f3venes trabajando. Fuente: Pixabay<\/em><\/figcaption><\/figure>\n\n\n\n<p>Se integra la plataforma <em><strong>Learning<\/strong> <strong>for<\/strong> <strong>Earning<\/strong> <\/em>para el fortalecimiento de las competencias en materia digital y tecnol\u00f3gica. Lo que se busca mejorar su empleabilidad y ayudar en la b\u00fasqueda de trabajo. Esta aplicaci\u00f3n mide las competencias digitales de los j\u00f3venes y ofrecer cursos para desarrollarlas en  materias como la IA o la ciberseguridad.\u00a0<\/p>\n\n\n\n<p>La <strong>funci\u00f3n<\/strong> de este proyecto es acercar a la gente joven a lo que buscan las empresas y las habilidades que pueden necesitar. Con estas acciones se espera que se entienda mejor lo que es el mercado laboral y prepararlos para la realidad.\u00a0<\/p>\n\n\n\n<p>Parte de lo que busca YMCA con proyectos como este es una <strong>financiaci\u00f3n<\/strong> <strong>innovadora<\/strong> y sostenible. De esta forma  el dinero es un problema para las personas que participan en los mismos. Adem\u00e1s de tener soluciones que sean duraderas y acompa\u00f1ar durante el proceso.\u00a0<\/p>\n\n\n\n<p>En definitiva, en este programa lo que se persigue es <strong>acompa\u00f1ar<\/strong> a los j\u00f3venes en su entrada al mundo laboral. En un momento donde el desempleo juvenil es un problema, programas como estos son muy beneficiosos para dar herramientas que puedan usar a lo largo de su vida.\u00a0<\/p>\n","protected":false},"excerpt":{"rendered":"<p>El paro juvenil es un problema mundial. Seg\u00fan un estudio de la Organizaci\u00f3n Internacional del Trabajo en 2023, el 20% de los j\u00f3venes entre 15 y 29 a\u00f1os se encuentran&#8230;<\/p>\n","protected":false},"author":15,"featured_media":915,"comment_status":"open","ping_status":"open","sticky":false,"template":"","format":"standard","meta":{"_kadence_starter_templates_imported_post":false,"footnotes":""},"categories":[1,23,2,15],"tags":[74,145,146,92],"class_list":["post-914","post","type-post","status-publish","format-standard","has-post-thumbnail","hentry","category-actualidad","category-destacado","category-noticias","category-ymca","tag-empleo","tag-empleo-juvenil","tag-trabajo","tag-ymca-2"],"yoast_head":"<!-- This site is optimized with the Yoast SEO plugin v27.1.1 - https:\/\/yoast.com\/product\/yoast-seo-wordpress\/ -->\n<title>YMCA pone en marcha Impulsando el Futuro de los J\u00f3venes\u00a0 - RED-ACCI\u00d3N JUVENIL<\/title>\n<meta name=\"description\" content=\"YMCA ayuda al empleo juvenil con Impulsando el Futuro de J\u00f3venes. Ayuda con la empleabilidad, la formaci\u00f3n y competencias digitales.\" \/>\n<meta name=\"robots\" content=\"index, follow, max-snippet:-1, max-image-preview:large, max-video-preview:-1\" \/>\n<link rel=\"canonical\" href=\"https:\/\/redaccionjuvenil.es\/?p=914\" \/>\n<meta property=\"og:locale\" content=\"es_ES\" \/>\n<meta property=\"og:type\" content=\"article\" \/>\n<meta property=\"og:title\" content=\"YMCA pone en marcha Impulsando el Futuro de los J\u00f3venes\u00a0 - RED-ACCI\u00d3N JUVENIL\" \/>\n<meta property=\"og:description\" content=\"YMCA ayuda al empleo juvenil con Impulsando el Futuro de J\u00f3venes. Ayuda con la empleabilidad, la formaci\u00f3n y competencias digitales.\" \/>\n<meta property=\"og:url\" content=\"https:\/\/redaccionjuvenil.es\/?p=914\" \/>\n<meta property=\"og:site_name\" content=\"RED-ACCI\u00d3N JUVENIL\" \/>\n<meta property=\"article:published_time\" content=\"2026-04-26T17:25:21+00:00\" \/>\n<meta property=\"article:modified_time\" content=\"2026-04-26T17:25:23+00:00\" \/>\n<meta property=\"og:image\" content=\"https:\/\/redaccionjuvenil.es\/wp-content\/uploads\/2026\/04\/stocksnap-man-2562325-scaled.jpg\" \/>\n\t<meta property=\"og:image:width\" content=\"2560\" \/>\n\t<meta property=\"og:image:height\" content=\"1706\" \/>\n\t<meta property=\"og:image:type\" content=\"image\/jpeg\" \/>\n<meta name=\"author\" content=\"Ana Martin\" \/>\n<meta name=\"twitter:card\" content=\"summary_large_image\" \/>\n<meta name=\"twitter:label1\" content=\"Escrito por\" \/>\n\t<meta name=\"twitter:data1\" content=\"Ana Martin\" \/>\n\t<meta name=\"twitter:label2\" content=\"Tiempo de lectura\" \/>\n\t<meta name=\"twitter:data2\" content=\"3 minutos\" \/>\n<script type=\"application\/ld+json\" class=\"yoast-schema-graph\">{\"@context\":\"https:\/\/schema.org\",\"@graph\":[{\"@type\":\"Article\",\"@id\":\"https:\/\/redaccionjuvenil.es\/?p=914#article\",\"isPartOf\":{\"@id\":\"https:\/\/redaccionjuvenil.es\/?p=914\"},\"author\":{\"name\":\"Ana Martin\",\"@id\":\"https:\/\/redaccionjuvenil.es\/#\/schema\/person\/a790ee590cf1791109eca10248bddf05\"},\"headline\":\"YMCA pone en marcha Impulsando el Futuro de los J\u00f3venes\u00a0\",\"datePublished\":\"2026-04-26T17:25:21+00:00\",\"dateModified\":\"2026-04-26T17:25:23+00:00\",\"mainEntityOfPage\":{\"@id\":\"https:\/\/redaccionjuvenil.es\/?p=914\"},\"wordCount\":458,\"commentCount\":0,\"publisher\":{\"@id\":\"https:\/\/redaccionjuvenil.es\/#organization\"},\"image\":{\"@id\":\"https:\/\/redaccionjuvenil.es\/?p=914#primaryimage\"},\"thumbnailUrl\":\"https:\/\/redaccionjuvenil.es\/wp-content\/uploads\/2026\/04\/stocksnap-man-2562325-scaled.jpg\",\"keywords\":[\"empleo\",\"Empleo juvenil\",\"trabajo\",\"YMCA\"],\"articleSection\":[\"Actualidad\",\"Destacado\",\"Noticias\",\"YMCA\"],\"inLanguage\":\"es\",\"potentialAction\":[{\"@type\":\"CommentAction\",\"name\":\"Comment\",\"target\":[\"https:\/\/redaccionjuvenil.es\/?p=914#respond\"]}]},{\"@type\":\"WebPage\",\"@id\":\"https:\/\/redaccionjuvenil.es\/?p=914\",\"url\":\"https:\/\/redaccionjuvenil.es\/?p=914\",\"name\":\"YMCA pone en marcha Impulsando el Futuro de los J\u00f3venes\u00a0 - RED-ACCI\u00d3N JUVENIL\",\"isPartOf\":{\"@id\":\"https:\/\/redaccionjuvenil.es\/#website\"},\"primaryImageOfPage\":{\"@id\":\"https:\/\/redaccionjuvenil.es\/?p=914#primaryimage\"},\"image\":{\"@id\":\"https:\/\/redaccionjuvenil.es\/?p=914#primaryimage\"},\"thumbnailUrl\":\"https:\/\/redaccionjuvenil.es\/wp-content\/uploads\/2026\/04\/stocksnap-man-2562325-scaled.jpg\",\"datePublished\":\"2026-04-26T17:25:21+00:00\",\"dateModified\":\"2026-04-26T17:25:23+00:00\",\"description\":\"YMCA ayuda al empleo juvenil con Impulsando el Futuro de J\u00f3venes. Ayuda con la empleabilidad, la formaci\u00f3n y competencias digitales.\",\"breadcrumb\":{\"@id\":\"https:\/\/redaccionjuvenil.es\/?p=914#breadcrumb\"},\"inLanguage\":\"es\",\"potentialAction\":[{\"@type\":\"ReadAction\",\"target\":[\"https:\/\/redaccionjuvenil.es\/?p=914\"]}]},{\"@type\":\"ImageObject\",\"inLanguage\":\"es\",\"@id\":\"https:\/\/redaccionjuvenil.es\/?p=914#primaryimage\",\"url\":\"https:\/\/redaccionjuvenil.es\/wp-content\/uploads\/2026\/04\/stocksnap-man-2562325-scaled.jpg\",\"contentUrl\":\"https:\/\/redaccionjuvenil.es\/wp-content\/uploads\/2026\/04\/stocksnap-man-2562325-scaled.jpg\",\"width\":2560,\"height\":1706,\"caption\":\"Joven trabajando. Fuente: Pixabay\"},{\"@type\":\"BreadcrumbList\",\"@id\":\"https:\/\/redaccionjuvenil.es\/?p=914#breadcrumb\",\"itemListElement\":[{\"@type\":\"ListItem\",\"position\":1,\"name\":\"Portada\",\"item\":\"https:\/\/redaccionjuvenil.es\/\"},{\"@type\":\"ListItem\",\"position\":2,\"name\":\"YMCA pone en marcha Impulsando el Futuro de los J\u00f3venes\u00a0\"}]},{\"@type\":\"WebSite\",\"@id\":\"https:\/\/redaccionjuvenil.es\/#website\",\"url\":\"https:\/\/redaccionjuvenil.es\/\",\"name\":\"RED-ACCI\u00d3N JUVENIL\",\"description\":\"DONDE LA JUVENTUD INFORMA Y TRANSFORMA\",\"publisher\":{\"@id\":\"https:\/\/redaccionjuvenil.es\/#organization\"},\"potentialAction\":[{\"@type\":\"SearchAction\",\"target\":{\"@type\":\"EntryPoint\",\"urlTemplate\":\"https:\/\/redaccionjuvenil.es\/?s={search_term_string}\"},\"query-input\":{\"@type\":\"PropertyValueSpecification\",\"valueRequired\":true,\"valueName\":\"search_term_string\"}}],\"inLanguage\":\"es\"},{\"@type\":\"Organization\",\"@id\":\"https:\/\/redaccionjuvenil.es\/#organization\",\"name\":\"RED-ACCI\u00d3N JUVENIL\",\"url\":\"https:\/\/redaccionjuvenil.es\/\",\"logo\":{\"@type\":\"ImageObject\",\"inLanguage\":\"es\",\"@id\":\"https:\/\/redaccionjuvenil.es\/#\/schema\/logo\/image\/\",\"url\":\"https:\/\/redaccionjuvenil.es\/wp-content\/uploads\/2026\/03\/cropped-cropped-logo_redaccion_juvenil_primer_propuesta-1.png\",\"contentUrl\":\"https:\/\/redaccionjuvenil.es\/wp-content\/uploads\/2026\/03\/cropped-cropped-logo_redaccion_juvenil_primer_propuesta-1.png\",\"width\":723,\"height\":723,\"caption\":\"RED-ACCI\u00d3N JUVENIL\"},\"image\":{\"@id\":\"https:\/\/redaccionjuvenil.es\/#\/schema\/logo\/image\/\"}},{\"@type\":\"Person\",\"@id\":\"https:\/\/redaccionjuvenil.es\/#\/schema\/person\/a790ee590cf1791109eca10248bddf05\",\"name\":\"Ana Martin\",\"image\":{\"@type\":\"ImageObject\",\"inLanguage\":\"es\",\"@id\":\"https:\/\/redaccionjuvenil.es\/#\/schema\/person\/image\/\",\"url\":\"https:\/\/secure.gravatar.com\/avatar\/558fe8d466b835cebe78ac0c812db96f9d7316b1b45859e80b790d70c75c3b8c?s=96&d=mm&r=g\",\"contentUrl\":\"https:\/\/secure.gravatar.com\/avatar\/558fe8d466b835cebe78ac0c812db96f9d7316b1b45859e80b790d70c75c3b8c?s=96&d=mm&r=g\",\"caption\":\"Ana Martin\"},\"url\":\"https:\/\/redaccionjuvenil.es\/?author=15\"}]}<\/script>\n<!-- \/ Yoast SEO plugin. -->","yoast_head_json":{"title":"YMCA pone en marcha Impulsando el Futuro de los J\u00f3venes\u00a0 - RED-ACCI\u00d3N JUVENIL","description":"YMCA ayuda al empleo juvenil con Impulsando el Futuro de J\u00f3venes. Ayuda con la empleabilidad, la formaci\u00f3n y competencias digitales.","robots":{"index":"index","follow":"follow","max-snippet":"max-snippet:-1","max-image-preview":"max-image-preview:large","max-video-preview":"max-video-preview:-1"},"canonical":"https:\/\/redaccionjuvenil.es\/?p=914","og_locale":"es_ES","og_type":"article","og_title":"YMCA pone en marcha Impulsando el Futuro de los J\u00f3venes\u00a0 - RED-ACCI\u00d3N JUVENIL","og_description":"YMCA ayuda al empleo juvenil con Impulsando el Futuro de J\u00f3venes. Ayuda con la empleabilidad, la formaci\u00f3n y competencias digitales.","og_url":"https:\/\/redaccionjuvenil.es\/?p=914","og_site_name":"RED-ACCI\u00d3N JUVENIL","article_published_time":"2026-04-26T17:25:21+00:00","article_modified_time":"2026-04-26T17:25:23+00:00","og_image":[{"width":2560,"height":1706,"url":"https:\/\/redaccionjuvenil.es\/wp-content\/uploads\/2026\/04\/stocksnap-man-2562325-scaled.jpg","type":"image\/jpeg"}],"author":"Ana Martin","twitter_card":"summary_large_image","twitter_misc":{"Escrito por":"Ana Martin","Tiempo de lectura":"3 minutos"},"schema":{"@context":"https:\/\/schema.org","@graph":[{"@type":"Article","@id":"https:\/\/redaccionjuvenil.es\/?p=914#article","isPartOf":{"@id":"https:\/\/redaccionjuvenil.es\/?p=914"},"author":{"name":"Ana Martin","@id":"https:\/\/redaccionjuvenil.es\/#\/schema\/person\/a790ee590cf1791109eca10248bddf05"},"headline":"YMCA pone en marcha Impulsando el Futuro de los J\u00f3venes\u00a0","datePublished":"2026-04-26T17:25:21+00:00","dateModified":"2026-04-26T17:25:23+00:00","mainEntityOfPage":{"@id":"https:\/\/redaccionjuvenil.es\/?p=914"},"wordCount":458,"commentCount":0,"publisher":{"@id":"https:\/\/redaccionjuvenil.es\/#organization"},"image":{"@id":"https:\/\/redaccionjuvenil.es\/?p=914#primaryimage"},"thumbnailUrl":"https:\/\/redaccionjuvenil.es\/wp-content\/uploads\/2026\/04\/stocksnap-man-2562325-scaled.jpg","keywords":["empleo","Empleo juvenil","trabajo","YMCA"],"articleSection":["Actualidad","Destacado","Noticias","YMCA"],"inLanguage":"es","potentialAction":[{"@type":"CommentAction","name":"Comment","target":["https:\/\/redaccionjuvenil.es\/?p=914#respond"]}]},{"@type":"WebPage","@id":"https:\/\/redaccionjuvenil.es\/?p=914","url":"https:\/\/redaccionjuvenil.es\/?p=914","name":"YMCA pone en marcha Impulsando el Futuro de los J\u00f3venes\u00a0 - RED-ACCI\u00d3N JUVENIL","isPartOf":{"@id":"https:\/\/redaccionjuvenil.es\/#website"},"primaryImageOfPage":{"@id":"https:\/\/redaccionjuvenil.es\/?p=914#primaryimage"},"image":{"@id":"https:\/\/redaccionjuvenil.es\/?p=914#primaryimage"},"thumbnailUrl":"https:\/\/redaccionjuvenil.es\/wp-content\/uploads\/2026\/04\/stocksnap-man-2562325-scaled.jpg","datePublished":"2026-04-26T17:25:21+00:00","dateModified":"2026-04-26T17:25:23+00:00","description":"YMCA ayuda al empleo juvenil con Impulsando el Futuro de J\u00f3venes. Ayuda con la empleabilidad, la formaci\u00f3n y competencias digitales.","breadcrumb":{"@id":"https:\/\/redaccionjuvenil.es\/?p=914#breadcrumb"},"inLanguage":"es","potentialAction":[{"@type":"ReadAction","target":["https:\/\/redaccionjuvenil.es\/?p=914"]}]},{"@type":"ImageObject","inLanguage":"es","@id":"https:\/\/redaccionjuvenil.es\/?p=914#primaryimage","url":"https:\/\/redaccionjuvenil.es\/wp-content\/uploads\/2026\/04\/stocksnap-man-2562325-scaled.jpg","contentUrl":"https:\/\/redaccionjuvenil.es\/wp-content\/uploads\/2026\/04\/stocksnap-man-2562325-scaled.jpg","width":2560,"height":1706,"caption":"Joven trabajando. Fuente: Pixabay"},{"@type":"BreadcrumbList","@id":"https:\/\/redaccionjuvenil.es\/?p=914#breadcrumb","itemListElement":[{"@type":"ListItem","position":1,"name":"Portada","item":"https:\/\/redaccionjuvenil.es\/"},{"@type":"ListItem","position":2,"name":"YMCA pone en marcha Impulsando el Futuro de los J\u00f3venes\u00a0"}]},{"@type":"WebSite","@id":"https:\/\/redaccionjuvenil.es\/#website","url":"https:\/\/redaccionjuvenil.es\/","name":"RED-ACCI\u00d3N JUVENIL","description":"DONDE LA JUVENTUD INFORMA Y TRANSFORMA","publisher":{"@id":"https:\/\/redaccionjuvenil.es\/#organization"},"potentialAction":[{"@type":"SearchAction","target":{"@type":"EntryPoint","urlTemplate":"https:\/\/redaccionjuvenil.es\/?s={search_term_string}"},"query-input":{"@type":"PropertyValueSpecification","valueRequired":true,"valueName":"search_term_string"}}],"inLanguage":"es"},{"@type":"Organization","@id":"https:\/\/redaccionjuvenil.es\/#organization","name":"RED-ACCI\u00d3N JUVENIL","url":"https:\/\/redaccionjuvenil.es\/","logo":{"@type":"ImageObject","inLanguage":"es","@id":"https:\/\/redaccionjuvenil.es\/#\/schema\/logo\/image\/","url":"https:\/\/redaccionjuvenil.es\/wp-content\/uploads\/2026\/03\/cropped-cropped-logo_redaccion_juvenil_primer_propuesta-1.png","contentUrl":"https:\/\/redaccionjuvenil.es\/wp-content\/uploads\/2026\/03\/cropped-cropped-logo_redaccion_juvenil_primer_propuesta-1.png","width":723,"height":723,"caption":"RED-ACCI\u00d3N JUVENIL"},"image":{"@id":"https:\/\/redaccionjuvenil.es\/#\/schema\/logo\/image\/"}},{"@type":"Person","@id":"https:\/\/redaccionjuvenil.es\/#\/schema\/person\/a790ee590cf1791109eca10248bddf05","name":"Ana Martin","image":{"@type":"ImageObject","inLanguage":"es","@id":"https:\/\/redaccionjuvenil.es\/#\/schema\/person\/image\/","url":"https:\/\/secure.gravatar.com\/avatar\/558fe8d466b835cebe78ac0c812db96f9d7316b1b45859e80b790d70c75c3b8c?s=96&d=mm&r=g","contentUrl":"https:\/\/secure.gravatar.com\/avatar\/558fe8d466b835cebe78ac0c812db96f9d7316b1b45859e80b790d70c75c3b8c?s=96&d=mm&r=g","caption":"Ana Martin"},"url":"https:\/\/redaccionjuvenil.es\/?author=15"}]}},"_links":{"self":[{"href":"https:\/\/redaccionjuvenil.es\/index.php?rest_route=\/wp\/v2\/posts\/914","targetHints":{"allow":["GET"]}}],"collection":[{"href":"https:\/\/redaccionjuvenil.es\/index.php?rest_route=\/wp\/v2\/posts"}],"about":[{"href":"https:\/\/redaccionjuvenil.es\/index.php?rest_route=\/wp\/v2\/types\/post"}],"author":[{"embeddable":true,"href":"https:\/\/redaccionjuvenil.es\/index.php?rest_route=\/wp\/v2\/users\/15"}],"replies":[{"embeddable":true,"href":"https:\/\/redaccionjuvenil.es\/index.php?rest_route=%2Fwp%2Fv2%2Fcomments&post=914"}],"version-history":[{"count":1,"href":"https:\/\/redaccionjuvenil.es\/index.php?rest_route=\/wp\/v2\/posts\/914\/revisions"}],"predecessor-version":[{"id":917,"href":"https:\/\/redaccionjuvenil.es\/index.php?rest_route=\/wp\/v2\/posts\/914\/revisions\/917"}],"wp:featuredmedia":[{"embeddable":true,"href":"https:\/\/redaccionjuvenil.es\/index.php?rest_route=\/wp\/v2\/media\/915"}],"wp:attachment":[{"href":"https:\/\/redaccionjuvenil.es\/index.php?rest_route=%2Fwp%2Fv2%2Fmedia&parent=914"}],"wp:term":[{"taxonomy":"category","embeddable":true,"href":"https:\/\/redaccionjuvenil.es\/index.php?rest_route=%2Fwp%2Fv2%2Fcategories&post=914"},{"taxonomy":"post_tag","embeddable":true,"href":"https:\/\/redaccionjuvenil.es\/index.php?rest_route=%2Fwp%2Fv2%2Ftags&post=914"}],"curies":[{"name":"wp","href":"https:\/\/api.w.org\/{rel}","templated":true}]}}