{"id":942,"date":"2026-04-27T19:39:34","date_gmt":"2026-04-27T19:39:34","guid":{"rendered":"https:\/\/redaccionjuvenil.es\/?p=942"},"modified":"2026-04-27T19:39:36","modified_gmt":"2026-04-27T19:39:36","slug":"granada-disfruta-de-laliga-genuine","status":"publish","type":"post","link":"https:\/\/redaccionjuvenil.es\/?p=942","title":{"rendered":"Granada disfruta de LaLiga Genuine"},"content":{"rendered":"\n<p>Grandada abri\u00f3 sus puertas por primera vez como sede de LaLiga Genuine en un d\u00eda que marca el comienzo de la 3\u00aa Fase<\/p>\n\n\n\n<p>LaLiga Genuine viajaba hasta Andaluc\u00eda, concretamente hasta Granada, para recorrer sus calles con <a href=\"https:\/\/redaccionjuvenil.es\/?p=560\">f\u00fatbol e inclusividad a la par<\/a>. M\u00e1s de 25 equipos se dieron cita este pasado fin de semana en la Ciudad deportiva del Granada CF para abrir la 3\u00aa Fase de la competici\u00f3n que m\u00e1s tarde llevar\u00e1 a Burgos los d\u00edas finales de mayo.<\/p>\n\n\n\n<p>Equipos de los tres grupos (Compa\u00f1erismo, Respeto y Deportividad) dieron guerra en el campo por llevarse los puntos e intentar lograr una mejor posici\u00f3n en la tabla. Aunque como dice la propia organizaci\u00f3n, eso es lo de menos.<\/p>\n\n\n\n<figure class=\"wp-block-embed is-type-rich is-provider-twitter wp-block-embed-twitter\"><div class=\"wp-block-embed__wrapper\">\n<blockquote class=\"twitter-tweet\" data-width=\"550\" data-dnt=\"true\"><p lang=\"es\" dir=\"ltr\">Ten\u00eda la ilusi\u00f3n de marcar un gol y lo consigui\u00f3. <a href=\"https:\/\/twitter.com\/hashtag\/LaLigaGenuineMoeve?src=hash&amp;ref_src=twsrc%5Etfw\">#LaLigaGenuineMoeve<\/a>, donde los sue\u00f1os se hacen realidad.<a href=\"https:\/\/twitter.com\/hashtag\/CompartirAntesQueCompetir?src=hash&amp;ref_src=twsrc%5Etfw\">#CompartirAntesQueCompetir<\/a><a href=\"https:\/\/twitter.com\/FundacionLaLiga?ref_src=twsrc%5Etfw\">@FundacionLaLiga<\/a> <a href=\"https:\/\/twitter.com\/ADCeutaFC_fund?ref_src=twsrc%5Etfw\">@ADCeutaFC_fund<\/a> <a href=\"https:\/\/twitter.com\/ADCeuta_FC?ref_src=twsrc%5Etfw\">@ADCeuta_FC<\/a> <a href=\"https:\/\/t.co\/bFbE8qly5O\">pic.twitter.com\/bFbE8qly5O<\/a><\/p>&mdash; Juanmi Armu\u00f1a (@JuanmiAG) <a href=\"https:\/\/twitter.com\/JuanmiAG\/status\/2048693390057820479?ref_src=twsrc%5Etfw\">April 27, 2026<\/a><\/blockquote><script async src=\"https:\/\/platform.twitter.com\/widgets.js\" charset=\"utf-8\"><\/script>\n<\/div><\/figure>\n\n\n\n<p>El fin de semana comenz\u00f3 con una bienvenida protocolaria a la competici\u00f3n con los capitanes del propio club nazar\u00ed y su presidente en un recibimiento en el que tambi\u00e9n estuvieron los representantes de FUNDACI\u00d3N LALIGA.<\/p>\n\n\n\n<p>Ni uno solo de los 26 partidos estuvo falto de deportividad, compa\u00f1erismo o respeto, casualmente los nombres de los grupos que forman \u00abla liga m\u00e1s inclusiva del mundo\u00bb. Los dos d\u00edas de competici\u00f3n terminaron con los siguientes resultados en cada grupo.<\/p>\n\n\n\n<figure class=\"wp-block-table aligncenter\"><table class=\"has-fixed-layout\"><thead><tr><th class=\"has-text-align-left\" data-align=\"left\">Posici\u00f3n del grupo Deportividad<\/th><th>PJ<\/th><th>P<\/th><th>PFP<\/th><\/tr><\/thead><tbody><tr><td class=\"has-text-align-left\" data-align=\"left\">1. RCD Espanyol<\/td><td>7<\/td><td>19<\/td><td>271<\/td><\/tr><tr><td class=\"has-text-align-left\" data-align=\"left\">2. Valencia CF<\/td><td>7<\/td><td>18<\/td><td>275<\/td><\/tr><tr><td class=\"has-text-align-left\" data-align=\"left\">3. Sevilla FC<\/td><td>7<\/td><td>18<\/td><td>257<\/td><\/tr><tr><td class=\"has-text-align-left\" data-align=\"left\">4. Fundaci\u00f3 Bar\u00e7a<\/td><td>7<\/td><td>15<\/td><td>278<\/td><\/tr><tr><td class=\"has-text-align-left\" data-align=\"left\">5. C\u00e1diz CF<\/td><td>7<\/td><td>15<\/td><td>271<\/td><\/tr><tr><td class=\"has-text-align-left\" data-align=\"left\">6. Celta Integra Zelnova<\/td><td>5<\/td><td>15<\/td><td>191<\/td><\/tr><tr><td class=\"has-text-align-left\" data-align=\"left\">7. UD Almer\u00eda<\/td><td>7<\/td><td>14<\/td><td>272<\/td><\/tr><tr><td class=\"has-text-align-left\" data-align=\"left\">8. Fundaci\u00f3 Girona FC 1930<\/td><td>5<\/td><td>13<\/td><td>198<\/td><\/tr><tr><td class=\"has-text-align-left\" data-align=\"left\">9. Getafe CF<\/td><td>5<\/td><td>13<\/td><td>195<\/td><\/tr><tr><td class=\"has-text-align-left\" data-align=\"left\">10. CD Legan\u00e9s<\/td><td>7<\/td><td>12<\/td><td>275<\/td><\/tr><tr><td class=\"has-text-align-left\" data-align=\"left\">11. Real Oviedo<\/td><td>5<\/td><td>12<\/td><td>198<\/td><\/tr><tr><td class=\"has-text-align-left\" data-align=\"left\">12. CF Fuenlabrada<\/td><td>7<\/td><td>10<\/td><td>276<\/td><\/tr><tr><td class=\"has-text-align-left\" data-align=\"left\">13. Elche CF<\/td><td>7<\/td><td>10<\/td><td>258<\/td><\/tr><tr><td class=\"has-text-align-left\" data-align=\"left\">14. Villarreal CF<\/td><td>7<\/td><td>9<\/td><td>277<\/td><\/tr><tr><td class=\"has-text-align-left\" data-align=\"left\">15. Deportivo Alav\u00e9s<\/td><td>5<\/td><td>9<\/td><td>197<\/td><\/tr><tr><td class=\"has-text-align-left\" data-align=\"left\">16. Fundaci\u00f3n Rayo Vallecano<\/td><td>5<\/td><td>7<\/td><td>196<\/td><\/tr><tr><td class=\"has-text-align-left\" data-align=\"left\">17. Fundaci\u00f3n Real Madrid<\/td><td>5<\/td><td>6<\/td><td>200<\/td><\/tr><tr><td class=\"has-text-align-left\" data-align=\"left\">18. Real Racing Club<\/td><td>5<\/td><td>5<\/td><td>200<\/td><\/tr><\/tbody><\/table><figcaption class=\"wp-element-caption\"><em>PJ: Partidos Jugados; P: Puntos; PFP: Puntos &#8216;Fair Play&#8217;.<\/em><\/figcaption><\/figure>\n\n\n\n<figure class=\"wp-block-table aligncenter\"><table class=\"has-fixed-layout\"><thead><tr><th class=\"has-text-align-left\" data-align=\"left\">Posici\u00f3n del grupo Respeto<\/th><th>PJ<\/th><th>P<\/th><th>PFP<\/th><\/tr><\/thead><tbody><tr><td class=\"has-text-align-left\" data-align=\"left\">1. Real Betis Balompi\u00e9<\/td><td>7<\/td><td>21<\/td><td>280<\/td><\/tr><tr><td class=\"has-text-align-left\" data-align=\"left\">2. CD Tenerife<\/td><td>7<\/td><td>19<\/td><td>279<\/td><\/tr><tr><td class=\"has-text-align-left\" data-align=\"left\">3. C\u00f3rdoba CF<\/td><td>7<\/td><td>16<\/td><td>278<\/td><\/tr><tr><td class=\"has-text-align-left\" data-align=\"left\">4. Fundaci\u00f3n Club Atl\u00e9tico de Madrid<\/td><td>7<\/td><td>15<\/td><td>277<\/td><\/tr><tr><td class=\"has-text-align-left\" data-align=\"left\">5. FC Cartagena<\/td><td>7<\/td><td>15<\/td><td>277<\/td><\/tr><tr><td class=\"has-text-align-left\" data-align=\"left\">6. UD Las Palmas<\/td><td>7<\/td><td>15<\/td><td>276<\/td><\/tr><tr><td class=\"has-text-align-left\" data-align=\"left\">7. RCD Mallorca<\/td><td>7<\/td><td>11<\/td><td>279<\/td><\/tr><tr><td class=\"has-text-align-left\" data-align=\"left\">8. Granada CF<\/td><td>7<\/td><td>11<\/td><td>278<\/td><\/tr><tr><td class=\"has-text-align-left\" data-align=\"left\">9. Real ValladoliDI<\/td><td>5<\/td><td>11<\/td><td>199<\/td><\/tr><tr><td class=\"has-text-align-left\" data-align=\"left\">10. Real Sociedad Fundazioa<\/td><td>5<\/td><td>11<\/td><td>199<\/td><\/tr><tr><td class=\"has-text-align-left\" data-align=\"left\">11. Club Gimn\u00e0stic de Tarragona<\/td><td>7<\/td><td>10<\/td><td>280<\/td><\/tr><tr><td class=\"has-text-align-left\" data-align=\"left\">12. Levante UD EDI<\/td><td>7<\/td><td>10<\/td><td>277<\/td><\/tr><tr><td class=\"has-text-align-left\" data-align=\"left\">13. CA Osasuna<\/td><td>5<\/td><td>10<\/td><td>199<\/td><\/tr><tr><td class=\"has-text-align-left\" data-align=\"left\">14. RC Deportivo de La Coru\u00f1a<\/td><td>5<\/td><td>9<\/td><td>199<\/td><\/tr><tr><td class=\"has-text-align-left\" data-align=\"left\">15. SD Eibar Fundazioa<\/td><td>5<\/td><td>9<\/td><td>198<\/td><\/tr><tr><td class=\"has-text-align-left\" data-align=\"left\">16. CD Lugo<\/td><td>5<\/td><td>7<\/td><td>198<\/td><\/tr><\/tbody><\/table><figcaption class=\"wp-element-caption\"><em>PJ: Partidos Jugados; P: Puntos; PFP: Puntos &#8216;Fair Play&#8217;.<\/em><\/figcaption><\/figure>\n\n\n\n<figure class=\"wp-block-table aligncenter\"><table class=\"has-fixed-layout\"><thead><tr><th class=\"has-text-align-left\" data-align=\"left\">Posici\u00f3n del grupo Compa\u00f1erismo<\/th><th>PJ<\/th><th>P<\/th><th>PFP<\/th><\/tr><\/thead><tbody><tr><td class=\"has-text-align-left\" data-align=\"left\">1. Fundaci\u00f3 Futbol Base Reus<\/td><td>7<\/td><td>17<\/td><td>279<\/td><\/tr><tr><td class=\"has-text-align-left\" data-align=\"left\">2. Cultural<\/td><td>5<\/td><td>15<\/td><td>200<\/td><\/tr><tr><td class=\"has-text-align-left\" data-align=\"left\">3. SD Huesca<\/td><td>5<\/td><td>15<\/td><td>200<\/td><\/tr><tr><td class=\"has-text-align-left\" data-align=\"left\">4. Fundaci\u00f3n Albacete<\/td><td>7<\/td><td>14<\/td><td>278<\/td><\/tr><tr><td class=\"has-text-align-left\" data-align=\"left\">5. Real Sporting de Gij\u00f3n<\/td><td>5<\/td><td>13<\/td><td>199<\/td><\/tr><tr><td class=\"has-text-align-left\" data-align=\"left\">6. UD Ibiza<\/td><td>7<\/td><td>12<\/td><td>280<\/td><\/tr><tr><td class=\"has-text-align-left\" data-align=\"left\">7. Fundaci\u00f3n M\u00e1laga CF<\/td><td>7<\/td><td>12<\/td><td>279<\/td><\/tr><tr><td class=\"has-text-align-left\" data-align=\"left\">8. AD Ceuta FC<\/td><td>7<\/td><td>11<\/td><td>276<\/td><\/tr><tr><td class=\"has-text-align-left\" data-align=\"left\">9. Burgos CF<\/td><td>5<\/td><td>10<\/td><td>200<\/td><\/tr><tr><td class=\"has-text-align-left\" data-align=\"left\">10. Athletic Club Fundazioa<\/td><td>5<\/td><td>10<\/td><td>200<\/td><\/tr><tr><td class=\"has-text-align-left\" data-align=\"left\">11. FC Andorra<\/td><td>5<\/td><td>10<\/td><td>199<\/td><\/tr><tr><td class=\"has-text-align-left\" data-align=\"left\">12. CD Eldense<\/td><td>7<\/td><td>9<\/td><td>279<\/td><\/tr><tr><td class=\"has-text-align-left\" data-align=\"left\">13. Real Zaragoza<\/td><td>5<\/td><td>9<\/td><td>200<\/td><\/tr><tr><td class=\"has-text-align-left\" data-align=\"left\">14. SD Ponferradina<\/td><td>5<\/td><td>9<\/td><td>199<\/td><\/tr><tr><td class=\"has-text-align-left\" data-align=\"left\">15. CD Mirand\u00e9s<\/td><td>5<\/td><td>9<\/td><td>198<\/td><\/tr><tr><td class=\"has-text-align-left\" data-align=\"left\">16. Racing Club de Ferrol<\/td><td>5<\/td><td>8<\/td><td>199<\/td><\/tr><\/tbody><\/table><figcaption class=\"wp-element-caption\"><em>PJ: Partidos Jugados; P: Puntos; PFP: Puntos &#8216;Fair Play&#8217;.<\/em><\/figcaption><\/figure>\n\n\n\n<figure class=\"wp-block-embed is-type-rich is-provider-twitter wp-block-embed-twitter\"><div class=\"wp-block-embed__wrapper\">\n<blockquote class=\"twitter-tweet\" data-width=\"550\" data-dnt=\"true\"><p lang=\"es\" dir=\"ltr\">\ud83d\udcf8\ud83d\udcf8 GALER\u00cdA \ud83d\udcf8\ud83d\udcf8<br><br>Descubre TODAS las fotograf\u00edas de una sede que nos ha llenado el coraz\u00f3n Genuine. \ud83d\udd0b\ud83d\udc97<a href=\"https:\/\/t.co\/A6hvCKa9UP\">https:\/\/t.co\/A6hvCKa9UP<\/a><br><br>\u00a1Lo hemos disfrutado mucho! \ud83d\ude0d<a href=\"https:\/\/twitter.com\/hashtag\/LALIGAGENUINEMoeve?src=hash&amp;ref_src=twsrc%5Etfw\">#LALIGAGENUINEMoeve<\/a> <a href=\"https:\/\/twitter.com\/hashtag\/CompartirAntesQueCompetir?src=hash&amp;ref_src=twsrc%5Etfw\">#CompartirAntesQueCompetir<\/a> <a href=\"https:\/\/t.co\/62karjG2E1\">pic.twitter.com\/62karjG2E1<\/a><\/p>&mdash; FUNDACI\u00d3N LALIGA (@FundacionLaLiga) <a href=\"https:\/\/twitter.com\/FundacionLaLiga\/status\/2048784709392466198?ref_src=twsrc%5Etfw\">April 27, 2026<\/a><\/blockquote><script async src=\"https:\/\/platform.twitter.com\/widgets.js\" charset=\"utf-8\"><\/script>\n<\/div><\/figure>\n\n\n\n<p>Al finalizar la jornada de domingo, como ya es habitual, todos y cada uno de los m\u00e1s de 500 jugadores y jugadoras que tomaron parte de este evento recibieron su correspondiente medalla por su implicaci\u00f3n y compromiso. Las medallas las otorgar\u00edan representantes del Granada CF, de FUNDACI\u00d3N LALIGA y de \u00f3rganos de gobierno asociados a la par que patrocinadores que mantienen el proyecto vivo.<\/p>\n\n\n\n<p>Con la sede granadina ya en el pasado, LaLiga Genuine Moeve piensa ya en su siguiente cita los d\u00edas 30 y 31 de mayo en donde <a href=\"https:\/\/www.laliga.com\/laliga-genuine\/competicion\/calendario\" target=\"_blank\" rel=\"noreferrer noopener\">visitar\u00e1 Burgos<\/a> para poner el bal\u00f3n a rodar en la Ciudad deportiva del Burgos CF donde se pondr\u00e1 punto y final a esta 3\u00aa Fase.<\/p>\n\n\n\n<p>Una vez finalice esta fase, la 4\u00aa y definitiva tendr\u00e1 lugar los d\u00edas 19, 20 y 21 de junio en la Ciudad de F\u00fatbol Las Rozas, donde se coronar\u00e1n los seis campeones y se dar\u00e1 por cerrada la temporada 2025-2026.<\/p>\n","protected":false},"excerpt":{"rendered":"<p>Grandada abri\u00f3 sus puertas por primera vez como sede de LaLiga Genuine en un d\u00eda que marca el comienzo de la 3\u00aa Fase LaLiga Genuine viajaba hasta Andaluc\u00eda, concretamente hasta&#8230;<\/p>\n","protected":false},"author":5,"featured_media":943,"comment_status":"open","ping_status":"open","sticky":false,"template":"","format":"standard","meta":{"_kadence_starter_templates_imported_post":false,"footnotes":""},"categories":[1,21,23,2,16],"tags":[148,43],"class_list":["post-942","post","type-post","status-publish","format-standard","has-post-thumbnail","hentry","category-actualidad","category-deporte","category-destacado","category-noticias","category-te-interesa","tag-granada","tag-laliga-genuine"],"yoast_head":"<!-- This site is optimized with the Yoast SEO plugin v27.1.1 - https:\/\/yoast.com\/product\/yoast-seo-wordpress\/ -->\n<title>Granada disfruta de LaLiga Genuine - RED-ACCI\u00d3N JUVENIL<\/title>\n<meta name=\"description\" content=\"Grandada abri\u00f3 sus puertas por primera vez como sede de LaLiga Genuine en un d\u00eda que marca el comienzo de la 3\u00aa Fase de la temporada.\" \/>\n<meta name=\"robots\" content=\"index, follow, max-snippet:-1, max-image-preview:large, max-video-preview:-1\" \/>\n<link rel=\"canonical\" href=\"https:\/\/redaccionjuvenil.es\/?p=942\" \/>\n<meta property=\"og:locale\" content=\"es_ES\" \/>\n<meta property=\"og:type\" content=\"article\" \/>\n<meta property=\"og:title\" content=\"Granada disfruta de LaLiga Genuine - RED-ACCI\u00d3N JUVENIL\" \/>\n<meta property=\"og:description\" content=\"Grandada abri\u00f3 sus puertas por primera vez como sede de LaLiga Genuine en un d\u00eda que marca el comienzo de la 3\u00aa Fase de la temporada.\" \/>\n<meta property=\"og:url\" content=\"https:\/\/redaccionjuvenil.es\/?p=942\" \/>\n<meta property=\"og:site_name\" content=\"RED-ACCI\u00d3N JUVENIL\" \/>\n<meta property=\"article:published_time\" content=\"2026-04-27T19:39:34+00:00\" \/>\n<meta property=\"article:modified_time\" content=\"2026-04-27T19:39:36+00:00\" \/>\n<meta property=\"og:image\" content=\"https:\/\/redaccionjuvenil.es\/wp-content\/uploads\/2026\/04\/pexels-jesuszecuaphoto-33629448-scaled.jpg\" \/>\n\t<meta property=\"og:image:width\" content=\"1701\" \/>\n\t<meta property=\"og:image:height\" content=\"2560\" \/>\n\t<meta property=\"og:image:type\" content=\"image\/jpeg\" \/>\n<meta name=\"author\" content=\"Ruben Beneite\" \/>\n<meta name=\"twitter:card\" content=\"summary_large_image\" \/>\n<meta name=\"twitter:label1\" content=\"Escrito por\" \/>\n\t<meta name=\"twitter:data1\" content=\"Ruben Beneite\" \/>\n\t<meta name=\"twitter:label2\" content=\"Tiempo de lectura\" \/>\n\t<meta name=\"twitter:data2\" content=\"4 minutos\" \/>\n<script type=\"application\/ld+json\" class=\"yoast-schema-graph\">{\"@context\":\"https:\/\/schema.org\",\"@graph\":[{\"@type\":\"Article\",\"@id\":\"https:\/\/redaccionjuvenil.es\/?p=942#article\",\"isPartOf\":{\"@id\":\"https:\/\/redaccionjuvenil.es\/?p=942\"},\"author\":{\"name\":\"Ruben Beneite\",\"@id\":\"https:\/\/redaccionjuvenil.es\/#\/schema\/person\/500657725e84c7e8b26a8eebff8bceb4\"},\"headline\":\"Granada disfruta de LaLiga Genuine\",\"datePublished\":\"2026-04-27T19:39:34+00:00\",\"dateModified\":\"2026-04-27T19:39:36+00:00\",\"mainEntityOfPage\":{\"@id\":\"https:\/\/redaccionjuvenil.es\/?p=942\"},\"wordCount\":573,\"commentCount\":0,\"publisher\":{\"@id\":\"https:\/\/redaccionjuvenil.es\/#organization\"},\"image\":{\"@id\":\"https:\/\/redaccionjuvenil.es\/?p=942#primaryimage\"},\"thumbnailUrl\":\"https:\/\/redaccionjuvenil.es\/wp-content\/uploads\/2026\/04\/pexels-jesuszecuaphoto-33629448-scaled.jpg\",\"keywords\":[\"Granada\",\"LaLiga Genuine\"],\"articleSection\":[\"Actualidad\",\"Deporte\",\"Destacado\",\"Noticias\",\"Te interesa\"],\"inLanguage\":\"es\",\"potentialAction\":[{\"@type\":\"CommentAction\",\"name\":\"Comment\",\"target\":[\"https:\/\/redaccionjuvenil.es\/?p=942#respond\"]}]},{\"@type\":\"WebPage\",\"@id\":\"https:\/\/redaccionjuvenil.es\/?p=942\",\"url\":\"https:\/\/redaccionjuvenil.es\/?p=942\",\"name\":\"Granada disfruta de LaLiga Genuine - RED-ACCI\u00d3N JUVENIL\",\"isPartOf\":{\"@id\":\"https:\/\/redaccionjuvenil.es\/#website\"},\"primaryImageOfPage\":{\"@id\":\"https:\/\/redaccionjuvenil.es\/?p=942#primaryimage\"},\"image\":{\"@id\":\"https:\/\/redaccionjuvenil.es\/?p=942#primaryimage\"},\"thumbnailUrl\":\"https:\/\/redaccionjuvenil.es\/wp-content\/uploads\/2026\/04\/pexels-jesuszecuaphoto-33629448-scaled.jpg\",\"datePublished\":\"2026-04-27T19:39:34+00:00\",\"dateModified\":\"2026-04-27T19:39:36+00:00\",\"description\":\"Grandada abri\u00f3 sus puertas por primera vez como sede de LaLiga Genuine en un d\u00eda que marca el comienzo de la 3\u00aa Fase de la temporada.\",\"breadcrumb\":{\"@id\":\"https:\/\/redaccionjuvenil.es\/?p=942#breadcrumb\"},\"inLanguage\":\"es\",\"potentialAction\":[{\"@type\":\"ReadAction\",\"target\":[\"https:\/\/redaccionjuvenil.es\/?p=942\"]}]},{\"@type\":\"ImageObject\",\"inLanguage\":\"es\",\"@id\":\"https:\/\/redaccionjuvenil.es\/?p=942#primaryimage\",\"url\":\"https:\/\/redaccionjuvenil.es\/wp-content\/uploads\/2026\/04\/pexels-jesuszecuaphoto-33629448-scaled.jpg\",\"contentUrl\":\"https:\/\/redaccionjuvenil.es\/wp-content\/uploads\/2026\/04\/pexels-jesuszecuaphoto-33629448-scaled.jpg\",\"width\":1701,\"height\":2560,\"caption\":\"Granada acoge LaLiga Genuine\"},{\"@type\":\"BreadcrumbList\",\"@id\":\"https:\/\/redaccionjuvenil.es\/?p=942#breadcrumb\",\"itemListElement\":[{\"@type\":\"ListItem\",\"position\":1,\"name\":\"Portada\",\"item\":\"https:\/\/redaccionjuvenil.es\/\"},{\"@type\":\"ListItem\",\"position\":2,\"name\":\"Granada disfruta de LaLiga Genuine\"}]},{\"@type\":\"WebSite\",\"@id\":\"https:\/\/redaccionjuvenil.es\/#website\",\"url\":\"https:\/\/redaccionjuvenil.es\/\",\"name\":\"RED-ACCI\u00d3N JUVENIL\",\"description\":\"DONDE LA JUVENTUD INFORMA Y TRANSFORMA\",\"publisher\":{\"@id\":\"https:\/\/redaccionjuvenil.es\/#organization\"},\"potentialAction\":[{\"@type\":\"SearchAction\",\"target\":{\"@type\":\"EntryPoint\",\"urlTemplate\":\"https:\/\/redaccionjuvenil.es\/?s={search_term_string}\"},\"query-input\":{\"@type\":\"PropertyValueSpecification\",\"valueRequired\":true,\"valueName\":\"search_term_string\"}}],\"inLanguage\":\"es\"},{\"@type\":\"Organization\",\"@id\":\"https:\/\/redaccionjuvenil.es\/#organization\",\"name\":\"RED-ACCI\u00d3N JUVENIL\",\"url\":\"https:\/\/redaccionjuvenil.es\/\",\"logo\":{\"@type\":\"ImageObject\",\"inLanguage\":\"es\",\"@id\":\"https:\/\/redaccionjuvenil.es\/#\/schema\/logo\/image\/\",\"url\":\"https:\/\/redaccionjuvenil.es\/wp-content\/uploads\/2026\/03\/cropped-cropped-logo_redaccion_juvenil_primer_propuesta-1.png\",\"contentUrl\":\"https:\/\/redaccionjuvenil.es\/wp-content\/uploads\/2026\/03\/cropped-cropped-logo_redaccion_juvenil_primer_propuesta-1.png\",\"width\":723,\"height\":723,\"caption\":\"RED-ACCI\u00d3N JUVENIL\"},\"image\":{\"@id\":\"https:\/\/redaccionjuvenil.es\/#\/schema\/logo\/image\/\"}},{\"@type\":\"Person\",\"@id\":\"https:\/\/redaccionjuvenil.es\/#\/schema\/person\/500657725e84c7e8b26a8eebff8bceb4\",\"name\":\"Ruben Beneite\",\"image\":{\"@type\":\"ImageObject\",\"inLanguage\":\"es\",\"@id\":\"https:\/\/redaccionjuvenil.es\/#\/schema\/person\/image\/\",\"url\":\"https:\/\/secure.gravatar.com\/avatar\/f48cefcce9e444b931fcd0a211834ea53f7eefa25c55a75a42de67015262cd82?s=96&d=mm&r=g\",\"contentUrl\":\"https:\/\/secure.gravatar.com\/avatar\/f48cefcce9e444b931fcd0a211834ea53f7eefa25c55a75a42de67015262cd82?s=96&d=mm&r=g\",\"caption\":\"Ruben Beneite\"},\"url\":\"https:\/\/redaccionjuvenil.es\/?author=5\"}]}<\/script>\n<!-- \/ Yoast SEO plugin. -->","yoast_head_json":{"title":"Granada disfruta de LaLiga Genuine - RED-ACCI\u00d3N JUVENIL","description":"Grandada abri\u00f3 sus puertas por primera vez como sede de LaLiga Genuine en un d\u00eda que marca el comienzo de la 3\u00aa Fase de la temporada.","robots":{"index":"index","follow":"follow","max-snippet":"max-snippet:-1","max-image-preview":"max-image-preview:large","max-video-preview":"max-video-preview:-1"},"canonical":"https:\/\/redaccionjuvenil.es\/?p=942","og_locale":"es_ES","og_type":"article","og_title":"Granada disfruta de LaLiga Genuine - RED-ACCI\u00d3N JUVENIL","og_description":"Grandada abri\u00f3 sus puertas por primera vez como sede de LaLiga Genuine en un d\u00eda que marca el comienzo de la 3\u00aa Fase de la temporada.","og_url":"https:\/\/redaccionjuvenil.es\/?p=942","og_site_name":"RED-ACCI\u00d3N JUVENIL","article_published_time":"2026-04-27T19:39:34+00:00","article_modified_time":"2026-04-27T19:39:36+00:00","og_image":[{"width":1701,"height":2560,"url":"https:\/\/redaccionjuvenil.es\/wp-content\/uploads\/2026\/04\/pexels-jesuszecuaphoto-33629448-scaled.jpg","type":"image\/jpeg"}],"author":"Ruben Beneite","twitter_card":"summary_large_image","twitter_misc":{"Escrito por":"Ruben Beneite","Tiempo de lectura":"4 minutos"},"schema":{"@context":"https:\/\/schema.org","@graph":[{"@type":"Article","@id":"https:\/\/redaccionjuvenil.es\/?p=942#article","isPartOf":{"@id":"https:\/\/redaccionjuvenil.es\/?p=942"},"author":{"name":"Ruben Beneite","@id":"https:\/\/redaccionjuvenil.es\/#\/schema\/person\/500657725e84c7e8b26a8eebff8bceb4"},"headline":"Granada disfruta de LaLiga Genuine","datePublished":"2026-04-27T19:39:34+00:00","dateModified":"2026-04-27T19:39:36+00:00","mainEntityOfPage":{"@id":"https:\/\/redaccionjuvenil.es\/?p=942"},"wordCount":573,"commentCount":0,"publisher":{"@id":"https:\/\/redaccionjuvenil.es\/#organization"},"image":{"@id":"https:\/\/redaccionjuvenil.es\/?p=942#primaryimage"},"thumbnailUrl":"https:\/\/redaccionjuvenil.es\/wp-content\/uploads\/2026\/04\/pexels-jesuszecuaphoto-33629448-scaled.jpg","keywords":["Granada","LaLiga Genuine"],"articleSection":["Actualidad","Deporte","Destacado","Noticias","Te interesa"],"inLanguage":"es","potentialAction":[{"@type":"CommentAction","name":"Comment","target":["https:\/\/redaccionjuvenil.es\/?p=942#respond"]}]},{"@type":"WebPage","@id":"https:\/\/redaccionjuvenil.es\/?p=942","url":"https:\/\/redaccionjuvenil.es\/?p=942","name":"Granada disfruta de LaLiga Genuine - RED-ACCI\u00d3N JUVENIL","isPartOf":{"@id":"https:\/\/redaccionjuvenil.es\/#website"},"primaryImageOfPage":{"@id":"https:\/\/redaccionjuvenil.es\/?p=942#primaryimage"},"image":{"@id":"https:\/\/redaccionjuvenil.es\/?p=942#primaryimage"},"thumbnailUrl":"https:\/\/redaccionjuvenil.es\/wp-content\/uploads\/2026\/04\/pexels-jesuszecuaphoto-33629448-scaled.jpg","datePublished":"2026-04-27T19:39:34+00:00","dateModified":"2026-04-27T19:39:36+00:00","description":"Grandada abri\u00f3 sus puertas por primera vez como sede de LaLiga Genuine en un d\u00eda que marca el comienzo de la 3\u00aa Fase de la temporada.","breadcrumb":{"@id":"https:\/\/redaccionjuvenil.es\/?p=942#breadcrumb"},"inLanguage":"es","potentialAction":[{"@type":"ReadAction","target":["https:\/\/redaccionjuvenil.es\/?p=942"]}]},{"@type":"ImageObject","inLanguage":"es","@id":"https:\/\/redaccionjuvenil.es\/?p=942#primaryimage","url":"https:\/\/redaccionjuvenil.es\/wp-content\/uploads\/2026\/04\/pexels-jesuszecuaphoto-33629448-scaled.jpg","contentUrl":"https:\/\/redaccionjuvenil.es\/wp-content\/uploads\/2026\/04\/pexels-jesuszecuaphoto-33629448-scaled.jpg","width":1701,"height":2560,"caption":"Granada acoge LaLiga Genuine"},{"@type":"BreadcrumbList","@id":"https:\/\/redaccionjuvenil.es\/?p=942#breadcrumb","itemListElement":[{"@type":"ListItem","position":1,"name":"Portada","item":"https:\/\/redaccionjuvenil.es\/"},{"@type":"ListItem","position":2,"name":"Granada disfruta de LaLiga Genuine"}]},{"@type":"WebSite","@id":"https:\/\/redaccionjuvenil.es\/#website","url":"https:\/\/redaccionjuvenil.es\/","name":"RED-ACCI\u00d3N JUVENIL","description":"DONDE LA JUVENTUD INFORMA Y TRANSFORMA","publisher":{"@id":"https:\/\/redaccionjuvenil.es\/#organization"},"potentialAction":[{"@type":"SearchAction","target":{"@type":"EntryPoint","urlTemplate":"https:\/\/redaccionjuvenil.es\/?s={search_term_string}"},"query-input":{"@type":"PropertyValueSpecification","valueRequired":true,"valueName":"search_term_string"}}],"inLanguage":"es"},{"@type":"Organization","@id":"https:\/\/redaccionjuvenil.es\/#organization","name":"RED-ACCI\u00d3N JUVENIL","url":"https:\/\/redaccionjuvenil.es\/","logo":{"@type":"ImageObject","inLanguage":"es","@id":"https:\/\/redaccionjuvenil.es\/#\/schema\/logo\/image\/","url":"https:\/\/redaccionjuvenil.es\/wp-content\/uploads\/2026\/03\/cropped-cropped-logo_redaccion_juvenil_primer_propuesta-1.png","contentUrl":"https:\/\/redaccionjuvenil.es\/wp-content\/uploads\/2026\/03\/cropped-cropped-logo_redaccion_juvenil_primer_propuesta-1.png","width":723,"height":723,"caption":"RED-ACCI\u00d3N JUVENIL"},"image":{"@id":"https:\/\/redaccionjuvenil.es\/#\/schema\/logo\/image\/"}},{"@type":"Person","@id":"https:\/\/redaccionjuvenil.es\/#\/schema\/person\/500657725e84c7e8b26a8eebff8bceb4","name":"Ruben Beneite","image":{"@type":"ImageObject","inLanguage":"es","@id":"https:\/\/redaccionjuvenil.es\/#\/schema\/person\/image\/","url":"https:\/\/secure.gravatar.com\/avatar\/f48cefcce9e444b931fcd0a211834ea53f7eefa25c55a75a42de67015262cd82?s=96&d=mm&r=g","contentUrl":"https:\/\/secure.gravatar.com\/avatar\/f48cefcce9e444b931fcd0a211834ea53f7eefa25c55a75a42de67015262cd82?s=96&d=mm&r=g","caption":"Ruben Beneite"},"url":"https:\/\/redaccionjuvenil.es\/?author=5"}]}},"_links":{"self":[{"href":"https:\/\/redaccionjuvenil.es\/index.php?rest_route=\/wp\/v2\/posts\/942","targetHints":{"allow":["GET"]}}],"collection":[{"href":"https:\/\/redaccionjuvenil.es\/index.php?rest_route=\/wp\/v2\/posts"}],"about":[{"href":"https:\/\/redaccionjuvenil.es\/index.php?rest_route=\/wp\/v2\/types\/post"}],"author":[{"embeddable":true,"href":"https:\/\/redaccionjuvenil.es\/index.php?rest_route=\/wp\/v2\/users\/5"}],"replies":[{"embeddable":true,"href":"https:\/\/redaccionjuvenil.es\/index.php?rest_route=%2Fwp%2Fv2%2Fcomments&post=942"}],"version-history":[{"count":1,"href":"https:\/\/redaccionjuvenil.es\/index.php?rest_route=\/wp\/v2\/posts\/942\/revisions"}],"predecessor-version":[{"id":944,"href":"https:\/\/redaccionjuvenil.es\/index.php?rest_route=\/wp\/v2\/posts\/942\/revisions\/944"}],"wp:featuredmedia":[{"embeddable":true,"href":"https:\/\/redaccionjuvenil.es\/index.php?rest_route=\/wp\/v2\/media\/943"}],"wp:attachment":[{"href":"https:\/\/redaccionjuvenil.es\/index.php?rest_route=%2Fwp%2Fv2%2Fmedia&parent=942"}],"wp:term":[{"taxonomy":"category","embeddable":true,"href":"https:\/\/redaccionjuvenil.es\/index.php?rest_route=%2Fwp%2Fv2%2Fcategories&post=942"},{"taxonomy":"post_tag","embeddable":true,"href":"https:\/\/redaccionjuvenil.es\/index.php?rest_route=%2Fwp%2Fv2%2Ftags&post=942"}],"curies":[{"name":"wp","href":"https:\/\/api.w.org\/{rel}","templated":true}]}}