{"id":946,"date":"2026-04-27T20:45:13","date_gmt":"2026-04-27T20:45:13","guid":{"rendered":"https:\/\/redaccionjuvenil.es\/?p=946"},"modified":"2026-04-27T20:45:15","modified_gmt":"2026-04-27T20:45:15","slug":"previa-de-la-marcha-asprona-su-historia-y-el-funcionamiento","status":"publish","type":"post","link":"https:\/\/redaccionjuvenil.es\/?p=946","title":{"rendered":"PREVIA DE\u00a0LA MARCHA\u00a0ASPRONA: SU HISTORIA Y EL FUNCIONAMIENTO.\u00a0"},"content":{"rendered":"\n<h4 class=\"wp-block-heading\">El 9 de mayo, el <a href=\"https:\/\/redaccionjuvenil.es\/?s=panorama+juvenil\">panorama juvenil<\/a> de Valladolid tendr\u00e1 la oportunidad de participar en una marcha solidaria y con cierta tradici\u00f3n como es la <a href=\"https:\/\/marchaasprona.es\/\">Marcha Asprona<\/a>.<\/h4>\n\n\n\n<p><strong>Valladolid tendr\u00e1 cierto sentimiento\u00a0de solidaridad<\/strong> la fecha\u00a0del 9 de\u00a0mayo. Y es que en la capital castellanoleonesa se celebra 49\u00aa edici\u00f3n de la Marcha Asprona.\u00a0<strong>Un acontecimiento con cierta relevancia que re\u00fane a una importante cantidad de\u00a0participantes<\/strong>\u00a0ya sea como voluntario o como parte de la marcha.\u00a0<\/p>\n\n\n\n<p>Con casi medio siglo a sus espaldas, <strong>la marcha\u00a0Asprona\u00a0se ha establecido como uno de los eventos solidarios\u00a0destacables dentro del plano social vallisoletano.<\/strong>\u00a0Asimismo,\u00a0<strong>tiene el honor de ser una de las marchas solidarias m\u00e1s antiguas del territorio espa\u00f1ol<\/strong>.\u00a0<\/p>\n\n\n\n<h3 class=\"wp-block-heading\">\u00bfCu\u00e1l ser\u00e1 el recorrido?<\/h3>\n\n\n\n<p>El recorrido que dar\u00e1 lugar en esta edici\u00f3n de la <strong>Marcha\u00a0Asprona\u00a0<\/strong>ocupar\u00e1 toda la ma\u00f1ana. <strong>Se empezar\u00e1 por la plaza del\u00a0Milenio a las 9:30<\/strong> horas de la ma\u00f1ana. A continuaci\u00f3n, <strong>tendr\u00e1 una parada en el medio en el parque de los Sentidos para luego finalizar el trayecto en la Facultad de Econ\u00f3micas<\/strong> de la Universidad de\u00a0Valladolid.\u00a0<\/p>\n\n\n\n<p>Despu\u00e9s de la propia marcha, <strong>a las 13:00 horas se celebrar\u00e1 un fin de fiesta\u00a0donde se contar\u00e1 con mercados artesanales, m\u00fasica en directo\u00a0adem\u00e1s de diversas actividades<\/strong>.\u00a0<\/p>\n\n\n\n<h3 class=\"wp-block-heading\">\u00bfCu\u00e1les son los objetivo de la Marcha Asprona?<\/h3>\n\n\n\n<p>Durante las diversas ediciones de la <strong>marcha\u00a0Asprona<\/strong>\u00a0ha habido diferentes objetivos y este a\u00f1o no va a ser menos.\u00a0<\/p>\n\n\n\n<p>Esta edici\u00f3n\u00a0e<strong>star\u00e1 destinado al objetivo de poder mejorar las l\u00edneas de transporte para su uso durante la vida cotidiana<\/strong>. Mientras,\u00a0<strong>el otro objetivo\u00a0que ser\u00e1 las reformas para un nuevo centro\u00a0del servicio de ocio.<\/strong> Con este objetivo, se buscan mejor\u00eda en la\u00a0vida social\u00a0y en el ocio.\u00a0\u00a0<\/p>\n\n\n\n<p>Para llegar a conseguirlo, <strong>se permitir\u00e1 la opci\u00f3n de que las personas puedan hacer donaciones<\/strong>. Esto <strong>se logra con unas tarjetas donde,\u00a0con una cantidad puesta de\u00a0kil\u00f3metros\u00a0realizados, vas aportando diner<\/strong>o con los kil\u00f3metros realizados. Es lo que hace bonito a este acontecimiento, participar y aportar dinero para ayudar a la gente.\u00a0<\/p>\n\n\n\n<p><\/p>\n\n\n\n<p>Como ven,<strong> la marcha\u00a0Asprona\u00a0no es solo una marcha para hacer deporte<\/strong>. <strong>Es una oportunidad que, con un simple gesto, puedes ayudar a bastante gente<\/strong>\u00a0y colaborar con acciones que mejore el panorama.<strong>\u00a0La marcha\u00a0Asprona\u00a0se ha establecido con casi 50 a\u00f1os de historia, como uno de los eventos solidarios <\/strong>punteros\u00a0de Valladolid en la actualidad.\u00a0<\/p>\n\n\n\n<p>Quedan d\u00edas para que se celebre el\u00a0acontecimiento,\u00a0pero <strong>nadie duda de que la Plaza del Milenio se colmar\u00e1 de bastante gente para contribuir a una causa solidaria que cada vez se est\u00e1 volviendo\u00a0m\u00e1s tradicional <\/strong>en los eventos dentro de la ciudad de Valladolid.\u00a0<\/p>\n","protected":false},"excerpt":{"rendered":"<p>El 9 de mayo, el panorama juvenil de Valladolid tendr\u00e1 la oportunidad de participar en una marcha solidaria y con cierta tradici\u00f3n como es la Marcha Asprona. Valladolid tendr\u00e1 cierto&#8230;<\/p>\n","protected":false},"author":12,"featured_media":947,"comment_status":"open","ping_status":"open","sticky":false,"template":"","format":"standard","meta":{"_kadence_starter_templates_imported_post":false,"footnotes":""},"categories":[1,2],"tags":[48,76,40,86],"class_list":["post-946","post","type-post","status-publish","format-standard","has-post-thumbnail","hentry","category-actualidad","category-noticias","tag-valladolid","tag-castilla-y-leon","tag-jovenes","tag-juventud-2"],"yoast_head":"<!-- This site is optimized with the Yoast SEO plugin v27.1.1 - https:\/\/yoast.com\/product\/yoast-seo-wordpress\/ -->\n<title>PREVIA DE\u00a0LA MARCHA\u00a0ASPRONA: SU HISTORIA Y EL FUNCIONAMIENTO.\u00a0 - RED-ACCI\u00d3N JUVENIL<\/title>\n<meta name=\"description\" content=\"El 9 de mayo el panorama juvenil de Valladolid tendr\u00e1 la oportunidad de participar en una marcha solidaria como es la Marcha Asprona.\" \/>\n<meta name=\"robots\" content=\"index, follow, max-snippet:-1, max-image-preview:large, max-video-preview:-1\" \/>\n<link rel=\"canonical\" href=\"https:\/\/redaccionjuvenil.es\/?p=946\" \/>\n<meta property=\"og:locale\" content=\"es_ES\" \/>\n<meta property=\"og:type\" content=\"article\" \/>\n<meta property=\"og:title\" content=\"PREVIA DE\u00a0LA MARCHA\u00a0ASPRONA: SU HISTORIA Y EL FUNCIONAMIENTO.\u00a0 - RED-ACCI\u00d3N JUVENIL\" \/>\n<meta property=\"og:description\" content=\"El 9 de mayo el panorama juvenil de Valladolid tendr\u00e1 la oportunidad de participar en una marcha solidaria como es la Marcha Asprona.\" \/>\n<meta property=\"og:url\" content=\"https:\/\/redaccionjuvenil.es\/?p=946\" \/>\n<meta property=\"og:site_name\" content=\"RED-ACCI\u00d3N JUVENIL\" \/>\n<meta property=\"article:published_time\" content=\"2026-04-27T20:45:13+00:00\" \/>\n<meta property=\"article:modified_time\" content=\"2026-04-27T20:45:15+00:00\" \/>\n<meta property=\"og:image\" content=\"https:\/\/redaccionjuvenil.es\/wp-content\/uploads\/2026\/04\/multitud-carretera.jpg\" \/>\n\t<meta property=\"og:image:width\" content=\"1000\" \/>\n\t<meta property=\"og:image:height\" content=\"562\" \/>\n\t<meta property=\"og:image:type\" content=\"image\/jpeg\" \/>\n<meta name=\"author\" content=\"Marcos Iglesias\" \/>\n<meta name=\"twitter:card\" content=\"summary_large_image\" \/>\n<meta name=\"twitter:label1\" content=\"Escrito por\" \/>\n\t<meta name=\"twitter:data1\" content=\"Marcos Iglesias\" \/>\n\t<meta name=\"twitter:label2\" content=\"Tiempo de lectura\" \/>\n\t<meta name=\"twitter:data2\" content=\"3 minutos\" \/>\n<script type=\"application\/ld+json\" class=\"yoast-schema-graph\">{\"@context\":\"https:\/\/schema.org\",\"@graph\":[{\"@type\":\"Article\",\"@id\":\"https:\/\/redaccionjuvenil.es\/?p=946#article\",\"isPartOf\":{\"@id\":\"https:\/\/redaccionjuvenil.es\/?p=946\"},\"author\":{\"name\":\"Marcos Iglesias\",\"@id\":\"https:\/\/redaccionjuvenil.es\/#\/schema\/person\/79cc90792a511abda532fdd7a20683c3\"},\"headline\":\"PREVIA DE\u00a0LA MARCHA\u00a0ASPRONA: SU HISTORIA Y EL FUNCIONAMIENTO.\u00a0\",\"datePublished\":\"2026-04-27T20:45:13+00:00\",\"dateModified\":\"2026-04-27T20:45:15+00:00\",\"mainEntityOfPage\":{\"@id\":\"https:\/\/redaccionjuvenil.es\/?p=946\"},\"wordCount\":472,\"commentCount\":0,\"publisher\":{\"@id\":\"https:\/\/redaccionjuvenil.es\/#organization\"},\"image\":{\"@id\":\"https:\/\/redaccionjuvenil.es\/?p=946#primaryimage\"},\"thumbnailUrl\":\"https:\/\/redaccionjuvenil.es\/wp-content\/uploads\/2026\/04\/multitud-carretera.jpg\",\"keywords\":[\"#valladolid\",\"castilla y le\u00f3n\",\"J\u00f3venes\",\"Juventud\"],\"articleSection\":[\"Actualidad\",\"Noticias\"],\"inLanguage\":\"es\",\"potentialAction\":[{\"@type\":\"CommentAction\",\"name\":\"Comment\",\"target\":[\"https:\/\/redaccionjuvenil.es\/?p=946#respond\"]}]},{\"@type\":\"WebPage\",\"@id\":\"https:\/\/redaccionjuvenil.es\/?p=946\",\"url\":\"https:\/\/redaccionjuvenil.es\/?p=946\",\"name\":\"PREVIA DE\u00a0LA MARCHA\u00a0ASPRONA: SU HISTORIA Y EL FUNCIONAMIENTO.\u00a0 - RED-ACCI\u00d3N JUVENIL\",\"isPartOf\":{\"@id\":\"https:\/\/redaccionjuvenil.es\/#website\"},\"primaryImageOfPage\":{\"@id\":\"https:\/\/redaccionjuvenil.es\/?p=946#primaryimage\"},\"image\":{\"@id\":\"https:\/\/redaccionjuvenil.es\/?p=946#primaryimage\"},\"thumbnailUrl\":\"https:\/\/redaccionjuvenil.es\/wp-content\/uploads\/2026\/04\/multitud-carretera.jpg\",\"datePublished\":\"2026-04-27T20:45:13+00:00\",\"dateModified\":\"2026-04-27T20:45:15+00:00\",\"description\":\"El 9 de mayo el panorama juvenil de Valladolid tendr\u00e1 la oportunidad de participar en una marcha solidaria como es la Marcha Asprona.\",\"breadcrumb\":{\"@id\":\"https:\/\/redaccionjuvenil.es\/?p=946#breadcrumb\"},\"inLanguage\":\"es\",\"potentialAction\":[{\"@type\":\"ReadAction\",\"target\":[\"https:\/\/redaccionjuvenil.es\/?p=946\"]}]},{\"@type\":\"ImageObject\",\"inLanguage\":\"es\",\"@id\":\"https:\/\/redaccionjuvenil.es\/?p=946#primaryimage\",\"url\":\"https:\/\/redaccionjuvenil.es\/wp-content\/uploads\/2026\/04\/multitud-carretera.jpg\",\"contentUrl\":\"https:\/\/redaccionjuvenil.es\/wp-content\/uploads\/2026\/04\/multitud-carretera.jpg\",\"width\":1000,\"height\":562,\"caption\":\"Participantes de la Marcha Asprona realizan el trayecto del evento. Fuente: Web oficial de la Marcha Asprona.\"},{\"@type\":\"BreadcrumbList\",\"@id\":\"https:\/\/redaccionjuvenil.es\/?p=946#breadcrumb\",\"itemListElement\":[{\"@type\":\"ListItem\",\"position\":1,\"name\":\"Portada\",\"item\":\"https:\/\/redaccionjuvenil.es\/\"},{\"@type\":\"ListItem\",\"position\":2,\"name\":\"PREVIA DE\u00a0LA MARCHA\u00a0ASPRONA: SU HISTORIA Y EL FUNCIONAMIENTO.\u00a0\"}]},{\"@type\":\"WebSite\",\"@id\":\"https:\/\/redaccionjuvenil.es\/#website\",\"url\":\"https:\/\/redaccionjuvenil.es\/\",\"name\":\"RED-ACCI\u00d3N JUVENIL\",\"description\":\"DONDE LA JUVENTUD INFORMA Y TRANSFORMA\",\"publisher\":{\"@id\":\"https:\/\/redaccionjuvenil.es\/#organization\"},\"potentialAction\":[{\"@type\":\"SearchAction\",\"target\":{\"@type\":\"EntryPoint\",\"urlTemplate\":\"https:\/\/redaccionjuvenil.es\/?s={search_term_string}\"},\"query-input\":{\"@type\":\"PropertyValueSpecification\",\"valueRequired\":true,\"valueName\":\"search_term_string\"}}],\"inLanguage\":\"es\"},{\"@type\":\"Organization\",\"@id\":\"https:\/\/redaccionjuvenil.es\/#organization\",\"name\":\"RED-ACCI\u00d3N JUVENIL\",\"url\":\"https:\/\/redaccionjuvenil.es\/\",\"logo\":{\"@type\":\"ImageObject\",\"inLanguage\":\"es\",\"@id\":\"https:\/\/redaccionjuvenil.es\/#\/schema\/logo\/image\/\",\"url\":\"https:\/\/redaccionjuvenil.es\/wp-content\/uploads\/2026\/03\/cropped-cropped-logo_redaccion_juvenil_primer_propuesta-1.png\",\"contentUrl\":\"https:\/\/redaccionjuvenil.es\/wp-content\/uploads\/2026\/03\/cropped-cropped-logo_redaccion_juvenil_primer_propuesta-1.png\",\"width\":723,\"height\":723,\"caption\":\"RED-ACCI\u00d3N JUVENIL\"},\"image\":{\"@id\":\"https:\/\/redaccionjuvenil.es\/#\/schema\/logo\/image\/\"}},{\"@type\":\"Person\",\"@id\":\"https:\/\/redaccionjuvenil.es\/#\/schema\/person\/79cc90792a511abda532fdd7a20683c3\",\"name\":\"Marcos Iglesias\",\"image\":{\"@type\":\"ImageObject\",\"inLanguage\":\"es\",\"@id\":\"https:\/\/redaccionjuvenil.es\/#\/schema\/person\/image\/\",\"url\":\"https:\/\/secure.gravatar.com\/avatar\/ec6a5ebb2cb929fc1210aea68f7a9ed1e274fe12ab45f026545ec363d6394af0?s=96&d=mm&r=g\",\"contentUrl\":\"https:\/\/secure.gravatar.com\/avatar\/ec6a5ebb2cb929fc1210aea68f7a9ed1e274fe12ab45f026545ec363d6394af0?s=96&d=mm&r=g\",\"caption\":\"Marcos Iglesias\"},\"url\":\"https:\/\/redaccionjuvenil.es\/?author=12\"}]}<\/script>\n<!-- \/ Yoast SEO plugin. -->","yoast_head_json":{"title":"PREVIA DE\u00a0LA MARCHA\u00a0ASPRONA: SU HISTORIA Y EL FUNCIONAMIENTO.\u00a0 - RED-ACCI\u00d3N JUVENIL","description":"El 9 de mayo el panorama juvenil de Valladolid tendr\u00e1 la oportunidad de participar en una marcha solidaria como es la Marcha Asprona.","robots":{"index":"index","follow":"follow","max-snippet":"max-snippet:-1","max-image-preview":"max-image-preview:large","max-video-preview":"max-video-preview:-1"},"canonical":"https:\/\/redaccionjuvenil.es\/?p=946","og_locale":"es_ES","og_type":"article","og_title":"PREVIA DE\u00a0LA MARCHA\u00a0ASPRONA: SU HISTORIA Y EL FUNCIONAMIENTO.\u00a0 - RED-ACCI\u00d3N JUVENIL","og_description":"El 9 de mayo el panorama juvenil de Valladolid tendr\u00e1 la oportunidad de participar en una marcha solidaria como es la Marcha Asprona.","og_url":"https:\/\/redaccionjuvenil.es\/?p=946","og_site_name":"RED-ACCI\u00d3N JUVENIL","article_published_time":"2026-04-27T20:45:13+00:00","article_modified_time":"2026-04-27T20:45:15+00:00","og_image":[{"width":1000,"height":562,"url":"https:\/\/redaccionjuvenil.es\/wp-content\/uploads\/2026\/04\/multitud-carretera.jpg","type":"image\/jpeg"}],"author":"Marcos Iglesias","twitter_card":"summary_large_image","twitter_misc":{"Escrito por":"Marcos Iglesias","Tiempo de lectura":"3 minutos"},"schema":{"@context":"https:\/\/schema.org","@graph":[{"@type":"Article","@id":"https:\/\/redaccionjuvenil.es\/?p=946#article","isPartOf":{"@id":"https:\/\/redaccionjuvenil.es\/?p=946"},"author":{"name":"Marcos Iglesias","@id":"https:\/\/redaccionjuvenil.es\/#\/schema\/person\/79cc90792a511abda532fdd7a20683c3"},"headline":"PREVIA DE\u00a0LA MARCHA\u00a0ASPRONA: SU HISTORIA Y EL FUNCIONAMIENTO.\u00a0","datePublished":"2026-04-27T20:45:13+00:00","dateModified":"2026-04-27T20:45:15+00:00","mainEntityOfPage":{"@id":"https:\/\/redaccionjuvenil.es\/?p=946"},"wordCount":472,"commentCount":0,"publisher":{"@id":"https:\/\/redaccionjuvenil.es\/#organization"},"image":{"@id":"https:\/\/redaccionjuvenil.es\/?p=946#primaryimage"},"thumbnailUrl":"https:\/\/redaccionjuvenil.es\/wp-content\/uploads\/2026\/04\/multitud-carretera.jpg","keywords":["#valladolid","castilla y le\u00f3n","J\u00f3venes","Juventud"],"articleSection":["Actualidad","Noticias"],"inLanguage":"es","potentialAction":[{"@type":"CommentAction","name":"Comment","target":["https:\/\/redaccionjuvenil.es\/?p=946#respond"]}]},{"@type":"WebPage","@id":"https:\/\/redaccionjuvenil.es\/?p=946","url":"https:\/\/redaccionjuvenil.es\/?p=946","name":"PREVIA DE\u00a0LA MARCHA\u00a0ASPRONA: SU HISTORIA Y EL FUNCIONAMIENTO.\u00a0 - RED-ACCI\u00d3N JUVENIL","isPartOf":{"@id":"https:\/\/redaccionjuvenil.es\/#website"},"primaryImageOfPage":{"@id":"https:\/\/redaccionjuvenil.es\/?p=946#primaryimage"},"image":{"@id":"https:\/\/redaccionjuvenil.es\/?p=946#primaryimage"},"thumbnailUrl":"https:\/\/redaccionjuvenil.es\/wp-content\/uploads\/2026\/04\/multitud-carretera.jpg","datePublished":"2026-04-27T20:45:13+00:00","dateModified":"2026-04-27T20:45:15+00:00","description":"El 9 de mayo el panorama juvenil de Valladolid tendr\u00e1 la oportunidad de participar en una marcha solidaria como es la Marcha Asprona.","breadcrumb":{"@id":"https:\/\/redaccionjuvenil.es\/?p=946#breadcrumb"},"inLanguage":"es","potentialAction":[{"@type":"ReadAction","target":["https:\/\/redaccionjuvenil.es\/?p=946"]}]},{"@type":"ImageObject","inLanguage":"es","@id":"https:\/\/redaccionjuvenil.es\/?p=946#primaryimage","url":"https:\/\/redaccionjuvenil.es\/wp-content\/uploads\/2026\/04\/multitud-carretera.jpg","contentUrl":"https:\/\/redaccionjuvenil.es\/wp-content\/uploads\/2026\/04\/multitud-carretera.jpg","width":1000,"height":562,"caption":"Participantes de la Marcha Asprona realizan el trayecto del evento. Fuente: Web oficial de la Marcha Asprona."},{"@type":"BreadcrumbList","@id":"https:\/\/redaccionjuvenil.es\/?p=946#breadcrumb","itemListElement":[{"@type":"ListItem","position":1,"name":"Portada","item":"https:\/\/redaccionjuvenil.es\/"},{"@type":"ListItem","position":2,"name":"PREVIA DE\u00a0LA MARCHA\u00a0ASPRONA: SU HISTORIA Y EL FUNCIONAMIENTO.\u00a0"}]},{"@type":"WebSite","@id":"https:\/\/redaccionjuvenil.es\/#website","url":"https:\/\/redaccionjuvenil.es\/","name":"RED-ACCI\u00d3N JUVENIL","description":"DONDE LA JUVENTUD INFORMA Y TRANSFORMA","publisher":{"@id":"https:\/\/redaccionjuvenil.es\/#organization"},"potentialAction":[{"@type":"SearchAction","target":{"@type":"EntryPoint","urlTemplate":"https:\/\/redaccionjuvenil.es\/?s={search_term_string}"},"query-input":{"@type":"PropertyValueSpecification","valueRequired":true,"valueName":"search_term_string"}}],"inLanguage":"es"},{"@type":"Organization","@id":"https:\/\/redaccionjuvenil.es\/#organization","name":"RED-ACCI\u00d3N JUVENIL","url":"https:\/\/redaccionjuvenil.es\/","logo":{"@type":"ImageObject","inLanguage":"es","@id":"https:\/\/redaccionjuvenil.es\/#\/schema\/logo\/image\/","url":"https:\/\/redaccionjuvenil.es\/wp-content\/uploads\/2026\/03\/cropped-cropped-logo_redaccion_juvenil_primer_propuesta-1.png","contentUrl":"https:\/\/redaccionjuvenil.es\/wp-content\/uploads\/2026\/03\/cropped-cropped-logo_redaccion_juvenil_primer_propuesta-1.png","width":723,"height":723,"caption":"RED-ACCI\u00d3N JUVENIL"},"image":{"@id":"https:\/\/redaccionjuvenil.es\/#\/schema\/logo\/image\/"}},{"@type":"Person","@id":"https:\/\/redaccionjuvenil.es\/#\/schema\/person\/79cc90792a511abda532fdd7a20683c3","name":"Marcos Iglesias","image":{"@type":"ImageObject","inLanguage":"es","@id":"https:\/\/redaccionjuvenil.es\/#\/schema\/person\/image\/","url":"https:\/\/secure.gravatar.com\/avatar\/ec6a5ebb2cb929fc1210aea68f7a9ed1e274fe12ab45f026545ec363d6394af0?s=96&d=mm&r=g","contentUrl":"https:\/\/secure.gravatar.com\/avatar\/ec6a5ebb2cb929fc1210aea68f7a9ed1e274fe12ab45f026545ec363d6394af0?s=96&d=mm&r=g","caption":"Marcos Iglesias"},"url":"https:\/\/redaccionjuvenil.es\/?author=12"}]}},"_links":{"self":[{"href":"https:\/\/redaccionjuvenil.es\/index.php?rest_route=\/wp\/v2\/posts\/946","targetHints":{"allow":["GET"]}}],"collection":[{"href":"https:\/\/redaccionjuvenil.es\/index.php?rest_route=\/wp\/v2\/posts"}],"about":[{"href":"https:\/\/redaccionjuvenil.es\/index.php?rest_route=\/wp\/v2\/types\/post"}],"author":[{"embeddable":true,"href":"https:\/\/redaccionjuvenil.es\/index.php?rest_route=\/wp\/v2\/users\/12"}],"replies":[{"embeddable":true,"href":"https:\/\/redaccionjuvenil.es\/index.php?rest_route=%2Fwp%2Fv2%2Fcomments&post=946"}],"version-history":[{"count":2,"href":"https:\/\/redaccionjuvenil.es\/index.php?rest_route=\/wp\/v2\/posts\/946\/revisions"}],"predecessor-version":[{"id":949,"href":"https:\/\/redaccionjuvenil.es\/index.php?rest_route=\/wp\/v2\/posts\/946\/revisions\/949"}],"wp:featuredmedia":[{"embeddable":true,"href":"https:\/\/redaccionjuvenil.es\/index.php?rest_route=\/wp\/v2\/media\/947"}],"wp:attachment":[{"href":"https:\/\/redaccionjuvenil.es\/index.php?rest_route=%2Fwp%2Fv2%2Fmedia&parent=946"}],"wp:term":[{"taxonomy":"category","embeddable":true,"href":"https:\/\/redaccionjuvenil.es\/index.php?rest_route=%2Fwp%2Fv2%2Fcategories&post=946"},{"taxonomy":"post_tag","embeddable":true,"href":"https:\/\/redaccionjuvenil.es\/index.php?rest_route=%2Fwp%2Fv2%2Ftags&post=946"}],"curies":[{"name":"wp","href":"https:\/\/api.w.org\/{rel}","templated":true}]}}