{"id":951,"date":"2026-04-29T14:10:54","date_gmt":"2026-04-29T14:10:54","guid":{"rendered":"https:\/\/redaccionjuvenil.es\/?p=951"},"modified":"2026-04-29T14:10:56","modified_gmt":"2026-04-29T14:10:56","slug":"usera-un-perro-para-guiar-una-vida","status":"publish","type":"post","link":"https:\/\/redaccionjuvenil.es\/?p=951","title":{"rendered":"Usera, un perro para guiar una vida"},"content":{"rendered":"\n<p>No es de com\u00fan conocimiento saber que hoy, 29 de abril,<strong> se celebra el d\u00eda internacional del perro gu\u00eda<\/strong>. Para conocer un poco m\u00e1s sobre ellos, cu\u00e1l es su labor, como se les entrena\u2026 <strong>Alejandro Centeno<\/strong>, un joven ciego que hace uso de este servicio, cuenta su experiencia y su d\u00eda a d\u00eda. Pero primero, lo importante, su compa\u00f1era:<\/p>\n\n\n\n<h4 class=\"wp-block-heading\">P: \u00bfC\u00f3mo se llama tu perro gu\u00eda?<\/h4>\n\n\n\n<p><strong>R<\/strong>: Es una perrita de seis a\u00f1os, llevo con ella poco.<strong> Se llama Usera<\/strong>, como el barrio de Madrid.<\/p>\n\n\n\n<h4 class=\"wp-block-heading\">P: \u00bfEl nombre te lo dan desde la asociaci\u00f3n o lo eleg\u00eds vosotros?<\/h4>\n\n\n\n<p><strong>R<\/strong>: No, no, <strong>por adiestrarle el nombre lo ponen ellos. Para facilitar el adiestramiento<\/strong>. De hecho, \u00faltimamente ha estado habiendo unos nombrecitos que tela. A alg\u00fan compa\u00f1ero le han entregado a alg\u00fan perro llamado Cuota. Aunque tambi\u00e9n hace poco entregaron a un perro con un nombre que me encanta, Mufasa, nombrazo.<\/p>\n\n\n\n<hr class=\"wp-block-separator has-alpha-channel-opacity\" \/>\n\n\n\n<p><em>Una vez presentada Usera, era importante conocer todo lo que la rodea, las ayudas, los tr\u00e1mites, sus cuidados, su a\u00f1os laborales\u2026<\/em><\/p>\n\n\n<div class=\"wp-block-image\">\n<figure class=\"aligncenter size-large\"><img loading=\"lazy\" decoding=\"async\" width=\"1200\" height=\"800\" src=\"https:\/\/redaccionjuvenil.es\/wp-content\/uploads\/2026\/04\/WhatsApp-Image-2026-04-27-at-17.22.13-1-2-edited.jpeg\" alt=\"Usera con el arn\u00e9s y la correa al lado de una puerta mirando pr\u00e1cticamente a c\u00e1mara. En el arn\u00e9s se ve el logo de Fundaci\u00f3n ONCE en el lateral derecho de Usera.\" class=\"wp-image-959\" srcset=\"https:\/\/redaccionjuvenil.es\/wp-content\/uploads\/2026\/04\/WhatsApp-Image-2026-04-27-at-17.22.13-1-2-edited.jpeg 1200w, https:\/\/redaccionjuvenil.es\/wp-content\/uploads\/2026\/04\/WhatsApp-Image-2026-04-27-at-17.22.13-1-2-edited-300x200.jpeg 300w, https:\/\/redaccionjuvenil.es\/wp-content\/uploads\/2026\/04\/WhatsApp-Image-2026-04-27-at-17.22.13-1-2-edited-1024x683.jpeg 1024w, https:\/\/redaccionjuvenil.es\/wp-content\/uploads\/2026\/04\/WhatsApp-Image-2026-04-27-at-17.22.13-1-2-edited-768x512.jpeg 768w, https:\/\/redaccionjuvenil.es\/wp-content\/uploads\/2026\/04\/WhatsApp-Image-2026-04-27-at-17.22.13-1-2-edited-600x400.jpeg 600w\" sizes=\"auto, (max-width: 1200px) 100vw, 1200px\" \/><figcaption class=\"wp-element-caption\"><em>Usera en casa. Foto cedida por Alejandro Centeno.<\/em><\/figcaption><\/figure>\n<\/div>\n\n\n<h4 class=\"wp-block-heading\">P: \u00bfQu\u00e9 ayudas te da tu perro gu\u00eda que no son visibles para aquellos que no lo tienen o nunca lo han tenido?<\/h4>\n\n\n\n<p><strong>R:<\/strong> A ver, el perro gu\u00eda da muchas ayudas que no son visibles. Todo parte del conocimiento que la gente tiene del perro gu\u00eda. <strong>Mucha gente piensa que es un GPS<\/strong>. A m\u00ed llegaron un d\u00eda a preguntarme si cambiaba de perro a cada ciudad a la que iba para que el perro se supiera la ciudad. Entonces, claro, hay mucho desconocimiento.<\/p>\n\n\n\n<h4 class=\"wp-block-heading\">P: \u00bfEn qu\u00e9 te ayuda un perro gu\u00eda?<\/h4>\n\n\n\n<p><strong>R<\/strong>: Principalmente el perro gu\u00eda te ayuda <strong>a desplazarte esquivando los obst\u00e1culos<\/strong>. El perro no conoce d\u00f3nde va. Por eso es como una sinergia siempre el trabajo con un perro gu\u00eda. La que menos se ve quiz\u00e1s sea una orden que tienen de seguimiento.<\/p>\n\n\n\n<p>Si t\u00fa vas delante de m\u00ed y yo le digo a mi perra \u00absigue\u00bb, te va a seguir. Y si t\u00fa te giras, ella se gira. <strong>Ella me orienta siempre detr\u00e1s de tus pasos<\/strong>, en ese sentido. Quiz\u00e1s sea la que menos se vea porque no se usa tanto o se usa m\u00e1s de forma encubierta. Y la otra que, por ejemplo, es muy interesante y es la que tampoco se entiende o se ve, ser\u00edan las dos funciones principales, te dir\u00eda yo, que se encuentran m\u00e1s ocultas. Es lo que llaman <strong>la desobediencia inteligente<\/strong>.<\/p>\n\n\n\n<p>El perro est\u00e1 entrenado para la toma de decisiones. Para <strong>tomar decisiones en entornos complejo<\/strong>s, como es el tema para una persona ciega, moverse por la calle es complicado. Entonces, la desobediencia inteligente es que, por ejemplo, en un cruce estoy esperando para cruzar un paso de peatones de estos que no tiene sem\u00e1foro. <strong>Si yo le digo, avanza, pero ella ve que viene un coche, ella me va a desobedecer<\/strong>.<\/p>\n\n\n\n<p>Est\u00e1 contraviniendo, <strong>obviando mi orden en favor de la prevalencia del equipo<\/strong>. Esto se ense\u00f1a aprovechando el instinto de protecci\u00f3n del perro, cuando se consigue el perro est\u00e1 pr\u00e1cticamente preparado para salir a guiar.<\/p>\n\n\n\n<p>Cuando a nosotros nos entregan el perro, todos los chequeos y todos los aprendizajes que ha tenido el perro durante su etapa de instrucci\u00f3n se van chequeando. Tolerancia a ruidos, tolerancia al trabajo de bordillos, giros izquierda-derecha, trabajo en zonas con muchas aglomeraciones y dentro de eso est\u00e1 tambi\u00e9n Metro, porque es en Madrid. Metro, cercan\u00edas, etc\u00e9tera. O sea, es como que tienen una lista de todo lo que se ha ido haciendo. Eso es lo que viene siendo un curso, m\u00e1s o menos.<\/p>\n\n\n\n<h4 class=\"wp-block-heading\">P: \u00bfY qu\u00e9 tr\u00e1mites tuviste que hacer para solicitar a tu perro gu\u00eda o qu\u00e9 proceso se tiene que llevar en cualquier caso?<\/h4>\n\n\n\n<p><strong>R<\/strong>: Por la visi\u00f3n del perro, b\u00e1sicamente, <strong>el perro tiene que pasar por una serie de pruebas, tanto veterinarias como t\u00e9cnicas y temperamentales<\/strong>, en t\u00e9rminos etol\u00f3gicos, en t\u00e9rminos del comportamiento, principalmente, que se le hace cada equis tiempo en la <a href=\"https:\/\/www.fundaciononce.es\/es\" target=\"_blank\" rel=\"noreferrer noopener\">Fundaci\u00f3n<\/a>, durante su etapa de formaci\u00f3n, socializaci\u00f3n, instrucci\u00f3n, etc.<\/p>\n\n\n\n<p>Por nuestra parte, como usuarios, <strong>tenemos que ir a la ONCE, cuando somos afiliados no nos cuesta nada<\/strong>. El perro no cuesta (al usuario), el coste del perro aproximado es de 31.000 euros (a la ONCE), como alg\u00fan coche. Hablamos con alguno de los t\u00e9cnicos, principalmente el t\u00e9cnico que se encarga del tema de movilidad, que es el que llaman t\u00e9cnico de rehabilitaci\u00f3n. Y le dices: \u201coye, mira, pues estoy planteando pedir perro gu\u00eda\u201d. <strong>Ah\u00ed haces la solicitud de perro<\/strong>.<\/p>\n\n\n\n<p>Cuando se tramite la solicitud de perro, t\u00fa <strong>tienes que pasar por cuatro partes<\/strong>. El <strong>informe psicol\u00f3gico<\/strong>, en el que se eval\u00faa la capacidad que tienes de gesti\u00f3n de frustraci\u00f3n, b\u00e1sicamente tu estado psicol\u00f3gico. Tanto emocional, de capacidad y comprensi\u00f3n, conversi\u00f3n de \u00f3rdenes, flexibilidad a nivel mental, etc. Luego tienes el <strong>informe del trabajador social<\/strong>, que eval\u00faa las condiciones en las que va a vivir el perro y las que tienes t\u00fa para mantenerlo.<\/p>\n\n\n\n<p><strong>Uno m\u00e9dico<\/strong>, para evaluar todo lo que es tu situaci\u00f3n de movilidad, capacidad visual, capacidad sobre todo auditiva y te hacen audiometr\u00eda tambi\u00e9n. <strong>Y el informe, que es el m\u00e1s importante, el de movilidad<\/strong>, que es el que hace el t\u00e9cnico de rehabilitaci\u00f3n, en el que ah\u00ed b\u00e1sicamente observan a qu\u00e9 velocidad caminas, qu\u00e9 tal caminas con bast\u00f3n, qu\u00e9 tal haces los recorridos, la discriminaci\u00f3n de texturas a nivel de suelo, la discriminaci\u00f3n de ruidos en t\u00e9rminos de audici\u00f3n (cambios en el entorno a nivel auditivo como garajes, puertas\u2026).<\/p>\n\n\n\n<p>A partir de ah\u00ed, <strong>se eval\u00faan esos expedientes y a la persona le llega una carta de si es apto o no. Si no es apto, se descarta<\/strong>.<\/p>\n\n\n\n<h4 class=\"wp-block-heading\">P: Entonces, Alejandro, despu\u00e9s de contarnos todo esto que es muy tedioso, \u00bfm\u00e1s o menos cu\u00e1nto suele tardar desde que una persona toma la decisi\u00f3n de que quiere un perro gu\u00eda hasta que le aceptan?<\/h4>\n\n\n\n<p><strong>R<\/strong>: Hay dos tiempos. El primer tiempo, que es desde que se solicita hasta que se terminan de pasar los cuatro reportes. Yo trabajo en la ONCE, <strong>yo me encargo de hacer el psicol\u00f3gico<\/strong>. Entonces, cuando a m\u00ed me llega el documento de tener que hacer un reporte psicol\u00f3gico para un usuario o un futuro usuario, <strong>tengo un plazo de diez d\u00edas para emitir ese dictamen<\/strong>.<\/p>\n\n\n\n<p>En esos diez d\u00edas tienes que valorar todo lo que nos han contado de la persona, de los aspectos psicol\u00f3gicos. Yo y el resto de t\u00e9cnicos. <strong>Los cuatro tenemos un plazo de diez d\u00edas para enviar el expediente<\/strong>. De ah\u00ed se resolver\u00e1 en el tiempo que sea, <strong>de normal suele ser tres semanas<\/strong>, un poquito m\u00e1s, para emitir el apto. Y en el momento en el que tienes el apto, te llega la carta de que eres apto para perro gu\u00eda.<\/p>\n\n\n\n<p>Si es <strong>tu primer perro esperas una media de cuatro a seis a\u00f1os<\/strong>, es mucho porque hay mucha lista. Generalmente suele ser cuatro a\u00f1os y a mayores se pueden dar condicionantes que aten\u00faan como por ejemplo si eres joven, activo, universidad, trabajas, etc.<\/p>\n\n\n\n<p>Si <strong>eres renovador<\/strong>, es decir, que has tenido varios perros, <strong>tienes un plazo de dos a\u00f1os para solicitar uno con tiempo reducido<\/strong>. Y ese tiempo de renovaci\u00f3n de normal desde que tu no tienes perro, cuando yo vuelvo a recibir el apto (hay que recibirlo siempre), lo suelen dar en <strong>una media de a\u00f1o o a\u00f1o y medio<\/strong>.<\/p>\n\n\n\n<h4 class=\"wp-block-heading\">P: \u00bfY ten\u00e9is que estar de acuerdo los cuatro para dar el apto a cualquier persona?\u00a0<\/h4>\n\n\n\n<p><strong>R<\/strong>: S\u00ed. Es una <strong>decisi\u00f3n un\u00e1nime<\/strong>.<\/p>\n\n\n\n<h4 class=\"wp-block-heading\">P: \u00bfTen\u00e9is que deliberar todos?\u00a0<\/h4>\n\n\n\n<p><strong>R<\/strong>: No, <strong>no se deliberan todos<\/strong>. Cada uno lo hace por su cuenta. Nos reunimos para evaluar o para valorar.<\/p>\n\n\n\n<h4 class=\"wp-block-heading\">P: \u00bfY si el m\u00e9dico dice que es apto, pero t\u00fa, psicol\u00f3gicamente, dices que no es apto, esa persona ya no podr\u00eda recibir perro?<\/h4>\n\n\n\n<p><strong>R<\/strong>: Exacto. Si mi informe es s\u00f3lido, l\u00f3gico y consecuente y est\u00e1 bien argumentado, <strong>esa persona no recibe perro<\/strong>. Obviamente hay unos con mucho m\u00e1s peso. Se supone que todos los tienen peso por igual, pero es cierto que dan mucho <strong>m\u00e1s \u00e9nfasis al del trabajador social<\/strong>.<\/p>\n\n\n\n<p>Claro, lo psicol\u00f3gico puede trabajarse. Obviamente, si es algo serio, no. Por ejemplo, te pongo un caso. Cuando yo trabajaba en Barcelona, se le entreg\u00f3 a un perro a <strong>una persona con agorafobia<\/strong>.<\/p>\n\n\n\n<p><strong>Muchas veces el tiempo que tenemos es de una hora, hora y poco para valorar<\/strong>. Obviamente hay cosas que se van a colar. Pero yo creo, tanto como usuario como psic\u00f3logo, que esa persona no deber\u00eda tener perro. Porque <strong>es una persona que no va a salir a la calle<\/strong>, que va a tener dificultades cada vez que salga.<\/p>\n\n\n\n<p>El peso que se le va a dar principalmente es al informe del trabajador social para valorar <strong>en qu\u00e9 condiciones va a estar el perro y c\u00f3mo va a vivir el perro<\/strong>. Y el de movilidad, en mi opini\u00f3n, son los m\u00e1s importantes.<\/p>\n\n\n\n<h4 class=\"wp-block-heading\">P: \u00bfTienen alg\u00fan cuidado especial o hay algunas pautas que les dais o que se da a las personas con perro gu\u00eda?<\/h4>\n\n\n\n<p><strong>R<\/strong>: Cuando tenemos un perro a nosotros <strong>nos mandan un curso de dos semanas<\/strong>. Aqu\u00ed en Espa\u00f1a. Si es de una de las escuelas con convenio, que suele ser Estados Unidos, son tres semanas aproximadamente. Durante ese tiempo, es el que t\u00fa tienes para formarte y hacer v\u00ednculo con tu perro.<\/p>\n\n\n\n<h4 class=\"wp-block-heading\">P: \u00bfC\u00f3mo se produce la asignaci\u00f3n de perro usuario?<\/h4>\n\n\n\n<p><strong>R<\/strong>: Ellos valoran todos mis informes, lo miran, valoran a la persona. <strong>Alguna vez la entrevistan para conocerla un poco. Especialmente si es el primer perro<\/strong>. Y en base a eso y a tu forma de ser y a c\u00f3mo ellos conocen a los perros, dicen: \u201c<strong>Esto es como los cromos. Este va con este<\/strong>. Como jugar las parejas. Este usuario pega con este perro y con este otro. Con este perro A y con este perro B\u201d. Entonces, obviamente, tienen esos dos planes.<\/p>\n\n\n\n<p>Las pautas que a nosotros nos dan nos las ense\u00f1an los cursos. <strong>Es ese el tiempo que tenemos para hacer v\u00ednculo con el perro<\/strong>. Para que el perro se empiece a habituar a nosotros, a nuestra forma de trabajar, a nuestra forma de movernos.<\/p>\n\n\n\n<p>Porque, claro, no es lo mismo mis dimensiones que las del instructor. Entonces, las pautas de cuidados en t\u00e9rminos especiales son <strong>sostener la obediencia y trabajarla de vez en cuando<\/strong>.<\/p>\n\n\n\n<p>Obviamente, s\u00ed que nos remarcan mucho que tienen que tener un <strong>cuidado especial en t\u00e9rminos de higiene<\/strong>, porque van a entrar en todos los sitios. <strong>Cuidar la educaci\u00f3n, cuidar la alimentaci\u00f3n<\/strong>&#8230; No podemos andar y coger y decir toma un cacho de jam\u00f3n. Porque esas son conductas que han sido adiestradas durante mucho tiempo de forma seria y exigente y ese adiestramiento hay que mantenerlo para evitar que aparezcan problemas.<\/p>\n\n\n\n<p>Los perros no son infalibles. Alguna vez fallan, obviamente. Pero, al final es eso, <strong>hacer v\u00ednculo es lo m\u00e1s importante<\/strong>.<\/p>\n\n\n\n<h4 class=\"wp-block-heading\">P: \u00bfCu\u00e1ntos a\u00f1os pueden estar los perros ya en activo? \u00bfHay un tiempo m\u00e1ximo o cuando llegan a cierta edad es recomendable que ya no lo sigan haciendo?<\/h4>\n\n\n\n<p><strong>R<\/strong>: Depende. Siempre se puede acortar ese tiempo. A m\u00ed, por ejemplo me ha pasado. Yo he tenido tres perros. Uno me dur\u00f3 seis meses por un problema que no se le hab\u00eda detectado y se jubil\u00f3 y posteriormente se le dio en adopci\u00f3n. Tuve otro que empez\u00f3 con epilepsia y ese se lo dej\u00e9 a una familia cercana para poderlo seguir viendo.<\/p>\n\n\n\n<p><strong>El perro tiene una media de duraci\u00f3n de ocho a diez a\u00f1os<\/strong>. Tanto se puede alargar como acortar. Si el perro ves que tiene once a\u00f1os y est\u00e1 sano, va tirando, no tiene ning\u00fan problema y gu\u00eda bien, <strong>puede seguir trabajando<\/strong>. Obviamente,<strong> yo s\u00ed quiero darle un descanso, creo que es necesario<\/strong>. Yo m\u00e1s o menos tengo esa estimaci\u00f3n de ocho a diez a\u00f1os de ejercicio. Es decir, si nos los entregan con dos a\u00f1os, ponte que <strong>desde los nueve hasta los doce ya puedes empezar a pensar en renovarla<\/strong>.<\/p>\n\n\n\n<h4 class=\"wp-block-heading\">P: \u00bfQu\u00e9 pasa cuando se jubilan?<\/h4>\n\n\n\n<p><strong>R: Te lo puedes quedar<\/strong>. Si no te lo puedes quedar t\u00fa, <strong>puedes buscarle a una familia<\/strong>, ya sea familiar tuyo, amigo\u2026 Y si no, se le da a la Fundaci\u00f3n y de normal <strong>la Fundaci\u00f3n o se lo ofrece primero a la familia<\/strong> que lo tuvo durante su periodo de adiestramiento, la familia educadora voluntaria o en caso de que esa familia no pueda hacerse cargo de ello, lo que hacen es pasar una<strong> lista de perros gu\u00eda jubilados donde cualquier persona de Espa\u00f1a puede adoptar un perro gu\u00eda jubilado<\/strong>.<\/p>\n\n\n\n<h4 class=\"wp-block-heading\">P: \u00bfExiste un n\u00famero m\u00e1ximo de perros gu\u00eda que pueda tener una persona?<\/h4>\n\n\n\n<p><strong>R<\/strong>: A ver, aqu\u00ed hay que tener una cosa muy clara. Puedes <strong>empezar a solicitar perro gu\u00eda a partir de los 18 a\u00f1os<\/strong>. Antes, nada. Nunca ver\u00e1s, en Espa\u00f1a al menos, un ni\u00f1o de 16 a\u00f1os afiliado a ONCE con perro gu\u00eda. Porque tienes que estar afiliado a la ONCE para tener un perro gu\u00eda ya que hay criterios visuales. T\u00fa no puedes tener un perro gu\u00eda porque t\u00fa tienes una visi\u00f3n del 100%.\u00a0<\/p>\n\n\n\n<p>Hay que estar afiliado y tener una visi\u00f3n m\u00e1s baja. <strong>El criterio de afiliaci\u00f3n es de una agudeza visual inferior al 10% o un campo visual reducido<\/strong>, muy reducido. Hay personas que se les deniega el perro gu\u00eda por criterio visual. Son unas personas que pueden aprovechar todav\u00eda su resto visual para defenderse y para moverse.<\/p>\n\n\n\n<p>El n\u00famero de perros que pueda tener una persona entra en cada uno. Porque cada uno puede tener su historia. Es decir, yo llevo 10 a\u00f1os teniendo perro gu\u00eda y en ese plazo de 10 a\u00f1os he tenido tres porque han fallado dos. Eso es algo que no es normal porque ese plazo es poco m\u00e1s que un perro gu\u00eda, como mucho dos.<\/p>\n\n\n\n<p><strong>No existe un n\u00famero ilimitado<\/strong>, pero s\u00ed que es verdad que cuando empiezas a llegar a una edad en la que a lo mejor <strong>tienes que plantearte si t\u00fa vas a vivir m\u00e1s que el perro, o si el perro va a vivir m\u00e1s que t\u00fa<\/strong>. Pero eso no quiere decir que no se pueda pedir. Si eres una persona activa puedes pedirlo perfectamente.<\/p>\n\n\n\n<h4 class=\"wp-block-heading\">P: Para la familia que solicita un perro gu\u00eda, \u00bfsupone mucho gasto el mantenerlo o la ONCE se hace cargo de los gastos?<\/h4>\n\n\n\n<p><strong>R<\/strong>: <strong>Para la familia voluntaria se encarga todo la <a href=\"https:\/\/perrosguia.once.es\" target=\"_blank\" rel=\"noreferrer noopener\">Fundaci\u00f3n ONCE del Perro Gu\u00eda<\/a><\/strong>, es coste cero. Salvo que le quieran comprar juguetitos o alguna cosita. Pero lo b\u00e1sico: pienso, revisiones\u2026 lo cubren. Porque su papel es important\u00edsimo. Para ellos es coste cero. Aunque <strong>la perra siempre pertenece a la Fundaci\u00f3n ONCE del Perro Gu\u00eda<\/strong>, jam\u00e1s al usuario.<\/p>\n\n\n\n<p>A partir de que nosotros <strong>firmamos un contrato de aceptaci\u00f3n<\/strong>, un usufructo. En el que pone que nos tenemos que encargar a partir de que el perro se adquiere como unidad de gu\u00eda de: pienso, gasto veterinario, higiene, si se rompe el arn\u00e9s comprarlo nosotros\u2026 Cosas as\u00ed.<\/p>\n\n\n\n<hr class=\"wp-block-separator has-alpha-channel-opacity\" \/>\n\n\n\n<p><em>Como un perro gu\u00eda no trabaja solo, es importante conocer <a href=\"https:\/\/redaccionjuvenil.es\/?cat=22\" target=\"_blank\" rel=\"noreferrer noopener\">c\u00f3mo se siente el usuario<\/a> y que es lo que le llev\u00f3 a solicitar un perro gu\u00eda. Alejandro cuenta su experiencia.<\/em><\/p>\n\n\n<div class=\"wp-block-image\">\n<figure class=\"aligncenter size-large\"><img loading=\"lazy\" decoding=\"async\" width=\"682\" height=\"1024\" src=\"https:\/\/redaccionjuvenil.es\/wp-content\/uploads\/2026\/04\/WhatsApp-Image-2026-04-27-at-17.22.13-1-682x1024.jpeg\" alt=\"Usera y Alejandro Centeno en un paseo. Alejandro se encuentra apoyado en una columna de piedra vestido de negro con un puerto de fondo. Con su mano izquierda sujeta la correa de Usera, delante de \u00e9l, con el arn\u00e9s de perro gu\u00eda sujeto.\" class=\"wp-image-956\" srcset=\"https:\/\/redaccionjuvenil.es\/wp-content\/uploads\/2026\/04\/WhatsApp-Image-2026-04-27-at-17.22.13-1-682x1024.jpeg 682w, https:\/\/redaccionjuvenil.es\/wp-content\/uploads\/2026\/04\/WhatsApp-Image-2026-04-27-at-17.22.13-1-200x300.jpeg 200w, https:\/\/redaccionjuvenil.es\/wp-content\/uploads\/2026\/04\/WhatsApp-Image-2026-04-27-at-17.22.13-1-768x1153.jpeg 768w, https:\/\/redaccionjuvenil.es\/wp-content\/uploads\/2026\/04\/WhatsApp-Image-2026-04-27-at-17.22.13-1-1023x1536.jpeg 1023w, https:\/\/redaccionjuvenil.es\/wp-content\/uploads\/2026\/04\/WhatsApp-Image-2026-04-27-at-17.22.13-1.jpeg 1066w\" sizes=\"auto, (max-width: 682px) 100vw, 682px\" \/><figcaption class=\"wp-element-caption\"><em>Usera y Alejandro Centeno en un paseo. Foto cedida por Alejandro Centeno.<\/em><\/figcaption><\/figure>\n<\/div>\n\n\n<h4 class=\"wp-block-heading\">P: \u00bfEn tu caso particular hubo alguna raz\u00f3n en espec\u00edfico que te hiciese solicitar el perro gu\u00eda?<\/h4>\n\n\n\n<p><strong>R<\/strong>: Yo soy afiliado desde ni\u00f1o. Eso no quiere decir que sea ciego desde ni\u00f1o. Entonces yo ya ve\u00eda c\u00f3mo eran los perros gu\u00eda y a m\u00ed ya me llamaba la atenci\u00f3n. Siempre he tenido perros y me han encantado los perros.<\/p>\n\n\n\n<p><strong>La raz\u00f3n principal es la movilidad.<\/strong> Yo, desde que perd\u00ed la vista en 2012, cuando ten\u00eda 16 a\u00f1os, ya sab\u00eda que iba a tener perro gu\u00eda de mayor. Que si alg\u00fan d\u00eda perd\u00eda el resto visual que ten\u00eda, iba a tener perro gu\u00eda.<\/p>\n\n\n\n<p>Ve\u00eda c\u00f3mo eran, yo consideraba que pod\u00eda ser adecuado para tener perro gu\u00eda y la motivaci\u00f3n que yo ten\u00eda era principalmente la movilidad. El poder desplazarme con m\u00e1s agilidad. Adem\u00e1s de ir y acompa\u00f1ar a tu perro a todos los sitios, que eso es un lujazo.<\/p>\n\n\n\n<p>Hay gente que considera que tener un perro gu\u00eda es maltrato, pero <strong>para un perro la gu\u00eda es casi como un juego<\/strong>. Es un trabajo por objetivos; por un premio. No s\u00e9 si hab\u00e9is visto los v\u00eddeos de <a href=\"https:\/\/www.instagram.com\/armengoljonatan\/\" target=\"_blank\" rel=\"noreferrer noopener\">Jonathan Armengol<\/a>. \u00c9l explica muy bien lo que es el tema del perro. Si veis a Calo va todo el rato, tal y como lo tengo entendido, pidiendo chuche. <strong>Para Calo es como jugar, igual que para la m\u00eda<\/strong> (Usera).<\/p>\n\n\n\n<p>Volviendo al tema, un perro gu\u00eda no est\u00e1 nunca abandonado, o rara vez lo tienes que dejar en casa. Me refiero a que casi nunca est\u00e1 solo.&nbsp;<\/p>\n\n\n\n<h4 class=\"wp-block-heading\">P: \u00bfHay mucha diferencia entre la experiencia de andar la calle con un bast\u00f3n o con un acompa\u00f1ante a un perro gu\u00eda?<\/h4>\n\n\n\n<p><strong>R<\/strong>: S\u00ed. O sea, ten en cuenta que la t\u00e9cnica ya es distinta. Por eso tambi\u00e9n <strong>es imprescindible saber manejar bien el bast\u00f3n<\/strong> y saber orientarte bien con el bast\u00f3n y tener una movilidad plena para poder solicitar un perro gu\u00eda. Un perro gu\u00eda no vale para una recta. Para eso vas con un bast\u00f3n. Y porque si el perro se pone malo y lo tienes que dejar en casa, tienes que tener una salida. El perro <strong>tambi\u00e9n tiene que tener sus d\u00edas de relax<\/strong>.<\/p>\n\n\n\n<p>La diferencia radica en que cuando t\u00fa vas con bast\u00f3n, el bast\u00f3n busca el obst\u00e1culo. Si yo tengo una farola y voy con el bast\u00f3n, yo me choco con la farola y me anticipo. El bast\u00f3n lo que me hace es un barrido de lo que tengo delante para saber cu\u00e1l es mi siguiente paso. En cambio <strong>el perro ya te anticipa todo<\/strong>. Ya tienes terreno pr\u00e1cticamente despejado porque \u00e9l va tomando decisiones.<\/p>\n\n\n\n<h4 class=\"wp-block-heading\">P: \u00bfCualquier raza de perro puede ser un perro gu\u00eda o tiene que ser una raza en concreto?\u00a0<\/h4>\n\n\n\n<p><strong>R<\/strong>: Depende. Porque en Espa\u00f1a, <strong>la Fundaci\u00f3n ONCE del Perro Gu\u00eda \u00fanicamente trabaja con cinco razas<\/strong>. Principalmente <strong>Labrador, Golden Retriever, mezcla de ambos, Pastor Alem\u00e1n, Flat Coat Retriever<\/strong>, que son preciosos, <strong>y Caniche Gigante<\/strong>. Caniche Gigante porque son perros que su pelo es pr\u00e1cticamente hipoalerg\u00e9nico entonces la gente que tiene alergias a los perros puede seguir teniendo perros gu\u00edas.<\/p>\n\n\n\n<p>La escuela de Fundaci\u00f3n ONCE del Perro Gu\u00eda, que tiene otros convenios, siempre trabaja con esas cinco razas y siempre compra esas cinco razas a otras escuelas cuando tienen ese convenio. En el sur de Francia, no recuerdo qu\u00e9 zona hay una escuela. Yo he llegado a ver en Barcelona gente que tiene de esa escuela: Mastines, Bretonnes\u2026 Tienen que tener unas caracter\u00edsticas, pero en general son Labrador, Golden, Pastor Alem\u00e1n, Flat Coat y Caniche Gigante.<\/p>\n","protected":false},"excerpt":{"rendered":"<p>No es de com\u00fan conocimiento saber que hoy, 29 de abril, se celebra el d\u00eda internacional del perro gu\u00eda. Para conocer un poco m\u00e1s sobre ellos, cu\u00e1l es su labor,&#8230;<\/p>\n","protected":false},"author":5,"featured_media":952,"comment_status":"open","ping_status":"open","sticky":false,"template":"","format":"standard","meta":{"_kadence_starter_templates_imported_post":false,"footnotes":""},"categories":[22,1,23,3,16],"tags":[150,149],"class_list":["post-951","post","type-post","status-publish","format-standard","has-post-thumbnail","hentry","category-activismo","category-actualidad","category-destacado","category-entrevistas","category-te-interesa","tag-fundacion-once","tag-perro-guia"],"yoast_head":"<!-- This site is optimized with the Yoast SEO plugin v27.1.1 - https:\/\/yoast.com\/product\/yoast-seo-wordpress\/ -->\n<title>Usera, un perro para guiar una vida - RED-ACCI\u00d3N JUVENIL<\/title>\n<meta name=\"description\" content=\"Usera, un perro para guiar una vida. No es de com\u00fan conocimiento saber que hoy, 29 de abril, se celebra el d\u00eda internacional del perro gu\u00eda.\" \/>\n<meta name=\"robots\" content=\"index, follow, max-snippet:-1, max-image-preview:large, max-video-preview:-1\" \/>\n<link rel=\"canonical\" href=\"https:\/\/redaccionjuvenil.es\/?p=951\" \/>\n<meta property=\"og:locale\" content=\"es_ES\" \/>\n<meta property=\"og:type\" content=\"article\" \/>\n<meta property=\"og:title\" content=\"Usera, un perro para guiar una vida - RED-ACCI\u00d3N JUVENIL\" \/>\n<meta property=\"og:description\" content=\"Usera, un perro para guiar una vida. No es de com\u00fan conocimiento saber que hoy, 29 de abril, se celebra el d\u00eda internacional del perro gu\u00eda.\" \/>\n<meta property=\"og:url\" content=\"https:\/\/redaccionjuvenil.es\/?p=951\" \/>\n<meta property=\"og:site_name\" content=\"RED-ACCI\u00d3N JUVENIL\" \/>\n<meta property=\"article:published_time\" content=\"2026-04-29T14:10:54+00:00\" \/>\n<meta property=\"article:modified_time\" content=\"2026-04-29T14:10:56+00:00\" \/>\n<meta property=\"og:image\" content=\"https:\/\/redaccionjuvenil.es\/wp-content\/uploads\/2026\/04\/WhatsApp-Image-2026-04-27-at-17.22.13.jpeg\" \/>\n\t<meta property=\"og:image:width\" content=\"1200\" \/>\n\t<meta property=\"og:image:height\" content=\"1600\" \/>\n\t<meta property=\"og:image:type\" content=\"image\/jpeg\" \/>\n<meta name=\"author\" content=\"Ruben Beneite\" \/>\n<meta name=\"twitter:card\" content=\"summary_large_image\" \/>\n<meta name=\"twitter:label1\" content=\"Escrito por\" \/>\n\t<meta name=\"twitter:data1\" content=\"Ruben Beneite\" \/>\n\t<meta name=\"twitter:label2\" content=\"Tiempo de lectura\" \/>\n\t<meta name=\"twitter:data2\" content=\"15 minutos\" \/>\n<script type=\"application\/ld+json\" class=\"yoast-schema-graph\">{\"@context\":\"https:\/\/schema.org\",\"@graph\":[{\"@type\":\"Article\",\"@id\":\"https:\/\/redaccionjuvenil.es\/?p=951#article\",\"isPartOf\":{\"@id\":\"https:\/\/redaccionjuvenil.es\/?p=951\"},\"author\":{\"name\":\"Ruben Beneite\",\"@id\":\"https:\/\/redaccionjuvenil.es\/#\/schema\/person\/500657725e84c7e8b26a8eebff8bceb4\"},\"headline\":\"Usera, un perro para guiar una vida\",\"datePublished\":\"2026-04-29T14:10:54+00:00\",\"dateModified\":\"2026-04-29T14:10:56+00:00\",\"mainEntityOfPage\":{\"@id\":\"https:\/\/redaccionjuvenil.es\/?p=951\"},\"wordCount\":3375,\"commentCount\":0,\"publisher\":{\"@id\":\"https:\/\/redaccionjuvenil.es\/#organization\"},\"image\":{\"@id\":\"https:\/\/redaccionjuvenil.es\/?p=951#primaryimage\"},\"thumbnailUrl\":\"https:\/\/redaccionjuvenil.es\/wp-content\/uploads\/2026\/04\/WhatsApp-Image-2026-04-27-at-17.22.13.jpeg\",\"keywords\":[\"Fundaci\u00f3n ONCE\",\"Perro Gu\u00eda\"],\"articleSection\":[\"Activismo\",\"Actualidad\",\"Destacado\",\"Entrevistas\",\"Te interesa\"],\"inLanguage\":\"es\",\"potentialAction\":[{\"@type\":\"CommentAction\",\"name\":\"Comment\",\"target\":[\"https:\/\/redaccionjuvenil.es\/?p=951#respond\"]}]},{\"@type\":\"WebPage\",\"@id\":\"https:\/\/redaccionjuvenil.es\/?p=951\",\"url\":\"https:\/\/redaccionjuvenil.es\/?p=951\",\"name\":\"Usera, un perro para guiar una vida - RED-ACCI\u00d3N JUVENIL\",\"isPartOf\":{\"@id\":\"https:\/\/redaccionjuvenil.es\/#website\"},\"primaryImageOfPage\":{\"@id\":\"https:\/\/redaccionjuvenil.es\/?p=951#primaryimage\"},\"image\":{\"@id\":\"https:\/\/redaccionjuvenil.es\/?p=951#primaryimage\"},\"thumbnailUrl\":\"https:\/\/redaccionjuvenil.es\/wp-content\/uploads\/2026\/04\/WhatsApp-Image-2026-04-27-at-17.22.13.jpeg\",\"datePublished\":\"2026-04-29T14:10:54+00:00\",\"dateModified\":\"2026-04-29T14:10:56+00:00\",\"description\":\"Usera, un perro para guiar una vida. No es de com\u00fan conocimiento saber que hoy, 29 de abril, se celebra el d\u00eda internacional del perro gu\u00eda.\",\"breadcrumb\":{\"@id\":\"https:\/\/redaccionjuvenil.es\/?p=951#breadcrumb\"},\"inLanguage\":\"es\",\"potentialAction\":[{\"@type\":\"ReadAction\",\"target\":[\"https:\/\/redaccionjuvenil.es\/?p=951\"]}]},{\"@type\":\"ImageObject\",\"inLanguage\":\"es\",\"@id\":\"https:\/\/redaccionjuvenil.es\/?p=951#primaryimage\",\"url\":\"https:\/\/redaccionjuvenil.es\/wp-content\/uploads\/2026\/04\/WhatsApp-Image-2026-04-27-at-17.22.13.jpeg\",\"contentUrl\":\"https:\/\/redaccionjuvenil.es\/wp-content\/uploads\/2026\/04\/WhatsApp-Image-2026-04-27-at-17.22.13.jpeg\",\"width\":1200,\"height\":1600,\"caption\":\"Foto de Alejandro Centeno.\"},{\"@type\":\"BreadcrumbList\",\"@id\":\"https:\/\/redaccionjuvenil.es\/?p=951#breadcrumb\",\"itemListElement\":[{\"@type\":\"ListItem\",\"position\":1,\"name\":\"Portada\",\"item\":\"https:\/\/redaccionjuvenil.es\/\"},{\"@type\":\"ListItem\",\"position\":2,\"name\":\"Usera, un perro para guiar una vida\"}]},{\"@type\":\"WebSite\",\"@id\":\"https:\/\/redaccionjuvenil.es\/#website\",\"url\":\"https:\/\/redaccionjuvenil.es\/\",\"name\":\"RED-ACCI\u00d3N JUVENIL\",\"description\":\"DONDE LA JUVENTUD INFORMA Y TRANSFORMA\",\"publisher\":{\"@id\":\"https:\/\/redaccionjuvenil.es\/#organization\"},\"potentialAction\":[{\"@type\":\"SearchAction\",\"target\":{\"@type\":\"EntryPoint\",\"urlTemplate\":\"https:\/\/redaccionjuvenil.es\/?s={search_term_string}\"},\"query-input\":{\"@type\":\"PropertyValueSpecification\",\"valueRequired\":true,\"valueName\":\"search_term_string\"}}],\"inLanguage\":\"es\"},{\"@type\":\"Organization\",\"@id\":\"https:\/\/redaccionjuvenil.es\/#organization\",\"name\":\"RED-ACCI\u00d3N JUVENIL\",\"url\":\"https:\/\/redaccionjuvenil.es\/\",\"logo\":{\"@type\":\"ImageObject\",\"inLanguage\":\"es\",\"@id\":\"https:\/\/redaccionjuvenil.es\/#\/schema\/logo\/image\/\",\"url\":\"https:\/\/redaccionjuvenil.es\/wp-content\/uploads\/2026\/03\/cropped-cropped-logo_redaccion_juvenil_primer_propuesta-1.png\",\"contentUrl\":\"https:\/\/redaccionjuvenil.es\/wp-content\/uploads\/2026\/03\/cropped-cropped-logo_redaccion_juvenil_primer_propuesta-1.png\",\"width\":723,\"height\":723,\"caption\":\"RED-ACCI\u00d3N JUVENIL\"},\"image\":{\"@id\":\"https:\/\/redaccionjuvenil.es\/#\/schema\/logo\/image\/\"}},{\"@type\":\"Person\",\"@id\":\"https:\/\/redaccionjuvenil.es\/#\/schema\/person\/500657725e84c7e8b26a8eebff8bceb4\",\"name\":\"Ruben Beneite\",\"image\":{\"@type\":\"ImageObject\",\"inLanguage\":\"es\",\"@id\":\"https:\/\/redaccionjuvenil.es\/#\/schema\/person\/image\/\",\"url\":\"https:\/\/secure.gravatar.com\/avatar\/f48cefcce9e444b931fcd0a211834ea53f7eefa25c55a75a42de67015262cd82?s=96&d=mm&r=g\",\"contentUrl\":\"https:\/\/secure.gravatar.com\/avatar\/f48cefcce9e444b931fcd0a211834ea53f7eefa25c55a75a42de67015262cd82?s=96&d=mm&r=g\",\"caption\":\"Ruben Beneite\"},\"url\":\"https:\/\/redaccionjuvenil.es\/?author=5\"}]}<\/script>\n<!-- \/ Yoast SEO plugin. -->","yoast_head_json":{"title":"Usera, un perro para guiar una vida - RED-ACCI\u00d3N JUVENIL","description":"Usera, un perro para guiar una vida. No es de com\u00fan conocimiento saber que hoy, 29 de abril, se celebra el d\u00eda internacional del perro gu\u00eda.","robots":{"index":"index","follow":"follow","max-snippet":"max-snippet:-1","max-image-preview":"max-image-preview:large","max-video-preview":"max-video-preview:-1"},"canonical":"https:\/\/redaccionjuvenil.es\/?p=951","og_locale":"es_ES","og_type":"article","og_title":"Usera, un perro para guiar una vida - RED-ACCI\u00d3N JUVENIL","og_description":"Usera, un perro para guiar una vida. No es de com\u00fan conocimiento saber que hoy, 29 de abril, se celebra el d\u00eda internacional del perro gu\u00eda.","og_url":"https:\/\/redaccionjuvenil.es\/?p=951","og_site_name":"RED-ACCI\u00d3N JUVENIL","article_published_time":"2026-04-29T14:10:54+00:00","article_modified_time":"2026-04-29T14:10:56+00:00","og_image":[{"width":1200,"height":1600,"url":"https:\/\/redaccionjuvenil.es\/wp-content\/uploads\/2026\/04\/WhatsApp-Image-2026-04-27-at-17.22.13.jpeg","type":"image\/jpeg"}],"author":"Ruben Beneite","twitter_card":"summary_large_image","twitter_misc":{"Escrito por":"Ruben Beneite","Tiempo de lectura":"15 minutos"},"schema":{"@context":"https:\/\/schema.org","@graph":[{"@type":"Article","@id":"https:\/\/redaccionjuvenil.es\/?p=951#article","isPartOf":{"@id":"https:\/\/redaccionjuvenil.es\/?p=951"},"author":{"name":"Ruben Beneite","@id":"https:\/\/redaccionjuvenil.es\/#\/schema\/person\/500657725e84c7e8b26a8eebff8bceb4"},"headline":"Usera, un perro para guiar una vida","datePublished":"2026-04-29T14:10:54+00:00","dateModified":"2026-04-29T14:10:56+00:00","mainEntityOfPage":{"@id":"https:\/\/redaccionjuvenil.es\/?p=951"},"wordCount":3375,"commentCount":0,"publisher":{"@id":"https:\/\/redaccionjuvenil.es\/#organization"},"image":{"@id":"https:\/\/redaccionjuvenil.es\/?p=951#primaryimage"},"thumbnailUrl":"https:\/\/redaccionjuvenil.es\/wp-content\/uploads\/2026\/04\/WhatsApp-Image-2026-04-27-at-17.22.13.jpeg","keywords":["Fundaci\u00f3n ONCE","Perro Gu\u00eda"],"articleSection":["Activismo","Actualidad","Destacado","Entrevistas","Te interesa"],"inLanguage":"es","potentialAction":[{"@type":"CommentAction","name":"Comment","target":["https:\/\/redaccionjuvenil.es\/?p=951#respond"]}]},{"@type":"WebPage","@id":"https:\/\/redaccionjuvenil.es\/?p=951","url":"https:\/\/redaccionjuvenil.es\/?p=951","name":"Usera, un perro para guiar una vida - RED-ACCI\u00d3N JUVENIL","isPartOf":{"@id":"https:\/\/redaccionjuvenil.es\/#website"},"primaryImageOfPage":{"@id":"https:\/\/redaccionjuvenil.es\/?p=951#primaryimage"},"image":{"@id":"https:\/\/redaccionjuvenil.es\/?p=951#primaryimage"},"thumbnailUrl":"https:\/\/redaccionjuvenil.es\/wp-content\/uploads\/2026\/04\/WhatsApp-Image-2026-04-27-at-17.22.13.jpeg","datePublished":"2026-04-29T14:10:54+00:00","dateModified":"2026-04-29T14:10:56+00:00","description":"Usera, un perro para guiar una vida. No es de com\u00fan conocimiento saber que hoy, 29 de abril, se celebra el d\u00eda internacional del perro gu\u00eda.","breadcrumb":{"@id":"https:\/\/redaccionjuvenil.es\/?p=951#breadcrumb"},"inLanguage":"es","potentialAction":[{"@type":"ReadAction","target":["https:\/\/redaccionjuvenil.es\/?p=951"]}]},{"@type":"ImageObject","inLanguage":"es","@id":"https:\/\/redaccionjuvenil.es\/?p=951#primaryimage","url":"https:\/\/redaccionjuvenil.es\/wp-content\/uploads\/2026\/04\/WhatsApp-Image-2026-04-27-at-17.22.13.jpeg","contentUrl":"https:\/\/redaccionjuvenil.es\/wp-content\/uploads\/2026\/04\/WhatsApp-Image-2026-04-27-at-17.22.13.jpeg","width":1200,"height":1600,"caption":"Foto de Alejandro Centeno."},{"@type":"BreadcrumbList","@id":"https:\/\/redaccionjuvenil.es\/?p=951#breadcrumb","itemListElement":[{"@type":"ListItem","position":1,"name":"Portada","item":"https:\/\/redaccionjuvenil.es\/"},{"@type":"ListItem","position":2,"name":"Usera, un perro para guiar una vida"}]},{"@type":"WebSite","@id":"https:\/\/redaccionjuvenil.es\/#website","url":"https:\/\/redaccionjuvenil.es\/","name":"RED-ACCI\u00d3N JUVENIL","description":"DONDE LA JUVENTUD INFORMA Y TRANSFORMA","publisher":{"@id":"https:\/\/redaccionjuvenil.es\/#organization"},"potentialAction":[{"@type":"SearchAction","target":{"@type":"EntryPoint","urlTemplate":"https:\/\/redaccionjuvenil.es\/?s={search_term_string}"},"query-input":{"@type":"PropertyValueSpecification","valueRequired":true,"valueName":"search_term_string"}}],"inLanguage":"es"},{"@type":"Organization","@id":"https:\/\/redaccionjuvenil.es\/#organization","name":"RED-ACCI\u00d3N JUVENIL","url":"https:\/\/redaccionjuvenil.es\/","logo":{"@type":"ImageObject","inLanguage":"es","@id":"https:\/\/redaccionjuvenil.es\/#\/schema\/logo\/image\/","url":"https:\/\/redaccionjuvenil.es\/wp-content\/uploads\/2026\/03\/cropped-cropped-logo_redaccion_juvenil_primer_propuesta-1.png","contentUrl":"https:\/\/redaccionjuvenil.es\/wp-content\/uploads\/2026\/03\/cropped-cropped-logo_redaccion_juvenil_primer_propuesta-1.png","width":723,"height":723,"caption":"RED-ACCI\u00d3N JUVENIL"},"image":{"@id":"https:\/\/redaccionjuvenil.es\/#\/schema\/logo\/image\/"}},{"@type":"Person","@id":"https:\/\/redaccionjuvenil.es\/#\/schema\/person\/500657725e84c7e8b26a8eebff8bceb4","name":"Ruben Beneite","image":{"@type":"ImageObject","inLanguage":"es","@id":"https:\/\/redaccionjuvenil.es\/#\/schema\/person\/image\/","url":"https:\/\/secure.gravatar.com\/avatar\/f48cefcce9e444b931fcd0a211834ea53f7eefa25c55a75a42de67015262cd82?s=96&d=mm&r=g","contentUrl":"https:\/\/secure.gravatar.com\/avatar\/f48cefcce9e444b931fcd0a211834ea53f7eefa25c55a75a42de67015262cd82?s=96&d=mm&r=g","caption":"Ruben Beneite"},"url":"https:\/\/redaccionjuvenil.es\/?author=5"}]}},"_links":{"self":[{"href":"https:\/\/redaccionjuvenil.es\/index.php?rest_route=\/wp\/v2\/posts\/951","targetHints":{"allow":["GET"]}}],"collection":[{"href":"https:\/\/redaccionjuvenil.es\/index.php?rest_route=\/wp\/v2\/posts"}],"about":[{"href":"https:\/\/redaccionjuvenil.es\/index.php?rest_route=\/wp\/v2\/types\/post"}],"author":[{"embeddable":true,"href":"https:\/\/redaccionjuvenil.es\/index.php?rest_route=\/wp\/v2\/users\/5"}],"replies":[{"embeddable":true,"href":"https:\/\/redaccionjuvenil.es\/index.php?rest_route=%2Fwp%2Fv2%2Fcomments&post=951"}],"version-history":[{"count":7,"href":"https:\/\/redaccionjuvenil.es\/index.php?rest_route=\/wp\/v2\/posts\/951\/revisions"}],"predecessor-version":[{"id":968,"href":"https:\/\/redaccionjuvenil.es\/index.php?rest_route=\/wp\/v2\/posts\/951\/revisions\/968"}],"wp:featuredmedia":[{"embeddable":true,"href":"https:\/\/redaccionjuvenil.es\/index.php?rest_route=\/wp\/v2\/media\/952"}],"wp:attachment":[{"href":"https:\/\/redaccionjuvenil.es\/index.php?rest_route=%2Fwp%2Fv2%2Fmedia&parent=951"}],"wp:term":[{"taxonomy":"category","embeddable":true,"href":"https:\/\/redaccionjuvenil.es\/index.php?rest_route=%2Fwp%2Fv2%2Fcategories&post=951"},{"taxonomy":"post_tag","embeddable":true,"href":"https:\/\/redaccionjuvenil.es\/index.php?rest_route=%2Fwp%2Fv2%2Ftags&post=951"}],"curies":[{"name":"wp","href":"https:\/\/api.w.org\/{rel}","templated":true}]}}