{"id":964,"date":"2026-04-28T19:00:28","date_gmt":"2026-04-28T19:00:28","guid":{"rendered":"https:\/\/redaccionjuvenil.es\/?p=964"},"modified":"2026-04-28T19:00:32","modified_gmt":"2026-04-28T19:00:32","slug":"la-same-de-espana-pone-el-foco-en-la-digitalizacion","status":"publish","type":"post","link":"https:\/\/redaccionjuvenil.es\/?p=964","title":{"rendered":"La SAME de Espa\u00f1a pone el foco en la digitalizaci\u00f3n"},"content":{"rendered":"\n<p>La <a href=\"https:\/\/cme-espana.org\/#:~:text=Este%20a%C3%B1o%20celebramos%20la%20SAME,lema%20%E2%80%9CAcci%C3%B3n%20por%20la%20Educaci%C3%B3n%E2%80%9D\">Semana de Acci\u00f3n por la Educaci\u00f3n<\/a> (SAME)\u00a0 disfruta de su 24\u00ba edici\u00f3n con el lema de \u201cAcci\u00f3n por la educaci\u00f3n\u201d. Desde el pasado 27 de abril hasta el 3 de mayo se llevar\u00e1n a cabo actividades y reivindicaciones por parte de la Campa\u00f1a Mundial por la Educaci\u00f3n (CME) mediante una coalici\u00f3n de organizaciones que trabaja en 124 pa\u00edses. Adem\u00e1s, de las demandas habituales, derecho a la educaci\u00f3n de calidad y gratuita entre otras cosas, en este 2026 en Espa\u00f1a se pone m\u00e1s \u00e9nfasis en la digitalizaci\u00f3n.<\/p>\n\n\n\n<h2 class=\"wp-block-heading\"><strong>\u00bfQu\u00e9 es la Semana de Acci\u00f3n por la Educaci\u00f3n?<\/strong><\/h2>\n\n\n\n<p>La Semana de Acci\u00f3n por la Educaci\u00f3n es una iniciativa internacional que reivindica y lucha por el derecho a la educaci\u00f3n en todo el mundo. Surgi\u00f3 en 2001 tras la Conferencia Mundial de Educaci\u00f3n para Todos en 1990 en Jomtien y el Foro Mundial sobre la Educaci\u00f3n en Dakar en el a\u00f1o 2000.<\/p>\n\n\n\n<p>Desde entonces se realiza de manera anual. Todos los a\u00f1os hay una semana dedicada para realizar movilizaciones, actos, talleres, manifestaciones y actividades alrededor del mundo para presionar a los gobiernos y a la comunidad internacional a cumplir con sus compromisos educativos.<\/p>\n\n\n\n<p>Esta semana est\u00e1 coordinada por la Campa\u00f1a Mundial por la Educaci\u00f3n, que a su vez est\u00e1 formada por una coalici\u00f3n de organizaciones que abarca 124 pa\u00edses.<\/p>\n\n\n\n<figure class=\"wp-block-image\"><img loading=\"lazy\" decoding=\"async\" width=\"2048\" height=\"1365\" src=\"https:\/\/redaccionjuvenil.es\/wp-content\/uploads\/2026\/04\/IMG_1149-2048x1365-1.jpg\" alt=\"\" class=\"wp-image-965\" srcset=\"https:\/\/redaccionjuvenil.es\/wp-content\/uploads\/2026\/04\/IMG_1149-2048x1365-1.jpg 2048w, https:\/\/redaccionjuvenil.es\/wp-content\/uploads\/2026\/04\/IMG_1149-2048x1365-1-300x200.jpg 300w, https:\/\/redaccionjuvenil.es\/wp-content\/uploads\/2026\/04\/IMG_1149-2048x1365-1-1024x683.jpg 1024w, https:\/\/redaccionjuvenil.es\/wp-content\/uploads\/2026\/04\/IMG_1149-2048x1365-1-768x512.jpg 768w, https:\/\/redaccionjuvenil.es\/wp-content\/uploads\/2026\/04\/IMG_1149-2048x1365-1-1536x1024.jpg 1536w, https:\/\/redaccionjuvenil.es\/wp-content\/uploads\/2026\/04\/IMG_1149-2048x1365-1-600x400.jpg 600w\" sizes=\"auto, (max-width: 2048px) 100vw, 2048px\" \/><figcaption class=\"wp-element-caption\">Foto del acto de la SAME en Galicia. Fuente Campa\u00f1a Mundial por la Educaci\u00f3n Espa\u00f1a<\/figcaption><\/figure>\n\n\n<figure class=\"wp-block-post-featured-image\"><img loading=\"lazy\" decoding=\"async\" width=\"1280\" height=\"853\" src=\"https:\/\/redaccionjuvenil.es\/wp-content\/uploads\/2026\/04\/same-foto-edicion-anterior.jpg\" class=\"attachment-post-thumbnail size-post-thumbnail wp-post-image\" alt=\"\" style=\"object-fit:cover;\" srcset=\"https:\/\/redaccionjuvenil.es\/wp-content\/uploads\/2026\/04\/same-foto-edicion-anterior.jpg 1280w, https:\/\/redaccionjuvenil.es\/wp-content\/uploads\/2026\/04\/same-foto-edicion-anterior-300x200.jpg 300w, https:\/\/redaccionjuvenil.es\/wp-content\/uploads\/2026\/04\/same-foto-edicion-anterior-1024x682.jpg 1024w, https:\/\/redaccionjuvenil.es\/wp-content\/uploads\/2026\/04\/same-foto-edicion-anterior-768x512.jpg 768w, https:\/\/redaccionjuvenil.es\/wp-content\/uploads\/2026\/04\/same-foto-edicion-anterior-820x545.jpg 820w, https:\/\/redaccionjuvenil.es\/wp-content\/uploads\/2026\/04\/same-foto-edicion-anterior-600x400.jpg 600w\" sizes=\"auto, (max-width: 1280px) 100vw, 1280px\" \/><\/figure>\n\n\n<h2 class=\"wp-block-heading\"><strong>Objetivos de la semana<\/strong><\/h2>\n\n\n\n<p>La SAME lucha por una educaci\u00f3n de calidad, gratuita, inclusiva y equitativa. De esta manera, se busca visibilizar sobre:<\/p>\n\n\n\n<ul class=\"wp-block-list\">\n<li><strong>La falta de acceso a la educaci\u00f3n, como puede ser en zonas de conflicto o ni\u00f1os\/as con alg\u00fan tipo de discapacidad o en situaciones de emergencia.<\/strong><\/li>\n\n\n\n<li><strong>La necesidad de m\u00e1s financiaci\u00f3n p\u00fablica para un mayor y mejor nivel de educaci\u00f3n<\/strong><\/li>\n\n\n\n<li><strong>La inclusi\u00f3n, la equidad de g\u00e9nero y la calidad educativa<\/strong><\/li>\n<\/ul>\n\n\n\n<p>Esta edici\u00f3n de 2026 <strong>se centra especialmente en la digitalizaci\u00f3n en Espa\u00f1a<\/strong>. Se pone el foco en c\u00f3mo las herramientas digitales pueden garantizar la continuidad educativa en situaciones de emergencia. Es decir, se centra en averiguar la manera de que en conflictos armados, crisis clim\u00e1ticas o cualquier situaci\u00f3n de emergencia los ni\u00f1os\/as y j\u00f3venes puedan seguir aprendiendo a pesar de las circunstancias.<\/p>\n\n\n\n<p>Para ello, <strong>se reclama conectividad universal, para poder acceder a dispositivos digitales y recursos educativos digitales, alfabetizaci\u00f3n digital para docentes y familias y planes de contingencia en los centros educativos<\/strong>. De esta manera, se pretende que nadie se quede atr\u00e1s por una brecha digital que afecta a millones de estudiantes en el mundo.<\/p>\n\n\n\n<p>Esta semana gana gran relevancia en este momento, debido al contexto de belicidad y contin\u00faas crisis clim\u00e1ticas que se vive en nuestros d\u00edas. En estas circunstancias el derecho a la educaci\u00f3n es de los m\u00e1s afectados. Adem\u00e1s, ante la inminente crisis global, se pretende movilizar a la sociedad y recordar a los gobiernos que la educaci\u00f3n es un derecho, no un lujo. Por lo que no deben dejar de financiar la educaci\u00f3n p\u00fablica.<\/p>\n\n\n\n<h2 class=\"wp-block-heading\"><strong>\u00bfC\u00f3mo participar?<\/strong><\/h2>\n\n\n\n<p><strong>Se puede participar de distintas maneras, ya sea usando el hastag <a href=\"https:\/\/x.com\/search?q=%23Acci%C3%B3nPorLaEducaci%C3%B3n&amp;src=typed_query\">#Acci\u00f3nPorLaEducaci\u00f3n<\/a>, compartiendo informaci\u00f3n o uni\u00e9ndote a los eventos organizados.<\/strong><\/p>\n","protected":false},"excerpt":{"rendered":"<p>La Semana de Acci\u00f3n por la Educaci\u00f3n (SAME)\u00a0 disfruta de su 24\u00ba edici\u00f3n con el lema de \u201cAcci\u00f3n por la educaci\u00f3n\u201d. Desde el pasado 27 de abril hasta el 3&#8230;<\/p>\n","protected":false},"author":18,"featured_media":966,"comment_status":"open","ping_status":"open","sticky":false,"template":"","format":"standard","meta":{"_kadence_starter_templates_imported_post":false,"footnotes":""},"categories":[22,23,2],"tags":[153,141,151],"class_list":["post-964","post","type-post","status-publish","format-standard","has-post-thumbnail","hentry","category-activismo","category-destacado","category-noticias","tag-accionporlaeducacion","tag-educacion","tag-semana-de-accion-por-la-educacion"],"yoast_head":"<!-- This site is optimized with the Yoast SEO plugin v27.1.1 - https:\/\/yoast.com\/product\/yoast-seo-wordpress\/ -->\n<title>La SAME de Espa\u00f1a pone el foco en la digitalizaci\u00f3n - RED-ACCI\u00d3N JUVENIL<\/title>\n<meta name=\"robots\" content=\"index, follow, max-snippet:-1, max-image-preview:large, max-video-preview:-1\" \/>\n<link rel=\"canonical\" href=\"https:\/\/redaccionjuvenil.es\/?p=964\" \/>\n<meta property=\"og:locale\" content=\"es_ES\" \/>\n<meta property=\"og:type\" content=\"article\" \/>\n<meta property=\"og:title\" content=\"La SAME de Espa\u00f1a pone el foco en la digitalizaci\u00f3n - RED-ACCI\u00d3N JUVENIL\" \/>\n<meta property=\"og:description\" content=\"La Semana de Acci\u00f3n por la Educaci\u00f3n (SAME)\u00a0 disfruta de su 24\u00ba edici\u00f3n con el lema de \u201cAcci\u00f3n por la educaci\u00f3n\u201d. Desde el pasado 27 de abril hasta el 3...\" \/>\n<meta property=\"og:url\" content=\"https:\/\/redaccionjuvenil.es\/?p=964\" \/>\n<meta property=\"og:site_name\" content=\"RED-ACCI\u00d3N JUVENIL\" \/>\n<meta property=\"article:published_time\" content=\"2026-04-28T19:00:28+00:00\" \/>\n<meta property=\"article:modified_time\" content=\"2026-04-28T19:00:32+00:00\" \/>\n<meta property=\"og:image\" content=\"https:\/\/redaccionjuvenil.es\/wp-content\/uploads\/2026\/04\/same-foto-edicion-anterior.jpg\" \/>\n\t<meta property=\"og:image:width\" content=\"1280\" \/>\n\t<meta property=\"og:image:height\" content=\"853\" \/>\n\t<meta property=\"og:image:type\" content=\"image\/jpeg\" \/>\n<meta name=\"author\" content=\"Rafael Eduardo Pereda\" \/>\n<meta name=\"twitter:card\" content=\"summary_large_image\" \/>\n<meta name=\"twitter:label1\" content=\"Escrito por\" \/>\n\t<meta name=\"twitter:data1\" content=\"Rafael Eduardo Pereda\" \/>\n\t<meta name=\"twitter:label2\" content=\"Tiempo de lectura\" \/>\n\t<meta name=\"twitter:data2\" content=\"3 minutos\" \/>\n<script type=\"application\/ld+json\" class=\"yoast-schema-graph\">{\"@context\":\"https:\/\/schema.org\",\"@graph\":[{\"@type\":\"Article\",\"@id\":\"https:\/\/redaccionjuvenil.es\/?p=964#article\",\"isPartOf\":{\"@id\":\"https:\/\/redaccionjuvenil.es\/?p=964\"},\"author\":{\"name\":\"Rafael Eduardo Pereda\",\"@id\":\"https:\/\/redaccionjuvenil.es\/#\/schema\/person\/8a04a8b831ae2876be087042ebb339aa\"},\"headline\":\"La SAME de Espa\u00f1a pone el foco en la digitalizaci\u00f3n\",\"datePublished\":\"2026-04-28T19:00:28+00:00\",\"dateModified\":\"2026-04-28T19:00:32+00:00\",\"mainEntityOfPage\":{\"@id\":\"https:\/\/redaccionjuvenil.es\/?p=964\"},\"wordCount\":583,\"commentCount\":0,\"publisher\":{\"@id\":\"https:\/\/redaccionjuvenil.es\/#organization\"},\"image\":{\"@id\":\"https:\/\/redaccionjuvenil.es\/?p=964#primaryimage\"},\"thumbnailUrl\":\"https:\/\/redaccionjuvenil.es\/wp-content\/uploads\/2026\/04\/same-foto-edicion-anterior.jpg\",\"keywords\":[\"#Acci\u00f3nPorLaEducaci\u00f3n\",\"Educaci\u00f3n\",\"Semana de Acci\u00f3n por la Educaci\u00f3n\"],\"articleSection\":[\"Activismo\",\"Destacado\",\"Noticias\"],\"inLanguage\":\"es\",\"potentialAction\":[{\"@type\":\"CommentAction\",\"name\":\"Comment\",\"target\":[\"https:\/\/redaccionjuvenil.es\/?p=964#respond\"]}]},{\"@type\":\"WebPage\",\"@id\":\"https:\/\/redaccionjuvenil.es\/?p=964\",\"url\":\"https:\/\/redaccionjuvenil.es\/?p=964\",\"name\":\"La SAME de Espa\u00f1a pone el foco en la digitalizaci\u00f3n - RED-ACCI\u00d3N JUVENIL\",\"isPartOf\":{\"@id\":\"https:\/\/redaccionjuvenil.es\/#website\"},\"primaryImageOfPage\":{\"@id\":\"https:\/\/redaccionjuvenil.es\/?p=964#primaryimage\"},\"image\":{\"@id\":\"https:\/\/redaccionjuvenil.es\/?p=964#primaryimage\"},\"thumbnailUrl\":\"https:\/\/redaccionjuvenil.es\/wp-content\/uploads\/2026\/04\/same-foto-edicion-anterior.jpg\",\"datePublished\":\"2026-04-28T19:00:28+00:00\",\"dateModified\":\"2026-04-28T19:00:32+00:00\",\"breadcrumb\":{\"@id\":\"https:\/\/redaccionjuvenil.es\/?p=964#breadcrumb\"},\"inLanguage\":\"es\",\"potentialAction\":[{\"@type\":\"ReadAction\",\"target\":[\"https:\/\/redaccionjuvenil.es\/?p=964\"]}]},{\"@type\":\"ImageObject\",\"inLanguage\":\"es\",\"@id\":\"https:\/\/redaccionjuvenil.es\/?p=964#primaryimage\",\"url\":\"https:\/\/redaccionjuvenil.es\/wp-content\/uploads\/2026\/04\/same-foto-edicion-anterior.jpg\",\"contentUrl\":\"https:\/\/redaccionjuvenil.es\/wp-content\/uploads\/2026\/04\/same-foto-edicion-anterior.jpg\",\"width\":1280,\"height\":853,\"caption\":\"Foto de la SAME. Fuente Campa\u00f1a Mundial por la Educaci\u00f3n Espa\u00f1a\"},{\"@type\":\"BreadcrumbList\",\"@id\":\"https:\/\/redaccionjuvenil.es\/?p=964#breadcrumb\",\"itemListElement\":[{\"@type\":\"ListItem\",\"position\":1,\"name\":\"Portada\",\"item\":\"https:\/\/redaccionjuvenil.es\/\"},{\"@type\":\"ListItem\",\"position\":2,\"name\":\"La SAME de Espa\u00f1a pone el foco en la digitalizaci\u00f3n\"}]},{\"@type\":\"WebSite\",\"@id\":\"https:\/\/redaccionjuvenil.es\/#website\",\"url\":\"https:\/\/redaccionjuvenil.es\/\",\"name\":\"RED-ACCI\u00d3N JUVENIL\",\"description\":\"DONDE LA JUVENTUD INFORMA Y TRANSFORMA\",\"publisher\":{\"@id\":\"https:\/\/redaccionjuvenil.es\/#organization\"},\"potentialAction\":[{\"@type\":\"SearchAction\",\"target\":{\"@type\":\"EntryPoint\",\"urlTemplate\":\"https:\/\/redaccionjuvenil.es\/?s={search_term_string}\"},\"query-input\":{\"@type\":\"PropertyValueSpecification\",\"valueRequired\":true,\"valueName\":\"search_term_string\"}}],\"inLanguage\":\"es\"},{\"@type\":\"Organization\",\"@id\":\"https:\/\/redaccionjuvenil.es\/#organization\",\"name\":\"RED-ACCI\u00d3N JUVENIL\",\"url\":\"https:\/\/redaccionjuvenil.es\/\",\"logo\":{\"@type\":\"ImageObject\",\"inLanguage\":\"es\",\"@id\":\"https:\/\/redaccionjuvenil.es\/#\/schema\/logo\/image\/\",\"url\":\"https:\/\/redaccionjuvenil.es\/wp-content\/uploads\/2026\/03\/cropped-cropped-logo_redaccion_juvenil_primer_propuesta-1.png\",\"contentUrl\":\"https:\/\/redaccionjuvenil.es\/wp-content\/uploads\/2026\/03\/cropped-cropped-logo_redaccion_juvenil_primer_propuesta-1.png\",\"width\":723,\"height\":723,\"caption\":\"RED-ACCI\u00d3N JUVENIL\"},\"image\":{\"@id\":\"https:\/\/redaccionjuvenil.es\/#\/schema\/logo\/image\/\"}},{\"@type\":\"Person\",\"@id\":\"https:\/\/redaccionjuvenil.es\/#\/schema\/person\/8a04a8b831ae2876be087042ebb339aa\",\"name\":\"Rafael Eduardo Pereda\",\"image\":{\"@type\":\"ImageObject\",\"inLanguage\":\"es\",\"@id\":\"https:\/\/redaccionjuvenil.es\/#\/schema\/person\/image\/\",\"url\":\"https:\/\/secure.gravatar.com\/avatar\/2a077d04ad31ad0cd23dd00dce604df1309ace42c2a9faafe9540a9e218a537b?s=96&d=mm&r=g\",\"contentUrl\":\"https:\/\/secure.gravatar.com\/avatar\/2a077d04ad31ad0cd23dd00dce604df1309ace42c2a9faafe9540a9e218a537b?s=96&d=mm&r=g\",\"caption\":\"Rafael Eduardo Pereda\"},\"url\":\"https:\/\/redaccionjuvenil.es\/?author=18\"}]}<\/script>\n<!-- \/ Yoast SEO plugin. -->","yoast_head_json":{"title":"La SAME de Espa\u00f1a pone el foco en la digitalizaci\u00f3n - RED-ACCI\u00d3N JUVENIL","robots":{"index":"index","follow":"follow","max-snippet":"max-snippet:-1","max-image-preview":"max-image-preview:large","max-video-preview":"max-video-preview:-1"},"canonical":"https:\/\/redaccionjuvenil.es\/?p=964","og_locale":"es_ES","og_type":"article","og_title":"La SAME de Espa\u00f1a pone el foco en la digitalizaci\u00f3n - RED-ACCI\u00d3N JUVENIL","og_description":"La Semana de Acci\u00f3n por la Educaci\u00f3n (SAME)\u00a0 disfruta de su 24\u00ba edici\u00f3n con el lema de \u201cAcci\u00f3n por la educaci\u00f3n\u201d. Desde el pasado 27 de abril hasta el 3...","og_url":"https:\/\/redaccionjuvenil.es\/?p=964","og_site_name":"RED-ACCI\u00d3N JUVENIL","article_published_time":"2026-04-28T19:00:28+00:00","article_modified_time":"2026-04-28T19:00:32+00:00","og_image":[{"width":1280,"height":853,"url":"https:\/\/redaccionjuvenil.es\/wp-content\/uploads\/2026\/04\/same-foto-edicion-anterior.jpg","type":"image\/jpeg"}],"author":"Rafael Eduardo Pereda","twitter_card":"summary_large_image","twitter_misc":{"Escrito por":"Rafael Eduardo Pereda","Tiempo de lectura":"3 minutos"},"schema":{"@context":"https:\/\/schema.org","@graph":[{"@type":"Article","@id":"https:\/\/redaccionjuvenil.es\/?p=964#article","isPartOf":{"@id":"https:\/\/redaccionjuvenil.es\/?p=964"},"author":{"name":"Rafael Eduardo Pereda","@id":"https:\/\/redaccionjuvenil.es\/#\/schema\/person\/8a04a8b831ae2876be087042ebb339aa"},"headline":"La SAME de Espa\u00f1a pone el foco en la digitalizaci\u00f3n","datePublished":"2026-04-28T19:00:28+00:00","dateModified":"2026-04-28T19:00:32+00:00","mainEntityOfPage":{"@id":"https:\/\/redaccionjuvenil.es\/?p=964"},"wordCount":583,"commentCount":0,"publisher":{"@id":"https:\/\/redaccionjuvenil.es\/#organization"},"image":{"@id":"https:\/\/redaccionjuvenil.es\/?p=964#primaryimage"},"thumbnailUrl":"https:\/\/redaccionjuvenil.es\/wp-content\/uploads\/2026\/04\/same-foto-edicion-anterior.jpg","keywords":["#Acci\u00f3nPorLaEducaci\u00f3n","Educaci\u00f3n","Semana de Acci\u00f3n por la Educaci\u00f3n"],"articleSection":["Activismo","Destacado","Noticias"],"inLanguage":"es","potentialAction":[{"@type":"CommentAction","name":"Comment","target":["https:\/\/redaccionjuvenil.es\/?p=964#respond"]}]},{"@type":"WebPage","@id":"https:\/\/redaccionjuvenil.es\/?p=964","url":"https:\/\/redaccionjuvenil.es\/?p=964","name":"La SAME de Espa\u00f1a pone el foco en la digitalizaci\u00f3n - RED-ACCI\u00d3N JUVENIL","isPartOf":{"@id":"https:\/\/redaccionjuvenil.es\/#website"},"primaryImageOfPage":{"@id":"https:\/\/redaccionjuvenil.es\/?p=964#primaryimage"},"image":{"@id":"https:\/\/redaccionjuvenil.es\/?p=964#primaryimage"},"thumbnailUrl":"https:\/\/redaccionjuvenil.es\/wp-content\/uploads\/2026\/04\/same-foto-edicion-anterior.jpg","datePublished":"2026-04-28T19:00:28+00:00","dateModified":"2026-04-28T19:00:32+00:00","breadcrumb":{"@id":"https:\/\/redaccionjuvenil.es\/?p=964#breadcrumb"},"inLanguage":"es","potentialAction":[{"@type":"ReadAction","target":["https:\/\/redaccionjuvenil.es\/?p=964"]}]},{"@type":"ImageObject","inLanguage":"es","@id":"https:\/\/redaccionjuvenil.es\/?p=964#primaryimage","url":"https:\/\/redaccionjuvenil.es\/wp-content\/uploads\/2026\/04\/same-foto-edicion-anterior.jpg","contentUrl":"https:\/\/redaccionjuvenil.es\/wp-content\/uploads\/2026\/04\/same-foto-edicion-anterior.jpg","width":1280,"height":853,"caption":"Foto de la SAME. Fuente Campa\u00f1a Mundial por la Educaci\u00f3n Espa\u00f1a"},{"@type":"BreadcrumbList","@id":"https:\/\/redaccionjuvenil.es\/?p=964#breadcrumb","itemListElement":[{"@type":"ListItem","position":1,"name":"Portada","item":"https:\/\/redaccionjuvenil.es\/"},{"@type":"ListItem","position":2,"name":"La SAME de Espa\u00f1a pone el foco en la digitalizaci\u00f3n"}]},{"@type":"WebSite","@id":"https:\/\/redaccionjuvenil.es\/#website","url":"https:\/\/redaccionjuvenil.es\/","name":"RED-ACCI\u00d3N JUVENIL","description":"DONDE LA JUVENTUD INFORMA Y TRANSFORMA","publisher":{"@id":"https:\/\/redaccionjuvenil.es\/#organization"},"potentialAction":[{"@type":"SearchAction","target":{"@type":"EntryPoint","urlTemplate":"https:\/\/redaccionjuvenil.es\/?s={search_term_string}"},"query-input":{"@type":"PropertyValueSpecification","valueRequired":true,"valueName":"search_term_string"}}],"inLanguage":"es"},{"@type":"Organization","@id":"https:\/\/redaccionjuvenil.es\/#organization","name":"RED-ACCI\u00d3N JUVENIL","url":"https:\/\/redaccionjuvenil.es\/","logo":{"@type":"ImageObject","inLanguage":"es","@id":"https:\/\/redaccionjuvenil.es\/#\/schema\/logo\/image\/","url":"https:\/\/redaccionjuvenil.es\/wp-content\/uploads\/2026\/03\/cropped-cropped-logo_redaccion_juvenil_primer_propuesta-1.png","contentUrl":"https:\/\/redaccionjuvenil.es\/wp-content\/uploads\/2026\/03\/cropped-cropped-logo_redaccion_juvenil_primer_propuesta-1.png","width":723,"height":723,"caption":"RED-ACCI\u00d3N JUVENIL"},"image":{"@id":"https:\/\/redaccionjuvenil.es\/#\/schema\/logo\/image\/"}},{"@type":"Person","@id":"https:\/\/redaccionjuvenil.es\/#\/schema\/person\/8a04a8b831ae2876be087042ebb339aa","name":"Rafael Eduardo Pereda","image":{"@type":"ImageObject","inLanguage":"es","@id":"https:\/\/redaccionjuvenil.es\/#\/schema\/person\/image\/","url":"https:\/\/secure.gravatar.com\/avatar\/2a077d04ad31ad0cd23dd00dce604df1309ace42c2a9faafe9540a9e218a537b?s=96&d=mm&r=g","contentUrl":"https:\/\/secure.gravatar.com\/avatar\/2a077d04ad31ad0cd23dd00dce604df1309ace42c2a9faafe9540a9e218a537b?s=96&d=mm&r=g","caption":"Rafael Eduardo Pereda"},"url":"https:\/\/redaccionjuvenil.es\/?author=18"}]}},"_links":{"self":[{"href":"https:\/\/redaccionjuvenil.es\/index.php?rest_route=\/wp\/v2\/posts\/964","targetHints":{"allow":["GET"]}}],"collection":[{"href":"https:\/\/redaccionjuvenil.es\/index.php?rest_route=\/wp\/v2\/posts"}],"about":[{"href":"https:\/\/redaccionjuvenil.es\/index.php?rest_route=\/wp\/v2\/types\/post"}],"author":[{"embeddable":true,"href":"https:\/\/redaccionjuvenil.es\/index.php?rest_route=\/wp\/v2\/users\/18"}],"replies":[{"embeddable":true,"href":"https:\/\/redaccionjuvenil.es\/index.php?rest_route=%2Fwp%2Fv2%2Fcomments&post=964"}],"version-history":[{"count":1,"href":"https:\/\/redaccionjuvenil.es\/index.php?rest_route=\/wp\/v2\/posts\/964\/revisions"}],"predecessor-version":[{"id":967,"href":"https:\/\/redaccionjuvenil.es\/index.php?rest_route=\/wp\/v2\/posts\/964\/revisions\/967"}],"wp:featuredmedia":[{"embeddable":true,"href":"https:\/\/redaccionjuvenil.es\/index.php?rest_route=\/wp\/v2\/media\/966"}],"wp:attachment":[{"href":"https:\/\/redaccionjuvenil.es\/index.php?rest_route=%2Fwp%2Fv2%2Fmedia&parent=964"}],"wp:term":[{"taxonomy":"category","embeddable":true,"href":"https:\/\/redaccionjuvenil.es\/index.php?rest_route=%2Fwp%2Fv2%2Fcategories&post=964"},{"taxonomy":"post_tag","embeddable":true,"href":"https:\/\/redaccionjuvenil.es\/index.php?rest_route=%2Fwp%2Fv2%2Ftags&post=964"}],"curies":[{"name":"wp","href":"https:\/\/api.w.org\/{rel}","templated":true}]}}