{"id":971,"date":"2026-04-30T08:41:06","date_gmt":"2026-04-30T08:41:06","guid":{"rendered":"https:\/\/redaccionjuvenil.es\/?p=971"},"modified":"2026-04-30T08:41:08","modified_gmt":"2026-04-30T08:41:08","slug":"el-proyecto-pausa-y-reconecta-ofrece-dos-conferencias-a-los-alumnos-del-cifp-juan-de-herrera","status":"publish","type":"post","link":"https:\/\/redaccionjuvenil.es\/?p=971","title":{"rendered":"El proyecto Pausa y Reconecta ofrece dos conferencias a los alumnos del CIFP Juan de Herrera"},"content":{"rendered":"\n<p>Durante el mi\u00e9rcoles 29 de abril, el proyecto Pausa y Reconecta ha estado dando una charla a los alumnos de FP b\u00e1sica del centro CIFP Juan de Herrera, donde han podido escuchar a algunos de los <em>influencers<\/em> que colaboran con el programa.<\/p>\n\n\n\n<p>Los creadores de contenido han concedido dos ponencias, una de 11:20 hasta las 12:15 y la segunda ha tenido lugar a las 16:30 finalizando sobre las 17:30. Por la ma\u00f1ana han estado Manuel Alonso y Borja Zamorano, mientras que por la tarde se ha incorporado a presentar junto a Manuel, V\u00edctor P\u00e9rez quienes han presentado.<\/p>\n\n\n\n<figure class=\"wp-block-image size-large is-resized\"><img loading=\"lazy\" decoding=\"async\" width=\"768\" height=\"1024\" src=\"https:\/\/redaccionjuvenil.es\/wp-content\/uploads\/2026\/04\/WhatsApp-Image-2026-04-29-at-20.16.52-768x1024.jpeg\" alt=\"\" class=\"wp-image-972\" style=\"aspect-ratio:0.7500370864856846;width:221px;height:auto\" srcset=\"https:\/\/redaccionjuvenil.es\/wp-content\/uploads\/2026\/04\/WhatsApp-Image-2026-04-29-at-20.16.52-768x1024.jpeg 768w, https:\/\/redaccionjuvenil.es\/wp-content\/uploads\/2026\/04\/WhatsApp-Image-2026-04-29-at-20.16.52-225x300.jpeg 225w, https:\/\/redaccionjuvenil.es\/wp-content\/uploads\/2026\/04\/WhatsApp-Image-2026-04-29-at-20.16.52-1152x1536.jpeg 1152w, https:\/\/redaccionjuvenil.es\/wp-content\/uploads\/2026\/04\/WhatsApp-Image-2026-04-29-at-20.16.52-1536x2048.jpeg 1536w, https:\/\/redaccionjuvenil.es\/wp-content\/uploads\/2026\/04\/WhatsApp-Image-2026-04-29-at-20.16.52-scaled.jpeg 1920w\" sizes=\"auto, (max-width: 768px) 100vw, 768px\" \/><\/figure>\n\n\n\n<p>En la charla, los influencers han explicado que beneficios tienen las redes sociales, pero tambi\u00e9n que perjuicios; han mostrado la cantidad de datos que podemos publicar sin darnos cuenta y lo que aceptamos en las aplicaciones en las pol\u00edticas de privacidad. Adem\u00e1s, han recordado la existencia del tel\u00e9fono 017 para resolver problemas que ocurran a trav\u00e9s de las pantallas, han expuesto ejemplos de lo que se puede hacer con los datos que recaudan las <em>apps<\/em> y han explicado ejemplos de inteligencia artificial y c\u00f3mo funciona esta con el algoritmo a trav\u00e9s de una serie de casos.<\/p>\n","protected":false},"excerpt":{"rendered":"<p>Durante el mi\u00e9rcoles 29 de abril, el proyecto Pausa y Reconecta ha estado dando una charla a los alumnos de FP b\u00e1sica del centro CIFP Juan de Herrera, donde han&#8230;<\/p>\n","protected":false},"author":6,"featured_media":973,"comment_status":"open","ping_status":"open","sticky":false,"template":"","format":"standard","meta":{"_kadence_starter_templates_imported_post":false,"footnotes":""},"categories":[11,23,2,14],"tags":[48,76,86,155,156],"class_list":["post-971","post","type-post","status-publish","format-standard","has-post-thumbnail","hentry","category-cjcyl","category-destacado","category-noticias","category-pausa-y-reconecta","tag-valladolid","tag-castilla-y-leon","tag-juventud-2","tag-pantallas","tag-pyr"],"yoast_head":"<!-- This site is optimized with the Yoast SEO plugin v27.1.1 - https:\/\/yoast.com\/product\/yoast-seo-wordpress\/ -->\n<title>El proyecto Pausa y Reconecta ofrece dos conferencias a los alumnos del CIFP Juan de Herrera - RED-ACCI\u00d3N JUVENIL<\/title>\n<meta name=\"robots\" content=\"index, follow, max-snippet:-1, max-image-preview:large, max-video-preview:-1\" \/>\n<link rel=\"canonical\" href=\"https:\/\/redaccionjuvenil.es\/?p=971\" \/>\n<meta property=\"og:locale\" content=\"es_ES\" \/>\n<meta property=\"og:type\" content=\"article\" \/>\n<meta property=\"og:title\" content=\"El proyecto Pausa y Reconecta ofrece dos conferencias a los alumnos del CIFP Juan de Herrera - RED-ACCI\u00d3N JUVENIL\" \/>\n<meta property=\"og:description\" content=\"Durante el mi\u00e9rcoles 29 de abril, el proyecto Pausa y Reconecta ha estado dando una charla a los alumnos de FP b\u00e1sica del centro CIFP Juan de Herrera, donde han...\" \/>\n<meta property=\"og:url\" content=\"https:\/\/redaccionjuvenil.es\/?p=971\" \/>\n<meta property=\"og:site_name\" content=\"RED-ACCI\u00d3N JUVENIL\" \/>\n<meta property=\"article:published_time\" content=\"2026-04-30T08:41:06+00:00\" \/>\n<meta property=\"article:modified_time\" content=\"2026-04-30T08:41:08+00:00\" \/>\n<meta property=\"og:image\" content=\"https:\/\/redaccionjuvenil.es\/wp-content\/uploads\/2026\/04\/WhatsApp-Image-2026-04-30-at-10.35.10.jpeg\" \/>\n\t<meta property=\"og:image:width\" content=\"1536\" \/>\n\t<meta property=\"og:image:height\" content=\"2048\" \/>\n\t<meta property=\"og:image:type\" content=\"image\/jpeg\" \/>\n<meta name=\"author\" content=\"Marcos Blazquez\" \/>\n<meta name=\"twitter:card\" content=\"summary_large_image\" \/>\n<meta name=\"twitter:label1\" content=\"Escrito por\" \/>\n\t<meta name=\"twitter:data1\" content=\"Marcos Blazquez\" \/>\n\t<meta name=\"twitter:label2\" content=\"Tiempo de lectura\" \/>\n\t<meta name=\"twitter:data2\" content=\"2 minutos\" \/>\n<script type=\"application\/ld+json\" class=\"yoast-schema-graph\">{\"@context\":\"https:\/\/schema.org\",\"@graph\":[{\"@type\":\"Article\",\"@id\":\"https:\/\/redaccionjuvenil.es\/?p=971#article\",\"isPartOf\":{\"@id\":\"https:\/\/redaccionjuvenil.es\/?p=971\"},\"author\":{\"name\":\"Marcos Blazquez\",\"@id\":\"https:\/\/redaccionjuvenil.es\/#\/schema\/person\/a1cc02e4881802c301bafc8234b57470\"},\"headline\":\"El proyecto Pausa y Reconecta ofrece dos conferencias a los alumnos del CIFP Juan de Herrera\",\"datePublished\":\"2026-04-30T08:41:06+00:00\",\"dateModified\":\"2026-04-30T08:41:08+00:00\",\"mainEntityOfPage\":{\"@id\":\"https:\/\/redaccionjuvenil.es\/?p=971\"},\"wordCount\":215,\"commentCount\":0,\"publisher\":{\"@id\":\"https:\/\/redaccionjuvenil.es\/#organization\"},\"image\":{\"@id\":\"https:\/\/redaccionjuvenil.es\/?p=971#primaryimage\"},\"thumbnailUrl\":\"https:\/\/redaccionjuvenil.es\/wp-content\/uploads\/2026\/04\/WhatsApp-Image-2026-04-30-at-10.35.10.jpeg\",\"keywords\":[\"#valladolid\",\"castilla y le\u00f3n\",\"Juventud\",\"pantallas\",\"PyR\"],\"articleSection\":[\"CJCYL\",\"Destacado\",\"Noticias\",\"Pausa y Reconecta\"],\"inLanguage\":\"es\",\"potentialAction\":[{\"@type\":\"CommentAction\",\"name\":\"Comment\",\"target\":[\"https:\/\/redaccionjuvenil.es\/?p=971#respond\"]}]},{\"@type\":\"WebPage\",\"@id\":\"https:\/\/redaccionjuvenil.es\/?p=971\",\"url\":\"https:\/\/redaccionjuvenil.es\/?p=971\",\"name\":\"El proyecto Pausa y Reconecta ofrece dos conferencias a los alumnos del CIFP Juan de Herrera - RED-ACCI\u00d3N JUVENIL\",\"isPartOf\":{\"@id\":\"https:\/\/redaccionjuvenil.es\/#website\"},\"primaryImageOfPage\":{\"@id\":\"https:\/\/redaccionjuvenil.es\/?p=971#primaryimage\"},\"image\":{\"@id\":\"https:\/\/redaccionjuvenil.es\/?p=971#primaryimage\"},\"thumbnailUrl\":\"https:\/\/redaccionjuvenil.es\/wp-content\/uploads\/2026\/04\/WhatsApp-Image-2026-04-30-at-10.35.10.jpeg\",\"datePublished\":\"2026-04-30T08:41:06+00:00\",\"dateModified\":\"2026-04-30T08:41:08+00:00\",\"breadcrumb\":{\"@id\":\"https:\/\/redaccionjuvenil.es\/?p=971#breadcrumb\"},\"inLanguage\":\"es\",\"potentialAction\":[{\"@type\":\"ReadAction\",\"target\":[\"https:\/\/redaccionjuvenil.es\/?p=971\"]}]},{\"@type\":\"ImageObject\",\"inLanguage\":\"es\",\"@id\":\"https:\/\/redaccionjuvenil.es\/?p=971#primaryimage\",\"url\":\"https:\/\/redaccionjuvenil.es\/wp-content\/uploads\/2026\/04\/WhatsApp-Image-2026-04-30-at-10.35.10.jpeg\",\"contentUrl\":\"https:\/\/redaccionjuvenil.es\/wp-content\/uploads\/2026\/04\/WhatsApp-Image-2026-04-30-at-10.35.10.jpeg\",\"width\":1536,\"height\":2048},{\"@type\":\"BreadcrumbList\",\"@id\":\"https:\/\/redaccionjuvenil.es\/?p=971#breadcrumb\",\"itemListElement\":[{\"@type\":\"ListItem\",\"position\":1,\"name\":\"Portada\",\"item\":\"https:\/\/redaccionjuvenil.es\/\"},{\"@type\":\"ListItem\",\"position\":2,\"name\":\"El proyecto Pausa y Reconecta ofrece dos conferencias a los alumnos del CIFP Juan de Herrera\"}]},{\"@type\":\"WebSite\",\"@id\":\"https:\/\/redaccionjuvenil.es\/#website\",\"url\":\"https:\/\/redaccionjuvenil.es\/\",\"name\":\"RED-ACCI\u00d3N JUVENIL\",\"description\":\"DONDE LA JUVENTUD INFORMA Y TRANSFORMA\",\"publisher\":{\"@id\":\"https:\/\/redaccionjuvenil.es\/#organization\"},\"potentialAction\":[{\"@type\":\"SearchAction\",\"target\":{\"@type\":\"EntryPoint\",\"urlTemplate\":\"https:\/\/redaccionjuvenil.es\/?s={search_term_string}\"},\"query-input\":{\"@type\":\"PropertyValueSpecification\",\"valueRequired\":true,\"valueName\":\"search_term_string\"}}],\"inLanguage\":\"es\"},{\"@type\":\"Organization\",\"@id\":\"https:\/\/redaccionjuvenil.es\/#organization\",\"name\":\"RED-ACCI\u00d3N JUVENIL\",\"url\":\"https:\/\/redaccionjuvenil.es\/\",\"logo\":{\"@type\":\"ImageObject\",\"inLanguage\":\"es\",\"@id\":\"https:\/\/redaccionjuvenil.es\/#\/schema\/logo\/image\/\",\"url\":\"https:\/\/redaccionjuvenil.es\/wp-content\/uploads\/2026\/03\/cropped-cropped-logo_redaccion_juvenil_primer_propuesta-1.png\",\"contentUrl\":\"https:\/\/redaccionjuvenil.es\/wp-content\/uploads\/2026\/03\/cropped-cropped-logo_redaccion_juvenil_primer_propuesta-1.png\",\"width\":723,\"height\":723,\"caption\":\"RED-ACCI\u00d3N JUVENIL\"},\"image\":{\"@id\":\"https:\/\/redaccionjuvenil.es\/#\/schema\/logo\/image\/\"}},{\"@type\":\"Person\",\"@id\":\"https:\/\/redaccionjuvenil.es\/#\/schema\/person\/a1cc02e4881802c301bafc8234b57470\",\"name\":\"Marcos Blazquez\",\"image\":{\"@type\":\"ImageObject\",\"inLanguage\":\"es\",\"@id\":\"https:\/\/redaccionjuvenil.es\/#\/schema\/person\/image\/\",\"url\":\"https:\/\/secure.gravatar.com\/avatar\/d4a24d57c44196ba285169feb7bd2ca5d097e1406e5aa29242855ee4412cb943?s=96&d=mm&r=g\",\"contentUrl\":\"https:\/\/secure.gravatar.com\/avatar\/d4a24d57c44196ba285169feb7bd2ca5d097e1406e5aa29242855ee4412cb943?s=96&d=mm&r=g\",\"caption\":\"Marcos Blazquez\"},\"url\":\"https:\/\/redaccionjuvenil.es\/?author=6\"}]}<\/script>\n<!-- \/ Yoast SEO plugin. -->","yoast_head_json":{"title":"El proyecto Pausa y Reconecta ofrece dos conferencias a los alumnos del CIFP Juan de Herrera - RED-ACCI\u00d3N JUVENIL","robots":{"index":"index","follow":"follow","max-snippet":"max-snippet:-1","max-image-preview":"max-image-preview:large","max-video-preview":"max-video-preview:-1"},"canonical":"https:\/\/redaccionjuvenil.es\/?p=971","og_locale":"es_ES","og_type":"article","og_title":"El proyecto Pausa y Reconecta ofrece dos conferencias a los alumnos del CIFP Juan de Herrera - RED-ACCI\u00d3N JUVENIL","og_description":"Durante el mi\u00e9rcoles 29 de abril, el proyecto Pausa y Reconecta ha estado dando una charla a los alumnos de FP b\u00e1sica del centro CIFP Juan de Herrera, donde han...","og_url":"https:\/\/redaccionjuvenil.es\/?p=971","og_site_name":"RED-ACCI\u00d3N JUVENIL","article_published_time":"2026-04-30T08:41:06+00:00","article_modified_time":"2026-04-30T08:41:08+00:00","og_image":[{"width":1536,"height":2048,"url":"https:\/\/redaccionjuvenil.es\/wp-content\/uploads\/2026\/04\/WhatsApp-Image-2026-04-30-at-10.35.10.jpeg","type":"image\/jpeg"}],"author":"Marcos Blazquez","twitter_card":"summary_large_image","twitter_misc":{"Escrito por":"Marcos Blazquez","Tiempo de lectura":"2 minutos"},"schema":{"@context":"https:\/\/schema.org","@graph":[{"@type":"Article","@id":"https:\/\/redaccionjuvenil.es\/?p=971#article","isPartOf":{"@id":"https:\/\/redaccionjuvenil.es\/?p=971"},"author":{"name":"Marcos Blazquez","@id":"https:\/\/redaccionjuvenil.es\/#\/schema\/person\/a1cc02e4881802c301bafc8234b57470"},"headline":"El proyecto Pausa y Reconecta ofrece dos conferencias a los alumnos del CIFP Juan de Herrera","datePublished":"2026-04-30T08:41:06+00:00","dateModified":"2026-04-30T08:41:08+00:00","mainEntityOfPage":{"@id":"https:\/\/redaccionjuvenil.es\/?p=971"},"wordCount":215,"commentCount":0,"publisher":{"@id":"https:\/\/redaccionjuvenil.es\/#organization"},"image":{"@id":"https:\/\/redaccionjuvenil.es\/?p=971#primaryimage"},"thumbnailUrl":"https:\/\/redaccionjuvenil.es\/wp-content\/uploads\/2026\/04\/WhatsApp-Image-2026-04-30-at-10.35.10.jpeg","keywords":["#valladolid","castilla y le\u00f3n","Juventud","pantallas","PyR"],"articleSection":["CJCYL","Destacado","Noticias","Pausa y Reconecta"],"inLanguage":"es","potentialAction":[{"@type":"CommentAction","name":"Comment","target":["https:\/\/redaccionjuvenil.es\/?p=971#respond"]}]},{"@type":"WebPage","@id":"https:\/\/redaccionjuvenil.es\/?p=971","url":"https:\/\/redaccionjuvenil.es\/?p=971","name":"El proyecto Pausa y Reconecta ofrece dos conferencias a los alumnos del CIFP Juan de Herrera - RED-ACCI\u00d3N JUVENIL","isPartOf":{"@id":"https:\/\/redaccionjuvenil.es\/#website"},"primaryImageOfPage":{"@id":"https:\/\/redaccionjuvenil.es\/?p=971#primaryimage"},"image":{"@id":"https:\/\/redaccionjuvenil.es\/?p=971#primaryimage"},"thumbnailUrl":"https:\/\/redaccionjuvenil.es\/wp-content\/uploads\/2026\/04\/WhatsApp-Image-2026-04-30-at-10.35.10.jpeg","datePublished":"2026-04-30T08:41:06+00:00","dateModified":"2026-04-30T08:41:08+00:00","breadcrumb":{"@id":"https:\/\/redaccionjuvenil.es\/?p=971#breadcrumb"},"inLanguage":"es","potentialAction":[{"@type":"ReadAction","target":["https:\/\/redaccionjuvenil.es\/?p=971"]}]},{"@type":"ImageObject","inLanguage":"es","@id":"https:\/\/redaccionjuvenil.es\/?p=971#primaryimage","url":"https:\/\/redaccionjuvenil.es\/wp-content\/uploads\/2026\/04\/WhatsApp-Image-2026-04-30-at-10.35.10.jpeg","contentUrl":"https:\/\/redaccionjuvenil.es\/wp-content\/uploads\/2026\/04\/WhatsApp-Image-2026-04-30-at-10.35.10.jpeg","width":1536,"height":2048},{"@type":"BreadcrumbList","@id":"https:\/\/redaccionjuvenil.es\/?p=971#breadcrumb","itemListElement":[{"@type":"ListItem","position":1,"name":"Portada","item":"https:\/\/redaccionjuvenil.es\/"},{"@type":"ListItem","position":2,"name":"El proyecto Pausa y Reconecta ofrece dos conferencias a los alumnos del CIFP Juan de Herrera"}]},{"@type":"WebSite","@id":"https:\/\/redaccionjuvenil.es\/#website","url":"https:\/\/redaccionjuvenil.es\/","name":"RED-ACCI\u00d3N JUVENIL","description":"DONDE LA JUVENTUD INFORMA Y TRANSFORMA","publisher":{"@id":"https:\/\/redaccionjuvenil.es\/#organization"},"potentialAction":[{"@type":"SearchAction","target":{"@type":"EntryPoint","urlTemplate":"https:\/\/redaccionjuvenil.es\/?s={search_term_string}"},"query-input":{"@type":"PropertyValueSpecification","valueRequired":true,"valueName":"search_term_string"}}],"inLanguage":"es"},{"@type":"Organization","@id":"https:\/\/redaccionjuvenil.es\/#organization","name":"RED-ACCI\u00d3N JUVENIL","url":"https:\/\/redaccionjuvenil.es\/","logo":{"@type":"ImageObject","inLanguage":"es","@id":"https:\/\/redaccionjuvenil.es\/#\/schema\/logo\/image\/","url":"https:\/\/redaccionjuvenil.es\/wp-content\/uploads\/2026\/03\/cropped-cropped-logo_redaccion_juvenil_primer_propuesta-1.png","contentUrl":"https:\/\/redaccionjuvenil.es\/wp-content\/uploads\/2026\/03\/cropped-cropped-logo_redaccion_juvenil_primer_propuesta-1.png","width":723,"height":723,"caption":"RED-ACCI\u00d3N JUVENIL"},"image":{"@id":"https:\/\/redaccionjuvenil.es\/#\/schema\/logo\/image\/"}},{"@type":"Person","@id":"https:\/\/redaccionjuvenil.es\/#\/schema\/person\/a1cc02e4881802c301bafc8234b57470","name":"Marcos Blazquez","image":{"@type":"ImageObject","inLanguage":"es","@id":"https:\/\/redaccionjuvenil.es\/#\/schema\/person\/image\/","url":"https:\/\/secure.gravatar.com\/avatar\/d4a24d57c44196ba285169feb7bd2ca5d097e1406e5aa29242855ee4412cb943?s=96&d=mm&r=g","contentUrl":"https:\/\/secure.gravatar.com\/avatar\/d4a24d57c44196ba285169feb7bd2ca5d097e1406e5aa29242855ee4412cb943?s=96&d=mm&r=g","caption":"Marcos Blazquez"},"url":"https:\/\/redaccionjuvenil.es\/?author=6"}]}},"_links":{"self":[{"href":"https:\/\/redaccionjuvenil.es\/index.php?rest_route=\/wp\/v2\/posts\/971","targetHints":{"allow":["GET"]}}],"collection":[{"href":"https:\/\/redaccionjuvenil.es\/index.php?rest_route=\/wp\/v2\/posts"}],"about":[{"href":"https:\/\/redaccionjuvenil.es\/index.php?rest_route=\/wp\/v2\/types\/post"}],"author":[{"embeddable":true,"href":"https:\/\/redaccionjuvenil.es\/index.php?rest_route=\/wp\/v2\/users\/6"}],"replies":[{"embeddable":true,"href":"https:\/\/redaccionjuvenil.es\/index.php?rest_route=%2Fwp%2Fv2%2Fcomments&post=971"}],"version-history":[{"count":1,"href":"https:\/\/redaccionjuvenil.es\/index.php?rest_route=\/wp\/v2\/posts\/971\/revisions"}],"predecessor-version":[{"id":974,"href":"https:\/\/redaccionjuvenil.es\/index.php?rest_route=\/wp\/v2\/posts\/971\/revisions\/974"}],"wp:featuredmedia":[{"embeddable":true,"href":"https:\/\/redaccionjuvenil.es\/index.php?rest_route=\/wp\/v2\/media\/973"}],"wp:attachment":[{"href":"https:\/\/redaccionjuvenil.es\/index.php?rest_route=%2Fwp%2Fv2%2Fmedia&parent=971"}],"wp:term":[{"taxonomy":"category","embeddable":true,"href":"https:\/\/redaccionjuvenil.es\/index.php?rest_route=%2Fwp%2Fv2%2Fcategories&post=971"},{"taxonomy":"post_tag","embeddable":true,"href":"https:\/\/redaccionjuvenil.es\/index.php?rest_route=%2Fwp%2Fv2%2Ftags&post=971"}],"curies":[{"name":"wp","href":"https:\/\/api.w.org\/{rel}","templated":true}]}}